{"id":16777,"date":"2025-10-23T17:03:10","date_gmt":"2025-10-23T15:03:10","guid":{"rendered":"https:\/\/wucwo.org\/?p=16777"},"modified":"2025-10-23T17:11:33","modified_gmt":"2025-10-23T15:11:33","slug":"preparando-en-madrid-la-asamblea-general-2027","status":"publish","type":"post","link":"https:\/\/wucwo.org\/es\/preparando-en-madrid-la-asamblea-general-2027\/","title":{"rendered":"Preparando en Madrid la Asamblea General 2027"},"content":{"rendered":"\n<p class=\"wp-block-paragraph\">La Presidenta General de la UMOFC, <strong>M\u00f3nica Santamarina<\/strong>, realiz\u00f3 una visita a Madrid con diversos motivos, entre los cuales destac\u00f3 la visita al Escorial para avanzar en la <strong>preparaci\u00f3n de la pr\u00f3xima Asamblea General de 2027<\/strong>, que tendr\u00e1 lugar en la capital espa\u00f1ola.<\/p>\n\n\n\n<p class=\"wp-block-paragraph\">Durante su estancia, la presidenta mantuvo un fruct\u00edfero encuentro de trabajo con el equipo motor de las organizaciones espa\u00f1olas que forman parte de la UMOFC: <strong>Manos Unidas<\/strong>, <strong>Acci\u00f3n Cat\u00f3lica General de Adultos de Espa\u00f1a<\/strong>, <strong>Adoraci\u00f3n Nocturna Femenina de Espa\u00f1a<\/strong>, <strong>Asociaci\u00f3n Cat\u00f3lica de Propagandistas<\/strong> y <strong>Acci\u00f3n Social Empresarial.<\/strong><\/p>\n\n\n\n<p class=\"wp-block-paragraph\">Susana Fern\u00e1ndez, miembro del Consejo de la UMOFC en Espa\u00f1a<em>,<\/em> expresa: \u201c<em>nos reunimos con todo el equipo motor de Espa\u00f1a para escuchar a la Presidenta General y a Virginia Pastor, del Secretariado, sobre el trabajo y servicios que requiere la Asamblea y para ver posibles colaboraciones y patrocinadores que nos ayuden. La implicaci\u00f3n e ilusi\u00f3n de todas es total, para acoger a todas las mujeres de UMOFC que vengan en el 2027<\/em>\u201d.<\/p>\n\n\n\n<p class=\"wp-block-paragraph\">Adem\u00e1s, el fin de semana del 17 y 18 de octubre, M\u00f3nica particip\u00f3 en las <strong>Jornadas anuales de formaci\u00f3n de Manos Unidas<\/strong>, celebradas tambi\u00e9n en El Escorial, donde comparti\u00f3 una reflexi\u00f3n sobre la misi\u00f3n, presencia y compromiso de la UMOFC con las mujeres del mundo.<\/p>\n\n\n\n<figure class=\"wp-block-gallery has-nested-images columns-default is-cropped wp-block-gallery-1 is-layout-flex wp-block-gallery-is-layout-flex\">\n<figure class=\"wp-block-image size-large\"><img loading=\"lazy\" decoding=\"async\" width=\"1024\" height=\"768\" data-id=\"16781\" src=\"https:\/\/wucwo.org\/wp-content\/uploads\/2025\/10\/image00001-1024x768.jpeg\" alt=\"\" class=\"wp-image-16781\" srcset=\"https:\/\/wucwo.org\/wp-content\/uploads\/2025\/10\/image00001-980x735.jpeg 980w, https:\/\/wucwo.org\/wp-content\/uploads\/2025\/10\/image00001-480x360.jpeg 480w\" sizes=\"(min-width: 0px) and (max-width: 480px) 480px, (min-width: 481px) and (max-width: 980px) 980px, (min-width: 981px) 1024px, 100vw\" \/><figcaption class=\"wp-element-caption\"><em><strong>M\u00f3nica en las Jornadas anuales de formaci\u00f3n de Manos Unidas<\/strong><\/em><\/figcaption><\/figure>\n\n\n\n<figure class=\"wp-block-image size-large\"><img loading=\"lazy\" decoding=\"async\" width=\"768\" height=\"1024\" data-id=\"16792\" src=\"https:\/\/wucwo.org\/wp-content\/uploads\/2025\/10\/WhatsApp-Image-2025-10-23-at-09.04.29-2-768x1024.jpeg\" alt=\"\" class=\"wp-image-16792\" srcset=\"https:\/\/wucwo.org\/wp-content\/uploads\/2025\/10\/WhatsApp-Image-2025-10-23-at-09.04.29-2-768x1024.jpeg 768w, https:\/\/wucwo.org\/wp-content\/uploads\/2025\/10\/WhatsApp-Image-2025-10-23-at-09.04.29-2-480x640.jpeg 480w\" sizes=\"(min-width: 0px) and (max-width: 480px) 480px, (min-width: 481px) 768px, 100vw\" \/><\/figure>\n\n\n\n<figure class=\"wp-block-image size-large\"><img loading=\"lazy\" decoding=\"async\" width=\"768\" height=\"1024\" data-id=\"16787\" src=\"https:\/\/wucwo.org\/wp-content\/uploads\/2025\/10\/WhatsApp-Image-2025-10-23-at-10.11.13-7-768x1024.jpeg\" alt=\"\" class=\"wp-image-16787\"\/><\/figure>\n<\/figure>\n\n\n\n<p class=\"wp-block-paragraph\">La visita permiti\u00f3 fortalecer la colaboraci\u00f3n entre las organizaciones espa\u00f1olas y la UMOFC, as\u00ed como avanzar en la planificaci\u00f3n del pr\u00f3ximo gran encuentro que tendr\u00e1 lugar en 2027.<\/p>\n","protected":false},"excerpt":{"rendered":"<p>La Presidenta General de la UMOFC, M\u00f3nica Santamarina, realiz\u00f3 una visita a Madrid con diversos motivos, entre los cuales destac\u00f3 la visita al Escorial para avanzar en la preparaci\u00f3n de la pr\u00f3xima Asamblea General de 2027, que tendr\u00e1 lugar en la capital espa\u00f1ola. Durante su estancia, la presidenta mantuvo un fruct\u00edfero encuentro de trabajo con [&hellip;]<\/p>\n","protected":false},"author":3,"featured_media":16778,"comment_status":"open","ping_status":"open","sticky":false,"template":"","format":"standard","meta":{"_et_pb_use_builder":"off","_et_pb_old_content":"","_et_gb_content_width":"","footnotes":""},"categories":[52,50],"tags":[],"class_list":["post-16777","post","type-post","status-publish","format-standard","has-post-thumbnail","hentry","category-noticias-miembros","category-noticias-umofc"],"yoast_head":"<!-- This site is optimized with the Yoast SEO plugin v27.8 - https:\/\/yoast.com\/product\/yoast-seo-wordpress\/ -->\n<title>Preparando en Madrid la Asamblea General 2027 - WUCWO - UMOFC<\/title>\n<meta name=\"description\" content=\"M\u00f3nica Santamarina, realiz\u00f3 una visita a Madrid para avanzar en la preparaci\u00f3n de la pr\u00f3xima Asamblea General de 2027.\" \/>\n<meta name=\"robots\" content=\"index, follow, max-snippet:-1, max-image-preview:large, max-video-preview:-1\" \/>\n<link rel=\"canonical\" href=\"https:\/\/wucwo.org\/es\/preparando-en-madrid-la-asamblea-general-2027\/\" \/>\n<meta property=\"og:locale\" content=\"es_ES\" \/>\n<meta property=\"og:type\" content=\"article\" \/>\n<meta property=\"og:title\" content=\"Preparando en Madrid la Asamblea General 2027 - WUCWO - UMOFC\" \/>\n<meta property=\"og:description\" content=\"M\u00f3nica Santamarina, realiz\u00f3 una visita a Madrid para avanzar en la preparaci\u00f3n de la pr\u00f3xima Asamblea General de 2027.\" \/>\n<meta property=\"og:url\" content=\"https:\/\/wucwo.org\/es\/preparando-en-madrid-la-asamblea-general-2027\/\" \/>\n<meta property=\"og:site_name\" content=\"WUCWO - UMOFC\" \/>\n<meta property=\"article:publisher\" content=\"https:\/\/www.facebook.com\/worldunionofcatholicwomensorganisations\/\" \/>\n<meta property=\"article:published_time\" content=\"2025-10-23T15:03:10+00:00\" \/>\n<meta property=\"article:modified_time\" content=\"2025-10-23T15:11:33+00:00\" \/>\n<meta property=\"og:image\" content=\"https:\/\/wucwo.org\/wp-content\/uploads\/2025\/10\/WhatsApp-Image-2025-10-22-at-21.54.25.jpeg\" \/>\n\t<meta property=\"og:image:width\" content=\"1280\" \/>\n\t<meta property=\"og:image:height\" content=\"960\" \/>\n\t<meta property=\"og:image:type\" content=\"image\/jpeg\" \/>\n<meta name=\"author\" content=\"communication\" \/>\n<meta name=\"twitter:card\" content=\"summary_large_image\" \/>\n<meta name=\"twitter:label1\" content=\"Escrito por\" \/>\n\t<meta name=\"twitter:data1\" content=\"communication\" \/>\n\t<meta name=\"twitter:label2\" content=\"Tiempo de lectura\" \/>\n\t<meta name=\"twitter:data2\" content=\"2 minutos\" \/>\n<script type=\"application\/ld+json\" class=\"yoast-schema-graph\">{\"@context\":\"https:\\\/\\\/schema.org\",\"@graph\":[{\"@type\":\"Article\",\"@id\":\"https:\\\/\\\/wucwo.org\\\/es\\\/preparando-en-madrid-la-asamblea-general-2027\\\/#article\",\"isPartOf\":{\"@id\":\"https:\\\/\\\/wucwo.org\\\/es\\\/preparando-en-madrid-la-asamblea-general-2027\\\/\"},\"author\":{\"name\":\"communication\",\"@id\":\"https:\\\/\\\/wucwo.org\\\/es\\\/#\\\/schema\\\/person\\\/36e189b76cc2f081eb3458e9a1f81183\"},\"headline\":\"Preparando en Madrid la Asamblea General 2027\",\"datePublished\":\"2025-10-23T15:03:10+00:00\",\"dateModified\":\"2025-10-23T15:11:33+00:00\",\"mainEntityOfPage\":{\"@id\":\"https:\\\/\\\/wucwo.org\\\/es\\\/preparando-en-madrid-la-asamblea-general-2027\\\/\"},\"wordCount\":277,\"commentCount\":0,\"publisher\":{\"@id\":\"https:\\\/\\\/wucwo.org\\\/es\\\/#organization\"},\"image\":{\"@id\":\"https:\\\/\\\/wucwo.org\\\/es\\\/preparando-en-madrid-la-asamblea-general-2027\\\/#primaryimage\"},\"thumbnailUrl\":\"https:\\\/\\\/wucwo.org\\\/wp-content\\\/uploads\\\/2025\\\/10\\\/WhatsApp-Image-2025-10-22-at-21.54.25.jpeg\",\"articleSection\":[\"Miembros\",\"UMOFC\"],\"inLanguage\":\"es\",\"potentialAction\":[{\"@type\":\"CommentAction\",\"name\":\"Comment\",\"target\":[\"https:\\\/\\\/wucwo.org\\\/es\\\/preparando-en-madrid-la-asamblea-general-2027\\\/#respond\"]}]},{\"@type\":\"WebPage\",\"@id\":\"https:\\\/\\\/wucwo.org\\\/es\\\/preparando-en-madrid-la-asamblea-general-2027\\\/\",\"url\":\"https:\\\/\\\/wucwo.org\\\/es\\\/preparando-en-madrid-la-asamblea-general-2027\\\/\",\"name\":\"Preparando en Madrid la Asamblea General 2027 - WUCWO - UMOFC\",\"isPartOf\":{\"@id\":\"https:\\\/\\\/wucwo.org\\\/es\\\/#website\"},\"primaryImageOfPage\":{\"@id\":\"https:\\\/\\\/wucwo.org\\\/es\\\/preparando-en-madrid-la-asamblea-general-2027\\\/#primaryimage\"},\"image\":{\"@id\":\"https:\\\/\\\/wucwo.org\\\/es\\\/preparando-en-madrid-la-asamblea-general-2027\\\/#primaryimage\"},\"thumbnailUrl\":\"https:\\\/\\\/wucwo.org\\\/wp-content\\\/uploads\\\/2025\\\/10\\\/WhatsApp-Image-2025-10-22-at-21.54.25.jpeg\",\"datePublished\":\"2025-10-23T15:03:10+00:00\",\"dateModified\":\"2025-10-23T15:11:33+00:00\",\"description\":\"M\u00f3nica Santamarina, realiz\u00f3 una visita a Madrid para avanzar en la preparaci\u00f3n de la pr\u00f3xima Asamblea General de 2027.\",\"breadcrumb\":{\"@id\":\"https:\\\/\\\/wucwo.org\\\/es\\\/preparando-en-madrid-la-asamblea-general-2027\\\/#breadcrumb\"},\"inLanguage\":\"es\",\"potentialAction\":[{\"@type\":\"ReadAction\",\"target\":[\"https:\\\/\\\/wucwo.org\\\/es\\\/preparando-en-madrid-la-asamblea-general-2027\\\/\"]}]},{\"@type\":\"ImageObject\",\"inLanguage\":\"es\",\"@id\":\"https:\\\/\\\/wucwo.org\\\/es\\\/preparando-en-madrid-la-asamblea-general-2027\\\/#primaryimage\",\"url\":\"https:\\\/\\\/wucwo.org\\\/wp-content\\\/uploads\\\/2025\\\/10\\\/WhatsApp-Image-2025-10-22-at-21.54.25.jpeg\",\"contentUrl\":\"https:\\\/\\\/wucwo.org\\\/wp-content\\\/uploads\\\/2025\\\/10\\\/WhatsApp-Image-2025-10-22-at-21.54.25.jpeg\",\"width\":1280,\"height\":960},{\"@type\":\"BreadcrumbList\",\"@id\":\"https:\\\/\\\/wucwo.org\\\/es\\\/preparando-en-madrid-la-asamblea-general-2027\\\/#breadcrumb\",\"itemListElement\":[{\"@type\":\"ListItem\",\"position\":1,\"name\":\"Portada\",\"item\":\"https:\\\/\\\/wucwo.org\\\/es\\\/\"},{\"@type\":\"ListItem\",\"position\":2,\"name\":\"Preparando en Madrid la Asamblea General 2027\"}]},{\"@type\":\"WebSite\",\"@id\":\"https:\\\/\\\/wucwo.org\\\/es\\\/#website\",\"url\":\"https:\\\/\\\/wucwo.org\\\/es\\\/\",\"name\":\"UMOFC\",\"description\":\"\",\"publisher\":{\"@id\":\"https:\\\/\\\/wucwo.org\\\/es\\\/#organization\"},\"potentialAction\":[{\"@type\":\"SearchAction\",\"target\":{\"@type\":\"EntryPoint\",\"urlTemplate\":\"https:\\\/\\\/wucwo.org\\\/es\\\/?s={search_term_string}\"},\"query-input\":{\"@type\":\"PropertyValueSpecification\",\"valueRequired\":true,\"valueName\":\"search_term_string\"}}],\"inLanguage\":\"es\"},{\"@type\":\"Organization\",\"@id\":\"https:\\\/\\\/wucwo.org\\\/es\\\/#organization\",\"name\":\"UMOFC\",\"url\":\"https:\\\/\\\/wucwo.org\\\/es\\\/\",\"logo\":{\"@type\":\"ImageObject\",\"inLanguage\":\"es\",\"@id\":\"https:\\\/\\\/wucwo.org\\\/es\\\/#\\\/schema\\\/logo\\\/image\\\/\",\"url\":\"https:\\\/\\\/wucwo.org\\\/wp-content\\\/uploads\\\/2025\\\/08\\\/Final-icono-scaled.png\",\"contentUrl\":\"https:\\\/\\\/wucwo.org\\\/wp-content\\\/uploads\\\/2025\\\/08\\\/Final-icono-scaled.png\",\"width\":2560,\"height\":1811,\"caption\":\"UMOFC\"},\"image\":{\"@id\":\"https:\\\/\\\/wucwo.org\\\/es\\\/#\\\/schema\\\/logo\\\/image\\\/\"},\"sameAs\":[\"https:\\\/\\\/www.facebook.com\\\/worldunionofcatholicwomensorganisations\\\/\",\"https:\\\/\\\/www.instagram.com\\\/wucwo_umofc\\\/\",\"https:\\\/\\\/www.linkedin.com\\\/company\\\/wucwo\\\/\",\"https:\\\/\\\/www.youtube.com\\\/@WUCWOUMOFC\",\"https:\\\/\\\/www.flickr.com\\\/photos\\\/203210007@N05\\\/albums\"]},{\"@type\":\"Person\",\"@id\":\"https:\\\/\\\/wucwo.org\\\/es\\\/#\\\/schema\\\/person\\\/36e189b76cc2f081eb3458e9a1f81183\",\"name\":\"communication\",\"image\":{\"@type\":\"ImageObject\",\"inLanguage\":\"es\",\"@id\":\"https:\\\/\\\/secure.gravatar.com\\\/avatar\\\/3db542db39feebb0fd43b726aab1c33917436e5f5a9e88f2295c0f1c34c59b48?s=96&d=mm&r=g\",\"url\":\"https:\\\/\\\/secure.gravatar.com\\\/avatar\\\/3db542db39feebb0fd43b726aab1c33917436e5f5a9e88f2295c0f1c34c59b48?s=96&d=mm&r=g\",\"contentUrl\":\"https:\\\/\\\/secure.gravatar.com\\\/avatar\\\/3db542db39feebb0fd43b726aab1c33917436e5f5a9e88f2295c0f1c34c59b48?s=96&d=mm&r=g\",\"caption\":\"communication\"},\"url\":\"https:\\\/\\\/wucwo.org\\\/es\\\/author\\\/communication\\\/\"}]}<\/script>\n<!-- \/ Yoast SEO plugin. -->","yoast_head_json":{"title":"Preparando en Madrid la Asamblea General 2027 - WUCWO - UMOFC","description":"M\u00f3nica Santamarina, realiz\u00f3 una visita a Madrid para avanzar en la preparaci\u00f3n de la pr\u00f3xima Asamblea General de 2027.","robots":{"index":"index","follow":"follow","max-snippet":"max-snippet:-1","max-image-preview":"max-image-preview:large","max-video-preview":"max-video-preview:-1"},"canonical":"https:\/\/wucwo.org\/es\/preparando-en-madrid-la-asamblea-general-2027\/","og_locale":"es_ES","og_type":"article","og_title":"Preparando en Madrid la Asamblea General 2027 - WUCWO - UMOFC","og_description":"M\u00f3nica Santamarina, realiz\u00f3 una visita a Madrid para avanzar en la preparaci\u00f3n de la pr\u00f3xima Asamblea General de 2027.","og_url":"https:\/\/wucwo.org\/es\/preparando-en-madrid-la-asamblea-general-2027\/","og_site_name":"WUCWO - UMOFC","article_publisher":"https:\/\/www.facebook.com\/worldunionofcatholicwomensorganisations\/","article_published_time":"2025-10-23T15:03:10+00:00","article_modified_time":"2025-10-23T15:11:33+00:00","og_image":[{"width":1280,"height":960,"url":"https:\/\/wucwo.org\/wp-content\/uploads\/2025\/10\/WhatsApp-Image-2025-10-22-at-21.54.25.jpeg","type":"image\/jpeg"}],"author":"communication","twitter_card":"summary_large_image","twitter_misc":{"Escrito por":"communication","Tiempo de lectura":"2 minutos"},"schema":{"@context":"https:\/\/schema.org","@graph":[{"@type":"Article","@id":"https:\/\/wucwo.org\/es\/preparando-en-madrid-la-asamblea-general-2027\/#article","isPartOf":{"@id":"https:\/\/wucwo.org\/es\/preparando-en-madrid-la-asamblea-general-2027\/"},"author":{"name":"communication","@id":"https:\/\/wucwo.org\/es\/#\/schema\/person\/36e189b76cc2f081eb3458e9a1f81183"},"headline":"Preparando en Madrid la Asamblea General 2027","datePublished":"2025-10-23T15:03:10+00:00","dateModified":"2025-10-23T15:11:33+00:00","mainEntityOfPage":{"@id":"https:\/\/wucwo.org\/es\/preparando-en-madrid-la-asamblea-general-2027\/"},"wordCount":277,"commentCount":0,"publisher":{"@id":"https:\/\/wucwo.org\/es\/#organization"},"image":{"@id":"https:\/\/wucwo.org\/es\/preparando-en-madrid-la-asamblea-general-2027\/#primaryimage"},"thumbnailUrl":"https:\/\/wucwo.org\/wp-content\/uploads\/2025\/10\/WhatsApp-Image-2025-10-22-at-21.54.25.jpeg","articleSection":["Miembros","UMOFC"],"inLanguage":"es","potentialAction":[{"@type":"CommentAction","name":"Comment","target":["https:\/\/wucwo.org\/es\/preparando-en-madrid-la-asamblea-general-2027\/#respond"]}]},{"@type":"WebPage","@id":"https:\/\/wucwo.org\/es\/preparando-en-madrid-la-asamblea-general-2027\/","url":"https:\/\/wucwo.org\/es\/preparando-en-madrid-la-asamblea-general-2027\/","name":"Preparando en Madrid la Asamblea General 2027 - WUCWO - UMOFC","isPartOf":{"@id":"https:\/\/wucwo.org\/es\/#website"},"primaryImageOfPage":{"@id":"https:\/\/wucwo.org\/es\/preparando-en-madrid-la-asamblea-general-2027\/#primaryimage"},"image":{"@id":"https:\/\/wucwo.org\/es\/preparando-en-madrid-la-asamblea-general-2027\/#primaryimage"},"thumbnailUrl":"https:\/\/wucwo.org\/wp-content\/uploads\/2025\/10\/WhatsApp-Image-2025-10-22-at-21.54.25.jpeg","datePublished":"2025-10-23T15:03:10+00:00","dateModified":"2025-10-23T15:11:33+00:00","description":"M\u00f3nica Santamarina, realiz\u00f3 una visita a Madrid para avanzar en la preparaci\u00f3n de la pr\u00f3xima Asamblea General de 2027.","breadcrumb":{"@id":"https:\/\/wucwo.org\/es\/preparando-en-madrid-la-asamblea-general-2027\/#breadcrumb"},"inLanguage":"es","potentialAction":[{"@type":"ReadAction","target":["https:\/\/wucwo.org\/es\/preparando-en-madrid-la-asamblea-general-2027\/"]}]},{"@type":"ImageObject","inLanguage":"es","@id":"https:\/\/wucwo.org\/es\/preparando-en-madrid-la-asamblea-general-2027\/#primaryimage","url":"https:\/\/wucwo.org\/wp-content\/uploads\/2025\/10\/WhatsApp-Image-2025-10-22-at-21.54.25.jpeg","contentUrl":"https:\/\/wucwo.org\/wp-content\/uploads\/2025\/10\/WhatsApp-Image-2025-10-22-at-21.54.25.jpeg","width":1280,"height":960},{"@type":"BreadcrumbList","@id":"https:\/\/wucwo.org\/es\/preparando-en-madrid-la-asamblea-general-2027\/#breadcrumb","itemListElement":[{"@type":"ListItem","position":1,"name":"Portada","item":"https:\/\/wucwo.org\/es\/"},{"@type":"ListItem","position":2,"name":"Preparando en Madrid la Asamblea General 2027"}]},{"@type":"WebSite","@id":"https:\/\/wucwo.org\/es\/#website","url":"https:\/\/wucwo.org\/es\/","name":"UMOFC","description":"","publisher":{"@id":"https:\/\/wucwo.org\/es\/#organization"},"potentialAction":[{"@type":"SearchAction","target":{"@type":"EntryPoint","urlTemplate":"https:\/\/wucwo.org\/es\/?s={search_term_string}"},"query-input":{"@type":"PropertyValueSpecification","valueRequired":true,"valueName":"search_term_string"}}],"inLanguage":"es"},{"@type":"Organization","@id":"https:\/\/wucwo.org\/es\/#organization","name":"UMOFC","url":"https:\/\/wucwo.org\/es\/","logo":{"@type":"ImageObject","inLanguage":"es","@id":"https:\/\/wucwo.org\/es\/#\/schema\/logo\/image\/","url":"https:\/\/wucwo.org\/wp-content\/uploads\/2025\/08\/Final-icono-scaled.png","contentUrl":"https:\/\/wucwo.org\/wp-content\/uploads\/2025\/08\/Final-icono-scaled.png","width":2560,"height":1811,"caption":"UMOFC"},"image":{"@id":"https:\/\/wucwo.org\/es\/#\/schema\/logo\/image\/"},"sameAs":["https:\/\/www.facebook.com\/worldunionofcatholicwomensorganisations\/","https:\/\/www.instagram.com\/wucwo_umofc\/","https:\/\/www.linkedin.com\/company\/wucwo\/","https:\/\/www.youtube.com\/@WUCWOUMOFC","https:\/\/www.flickr.com\/photos\/203210007@N05\/albums"]},{"@type":"Person","@id":"https:\/\/wucwo.org\/es\/#\/schema\/person\/36e189b76cc2f081eb3458e9a1f81183","name":"communication","image":{"@type":"ImageObject","inLanguage":"es","@id":"https:\/\/secure.gravatar.com\/avatar\/3db542db39feebb0fd43b726aab1c33917436e5f5a9e88f2295c0f1c34c59b48?s=96&d=mm&r=g","url":"https:\/\/secure.gravatar.com\/avatar\/3db542db39feebb0fd43b726aab1c33917436e5f5a9e88f2295c0f1c34c59b48?s=96&d=mm&r=g","contentUrl":"https:\/\/secure.gravatar.com\/avatar\/3db542db39feebb0fd43b726aab1c33917436e5f5a9e88f2295c0f1c34c59b48?s=96&d=mm&r=g","caption":"communication"},"url":"https:\/\/wucwo.org\/es\/author\/communication\/"}]}},"_links":{"self":[{"href":"https:\/\/wucwo.org\/es\/wp-json\/wp\/v2\/posts\/16777","targetHints":{"allow":["GET"]}}],"collection":[{"href":"https:\/\/wucwo.org\/es\/wp-json\/wp\/v2\/posts"}],"about":[{"href":"https:\/\/wucwo.org\/es\/wp-json\/wp\/v2\/types\/post"}],"author":[{"embeddable":true,"href":"https:\/\/wucwo.org\/es\/wp-json\/wp\/v2\/users\/3"}],"replies":[{"embeddable":true,"href":"https:\/\/wucwo.org\/es\/wp-json\/wp\/v2\/comments?post=16777"}],"version-history":[{"count":0,"href":"https:\/\/wucwo.org\/es\/wp-json\/wp\/v2\/posts\/16777\/revisions"}],"wp:featuredmedia":[{"embeddable":true,"href":"https:\/\/wucwo.org\/es\/wp-json\/wp\/v2\/media\/16778"}],"wp:attachment":[{"href":"https:\/\/wucwo.org\/es\/wp-json\/wp\/v2\/media?parent=16777"}],"wp:term":[{"taxonomy":"category","embeddable":true,"href":"https:\/\/wucwo.org\/es\/wp-json\/wp\/v2\/categories?post=16777"},{"taxonomy":"post_tag","embeddable":true,"href":"https:\/\/wucwo.org\/es\/wp-json\/wp\/v2\/tags?post=16777"}],"curies":[{"name":"wp","href":"https:\/\/api.w.org\/{rel}","templated":true}]}}