{"id":17445,"date":"2025-12-09T09:49:27","date_gmt":"2025-12-09T08:49:27","guid":{"rendered":"https:\/\/wucwo.org\/?p=17445"},"modified":"2025-12-09T12:22:20","modified_gmt":"2025-12-09T11:22:20","slug":"la-umofc-se-une-al-foro-internacional-por-la-dignidad-y-la-paz","status":"publish","type":"post","link":"https:\/\/wucwo.org\/es\/la-umofc-se-une-al-foro-internacional-por-la-dignidad-y-la-paz\/","title":{"rendered":"La UMOFC se une al Foro Internacional por la dignidad y la paz"},"content":{"rendered":"[et_pb_section admin_label=\u00bbsection\u00bb]\n\t\t\t[et_pb_row admin_label=\u00bbrow\u00bb]\n\t\t\t\t[et_pb_column type=\u00bb4_4&#8243;][et_pb_text admin_label=\u00bbText\u00bb]\n<p class=\"wp-block-paragraph\">Del 26 al 28 de noviembre, una delegaci\u00f3n de la Uni\u00f3n Mundial de Organizaciones Femeninas Cat\u00f3licas (UMOFC), integrada por la Presidenta General, <strong>M\u00f3nica Santamarina<\/strong>; la Secretaria General, <strong>Lavinia Rocchi<\/strong>; y las representantes internacionales <strong>Adelina Viteri<\/strong> \u2014representante en la FAO (Roma) y en el Consejo de Derechos Humanos (Ginebra)\u2014 y <strong>Maureen Meatcher<\/strong>, representante en el Consejo de Europa (Estrasburgo), particip\u00f3 en el <strong>6.\u00ba Foro Internacional de Organizaciones de Inspiraci\u00f3n Cat\u00f3lica<\/strong>. Este espacio de encuentro re\u00fane a entidades comprometidas con la promoci\u00f3n de la dignidad humana en el \u00e1mbito internacional y, en esta edici\u00f3n, llev\u00f3 por t\u00edtulo: <strong>\u201cPeregrinos de la Esperanza: por la promoci\u00f3n de la dignidad, el bien com\u00fan y la paz\u201d.<\/strong><\/p>\n\n\n\n<p class=\"wp-block-paragraph\">En el marco del foro, <strong>Lavinia Rocchi<\/strong> particip\u00f3 como ponente en el panel <strong><em>Human Dignity \u2013 Migration and Integration<\/em><\/strong>, donde present\u00f3 el trabajo de la UMOFC y del <strong><a href=\"https:\/\/www.worldwomensobservatory.org\/\" target=\"_blank\" rel=\"noreferrer noopener\">Observatorio Mundial de las Mujeres<\/a> (WWO)<\/strong> en el proyecto <em>El Acceso a la justicia para las mujeres migrantes en M\u00e9xico<\/em>. En su intervenci\u00f3n, subray\u00f3 que \u201cla migraci\u00f3n es una de las realidades definitorias de nuestro tiempo\u201d y record\u00f3 que las mujeres migrantes sufren una \u201cdoble vulnerabilidad: como migrantes y como mujeres\u201d.<\/p>\n\n\n\n<figure class=\"wp-block-image size-large\"><img loading=\"lazy\" decoding=\"async\" width=\"1024\" height=\"768\" src=\"https:\/\/wucwo.org\/wp-content\/uploads\/2025\/12\/WhatsApp-Image-2025-11-26-at-15.19.51-1024x768.jpeg\" alt=\"\" class=\"wp-image-17455\" srcset=\"https:\/\/wucwo.org\/wp-content\/uploads\/2025\/12\/WhatsApp-Image-2025-11-26-at-15.19.51-980x735.jpeg 980w, https:\/\/wucwo.org\/wp-content\/uploads\/2025\/12\/WhatsApp-Image-2025-11-26-at-15.19.51-480x360.jpeg 480w\" sizes=\"(min-width: 0px) and (max-width: 480px) 480px, (min-width: 481px) and (max-width: 980px) 980px, (min-width: 981px) 1024px, 100vw\" \/><\/figure>\n\n\n\n<h4 class=\"wp-block-heading\"><strong>El Observatorio Mundial de las Mujeres en M\u00e9xico<\/strong><\/h4>\n\n\n\n<p class=\"wp-block-paragraph\">La Secretaria General explic\u00f3 que el Observatorio, creado para \u201cdar visibilidad a las mujeres m\u00e1s vulnerables\u201d, trabaja escuchando, investigando, formando y generando sinergias entre ONG, gobiernos y la Iglesia. Sobre el proyecto en M\u00e9xico, detall\u00f3 que la UMOFC ha realizado <strong>234 entrevistas en 18 albergues<\/strong>, ha organizado talleres de formaci\u00f3n y colabora con m\u00e1s de <strong>30 organizaciones<\/strong> locales, apoyando adem\u00e1s buenas pr\u00e1cticas como <strong>Sin Fronteras IAP<\/strong> y <strong>Espacio Migrante A.C<\/strong>.<\/p>\n\n\n\n<p class=\"wp-block-paragraph\">Entre los hallazgos m\u00e1s relevantes, destac\u00f3 que <strong>el 65 % de las mujeres entrevistadas afirm\u00f3 haber sufrido vulneraci\u00f3n de sus derechos<\/strong>, pero solo el 10 % present\u00f3 una denuncia, principalmente por miedo, falta de informaci\u00f3n y obst\u00e1culos econ\u00f3micos. \u201cLas mujeres mismas proponen soluciones\u201d, se\u00f1al\u00f3 Lavinia: \u201c32 % pide mayor apoyo legal p\u00fablico; 29 % mejor formaci\u00f3n del personal del Estado; 23 % campa\u00f1as de sensibilizaci\u00f3n\u201d. Estas voces, afirm\u00f3, est\u00e1n orientando el trabajo de incidencia de la UMOFC.<\/p>\n\n\n\n<p class=\"wp-block-paragraph\">Finalmente, subray\u00f3 que este proyecto no termina en M\u00e9xico: sus resultados est\u00e1n siendo llevados a foros internacionales como MIGRARED, la CSW69 o encuentros acad\u00e9micos. Concluy\u00f3 invitando a una reflexi\u00f3n com\u00fan: \u201c\u00bfC\u00f3mo podemos fortalecer la colaboraci\u00f3n para que las mujeres migrantes no sean invisibles en los sistemas de justicia?<em>\u201d<\/em> y record\u00f3 que solo el trabajo conjunto permitir\u00e1 avanzar hacia \u201crespuestas reales y tangibles que expresen nuestros valores y nuestra misi\u00f3n como peregrinos de la esperanza\u201d.<\/p>\n\n\n\n<h4 class=\"wp-block-heading\"><strong>Cristianos en el Foro Internacional &#8211; Seminario Jubilar<\/strong><\/h4>\n\n\n\n<p class=\"wp-block-paragraph\">Despu\u00e9s de varios d\u00edas de intercambio, formaci\u00f3n y reflexi\u00f3n, el 28 de noviembre se celebr\u00f3 el tercer y \u00faltimo d\u00eda del foro, organizado por el <strong>Dicasterio para los Laicos, la Familia y la Vida<\/strong> y por la <strong>Secretar\u00eda de Estado<\/strong> &#8211; Secci\u00f3n de Relaciones con los Estados y Organismos Internacionales, en la <strong>Universidad Lateranense<\/strong>. Durante esta jornada de trabajo, se reflexion\u00f3 sobre el lugar y el papel de las ONG de inspiraci\u00f3n cat\u00f3lica en las instituciones internacionales, resaltando la importancia de la colaboraci\u00f3n y la presencia activa en los espacios de toma de decisiones. La jornada concluy\u00f3 con la celebraci\u00f3n de la <strong>Santa Misa<\/strong> y el paso por la <strong>Puerta Santa de la Bas\u00edlica de San Juan de Letr\u00e1n<\/strong>, gesto que subray\u00f3 el sentido espiritual y la esperanza que inspiran este camino com\u00fan.<\/p>\n\n\n\n<figure class=\"wp-block-image size-large\"><img loading=\"lazy\" decoding=\"async\" width=\"1024\" height=\"698\" src=\"https:\/\/wucwo.org\/wp-content\/uploads\/2025\/12\/Gruppo-messa-S-Giovanni-1-1024x698.jpg\" alt=\"\" class=\"wp-image-17452\" srcset=\"https:\/\/wucwo.org\/wp-content\/uploads\/2025\/12\/Gruppo-messa-S-Giovanni-1-980x668.jpg 980w, https:\/\/wucwo.org\/wp-content\/uploads\/2025\/12\/Gruppo-messa-S-Giovanni-1-480x327.jpg 480w\" sizes=\"(min-width: 0px) and (max-width: 480px) 480px, (min-width: 481px) and (max-width: 980px) 980px, (min-width: 981px) 1024px, 100vw\" \/><\/figure>\n\n\n\n<p class=\"wp-block-paragraph\"><strong>Seminario completo aqu\u00ed [Italiano]: <\/strong><\/p>\n\n\n\n<figure class=\"wp-block-embed is-type-video is-provider-youtube wp-block-embed-youtube wp-embed-aspect-16-9 wp-has-aspect-ratio\"><div class=\"wp-block-embed__wrapper\">\n<iframe loading=\"lazy\" title=\"CRISTIANI NEI FORA INTERNAZIONALI - SEMINARIO GIUBILARE\" width=\"1080\" height=\"608\" src=\"https:\/\/www.youtube.com\/embed\/-_ui4zxEPsU?feature=oembed\"  allow=\"accelerometer; autoplay; clipboard-write; encrypted-media; gyroscope; picture-in-picture; web-share\" referrerpolicy=\"strict-origin-when-cross-origin\" allowfullscreen><\/iframe>\n<\/div><\/figure>\n[\/et_pb_text][\/et_pb_column]\n\t\t\t[\/et_pb_row]\n\t\t[\/et_pb_section]","protected":false},"excerpt":{"rendered":"<p>Del 26 al 28 de noviembre, una delegaci\u00f3n de la Uni\u00f3n Mundial de Organizaciones Femeninas Cat\u00f3licas (UMOFC), integrada por la Presidenta General, M\u00f3nica Santamarina; la Secretaria General, Lavinia Rocchi; y las representantes internacionales Adelina Viteri \u2014representante en la FAO (Roma) y en el Consejo de Derechos Humanos (Ginebra)\u2014 y Maureen Meatcher, representante en el Consejo [&hellip;]<\/p>\n","protected":false},"author":3,"featured_media":17449,"comment_status":"open","ping_status":"open","sticky":false,"template":"","format":"standard","meta":{"_et_pb_use_builder":"on","_et_pb_old_content":"<!-- wp:paragraph -->\n<p>Del 26 al 28 de noviembre, una delegaci\u00f3n de la Uni\u00f3n Mundial de Organizaciones Femeninas Cat\u00f3licas (UMOFC), integrada por la Presidenta General, <strong>M\u00f3nica Santamarina<\/strong>; la Secretaria General, <strong>Lavinia Rocchi<\/strong>; y las representantes internacionales <strong>Adelina Viteri<\/strong> \u2014representante en la FAO (Roma) y en el Consejo de Derechos Humanos (Ginebra)\u2014 y <strong>Maureen Meatcher<\/strong>, representante en el Consejo de Europa (Estrasburgo), particip\u00f3 en el <strong>6.\u00ba Foro Internacional de Organizaciones de Inspiraci\u00f3n Cat\u00f3lica<\/strong>. Este espacio de encuentro re\u00fane a entidades comprometidas con la promoci\u00f3n de la dignidad humana en el \u00e1mbito internacional y, en esta edici\u00f3n, llev\u00f3 por t\u00edtulo: <strong>\u201cPeregrinos de la Esperanza: por la promoci\u00f3n de la dignidad, el bien com\u00fan y la paz\u201d.<\/strong><\/p>\n<!-- \/wp:paragraph -->\n\n<!-- wp:paragraph -->\n<p>En el marco del foro, <strong>Lavinia Rocchi<\/strong> particip\u00f3 como ponente en el panel <strong><em>Human Dignity \u2013 Migration and Integration<\/em><\/strong>, donde present\u00f3 el trabajo de la UMOFC y del <strong><a href=\"https:\/\/www.worldwomensobservatory.org\/\" target=\"_blank\" rel=\"noreferrer noopener\">Observatorio Mundial de las Mujeres<\/a> (WWO)<\/strong> en el proyecto <em>El Acceso a la justicia para las mujeres migrantes en M\u00e9xico<\/em>. En su intervenci\u00f3n, subray\u00f3 que \u201cla migraci\u00f3n es una de las realidades definitorias de nuestro tiempo\u201d y record\u00f3 que las mujeres migrantes sufren una \u201cdoble vulnerabilidad: como migrantes y como mujeres\u201d.<\/p>\n<!-- \/wp:paragraph -->\n\n<!-- wp:image {\"id\":17455,\"sizeSlug\":\"large\",\"linkDestination\":\"none\"} -->\n<figure class=\"wp-block-image size-large\"><img src=\"https:\/\/wucwo.org\/wp-content\/uploads\/2025\/12\/WhatsApp-Image-2025-11-26-at-15.19.51-1024x768.jpeg\" alt=\"\" class=\"wp-image-17455\"\/><\/figure>\n<!-- \/wp:image -->\n\n<!-- wp:heading {\"level\":4} -->\n<h4 class=\"wp-block-heading\"><strong>El Observatorio Mundial de las Mujeres en M\u00e9xico<\/strong><\/h4>\n<!-- \/wp:heading -->\n\n<!-- wp:paragraph -->\n<p>La Secretaria General explic\u00f3 que el Observatorio, creado para \u201cdar visibilidad a las mujeres m\u00e1s vulnerables\u201d, trabaja escuchando, investigando, formando y generando sinergias entre ONG, gobiernos y la Iglesia. Sobre el proyecto en M\u00e9xico, detall\u00f3 que la UMOFC ha realizado <strong>234 entrevistas en 18 albergues<\/strong>, ha organizado talleres de formaci\u00f3n y colabora con m\u00e1s de <strong>30 organizaciones<\/strong> locales, apoyando adem\u00e1s buenas pr\u00e1cticas como <strong>Sin Fronteras IAP<\/strong> y <strong>Espacio Migrante A.C<\/strong>.<\/p>\n<!-- \/wp:paragraph -->\n\n<!-- wp:paragraph -->\n<p>Entre los hallazgos m\u00e1s relevantes, destac\u00f3 que <strong>el 65 % de las mujeres entrevistadas afirm\u00f3 haber sufrido vulneraci\u00f3n de sus derechos<\/strong>, pero solo el 10 % present\u00f3 una denuncia, principalmente por miedo, falta de informaci\u00f3n y obst\u00e1culos econ\u00f3micos. \u201cLas mujeres mismas proponen soluciones\u201d, se\u00f1al\u00f3 Lavinia: \u201c32 % pide mayor apoyo legal p\u00fablico; 29 % mejor formaci\u00f3n del personal del Estado; 23 % campa\u00f1as de sensibilizaci\u00f3n\u201d. Estas voces, afirm\u00f3, est\u00e1n orientando el trabajo de incidencia de la UMOFC.<\/p>\n<!-- \/wp:paragraph -->\n\n<!-- wp:paragraph -->\n<p>Finalmente, subray\u00f3 que este proyecto no termina en M\u00e9xico: sus resultados est\u00e1n siendo llevados a foros internacionales como MIGRARED, la CSW69 o encuentros acad\u00e9micos. Concluy\u00f3 invitando a una reflexi\u00f3n com\u00fan: \u201c\u00bfC\u00f3mo podemos fortalecer la colaboraci\u00f3n para que las mujeres migrantes no sean invisibles en los sistemas de justicia?<em>\u201d<\/em> y record\u00f3 que solo el trabajo conjunto permitir\u00e1 avanzar hacia \u201crespuestas reales y tangibles que expresen nuestros valores y nuestra misi\u00f3n como peregrinos de la esperanza\u201d.<\/p>\n<!-- \/wp:paragraph -->\n\n<!-- wp:heading {\"level\":4} -->\n<h4 class=\"wp-block-heading\"><strong>Cristianos en el Foro Internacional - Seminario Jubilar<\/strong><\/h4>\n<!-- \/wp:heading -->\n\n<!-- wp:paragraph -->\n<p>Despu\u00e9s de varios d\u00edas de intercambio, formaci\u00f3n y reflexi\u00f3n, el 28 de noviembre se celebr\u00f3 el tercer y \u00faltimo d\u00eda del foro, organizado por el <strong>Dicasterio para los Laicos, la Familia y la Vida<\/strong> y por la <strong>Secretar\u00eda de Estado<\/strong> - Secci\u00f3n de Relaciones con los Estados y Organismos Internacionales, en la <strong>Universidad Lateranense<\/strong>. Durante esta jornada de trabajo, se reflexion\u00f3 sobre el lugar y el papel de las ONG de inspiraci\u00f3n cat\u00f3lica en las instituciones internacionales, resaltando la importancia de la colaboraci\u00f3n y la presencia activa en los espacios de toma de decisiones. La jornada concluy\u00f3 con la celebraci\u00f3n de la <strong>Santa Misa<\/strong> y el paso por la <strong>Puerta Santa de la Bas\u00edlica de San Juan de Letr\u00e1n<\/strong>, gesto que subray\u00f3 el sentido espiritual y la esperanza que inspiran este camino com\u00fan.<\/p>\n<!-- \/wp:paragraph -->\n\n<!-- wp:image {\"id\":17452,\"sizeSlug\":\"large\",\"linkDestination\":\"none\"} -->\n<figure class=\"wp-block-image size-large\"><img src=\"https:\/\/wucwo.org\/wp-content\/uploads\/2025\/12\/Gruppo-messa-S-Giovanni-1-1024x698.jpg\" alt=\"\" class=\"wp-image-17452\"\/><\/figure>\n<!-- \/wp:image -->\n\n<!-- wp:paragraph -->\n<p><strong>Seminario completo aqu\u00ed [Italiano]: <\/strong><\/p>\n<!-- \/wp:paragraph -->\n\n<!-- wp:embed {\"url\":\"https:\/\/www.youtube.com\/watch?v=-_ui4zxEPsU\",\"type\":\"video\",\"providerNameSlug\":\"youtube\",\"responsive\":true,\"className\":\"wp-embed-aspect-16-9 wp-has-aspect-ratio\"} -->\n<figure class=\"wp-block-embed is-type-video is-provider-youtube wp-block-embed-youtube wp-embed-aspect-16-9 wp-has-aspect-ratio\"><div class=\"wp-block-embed__wrapper\">\nhttps:\/\/www.youtube.com\/watch?v=-_ui4zxEPsU\n<\/div><\/figure>\n<!-- \/wp:embed -->","_et_gb_content_width":"","footnotes":""},"categories":[133,50,127],"tags":[],"class_list":["post-17445","post","type-post","status-publish","format-standard","has-post-thumbnail","hentry","category-noticias-migrantes-refugiados","category-noticias-umofc","category-noticias-wwo"],"yoast_head":"<!-- This site is optimized with the Yoast SEO plugin v27.8 - https:\/\/yoast.com\/product\/yoast-seo-wordpress\/ -->\n<title>La UMOFC se une al Foro Internacional por la dignidad y la paz - WUCWO - UMOFC<\/title>\n<meta name=\"description\" content=\"Del 26 al 28 de noviembre una delegaci\u00f3n de la UMOFC particip\u00f3 en el 6.\u00ba Foro Internacional de Organizaciones de Inspiraci\u00f3n Cat\u00f3lica.\" \/>\n<meta name=\"robots\" content=\"index, follow, max-snippet:-1, max-image-preview:large, max-video-preview:-1\" \/>\n<link rel=\"canonical\" href=\"https:\/\/wucwo.org\/es\/la-umofc-se-une-al-foro-internacional-por-la-dignidad-y-la-paz\/\" \/>\n<meta property=\"og:locale\" content=\"es_ES\" \/>\n<meta property=\"og:type\" content=\"article\" \/>\n<meta property=\"og:title\" content=\"La UMOFC se une al Foro Internacional por la dignidad y la paz - WUCWO - UMOFC\" \/>\n<meta property=\"og:description\" content=\"Del 26 al 28 de noviembre una delegaci\u00f3n de la UMOFC particip\u00f3 en el 6.\u00ba Foro Internacional de Organizaciones de Inspiraci\u00f3n Cat\u00f3lica.\" \/>\n<meta property=\"og:url\" content=\"https:\/\/wucwo.org\/es\/la-umofc-se-une-al-foro-internacional-por-la-dignidad-y-la-paz\/\" \/>\n<meta property=\"og:site_name\" content=\"WUCWO - UMOFC\" \/>\n<meta property=\"article:publisher\" content=\"https:\/\/www.facebook.com\/worldunionofcatholicwomensorganisations\/\" \/>\n<meta property=\"article:published_time\" content=\"2025-12-09T08:49:27+00:00\" \/>\n<meta property=\"article:modified_time\" content=\"2025-12-09T11:22:20+00:00\" \/>\n<meta property=\"og:image\" content=\"https:\/\/wucwo.org\/wp-content\/uploads\/2025\/12\/WhatsApp-Image-2025-11-26-at-13.48.07.jpeg\" \/>\n\t<meta property=\"og:image:width\" content=\"2016\" \/>\n\t<meta property=\"og:image:height\" content=\"1512\" \/>\n\t<meta property=\"og:image:type\" content=\"image\/jpeg\" \/>\n<meta name=\"author\" content=\"communication\" \/>\n<meta name=\"twitter:card\" content=\"summary_large_image\" \/>\n<meta name=\"twitter:label1\" content=\"Escrito por\" \/>\n\t<meta name=\"twitter:data1\" content=\"communication\" \/>\n\t<meta name=\"twitter:label2\" content=\"Tiempo de lectura\" \/>\n\t<meta name=\"twitter:data2\" content=\"4 minutos\" \/>\n<script type=\"application\/ld+json\" class=\"yoast-schema-graph\">{\"@context\":\"https:\\\/\\\/schema.org\",\"@graph\":[{\"@type\":\"Article\",\"@id\":\"https:\\\/\\\/wucwo.org\\\/es\\\/la-umofc-se-une-al-foro-internacional-por-la-dignidad-y-la-paz\\\/#article\",\"isPartOf\":{\"@id\":\"https:\\\/\\\/wucwo.org\\\/es\\\/la-umofc-se-une-al-foro-internacional-por-la-dignidad-y-la-paz\\\/\"},\"author\":{\"name\":\"communication\",\"@id\":\"https:\\\/\\\/wucwo.org\\\/es\\\/#\\\/schema\\\/person\\\/36e189b76cc2f081eb3458e9a1f81183\"},\"headline\":\"La UMOFC se une al Foro Internacional por la dignidad y la paz\",\"datePublished\":\"2025-12-09T08:49:27+00:00\",\"dateModified\":\"2025-12-09T11:22:20+00:00\",\"mainEntityOfPage\":{\"@id\":\"https:\\\/\\\/wucwo.org\\\/es\\\/la-umofc-se-une-al-foro-internacional-por-la-dignidad-y-la-paz\\\/\"},\"wordCount\":658,\"commentCount\":0,\"publisher\":{\"@id\":\"https:\\\/\\\/wucwo.org\\\/es\\\/#organization\"},\"image\":{\"@id\":\"https:\\\/\\\/wucwo.org\\\/es\\\/la-umofc-se-une-al-foro-internacional-por-la-dignidad-y-la-paz\\\/#primaryimage\"},\"thumbnailUrl\":\"https:\\\/\\\/wucwo.org\\\/wp-content\\\/uploads\\\/2025\\\/12\\\/WhatsApp-Image-2025-11-26-at-13.48.07.jpeg\",\"articleSection\":[\"Migrantes y Refugiados\",\"UMOFC\",\"WWO\"],\"inLanguage\":\"es\",\"potentialAction\":[{\"@type\":\"CommentAction\",\"name\":\"Comment\",\"target\":[\"https:\\\/\\\/wucwo.org\\\/es\\\/la-umofc-se-une-al-foro-internacional-por-la-dignidad-y-la-paz\\\/#respond\"]}]},{\"@type\":\"WebPage\",\"@id\":\"https:\\\/\\\/wucwo.org\\\/es\\\/la-umofc-se-une-al-foro-internacional-por-la-dignidad-y-la-paz\\\/\",\"url\":\"https:\\\/\\\/wucwo.org\\\/es\\\/la-umofc-se-une-al-foro-internacional-por-la-dignidad-y-la-paz\\\/\",\"name\":\"La UMOFC se une al Foro Internacional por la dignidad y la paz - WUCWO - UMOFC\",\"isPartOf\":{\"@id\":\"https:\\\/\\\/wucwo.org\\\/es\\\/#website\"},\"primaryImageOfPage\":{\"@id\":\"https:\\\/\\\/wucwo.org\\\/es\\\/la-umofc-se-une-al-foro-internacional-por-la-dignidad-y-la-paz\\\/#primaryimage\"},\"image\":{\"@id\":\"https:\\\/\\\/wucwo.org\\\/es\\\/la-umofc-se-une-al-foro-internacional-por-la-dignidad-y-la-paz\\\/#primaryimage\"},\"thumbnailUrl\":\"https:\\\/\\\/wucwo.org\\\/wp-content\\\/uploads\\\/2025\\\/12\\\/WhatsApp-Image-2025-11-26-at-13.48.07.jpeg\",\"datePublished\":\"2025-12-09T08:49:27+00:00\",\"dateModified\":\"2025-12-09T11:22:20+00:00\",\"description\":\"Del 26 al 28 de noviembre una delegaci\u00f3n de la UMOFC particip\u00f3 en el 6.\u00ba Foro Internacional de Organizaciones de Inspiraci\u00f3n Cat\u00f3lica.\",\"breadcrumb\":{\"@id\":\"https:\\\/\\\/wucwo.org\\\/es\\\/la-umofc-se-une-al-foro-internacional-por-la-dignidad-y-la-paz\\\/#breadcrumb\"},\"inLanguage\":\"es\",\"potentialAction\":[{\"@type\":\"ReadAction\",\"target\":[\"https:\\\/\\\/wucwo.org\\\/es\\\/la-umofc-se-une-al-foro-internacional-por-la-dignidad-y-la-paz\\\/\"]}]},{\"@type\":\"ImageObject\",\"inLanguage\":\"es\",\"@id\":\"https:\\\/\\\/wucwo.org\\\/es\\\/la-umofc-se-une-al-foro-internacional-por-la-dignidad-y-la-paz\\\/#primaryimage\",\"url\":\"https:\\\/\\\/wucwo.org\\\/wp-content\\\/uploads\\\/2025\\\/12\\\/WhatsApp-Image-2025-11-26-at-13.48.07.jpeg\",\"contentUrl\":\"https:\\\/\\\/wucwo.org\\\/wp-content\\\/uploads\\\/2025\\\/12\\\/WhatsApp-Image-2025-11-26-at-13.48.07.jpeg\",\"width\":2016,\"height\":1512},{\"@type\":\"BreadcrumbList\",\"@id\":\"https:\\\/\\\/wucwo.org\\\/es\\\/la-umofc-se-une-al-foro-internacional-por-la-dignidad-y-la-paz\\\/#breadcrumb\",\"itemListElement\":[{\"@type\":\"ListItem\",\"position\":1,\"name\":\"Portada\",\"item\":\"https:\\\/\\\/wucwo.org\\\/es\\\/\"},{\"@type\":\"ListItem\",\"position\":2,\"name\":\"La UMOFC se une al Foro Internacional por la dignidad y la paz\"}]},{\"@type\":\"WebSite\",\"@id\":\"https:\\\/\\\/wucwo.org\\\/es\\\/#website\",\"url\":\"https:\\\/\\\/wucwo.org\\\/es\\\/\",\"name\":\"UMOFC\",\"description\":\"\",\"publisher\":{\"@id\":\"https:\\\/\\\/wucwo.org\\\/es\\\/#organization\"},\"potentialAction\":[{\"@type\":\"SearchAction\",\"target\":{\"@type\":\"EntryPoint\",\"urlTemplate\":\"https:\\\/\\\/wucwo.org\\\/es\\\/?s={search_term_string}\"},\"query-input\":{\"@type\":\"PropertyValueSpecification\",\"valueRequired\":true,\"valueName\":\"search_term_string\"}}],\"inLanguage\":\"es\"},{\"@type\":\"Organization\",\"@id\":\"https:\\\/\\\/wucwo.org\\\/es\\\/#organization\",\"name\":\"UMOFC\",\"url\":\"https:\\\/\\\/wucwo.org\\\/es\\\/\",\"logo\":{\"@type\":\"ImageObject\",\"inLanguage\":\"es\",\"@id\":\"https:\\\/\\\/wucwo.org\\\/es\\\/#\\\/schema\\\/logo\\\/image\\\/\",\"url\":\"https:\\\/\\\/wucwo.org\\\/wp-content\\\/uploads\\\/2025\\\/08\\\/Final-icono-scaled.png\",\"contentUrl\":\"https:\\\/\\\/wucwo.org\\\/wp-content\\\/uploads\\\/2025\\\/08\\\/Final-icono-scaled.png\",\"width\":2560,\"height\":1811,\"caption\":\"UMOFC\"},\"image\":{\"@id\":\"https:\\\/\\\/wucwo.org\\\/es\\\/#\\\/schema\\\/logo\\\/image\\\/\"},\"sameAs\":[\"https:\\\/\\\/www.facebook.com\\\/worldunionofcatholicwomensorganisations\\\/\",\"https:\\\/\\\/www.instagram.com\\\/wucwo_umofc\\\/\",\"https:\\\/\\\/www.linkedin.com\\\/company\\\/wucwo\\\/\",\"https:\\\/\\\/www.youtube.com\\\/@WUCWOUMOFC\",\"https:\\\/\\\/www.flickr.com\\\/photos\\\/203210007@N05\\\/albums\"]},{\"@type\":\"Person\",\"@id\":\"https:\\\/\\\/wucwo.org\\\/es\\\/#\\\/schema\\\/person\\\/36e189b76cc2f081eb3458e9a1f81183\",\"name\":\"communication\",\"image\":{\"@type\":\"ImageObject\",\"inLanguage\":\"es\",\"@id\":\"https:\\\/\\\/secure.gravatar.com\\\/avatar\\\/3db542db39feebb0fd43b726aab1c33917436e5f5a9e88f2295c0f1c34c59b48?s=96&d=mm&r=g\",\"url\":\"https:\\\/\\\/secure.gravatar.com\\\/avatar\\\/3db542db39feebb0fd43b726aab1c33917436e5f5a9e88f2295c0f1c34c59b48?s=96&d=mm&r=g\",\"contentUrl\":\"https:\\\/\\\/secure.gravatar.com\\\/avatar\\\/3db542db39feebb0fd43b726aab1c33917436e5f5a9e88f2295c0f1c34c59b48?s=96&d=mm&r=g\",\"caption\":\"communication\"},\"url\":\"https:\\\/\\\/wucwo.org\\\/es\\\/author\\\/communication\\\/\"}]}<\/script>\n<!-- \/ Yoast SEO plugin. -->","yoast_head_json":{"title":"La UMOFC se une al Foro Internacional por la dignidad y la paz - WUCWO - UMOFC","description":"Del 26 al 28 de noviembre una delegaci\u00f3n de la UMOFC particip\u00f3 en el 6.\u00ba Foro Internacional de Organizaciones de Inspiraci\u00f3n Cat\u00f3lica.","robots":{"index":"index","follow":"follow","max-snippet":"max-snippet:-1","max-image-preview":"max-image-preview:large","max-video-preview":"max-video-preview:-1"},"canonical":"https:\/\/wucwo.org\/es\/la-umofc-se-une-al-foro-internacional-por-la-dignidad-y-la-paz\/","og_locale":"es_ES","og_type":"article","og_title":"La UMOFC se une al Foro Internacional por la dignidad y la paz - WUCWO - UMOFC","og_description":"Del 26 al 28 de noviembre una delegaci\u00f3n de la UMOFC particip\u00f3 en el 6.\u00ba Foro Internacional de Organizaciones de Inspiraci\u00f3n Cat\u00f3lica.","og_url":"https:\/\/wucwo.org\/es\/la-umofc-se-une-al-foro-internacional-por-la-dignidad-y-la-paz\/","og_site_name":"WUCWO - UMOFC","article_publisher":"https:\/\/www.facebook.com\/worldunionofcatholicwomensorganisations\/","article_published_time":"2025-12-09T08:49:27+00:00","article_modified_time":"2025-12-09T11:22:20+00:00","og_image":[{"width":2016,"height":1512,"url":"https:\/\/wucwo.org\/wp-content\/uploads\/2025\/12\/WhatsApp-Image-2025-11-26-at-13.48.07.jpeg","type":"image\/jpeg"}],"author":"communication","twitter_card":"summary_large_image","twitter_misc":{"Escrito por":"communication","Tiempo de lectura":"4 minutos"},"schema":{"@context":"https:\/\/schema.org","@graph":[{"@type":"Article","@id":"https:\/\/wucwo.org\/es\/la-umofc-se-une-al-foro-internacional-por-la-dignidad-y-la-paz\/#article","isPartOf":{"@id":"https:\/\/wucwo.org\/es\/la-umofc-se-une-al-foro-internacional-por-la-dignidad-y-la-paz\/"},"author":{"name":"communication","@id":"https:\/\/wucwo.org\/es\/#\/schema\/person\/36e189b76cc2f081eb3458e9a1f81183"},"headline":"La UMOFC se une al Foro Internacional por la dignidad y la paz","datePublished":"2025-12-09T08:49:27+00:00","dateModified":"2025-12-09T11:22:20+00:00","mainEntityOfPage":{"@id":"https:\/\/wucwo.org\/es\/la-umofc-se-une-al-foro-internacional-por-la-dignidad-y-la-paz\/"},"wordCount":658,"commentCount":0,"publisher":{"@id":"https:\/\/wucwo.org\/es\/#organization"},"image":{"@id":"https:\/\/wucwo.org\/es\/la-umofc-se-une-al-foro-internacional-por-la-dignidad-y-la-paz\/#primaryimage"},"thumbnailUrl":"https:\/\/wucwo.org\/wp-content\/uploads\/2025\/12\/WhatsApp-Image-2025-11-26-at-13.48.07.jpeg","articleSection":["Migrantes y Refugiados","UMOFC","WWO"],"inLanguage":"es","potentialAction":[{"@type":"CommentAction","name":"Comment","target":["https:\/\/wucwo.org\/es\/la-umofc-se-une-al-foro-internacional-por-la-dignidad-y-la-paz\/#respond"]}]},{"@type":"WebPage","@id":"https:\/\/wucwo.org\/es\/la-umofc-se-une-al-foro-internacional-por-la-dignidad-y-la-paz\/","url":"https:\/\/wucwo.org\/es\/la-umofc-se-une-al-foro-internacional-por-la-dignidad-y-la-paz\/","name":"La UMOFC se une al Foro Internacional por la dignidad y la paz - WUCWO - UMOFC","isPartOf":{"@id":"https:\/\/wucwo.org\/es\/#website"},"primaryImageOfPage":{"@id":"https:\/\/wucwo.org\/es\/la-umofc-se-une-al-foro-internacional-por-la-dignidad-y-la-paz\/#primaryimage"},"image":{"@id":"https:\/\/wucwo.org\/es\/la-umofc-se-une-al-foro-internacional-por-la-dignidad-y-la-paz\/#primaryimage"},"thumbnailUrl":"https:\/\/wucwo.org\/wp-content\/uploads\/2025\/12\/WhatsApp-Image-2025-11-26-at-13.48.07.jpeg","datePublished":"2025-12-09T08:49:27+00:00","dateModified":"2025-12-09T11:22:20+00:00","description":"Del 26 al 28 de noviembre una delegaci\u00f3n de la UMOFC particip\u00f3 en el 6.\u00ba Foro Internacional de Organizaciones de Inspiraci\u00f3n Cat\u00f3lica.","breadcrumb":{"@id":"https:\/\/wucwo.org\/es\/la-umofc-se-une-al-foro-internacional-por-la-dignidad-y-la-paz\/#breadcrumb"},"inLanguage":"es","potentialAction":[{"@type":"ReadAction","target":["https:\/\/wucwo.org\/es\/la-umofc-se-une-al-foro-internacional-por-la-dignidad-y-la-paz\/"]}]},{"@type":"ImageObject","inLanguage":"es","@id":"https:\/\/wucwo.org\/es\/la-umofc-se-une-al-foro-internacional-por-la-dignidad-y-la-paz\/#primaryimage","url":"https:\/\/wucwo.org\/wp-content\/uploads\/2025\/12\/WhatsApp-Image-2025-11-26-at-13.48.07.jpeg","contentUrl":"https:\/\/wucwo.org\/wp-content\/uploads\/2025\/12\/WhatsApp-Image-2025-11-26-at-13.48.07.jpeg","width":2016,"height":1512},{"@type":"BreadcrumbList","@id":"https:\/\/wucwo.org\/es\/la-umofc-se-une-al-foro-internacional-por-la-dignidad-y-la-paz\/#breadcrumb","itemListElement":[{"@type":"ListItem","position":1,"name":"Portada","item":"https:\/\/wucwo.org\/es\/"},{"@type":"ListItem","position":2,"name":"La UMOFC se une al Foro Internacional por la dignidad y la paz"}]},{"@type":"WebSite","@id":"https:\/\/wucwo.org\/es\/#website","url":"https:\/\/wucwo.org\/es\/","name":"UMOFC","description":"","publisher":{"@id":"https:\/\/wucwo.org\/es\/#organization"},"potentialAction":[{"@type":"SearchAction","target":{"@type":"EntryPoint","urlTemplate":"https:\/\/wucwo.org\/es\/?s={search_term_string}"},"query-input":{"@type":"PropertyValueSpecification","valueRequired":true,"valueName":"search_term_string"}}],"inLanguage":"es"},{"@type":"Organization","@id":"https:\/\/wucwo.org\/es\/#organization","name":"UMOFC","url":"https:\/\/wucwo.org\/es\/","logo":{"@type":"ImageObject","inLanguage":"es","@id":"https:\/\/wucwo.org\/es\/#\/schema\/logo\/image\/","url":"https:\/\/wucwo.org\/wp-content\/uploads\/2025\/08\/Final-icono-scaled.png","contentUrl":"https:\/\/wucwo.org\/wp-content\/uploads\/2025\/08\/Final-icono-scaled.png","width":2560,"height":1811,"caption":"UMOFC"},"image":{"@id":"https:\/\/wucwo.org\/es\/#\/schema\/logo\/image\/"},"sameAs":["https:\/\/www.facebook.com\/worldunionofcatholicwomensorganisations\/","https:\/\/www.instagram.com\/wucwo_umofc\/","https:\/\/www.linkedin.com\/company\/wucwo\/","https:\/\/www.youtube.com\/@WUCWOUMOFC","https:\/\/www.flickr.com\/photos\/203210007@N05\/albums"]},{"@type":"Person","@id":"https:\/\/wucwo.org\/es\/#\/schema\/person\/36e189b76cc2f081eb3458e9a1f81183","name":"communication","image":{"@type":"ImageObject","inLanguage":"es","@id":"https:\/\/secure.gravatar.com\/avatar\/3db542db39feebb0fd43b726aab1c33917436e5f5a9e88f2295c0f1c34c59b48?s=96&d=mm&r=g","url":"https:\/\/secure.gravatar.com\/avatar\/3db542db39feebb0fd43b726aab1c33917436e5f5a9e88f2295c0f1c34c59b48?s=96&d=mm&r=g","contentUrl":"https:\/\/secure.gravatar.com\/avatar\/3db542db39feebb0fd43b726aab1c33917436e5f5a9e88f2295c0f1c34c59b48?s=96&d=mm&r=g","caption":"communication"},"url":"https:\/\/wucwo.org\/es\/author\/communication\/"}]}},"_links":{"self":[{"href":"https:\/\/wucwo.org\/es\/wp-json\/wp\/v2\/posts\/17445","targetHints":{"allow":["GET"]}}],"collection":[{"href":"https:\/\/wucwo.org\/es\/wp-json\/wp\/v2\/posts"}],"about":[{"href":"https:\/\/wucwo.org\/es\/wp-json\/wp\/v2\/types\/post"}],"author":[{"embeddable":true,"href":"https:\/\/wucwo.org\/es\/wp-json\/wp\/v2\/users\/3"}],"replies":[{"embeddable":true,"href":"https:\/\/wucwo.org\/es\/wp-json\/wp\/v2\/comments?post=17445"}],"version-history":[{"count":0,"href":"https:\/\/wucwo.org\/es\/wp-json\/wp\/v2\/posts\/17445\/revisions"}],"wp:featuredmedia":[{"embeddable":true,"href":"https:\/\/wucwo.org\/es\/wp-json\/wp\/v2\/media\/17449"}],"wp:attachment":[{"href":"https:\/\/wucwo.org\/es\/wp-json\/wp\/v2\/media?parent=17445"}],"wp:term":[{"taxonomy":"category","embeddable":true,"href":"https:\/\/wucwo.org\/es\/wp-json\/wp\/v2\/categories?post=17445"},{"taxonomy":"post_tag","embeddable":true,"href":"https:\/\/wucwo.org\/es\/wp-json\/wp\/v2\/tags?post=17445"}],"curies":[{"name":"wp","href":"https:\/\/api.w.org\/{rel}","templated":true}]}}