{"id":17781,"date":"2026-01-22T09:33:24","date_gmt":"2026-01-22T08:33:24","guid":{"rendered":"https:\/\/wucwo.org\/?p=17781"},"modified":"2026-01-22T09:41:16","modified_gmt":"2026-01-22T08:41:16","slug":"semana-de-oracion-por-la-unidad-de-los-cristianos-un-llamado-a-la-libertad-religiosa","status":"publish","type":"post","link":"https:\/\/wucwo.org\/es\/semana-de-oracion-por-la-unidad-de-los-cristianos-un-llamado-a-la-libertad-religiosa\/","title":{"rendered":"Semana de Oraci\u00f3n por la Unidad de los Cristianos: un llamado a la libertad religiosa"},"content":{"rendered":"\n<p class=\"wp-block-paragraph\">Del 18 al 25 de enero se celebra la <strong>Semana de Oraci\u00f3n por la Unidad de los Cristianos<\/strong>, un tiempo en el que las comunidades cristianas de todo el mundo se unen en oraci\u00f3n, reflexi\u00f3n y compromiso con la fraternidad y la paz. Esta jornada busca recordar que, m\u00e1s all\u00e1 de las diferencias, la fe puede ser un puente que nos acerque como hermanos y hermanas en Cristo.<\/p>\n\n\n\n<p class=\"wp-block-paragraph\">En este contexto, en la UMOFC queremos resaltar que la libertad religiosa es un derecho humano fundamental, que forma parte de la dignidad de cada persona y de la cultura de cada pueblo. De hecho, se trata de una de las Resoluciones -\u00e1reas de acci\u00f3n- que tenemos para el periodo 2023-2027. Nos comprometemos a promover el respeto por la diversidad, defender la libertad religiosa, trabajar contra la discriminaci\u00f3n, denunciar las violaciones a este derecho y fomentar el di\u00e1logo interconfesional e interreligioso como camino de fraternidad y paz.<\/p>\n\n\n\n<h4 class=\"wp-block-heading\">M\u00f3nica Santamarina, presidenta de la UMOFC, se\u00f1ala para esta ocasi\u00f3n:<\/h4>\n\n\n\n<blockquote class=\"wp-block-quote is-layout-flow wp-block-quote-is-layout-flow\">\n<p class=\"wp-block-paragraph\"><em>\u00abEn esta Semana de Oraci\u00f3n por la Unidad de los Cristianos, los invito a fortalecer nuestra oraci\u00f3n, conscientes de que, como nos lo pide el Papa Le\u00f3n XIV, &#8216;nuestro compromiso con la unidad debe ir acompa\u00f1ado de manera coherente con el compromiso por la paz y la justicia en el mundo&#8217;. Sabiendo esto, en la UMOFC nos hemos comprometido con la libertad religiosa, el di\u00e1logo interreligioso y el ecumenismo. En un mundo marcado por la diversidad, promovemos a todos los niveles una cultura de inclusi\u00f3n y de paz, donde la fe sea un puente de encuentro entre personas y pueblos y se reconozca la riqueza de acoger y valorar las diferencias. \u00a1Reforcemos nuestra labor, mirando siempre lo que nos une m\u00e1s all\u00e1 de lo que nos separa y haciendo del di\u00e1logo una forma de vida que nos transforme a todos desde el coraz\u00f3n!\u00bb<\/em><\/p>\n<\/blockquote>\n\n\n\n<p class=\"wp-block-paragraph\">Esta Semana de Oraci\u00f3n por la Unidad de los Cristianos es una oportunidad para reflexionar sobre la importancia del respeto mutuo, la fraternidad y la paz, recordando que la libertad religiosa y el di\u00e1logo interconfesional son pilares esenciales para la convivencia en un mundo diverso.<\/p>\n\n\n\n<p class=\"wp-block-paragraph\"><\/p>\n\n\n\n<h4 class=\"wp-block-heading\"><strong><em>Oficina de Comunicaci\u00f3n de la UMOFC<\/em><\/strong><\/h4>\n","protected":false},"excerpt":{"rendered":"<p>Del 18 al 25 de enero se celebra la Semana de Oraci\u00f3n por la Unidad de los Cristianos, un tiempo en el que las comunidades cristianas de todo el mundo se unen en oraci\u00f3n, reflexi\u00f3n y compromiso con la fraternidad y la paz. Esta jornada busca recordar que, m\u00e1s all\u00e1 de las diferencias, la fe [&hellip;]<\/p>\n","protected":false},"author":3,"featured_media":17782,"comment_status":"open","ping_status":"open","sticky":false,"template":"","format":"standard","meta":{"_et_pb_use_builder":"off","_et_pb_old_content":"","_et_gb_content_width":"","footnotes":""},"categories":[48,130],"tags":[],"class_list":["post-17781","post","type-post","status-publish","format-standard","has-post-thumbnail","hentry","category-noticias-iglesia","category-noticias-libertad-religiosa"],"yoast_head":"<!-- This site is optimized with the Yoast SEO plugin v27.8 - https:\/\/yoast.com\/product\/yoast-seo-wordpress\/ -->\n<title>Semana de Oraci\u00f3n por la Unidad de los Cristianos: un llamado a la libertad religiosa - WUCWO - UMOFC<\/title>\n<meta name=\"description\" content=\"Del 18 al 25 de enero se celebra la Semana de Oraci\u00f3n por la Unidad de los Cristianos.\" \/>\n<meta name=\"robots\" content=\"index, follow, max-snippet:-1, max-image-preview:large, max-video-preview:-1\" \/>\n<link rel=\"canonical\" href=\"https:\/\/wucwo.org\/es\/semana-de-oracion-por-la-unidad-de-los-cristianos-un-llamado-a-la-libertad-religiosa\/\" \/>\n<meta property=\"og:locale\" content=\"es_ES\" \/>\n<meta property=\"og:type\" content=\"article\" \/>\n<meta property=\"og:title\" content=\"Semana de Oraci\u00f3n por la Unidad de los Cristianos: un llamado a la libertad religiosa - WUCWO - UMOFC\" \/>\n<meta property=\"og:description\" content=\"Del 18 al 25 de enero se celebra la Semana de Oraci\u00f3n por la Unidad de los Cristianos.\" \/>\n<meta property=\"og:url\" content=\"https:\/\/wucwo.org\/es\/semana-de-oracion-por-la-unidad-de-los-cristianos-un-llamado-a-la-libertad-religiosa\/\" \/>\n<meta property=\"og:site_name\" content=\"WUCWO - UMOFC\" \/>\n<meta property=\"article:publisher\" content=\"https:\/\/www.facebook.com\/worldunionofcatholicwomensorganisations\/\" \/>\n<meta property=\"article:published_time\" content=\"2026-01-22T08:33:24+00:00\" \/>\n<meta property=\"article:modified_time\" content=\"2026-01-22T08:41:16+00:00\" \/>\n<meta property=\"og:image\" content=\"https:\/\/wucwo.org\/wp-content\/uploads\/2026\/01\/WhatsApp-Image-2026-01-21-at-16.00.44-1024x706.jpeg\" \/>\n\t<meta property=\"og:image:width\" content=\"1024\" \/>\n\t<meta property=\"og:image:height\" content=\"706\" \/>\n\t<meta property=\"og:image:type\" content=\"image\/jpeg\" \/>\n<meta name=\"author\" content=\"communication\" \/>\n<meta name=\"twitter:card\" content=\"summary_large_image\" \/>\n<meta name=\"twitter:label1\" content=\"Escrito por\" \/>\n\t<meta name=\"twitter:data1\" content=\"communication\" \/>\n\t<meta name=\"twitter:label2\" content=\"Tiempo de lectura\" \/>\n\t<meta name=\"twitter:data2\" content=\"2 minutos\" \/>\n<script type=\"application\/ld+json\" class=\"yoast-schema-graph\">{\"@context\":\"https:\\\/\\\/schema.org\",\"@graph\":[{\"@type\":\"Article\",\"@id\":\"https:\\\/\\\/wucwo.org\\\/es\\\/semana-de-oracion-por-la-unidad-de-los-cristianos-un-llamado-a-la-libertad-religiosa\\\/#article\",\"isPartOf\":{\"@id\":\"https:\\\/\\\/wucwo.org\\\/es\\\/semana-de-oracion-por-la-unidad-de-los-cristianos-un-llamado-a-la-libertad-religiosa\\\/\"},\"author\":{\"name\":\"communication\",\"@id\":\"https:\\\/\\\/wucwo.org\\\/es\\\/#\\\/schema\\\/person\\\/36e189b76cc2f081eb3458e9a1f81183\"},\"headline\":\"Semana de Oraci\u00f3n por la Unidad de los Cristianos: un llamado a la libertad religiosa\",\"datePublished\":\"2026-01-22T08:33:24+00:00\",\"dateModified\":\"2026-01-22T08:41:16+00:00\",\"mainEntityOfPage\":{\"@id\":\"https:\\\/\\\/wucwo.org\\\/es\\\/semana-de-oracion-por-la-unidad-de-los-cristianos-un-llamado-a-la-libertad-religiosa\\\/\"},\"wordCount\":396,\"commentCount\":0,\"publisher\":{\"@id\":\"https:\\\/\\\/wucwo.org\\\/es\\\/#organization\"},\"image\":{\"@id\":\"https:\\\/\\\/wucwo.org\\\/es\\\/semana-de-oracion-por-la-unidad-de-los-cristianos-un-llamado-a-la-libertad-religiosa\\\/#primaryimage\"},\"thumbnailUrl\":\"https:\\\/\\\/wucwo.org\\\/wp-content\\\/uploads\\\/2026\\\/01\\\/WhatsApp-Image-2026-01-21-at-16.00.44.jpeg\",\"articleSection\":[\"Iglesia\",\"Libertad Religiosa\"],\"inLanguage\":\"es\",\"potentialAction\":[{\"@type\":\"CommentAction\",\"name\":\"Comment\",\"target\":[\"https:\\\/\\\/wucwo.org\\\/es\\\/semana-de-oracion-por-la-unidad-de-los-cristianos-un-llamado-a-la-libertad-religiosa\\\/#respond\"]}]},{\"@type\":\"WebPage\",\"@id\":\"https:\\\/\\\/wucwo.org\\\/es\\\/semana-de-oracion-por-la-unidad-de-los-cristianos-un-llamado-a-la-libertad-religiosa\\\/\",\"url\":\"https:\\\/\\\/wucwo.org\\\/es\\\/semana-de-oracion-por-la-unidad-de-los-cristianos-un-llamado-a-la-libertad-religiosa\\\/\",\"name\":\"Semana de Oraci\u00f3n por la Unidad de los Cristianos: un llamado a la libertad religiosa - WUCWO - UMOFC\",\"isPartOf\":{\"@id\":\"https:\\\/\\\/wucwo.org\\\/es\\\/#website\"},\"primaryImageOfPage\":{\"@id\":\"https:\\\/\\\/wucwo.org\\\/es\\\/semana-de-oracion-por-la-unidad-de-los-cristianos-un-llamado-a-la-libertad-religiosa\\\/#primaryimage\"},\"image\":{\"@id\":\"https:\\\/\\\/wucwo.org\\\/es\\\/semana-de-oracion-por-la-unidad-de-los-cristianos-un-llamado-a-la-libertad-religiosa\\\/#primaryimage\"},\"thumbnailUrl\":\"https:\\\/\\\/wucwo.org\\\/wp-content\\\/uploads\\\/2026\\\/01\\\/WhatsApp-Image-2026-01-21-at-16.00.44.jpeg\",\"datePublished\":\"2026-01-22T08:33:24+00:00\",\"dateModified\":\"2026-01-22T08:41:16+00:00\",\"description\":\"Del 18 al 25 de enero se celebra la Semana de Oraci\u00f3n por la Unidad de los Cristianos.\",\"breadcrumb\":{\"@id\":\"https:\\\/\\\/wucwo.org\\\/es\\\/semana-de-oracion-por-la-unidad-de-los-cristianos-un-llamado-a-la-libertad-religiosa\\\/#breadcrumb\"},\"inLanguage\":\"es\",\"potentialAction\":[{\"@type\":\"ReadAction\",\"target\":[\"https:\\\/\\\/wucwo.org\\\/es\\\/semana-de-oracion-por-la-unidad-de-los-cristianos-un-llamado-a-la-libertad-religiosa\\\/\"]}]},{\"@type\":\"ImageObject\",\"inLanguage\":\"es\",\"@id\":\"https:\\\/\\\/wucwo.org\\\/es\\\/semana-de-oracion-por-la-unidad-de-los-cristianos-un-llamado-a-la-libertad-religiosa\\\/#primaryimage\",\"url\":\"https:\\\/\\\/wucwo.org\\\/wp-content\\\/uploads\\\/2026\\\/01\\\/WhatsApp-Image-2026-01-21-at-16.00.44.jpeg\",\"contentUrl\":\"https:\\\/\\\/wucwo.org\\\/wp-content\\\/uploads\\\/2026\\\/01\\\/WhatsApp-Image-2026-01-21-at-16.00.44.jpeg\",\"width\":2560,\"height\":1764},{\"@type\":\"BreadcrumbList\",\"@id\":\"https:\\\/\\\/wucwo.org\\\/es\\\/semana-de-oracion-por-la-unidad-de-los-cristianos-un-llamado-a-la-libertad-religiosa\\\/#breadcrumb\",\"itemListElement\":[{\"@type\":\"ListItem\",\"position\":1,\"name\":\"Portada\",\"item\":\"https:\\\/\\\/wucwo.org\\\/es\\\/\"},{\"@type\":\"ListItem\",\"position\":2,\"name\":\"Semana de Oraci\u00f3n por la Unidad de los Cristianos: un llamado a la libertad religiosa\"}]},{\"@type\":\"WebSite\",\"@id\":\"https:\\\/\\\/wucwo.org\\\/es\\\/#website\",\"url\":\"https:\\\/\\\/wucwo.org\\\/es\\\/\",\"name\":\"UMOFC\",\"description\":\"\",\"publisher\":{\"@id\":\"https:\\\/\\\/wucwo.org\\\/es\\\/#organization\"},\"potentialAction\":[{\"@type\":\"SearchAction\",\"target\":{\"@type\":\"EntryPoint\",\"urlTemplate\":\"https:\\\/\\\/wucwo.org\\\/es\\\/?s={search_term_string}\"},\"query-input\":{\"@type\":\"PropertyValueSpecification\",\"valueRequired\":true,\"valueName\":\"search_term_string\"}}],\"inLanguage\":\"es\"},{\"@type\":\"Organization\",\"@id\":\"https:\\\/\\\/wucwo.org\\\/es\\\/#organization\",\"name\":\"UMOFC\",\"url\":\"https:\\\/\\\/wucwo.org\\\/es\\\/\",\"logo\":{\"@type\":\"ImageObject\",\"inLanguage\":\"es\",\"@id\":\"https:\\\/\\\/wucwo.org\\\/es\\\/#\\\/schema\\\/logo\\\/image\\\/\",\"url\":\"https:\\\/\\\/wucwo.org\\\/wp-content\\\/uploads\\\/2025\\\/08\\\/Final-icono-scaled.png\",\"contentUrl\":\"https:\\\/\\\/wucwo.org\\\/wp-content\\\/uploads\\\/2025\\\/08\\\/Final-icono-scaled.png\",\"width\":2560,\"height\":1811,\"caption\":\"UMOFC\"},\"image\":{\"@id\":\"https:\\\/\\\/wucwo.org\\\/es\\\/#\\\/schema\\\/logo\\\/image\\\/\"},\"sameAs\":[\"https:\\\/\\\/www.facebook.com\\\/worldunionofcatholicwomensorganisations\\\/\",\"https:\\\/\\\/www.instagram.com\\\/wucwo_umofc\\\/\",\"https:\\\/\\\/www.linkedin.com\\\/company\\\/wucwo\\\/\",\"https:\\\/\\\/www.youtube.com\\\/@WUCWOUMOFC\",\"https:\\\/\\\/www.flickr.com\\\/photos\\\/203210007@N05\\\/albums\"]},{\"@type\":\"Person\",\"@id\":\"https:\\\/\\\/wucwo.org\\\/es\\\/#\\\/schema\\\/person\\\/36e189b76cc2f081eb3458e9a1f81183\",\"name\":\"communication\",\"image\":{\"@type\":\"ImageObject\",\"inLanguage\":\"es\",\"@id\":\"https:\\\/\\\/secure.gravatar.com\\\/avatar\\\/3db542db39feebb0fd43b726aab1c33917436e5f5a9e88f2295c0f1c34c59b48?s=96&d=mm&r=g\",\"url\":\"https:\\\/\\\/secure.gravatar.com\\\/avatar\\\/3db542db39feebb0fd43b726aab1c33917436e5f5a9e88f2295c0f1c34c59b48?s=96&d=mm&r=g\",\"contentUrl\":\"https:\\\/\\\/secure.gravatar.com\\\/avatar\\\/3db542db39feebb0fd43b726aab1c33917436e5f5a9e88f2295c0f1c34c59b48?s=96&d=mm&r=g\",\"caption\":\"communication\"},\"url\":\"https:\\\/\\\/wucwo.org\\\/es\\\/author\\\/communication\\\/\"}]}<\/script>\n<!-- \/ Yoast SEO plugin. -->","yoast_head_json":{"title":"Semana de Oraci\u00f3n por la Unidad de los Cristianos: un llamado a la libertad religiosa - WUCWO - UMOFC","description":"Del 18 al 25 de enero se celebra la Semana de Oraci\u00f3n por la Unidad de los Cristianos.","robots":{"index":"index","follow":"follow","max-snippet":"max-snippet:-1","max-image-preview":"max-image-preview:large","max-video-preview":"max-video-preview:-1"},"canonical":"https:\/\/wucwo.org\/es\/semana-de-oracion-por-la-unidad-de-los-cristianos-un-llamado-a-la-libertad-religiosa\/","og_locale":"es_ES","og_type":"article","og_title":"Semana de Oraci\u00f3n por la Unidad de los Cristianos: un llamado a la libertad religiosa - WUCWO - UMOFC","og_description":"Del 18 al 25 de enero se celebra la Semana de Oraci\u00f3n por la Unidad de los Cristianos.","og_url":"https:\/\/wucwo.org\/es\/semana-de-oracion-por-la-unidad-de-los-cristianos-un-llamado-a-la-libertad-religiosa\/","og_site_name":"WUCWO - UMOFC","article_publisher":"https:\/\/www.facebook.com\/worldunionofcatholicwomensorganisations\/","article_published_time":"2026-01-22T08:33:24+00:00","article_modified_time":"2026-01-22T08:41:16+00:00","og_image":[{"width":1024,"height":706,"url":"https:\/\/wucwo.org\/wp-content\/uploads\/2026\/01\/WhatsApp-Image-2026-01-21-at-16.00.44-1024x706.jpeg","type":"image\/jpeg"}],"author":"communication","twitter_card":"summary_large_image","twitter_misc":{"Escrito por":"communication","Tiempo de lectura":"2 minutos"},"schema":{"@context":"https:\/\/schema.org","@graph":[{"@type":"Article","@id":"https:\/\/wucwo.org\/es\/semana-de-oracion-por-la-unidad-de-los-cristianos-un-llamado-a-la-libertad-religiosa\/#article","isPartOf":{"@id":"https:\/\/wucwo.org\/es\/semana-de-oracion-por-la-unidad-de-los-cristianos-un-llamado-a-la-libertad-religiosa\/"},"author":{"name":"communication","@id":"https:\/\/wucwo.org\/es\/#\/schema\/person\/36e189b76cc2f081eb3458e9a1f81183"},"headline":"Semana de Oraci\u00f3n por la Unidad de los Cristianos: un llamado a la libertad religiosa","datePublished":"2026-01-22T08:33:24+00:00","dateModified":"2026-01-22T08:41:16+00:00","mainEntityOfPage":{"@id":"https:\/\/wucwo.org\/es\/semana-de-oracion-por-la-unidad-de-los-cristianos-un-llamado-a-la-libertad-religiosa\/"},"wordCount":396,"commentCount":0,"publisher":{"@id":"https:\/\/wucwo.org\/es\/#organization"},"image":{"@id":"https:\/\/wucwo.org\/es\/semana-de-oracion-por-la-unidad-de-los-cristianos-un-llamado-a-la-libertad-religiosa\/#primaryimage"},"thumbnailUrl":"https:\/\/wucwo.org\/wp-content\/uploads\/2026\/01\/WhatsApp-Image-2026-01-21-at-16.00.44.jpeg","articleSection":["Iglesia","Libertad Religiosa"],"inLanguage":"es","potentialAction":[{"@type":"CommentAction","name":"Comment","target":["https:\/\/wucwo.org\/es\/semana-de-oracion-por-la-unidad-de-los-cristianos-un-llamado-a-la-libertad-religiosa\/#respond"]}]},{"@type":"WebPage","@id":"https:\/\/wucwo.org\/es\/semana-de-oracion-por-la-unidad-de-los-cristianos-un-llamado-a-la-libertad-religiosa\/","url":"https:\/\/wucwo.org\/es\/semana-de-oracion-por-la-unidad-de-los-cristianos-un-llamado-a-la-libertad-religiosa\/","name":"Semana de Oraci\u00f3n por la Unidad de los Cristianos: un llamado a la libertad religiosa - WUCWO - UMOFC","isPartOf":{"@id":"https:\/\/wucwo.org\/es\/#website"},"primaryImageOfPage":{"@id":"https:\/\/wucwo.org\/es\/semana-de-oracion-por-la-unidad-de-los-cristianos-un-llamado-a-la-libertad-religiosa\/#primaryimage"},"image":{"@id":"https:\/\/wucwo.org\/es\/semana-de-oracion-por-la-unidad-de-los-cristianos-un-llamado-a-la-libertad-religiosa\/#primaryimage"},"thumbnailUrl":"https:\/\/wucwo.org\/wp-content\/uploads\/2026\/01\/WhatsApp-Image-2026-01-21-at-16.00.44.jpeg","datePublished":"2026-01-22T08:33:24+00:00","dateModified":"2026-01-22T08:41:16+00:00","description":"Del 18 al 25 de enero se celebra la Semana de Oraci\u00f3n por la Unidad de los Cristianos.","breadcrumb":{"@id":"https:\/\/wucwo.org\/es\/semana-de-oracion-por-la-unidad-de-los-cristianos-un-llamado-a-la-libertad-religiosa\/#breadcrumb"},"inLanguage":"es","potentialAction":[{"@type":"ReadAction","target":["https:\/\/wucwo.org\/es\/semana-de-oracion-por-la-unidad-de-los-cristianos-un-llamado-a-la-libertad-religiosa\/"]}]},{"@type":"ImageObject","inLanguage":"es","@id":"https:\/\/wucwo.org\/es\/semana-de-oracion-por-la-unidad-de-los-cristianos-un-llamado-a-la-libertad-religiosa\/#primaryimage","url":"https:\/\/wucwo.org\/wp-content\/uploads\/2026\/01\/WhatsApp-Image-2026-01-21-at-16.00.44.jpeg","contentUrl":"https:\/\/wucwo.org\/wp-content\/uploads\/2026\/01\/WhatsApp-Image-2026-01-21-at-16.00.44.jpeg","width":2560,"height":1764},{"@type":"BreadcrumbList","@id":"https:\/\/wucwo.org\/es\/semana-de-oracion-por-la-unidad-de-los-cristianos-un-llamado-a-la-libertad-religiosa\/#breadcrumb","itemListElement":[{"@type":"ListItem","position":1,"name":"Portada","item":"https:\/\/wucwo.org\/es\/"},{"@type":"ListItem","position":2,"name":"Semana de Oraci\u00f3n por la Unidad de los Cristianos: un llamado a la libertad religiosa"}]},{"@type":"WebSite","@id":"https:\/\/wucwo.org\/es\/#website","url":"https:\/\/wucwo.org\/es\/","name":"UMOFC","description":"","publisher":{"@id":"https:\/\/wucwo.org\/es\/#organization"},"potentialAction":[{"@type":"SearchAction","target":{"@type":"EntryPoint","urlTemplate":"https:\/\/wucwo.org\/es\/?s={search_term_string}"},"query-input":{"@type":"PropertyValueSpecification","valueRequired":true,"valueName":"search_term_string"}}],"inLanguage":"es"},{"@type":"Organization","@id":"https:\/\/wucwo.org\/es\/#organization","name":"UMOFC","url":"https:\/\/wucwo.org\/es\/","logo":{"@type":"ImageObject","inLanguage":"es","@id":"https:\/\/wucwo.org\/es\/#\/schema\/logo\/image\/","url":"https:\/\/wucwo.org\/wp-content\/uploads\/2025\/08\/Final-icono-scaled.png","contentUrl":"https:\/\/wucwo.org\/wp-content\/uploads\/2025\/08\/Final-icono-scaled.png","width":2560,"height":1811,"caption":"UMOFC"},"image":{"@id":"https:\/\/wucwo.org\/es\/#\/schema\/logo\/image\/"},"sameAs":["https:\/\/www.facebook.com\/worldunionofcatholicwomensorganisations\/","https:\/\/www.instagram.com\/wucwo_umofc\/","https:\/\/www.linkedin.com\/company\/wucwo\/","https:\/\/www.youtube.com\/@WUCWOUMOFC","https:\/\/www.flickr.com\/photos\/203210007@N05\/albums"]},{"@type":"Person","@id":"https:\/\/wucwo.org\/es\/#\/schema\/person\/36e189b76cc2f081eb3458e9a1f81183","name":"communication","image":{"@type":"ImageObject","inLanguage":"es","@id":"https:\/\/secure.gravatar.com\/avatar\/3db542db39feebb0fd43b726aab1c33917436e5f5a9e88f2295c0f1c34c59b48?s=96&d=mm&r=g","url":"https:\/\/secure.gravatar.com\/avatar\/3db542db39feebb0fd43b726aab1c33917436e5f5a9e88f2295c0f1c34c59b48?s=96&d=mm&r=g","contentUrl":"https:\/\/secure.gravatar.com\/avatar\/3db542db39feebb0fd43b726aab1c33917436e5f5a9e88f2295c0f1c34c59b48?s=96&d=mm&r=g","caption":"communication"},"url":"https:\/\/wucwo.org\/es\/author\/communication\/"}]}},"_links":{"self":[{"href":"https:\/\/wucwo.org\/es\/wp-json\/wp\/v2\/posts\/17781","targetHints":{"allow":["GET"]}}],"collection":[{"href":"https:\/\/wucwo.org\/es\/wp-json\/wp\/v2\/posts"}],"about":[{"href":"https:\/\/wucwo.org\/es\/wp-json\/wp\/v2\/types\/post"}],"author":[{"embeddable":true,"href":"https:\/\/wucwo.org\/es\/wp-json\/wp\/v2\/users\/3"}],"replies":[{"embeddable":true,"href":"https:\/\/wucwo.org\/es\/wp-json\/wp\/v2\/comments?post=17781"}],"version-history":[{"count":0,"href":"https:\/\/wucwo.org\/es\/wp-json\/wp\/v2\/posts\/17781\/revisions"}],"wp:featuredmedia":[{"embeddable":true,"href":"https:\/\/wucwo.org\/es\/wp-json\/wp\/v2\/media\/17782"}],"wp:attachment":[{"href":"https:\/\/wucwo.org\/es\/wp-json\/wp\/v2\/media?parent=17781"}],"wp:term":[{"taxonomy":"category","embeddable":true,"href":"https:\/\/wucwo.org\/es\/wp-json\/wp\/v2\/categories?post=17781"},{"taxonomy":"post_tag","embeddable":true,"href":"https:\/\/wucwo.org\/es\/wp-json\/wp\/v2\/tags?post=17781"}],"curies":[{"name":"wp","href":"https:\/\/api.w.org\/{rel}","templated":true}]}}