{"id":18369,"date":"2026-02-09T12:03:49","date_gmt":"2026-02-09T11:03:49","guid":{"rendered":"https:\/\/wucwo.org\/?p=18369"},"modified":"2026-02-09T12:45:43","modified_gmt":"2026-02-09T11:45:43","slug":"la-migracion-y-resilencia-en-mexico","status":"publish","type":"post","link":"https:\/\/wucwo.org\/es\/la-migracion-y-resilencia-en-mexico\/","title":{"rendered":"La migraci\u00f3n y resiliencia en M\u00e9xico"},"content":{"rendered":"\n<p class=\"has-text-align-center wp-block-paragraph\" id=\"z9g9x1754\">Photo: <a href=\"https:\/\/www.facebook.com\/profile.php?id=100085118710474&amp;__cft__[0]=AZYeJKKxFZ99e1-qAALDD_xbSq52xrJG9BdOOXTlmIx9lhnBZjd4QRpAOz-KVeIwSIkqcI0CXsG7FarpWt0nL_eQZ02eyBJSeVyVkjAIM7FV5Rdbvw6-nCAbUp0dKvY9RMaC2vOrec74_bp82hblHJg3T73AoLzP4wXqqd_UxUJGZQ&amp;__tn__=-UC%2CP-R\" target=\"_blank\" rel=\"noreferrer noopener\"><strong><u>Casa del Migrante Arc\u00e1ngel Rafael<\/u><\/strong><\/a><\/p>\n\n\n\n<p class=\"wp-block-paragraph\" id=\"z9g9x1754\">La Iglesia en la Ciudad de M\u00e9xico ha desplegado durante a\u00f1os una respuesta institucional y comunitaria ante el fen\u00f3meno de la movilidad humana. Parroquias, movimientos laicales, congregaciones religiosas y agentes pastorales han articulado redes de acogida que van desde la integraci\u00f3n comunitaria hasta la provisi\u00f3n de espacios de alojamiento temporal. Esta respuesta, caracterizada por la misericordia operante y la compasi\u00f3n activa, ha enfrentado m\u00faltiples desaf\u00edos de orden estructural: sostenibilidad econ\u00f3mica, disponibilidad de insumos b\u00e1sicos, infraestructura adecuada, articulaci\u00f3n interinstitucional, recursos humanos suficientes, y gesti\u00f3n de relaciones con vecindarios y autoridades en contextos de saturaci\u00f3n.<\/p>\n\n\n\n<p class=\"wp-block-paragraph\" id=\"90tir350\">Sin embargo, todos estos retos \u2014por complejos y apremiantes que sean\u2014 palidecen ante el desaf\u00edo central de esta pastoral<strong>: \u00abacompa\u00f1ar personas\u00bb.<\/strong>&nbsp;No con beneficiarios abstractos, no con cifras migratorias, no con expedientes burocr\u00e1ticos. Con personas concretas, en toda su irreductible complejidad psicol\u00f3gica, hist\u00f3rica y existencial.<\/p>\n\n\n\n<p class=\"wp-block-paragraph\" id=\"5sjmu354\">Cada persona que cruza el umbral de una casa del migrante <strong>porta consigo un universo interior estructurado por capas de experiencia acumulada.<\/strong>&nbsp;La psicolog\u00eda contempor\u00e1nea nos ense\u00f1a que el ser humano es un sistema bio-psico-social-espiritual cuya identidad se construye en la intersecci\u00f3n de factores gen\u00e9ticos, hist\u00f3ricos, relacionales y culturales. Las personas en situaci\u00f3n de movilidad forzada no son excepci\u00f3n; son, de hecho, casos paradigm\u00e1ticos de esta complejidad.<\/p>\n\n\n\n<p class=\"wp-block-paragraph\" id=\"jz9kp358\"><strong>Traen consigo memorias traum\u00e1ticas y narrativas de resiliencia. Cargan historias de violencia estructural, persecuci\u00f3n pol\u00edtica, colapso econ\u00f3mico, desintegraci\u00f3n familiar. Pero tambi\u00e9n traen sue\u00f1os de reencuentro, proyectos de futuro, capacidades laborales, saberes culturales, fe religiosa. Son simult\u00e1neamente vulnerables y agentes, v\u00edctimas de sistemas opresivos y sobrevivientes que resisten.<\/strong>&nbsp;Esta ambivalencia constitutiva es lo que hace del trabajo pastoral con personas migrantes una tarea de alta demanda cognitiva, emocional y espiritual.<\/p>\n\n\n\n<p class=\"wp-block-paragraph\" id=\"wvacq361\">No son n\u00fameros en una estad\u00edstica migratoria. Son Mar\u00eda, quien huy\u00f3 de la violencia de pandillas despu\u00e9s de ver asesinar a su hermano. Son Jos\u00e9, ingeniero venezolano que limpia ba\u00f1os para alimentar a sus hijos mientras espera un permiso de trabajo. Son Ahmed, quien dej\u00f3 atr\u00e1s una guerra que no eligi\u00f3 para encontrarse en un limbo jur\u00eddico que tampoco eligi\u00f3. Cada uno es un cosmos de situaciones, c\u00famulos de recuerdos, experiencias, deseos, esperanzas, frustraciones, heridas, luchas ganadas y perdidas.<\/p>\n\n\n\n<p class=\"wp-block-paragraph\" id=\"pm2c3363\"><strong>Atender a estas personas exige mucho m\u00e1s que la provisi\u00f3n de un catre y un plato de comida. Exige la capacidad de sostener relacionalmente la complejidad del otro sin reducirlo a categor\u00edas simplificadoras.<\/strong>&nbsp;Y esto, en t\u00e9rminos psicol\u00f3gicos, es agotador. El desgaste por empat\u00eda, el trauma vicario, la fatiga compasional: estas son realidades documentadas en quienes hacemos misi\u00f3n con poblaciones altamente traumatizadas.<\/p>\n\n\n\n<p class=\"wp-block-paragraph\" id=\"8vzbm366\">Las personas migrantes nos desinstalan. Interrumpen nuestras rutinas, cuestionan nuestras certezas, exponen las fragilidades de nuestros sistemas. Piden, demandan, exigen. Y tienen todo el derecho de hacerlo, porque lo que piden es lo que se les ha negado: <strong>dignidad, seguridad, reconocimiento legal, oportunidades justas.<\/strong><\/p>\n\n\n\n<p class=\"wp-block-paragraph\" id=\"hjxr0369\">Esta incomodidad es pedag\u00f3gica. Nos ense\u00f1a que el confort pastoral es incompatible con el Evangelio de la encarnaci\u00f3n. Nos muestra que la esperanza no es un recurso psicol\u00f3gico que nosotros poseemos y ellos necesitan, sino una cualidad que ellos encarnan y de la cual nosotros aprendemos. Son, en el lenguaje del Jubileo 2025, \u00abmisioneros de esperanza\u00bb: personas que, habiendo atravesado el infierno de la migraci\u00f3n forzada, siguen creyendo que es posible un futuro distinto.<\/p>\n\n\n\n<p class=\"wp-block-paragraph\" id=\"skxwf371\">Traen consigo experiencias eclesiales diversas, espiritualidades profundas, pr\u00e1cticas devocionales que enriquecen las comunidades receptoras. Son emisores, transistores, transmisores de fe. Revitalizan parroquias envejecidas, dinamizan comunidades, impulsan obras de caridad. Su presencia es, simult\u00e1neamente, signo de la crisis de nuestro tiempo y sacramento de la providencia divina.<\/p>\n\n\n\n<p class=\"wp-block-paragraph\" id=\"yo2j1373\">La situaci\u00f3n presente ha agravado exponencialmente los desaf\u00edos de esta pastoral. <strong>La suspensi\u00f3n de vuelos humanitarios de retorno, las dificultades para acceder a documentaci\u00f3n migratoria, la lentitud en el otorgamiento del estatuto de refugiado, y los costos prohibitivos de tr\u00e1mites legales han generado un fen\u00f3meno de estancamiento prolongado. Personas que proyectaban estancias de d\u00edas o semanas llevan meses, en algunos casos a\u00f1os, en situaci\u00f3n de liminalidad jur\u00eddica y existencial.<\/strong><\/p>\n\n\n\n<p class=\"wp-block-paragraph\" id=\"p1mnp376\">Esta prolongaci\u00f3n forzada tiene consecuencias psicopatol\u00f3gicas documentadas. Los estudios sobre salud mental en poblaciones migrantes muestran altas prevalencias de:<\/p>\n\n\n\n<p class=\"wp-block-paragraph\" id=\"00pyw378\">&#8211; Trastorno de Estr\u00e9s Postraum\u00e1tico (TEPT): resultado de experiencias de violencia, persecuci\u00f3n, traves\u00edas riesgosas.<\/p>\n\n\n\n<p class=\"wp-block-paragraph\" id=\"9n9pq380\">&#8211; Depresi\u00f3n mayor: asociada a la p\u00e9rdida de proyecto de vida, separaci\u00f3n familiar, duelo migratorio no resuelto.<\/p>\n\n\n\n<p class=\"wp-block-paragraph\" id=\"v8ct8382\">&#8211; Trastornos de ansiedad: vinculados a incertidumbre legal, temor a deportaci\u00f3n, inseguridad econ\u00f3mica.<\/p>\n\n\n\n<p class=\"wp-block-paragraph\" id=\"fkl7f384\">&#8211; Insomnio cr\u00f3nico: manifestaci\u00f3n som\u00e1tica del estr\u00e9s sostenido y la hipervigilancia.<\/p>\n\n\n\n<p class=\"wp-block-paragraph\" id=\"65zj2386\">&#8211; Trastornos de la conducta alimentaria: como respuesta a la p\u00e9rdida de control sobre la propia vida.<\/p>\n\n\n\n<p class=\"wp-block-paragraph\" id=\"uqo7p388\">&#8211; Manifestaciones psic\u00f3ticas reactivas: en casos de trauma extremo y aislamiento social.<\/p>\n\n\n\n<p class=\"wp-block-paragraph\" id=\"2vwzf390\"><strong>Adem\u00e1s, las condiciones laborales a las que acceden \u2014jornadas extendidas, salarios por debajo del m\u00ednimo, explotaci\u00f3n facilitada por su irregularidad migratoria\u2014 generan un c\u00edrculo vicioso de agotamiento f\u00edsico y deterioro psicol\u00f3gico.<\/strong><\/p>\n\n\n\n<p class=\"wp-block-paragraph\" id=\"b4edj392\"><strong>Las casas del migrante, espacios dise\u00f1ados como refugios temporales, se han convertido de facto en lugares de estancia prolongada para poblaciones altamente vulnerables.<\/strong>&nbsp;Esto impone una demanda asistencial para la cual muchas de estas casas no estaban preparadas. La necesidad de atenci\u00f3n psicol\u00f3gica y psiqui\u00e1trica especializada ha dejado de ser un complemento deseable para convertirse en un imperativo \u00e9tico.<\/p>\n\n\n\n<p class=\"wp-block-paragraph\" id=\"psy8l395\">Las casas del migrante funcionan bajo un principio de acogida incondicional: no se solicitan antecedentes penales, no se discrimina por raza, religi\u00f3n o filiaci\u00f3n pol\u00edtica. Esta apertura es fiel al mandato evang\u00e9lico de hospitalidad radical, pero tambi\u00e9n es un riesgo calculado que exige discernimiento pastoral constante.<\/p>\n\n\n\n<p class=\"wp-block-paragraph\" id=\"zm1rg397\">Estos espacios deben concebirse teol\u00f3gicamente como \u00ablugares de salvaci\u00f3n-sanaci\u00f3n\u00bb. No solo refugios que protegen del peligro inmediato, sino comunidades terap\u00e9uticas que facilitan procesos de restauraci\u00f3n integral. Salvaci\u00f3n entendida no \u00fanicamente en su dimensi\u00f3n escatol\u00f3gica, sino como liberaci\u00f3n presente de estructuras de muerte. Sanaci\u00f3n comprendida no solo como curaci\u00f3n de enfermedades, sino como reintegraci\u00f3n de identidades fragmentadas por el trauma. Esto exige:<\/p>\n\n\n\n<p class=\"wp-block-paragraph\" id=\"77d0v401\">1. Personal capacitado en trauma y salud mental: trabajadores sociales, psic\u00f3logos cl\u00ednicos, psiquiatras que puedan proveer atenci\u00f3n especializada.<\/p>\n\n\n\n<p class=\"wp-block-paragraph\" id=\"7ynso403\"><strong>2. Espacios de escucha y acompa\u00f1amiento: m\u00e1s all\u00e1 de la provisi\u00f3n material, tiempos dedicados al di\u00e1logo, al reconocimiento de historias, a la validaci\u00f3n de experiencias.<\/strong><\/p>\n\n\n\n<p class=\"wp-block-paragraph\" id=\"lapyl405\"><strong>3. Redes de derivaci\u00f3n efectivas: articulaci\u00f3n con servicios de salud p\u00fablica, cl\u00ednicas especializadas, programas de atenci\u00f3n a v\u00edctimas de violencia.<\/strong><\/p>\n\n\n\n<p class=\"wp-block-paragraph\" id=\"ibubh407\">4. Formaci\u00f3n continua para agentes pastorales: en autocuidado, prevenci\u00f3n del burnout, manejo de situaciones de crisis.<\/p>\n\n\n\n<p class=\"wp-block-paragraph\" id=\"qfy68409\"><strong>5. Estructuras participativas: que permitan a las personas hu\u00e9spedes ser agentes de su propio proceso, no solo receptoras pasivas de asistencia.<\/strong><\/p>\n\n\n\n<p class=\"wp-block-paragraph\" id=\"1t1gm411\">A pesar de la complejidad, la pastoral de movilidad humana no puede renunciar a su convicci\u00f3n fundamental: <em>cada persona, sin excepci\u00f3n, posee una dignidad inalienable que ninguna circunstancia puede anular<\/em>. Esta dignidad, fundamentada teol\u00f3gicamente en el imago Dei y defendida jur\u00eddicamente en los instrumentos internacionales de derechos humanos, es el principio rector de todo acompa\u00f1amiento.<\/p>\n\n\n\n<p class=\"wp-block-paragraph\" id=\"khqix415\">Las personas migrantes no son problemas a resolver, sino misterios a respetar. No son casos a administrar, sino hermanos y hermanas a acoger. <strong>El lenguaje mismo que empleamos revela nuestras categor\u00edas mentales: hablar de \u00abhu\u00e9spedes\u00bb en lugar de \u00abbeneficiarios\u00bb, de \u00abcasas\u00bb en lugar de \u00abalbergues\u00bb, de \u00abacompa\u00f1amiento\u00bb en lugar de \u00abasistencia\u00bb, no es mero eufemismo sino reconocimiento de la dignidad del otro.<\/strong><\/p>\n\n\n\n<p class=\"wp-block-paragraph\" id=\"nvoqk418\">Seguiremos creyendo en las personas porque esa es la \u00fanica postura pastoral leg\u00edtima. Seguiremos defendiendo su dignidad porque esa es la \u00fanica respuesta evang\u00e9lica posible. Y lo haremos conscientes de que esta misi\u00f3n nos transforma tanto como a quienes acompa\u00f1amos. Porque en el encuentro con el migrante, como nos recuerda la tradici\u00f3n b\u00edblica, a menudo estamos recibiendo \u00e1ngeles sin saberlo (Hebreos 13:2).<\/p>\n\n\n\n<p class=\"wp-block-paragraph\" id=\"a6kkc420\">El reto may\u00fasculo de la pastoral de movilidad humana no es log\u00edstico, financiero o administrativo. Es antropol\u00f3gico y teol\u00f3gico. Es aprender a sostener la complejidad irreductible de la persona humana sin pretender simplificarla, controlarla o instrumentalizarla. Es reconocer en cada rostro migrante el rostro de Cristo que sigue pidiendo posada, que sigue siendo rechazado, que sigue cargando su cruz por los caminos de la historia.<\/p>\n\n\n\n<p class=\"wp-block-paragraph\" id=\"z4t1b422\">Este es un trabajo que cansa, que frustra, que duele. Pero tambi\u00e9n es un trabajo que salva, que sana, que redime. Porque al final, lo que est\u00e1 en juego no es solo la vida de las personas que acogemos, sino la autenticidad de nuestra propia humanidad y la credibilidad de nuestra fe.<\/p>\n\n\n\n<p class=\"wp-block-paragraph\" id=\"uj8091664\"><em>Desde la experiencia compartida de sufrimiento, cansancio, hast\u00edo, sed, hambre, desesperaci\u00f3n, miedo y p\u00e1nico. Desde la certeza de que en el encuentro con el otro vulnerable, somos nosotros quienes recibimos m\u00e1s de lo que da.<\/em><\/p>\n\n\n\n<p class=\"wp-block-paragraph\" id=\"u25qj2580\">Juan Luis Carbajal, C.S.&nbsp;<\/p>\n\n\n\n<p class=\"wp-block-paragraph\" id=\"mu2nd2582\">Casa del Migrante Arc\u00e1ngel Rafael&nbsp;<\/p>\n\n\n\n<p class=\"wp-block-paragraph\" id=\"k4yz92584\">Ciudad de M\u00e9xico<\/p>\n","protected":false},"excerpt":{"rendered":"<p>Photo: Casa del Migrante Arc\u00e1ngel Rafael La Iglesia en la Ciudad de M\u00e9xico ha desplegado durante a\u00f1os una respuesta institucional y comunitaria ante el fen\u00f3meno de la movilidad humana. Parroquias, movimientos laicales, congregaciones religiosas y agentes pastorales han articulado redes de acogida que van desde la integraci\u00f3n comunitaria hasta la provisi\u00f3n de espacios de alojamiento [&hellip;]<\/p>\n","protected":false},"author":2,"featured_media":18370,"comment_status":"open","ping_status":"open","sticky":false,"template":"","format":"standard","meta":{"_et_pb_use_builder":"off","_et_pb_old_content":"","_et_gb_content_width":"","footnotes":""},"categories":[133,127],"tags":[],"class_list":["post-18369","post","type-post","status-publish","format-standard","has-post-thumbnail","hentry","category-noticias-migrantes-refugiados","category-noticias-wwo"],"yoast_head":"<!-- This site is optimized with the Yoast SEO plugin v27.8 - https:\/\/yoast.com\/product\/yoast-seo-wordpress\/ -->\n<title>La migraci\u00f3n y resiliencia en M\u00e9xico - WUCWO - UMOFC<\/title>\n<meta name=\"description\" content=\"La migraci\u00f3n y resilencia en M\u00e9xico\" \/>\n<meta name=\"robots\" content=\"index, follow, max-snippet:-1, max-image-preview:large, max-video-preview:-1\" \/>\n<link rel=\"canonical\" href=\"https:\/\/wucwo.org\/es\/la-migracion-y-resilencia-en-mexico\/\" \/>\n<meta property=\"og:locale\" content=\"es_ES\" \/>\n<meta property=\"og:type\" content=\"article\" \/>\n<meta property=\"og:title\" content=\"La migraci\u00f3n y resiliencia en M\u00e9xico - WUCWO - UMOFC\" \/>\n<meta property=\"og:description\" content=\"La migraci\u00f3n y resilencia en M\u00e9xico\" \/>\n<meta property=\"og:url\" content=\"https:\/\/wucwo.org\/es\/la-migracion-y-resilencia-en-mexico\/\" \/>\n<meta property=\"og:site_name\" content=\"WUCWO - UMOFC\" \/>\n<meta property=\"article:publisher\" content=\"https:\/\/www.facebook.com\/worldunionofcatholicwomensorganisations\/\" \/>\n<meta property=\"article:published_time\" content=\"2026-02-09T11:03:49+00:00\" \/>\n<meta property=\"article:modified_time\" content=\"2026-02-09T11:45:43+00:00\" \/>\n<meta property=\"og:image\" content=\"https:\/\/wucwo.org\/wp-content\/uploads\/2026\/02\/626256788_858103000370316_1194158992841930747_n.jpg\" \/>\n\t<meta property=\"og:image:width\" content=\"1170\" \/>\n\t<meta property=\"og:image:height\" content=\"819\" \/>\n\t<meta property=\"og:image:type\" content=\"image\/jpeg\" \/>\n<meta name=\"author\" content=\"info\" \/>\n<meta name=\"twitter:card\" content=\"summary_large_image\" \/>\n<meta name=\"twitter:label1\" content=\"Escrito por\" \/>\n\t<meta name=\"twitter:data1\" content=\"info\" \/>\n\t<meta name=\"twitter:label2\" content=\"Tiempo de lectura\" \/>\n\t<meta name=\"twitter:data2\" content=\"7 minutos\" \/>\n<script type=\"application\/ld+json\" class=\"yoast-schema-graph\">{\"@context\":\"https:\\\/\\\/schema.org\",\"@graph\":[{\"@type\":\"Article\",\"@id\":\"https:\\\/\\\/wucwo.org\\\/es\\\/la-migracion-y-resilencia-en-mexico\\\/#article\",\"isPartOf\":{\"@id\":\"https:\\\/\\\/wucwo.org\\\/es\\\/la-migracion-y-resilencia-en-mexico\\\/\"},\"author\":{\"name\":\"info\",\"@id\":\"https:\\\/\\\/wucwo.org\\\/es\\\/#\\\/schema\\\/person\\\/1afc26e4266dd0457a2309d6fb6c9c32\"},\"headline\":\"La migraci\u00f3n y resiliencia en M\u00e9xico\",\"datePublished\":\"2026-02-09T11:03:49+00:00\",\"dateModified\":\"2026-02-09T11:45:43+00:00\",\"mainEntityOfPage\":{\"@id\":\"https:\\\/\\\/wucwo.org\\\/es\\\/la-migracion-y-resilencia-en-mexico\\\/\"},\"wordCount\":1561,\"commentCount\":0,\"publisher\":{\"@id\":\"https:\\\/\\\/wucwo.org\\\/es\\\/#organization\"},\"image\":{\"@id\":\"https:\\\/\\\/wucwo.org\\\/es\\\/la-migracion-y-resilencia-en-mexico\\\/#primaryimage\"},\"thumbnailUrl\":\"https:\\\/\\\/wucwo.org\\\/wp-content\\\/uploads\\\/2026\\\/02\\\/626256788_858103000370316_1194158992841930747_n.jpg\",\"articleSection\":[\"Migrantes y Refugiados\",\"WWO\"],\"inLanguage\":\"es\",\"potentialAction\":[{\"@type\":\"CommentAction\",\"name\":\"Comment\",\"target\":[\"https:\\\/\\\/wucwo.org\\\/es\\\/la-migracion-y-resilencia-en-mexico\\\/#respond\"]}]},{\"@type\":\"WebPage\",\"@id\":\"https:\\\/\\\/wucwo.org\\\/es\\\/la-migracion-y-resilencia-en-mexico\\\/\",\"url\":\"https:\\\/\\\/wucwo.org\\\/es\\\/la-migracion-y-resilencia-en-mexico\\\/\",\"name\":\"La migraci\u00f3n y resiliencia en M\u00e9xico - WUCWO - UMOFC\",\"isPartOf\":{\"@id\":\"https:\\\/\\\/wucwo.org\\\/es\\\/#website\"},\"primaryImageOfPage\":{\"@id\":\"https:\\\/\\\/wucwo.org\\\/es\\\/la-migracion-y-resilencia-en-mexico\\\/#primaryimage\"},\"image\":{\"@id\":\"https:\\\/\\\/wucwo.org\\\/es\\\/la-migracion-y-resilencia-en-mexico\\\/#primaryimage\"},\"thumbnailUrl\":\"https:\\\/\\\/wucwo.org\\\/wp-content\\\/uploads\\\/2026\\\/02\\\/626256788_858103000370316_1194158992841930747_n.jpg\",\"datePublished\":\"2026-02-09T11:03:49+00:00\",\"dateModified\":\"2026-02-09T11:45:43+00:00\",\"description\":\"La migraci\u00f3n y resilencia en M\u00e9xico\",\"breadcrumb\":{\"@id\":\"https:\\\/\\\/wucwo.org\\\/es\\\/la-migracion-y-resilencia-en-mexico\\\/#breadcrumb\"},\"inLanguage\":\"es\",\"potentialAction\":[{\"@type\":\"ReadAction\",\"target\":[\"https:\\\/\\\/wucwo.org\\\/es\\\/la-migracion-y-resilencia-en-mexico\\\/\"]}]},{\"@type\":\"ImageObject\",\"inLanguage\":\"es\",\"@id\":\"https:\\\/\\\/wucwo.org\\\/es\\\/la-migracion-y-resilencia-en-mexico\\\/#primaryimage\",\"url\":\"https:\\\/\\\/wucwo.org\\\/wp-content\\\/uploads\\\/2026\\\/02\\\/626256788_858103000370316_1194158992841930747_n.jpg\",\"contentUrl\":\"https:\\\/\\\/wucwo.org\\\/wp-content\\\/uploads\\\/2026\\\/02\\\/626256788_858103000370316_1194158992841930747_n.jpg\",\"width\":1170,\"height\":819},{\"@type\":\"BreadcrumbList\",\"@id\":\"https:\\\/\\\/wucwo.org\\\/es\\\/la-migracion-y-resilencia-en-mexico\\\/#breadcrumb\",\"itemListElement\":[{\"@type\":\"ListItem\",\"position\":1,\"name\":\"Portada\",\"item\":\"https:\\\/\\\/wucwo.org\\\/es\\\/\"},{\"@type\":\"ListItem\",\"position\":2,\"name\":\"La migraci\u00f3n y resiliencia en M\u00e9xico\"}]},{\"@type\":\"WebSite\",\"@id\":\"https:\\\/\\\/wucwo.org\\\/es\\\/#website\",\"url\":\"https:\\\/\\\/wucwo.org\\\/es\\\/\",\"name\":\"UMOFC\",\"description\":\"\",\"publisher\":{\"@id\":\"https:\\\/\\\/wucwo.org\\\/es\\\/#organization\"},\"potentialAction\":[{\"@type\":\"SearchAction\",\"target\":{\"@type\":\"EntryPoint\",\"urlTemplate\":\"https:\\\/\\\/wucwo.org\\\/es\\\/?s={search_term_string}\"},\"query-input\":{\"@type\":\"PropertyValueSpecification\",\"valueRequired\":true,\"valueName\":\"search_term_string\"}}],\"inLanguage\":\"es\"},{\"@type\":\"Organization\",\"@id\":\"https:\\\/\\\/wucwo.org\\\/es\\\/#organization\",\"name\":\"UMOFC\",\"url\":\"https:\\\/\\\/wucwo.org\\\/es\\\/\",\"logo\":{\"@type\":\"ImageObject\",\"inLanguage\":\"es\",\"@id\":\"https:\\\/\\\/wucwo.org\\\/es\\\/#\\\/schema\\\/logo\\\/image\\\/\",\"url\":\"https:\\\/\\\/wucwo.org\\\/wp-content\\\/uploads\\\/2025\\\/08\\\/Final-icono-scaled.png\",\"contentUrl\":\"https:\\\/\\\/wucwo.org\\\/wp-content\\\/uploads\\\/2025\\\/08\\\/Final-icono-scaled.png\",\"width\":2560,\"height\":1811,\"caption\":\"UMOFC\"},\"image\":{\"@id\":\"https:\\\/\\\/wucwo.org\\\/es\\\/#\\\/schema\\\/logo\\\/image\\\/\"},\"sameAs\":[\"https:\\\/\\\/www.facebook.com\\\/worldunionofcatholicwomensorganisations\\\/\",\"https:\\\/\\\/www.instagram.com\\\/wucwo_umofc\\\/\",\"https:\\\/\\\/www.linkedin.com\\\/company\\\/wucwo\\\/\",\"https:\\\/\\\/www.youtube.com\\\/@WUCWOUMOFC\",\"https:\\\/\\\/www.flickr.com\\\/photos\\\/203210007@N05\\\/albums\"]},{\"@type\":\"Person\",\"@id\":\"https:\\\/\\\/wucwo.org\\\/es\\\/#\\\/schema\\\/person\\\/1afc26e4266dd0457a2309d6fb6c9c32\",\"name\":\"info\",\"image\":{\"@type\":\"ImageObject\",\"inLanguage\":\"es\",\"@id\":\"https:\\\/\\\/secure.gravatar.com\\\/avatar\\\/f0b66018d4d4a05d7dacfa9dfae6882ddcb2b385e730d853a4bc3c17c9424ae9?s=96&d=mm&r=g\",\"url\":\"https:\\\/\\\/secure.gravatar.com\\\/avatar\\\/f0b66018d4d4a05d7dacfa9dfae6882ddcb2b385e730d853a4bc3c17c9424ae9?s=96&d=mm&r=g\",\"contentUrl\":\"https:\\\/\\\/secure.gravatar.com\\\/avatar\\\/f0b66018d4d4a05d7dacfa9dfae6882ddcb2b385e730d853a4bc3c17c9424ae9?s=96&d=mm&r=g\",\"caption\":\"info\"},\"url\":\"https:\\\/\\\/wucwo.org\\\/es\\\/author\\\/info\\\/\"}]}<\/script>\n<!-- \/ Yoast SEO plugin. -->","yoast_head_json":{"title":"La migraci\u00f3n y resiliencia en M\u00e9xico - WUCWO - UMOFC","description":"La migraci\u00f3n y resilencia en M\u00e9xico","robots":{"index":"index","follow":"follow","max-snippet":"max-snippet:-1","max-image-preview":"max-image-preview:large","max-video-preview":"max-video-preview:-1"},"canonical":"https:\/\/wucwo.org\/es\/la-migracion-y-resilencia-en-mexico\/","og_locale":"es_ES","og_type":"article","og_title":"La migraci\u00f3n y resiliencia en M\u00e9xico - WUCWO - UMOFC","og_description":"La migraci\u00f3n y resilencia en M\u00e9xico","og_url":"https:\/\/wucwo.org\/es\/la-migracion-y-resilencia-en-mexico\/","og_site_name":"WUCWO - UMOFC","article_publisher":"https:\/\/www.facebook.com\/worldunionofcatholicwomensorganisations\/","article_published_time":"2026-02-09T11:03:49+00:00","article_modified_time":"2026-02-09T11:45:43+00:00","og_image":[{"width":1170,"height":819,"url":"https:\/\/wucwo.org\/wp-content\/uploads\/2026\/02\/626256788_858103000370316_1194158992841930747_n.jpg","type":"image\/jpeg"}],"author":"info","twitter_card":"summary_large_image","twitter_misc":{"Escrito por":"info","Tiempo de lectura":"7 minutos"},"schema":{"@context":"https:\/\/schema.org","@graph":[{"@type":"Article","@id":"https:\/\/wucwo.org\/es\/la-migracion-y-resilencia-en-mexico\/#article","isPartOf":{"@id":"https:\/\/wucwo.org\/es\/la-migracion-y-resilencia-en-mexico\/"},"author":{"name":"info","@id":"https:\/\/wucwo.org\/es\/#\/schema\/person\/1afc26e4266dd0457a2309d6fb6c9c32"},"headline":"La migraci\u00f3n y resiliencia en M\u00e9xico","datePublished":"2026-02-09T11:03:49+00:00","dateModified":"2026-02-09T11:45:43+00:00","mainEntityOfPage":{"@id":"https:\/\/wucwo.org\/es\/la-migracion-y-resilencia-en-mexico\/"},"wordCount":1561,"commentCount":0,"publisher":{"@id":"https:\/\/wucwo.org\/es\/#organization"},"image":{"@id":"https:\/\/wucwo.org\/es\/la-migracion-y-resilencia-en-mexico\/#primaryimage"},"thumbnailUrl":"https:\/\/wucwo.org\/wp-content\/uploads\/2026\/02\/626256788_858103000370316_1194158992841930747_n.jpg","articleSection":["Migrantes y Refugiados","WWO"],"inLanguage":"es","potentialAction":[{"@type":"CommentAction","name":"Comment","target":["https:\/\/wucwo.org\/es\/la-migracion-y-resilencia-en-mexico\/#respond"]}]},{"@type":"WebPage","@id":"https:\/\/wucwo.org\/es\/la-migracion-y-resilencia-en-mexico\/","url":"https:\/\/wucwo.org\/es\/la-migracion-y-resilencia-en-mexico\/","name":"La migraci\u00f3n y resiliencia en M\u00e9xico - WUCWO - UMOFC","isPartOf":{"@id":"https:\/\/wucwo.org\/es\/#website"},"primaryImageOfPage":{"@id":"https:\/\/wucwo.org\/es\/la-migracion-y-resilencia-en-mexico\/#primaryimage"},"image":{"@id":"https:\/\/wucwo.org\/es\/la-migracion-y-resilencia-en-mexico\/#primaryimage"},"thumbnailUrl":"https:\/\/wucwo.org\/wp-content\/uploads\/2026\/02\/626256788_858103000370316_1194158992841930747_n.jpg","datePublished":"2026-02-09T11:03:49+00:00","dateModified":"2026-02-09T11:45:43+00:00","description":"La migraci\u00f3n y resilencia en M\u00e9xico","breadcrumb":{"@id":"https:\/\/wucwo.org\/es\/la-migracion-y-resilencia-en-mexico\/#breadcrumb"},"inLanguage":"es","potentialAction":[{"@type":"ReadAction","target":["https:\/\/wucwo.org\/es\/la-migracion-y-resilencia-en-mexico\/"]}]},{"@type":"ImageObject","inLanguage":"es","@id":"https:\/\/wucwo.org\/es\/la-migracion-y-resilencia-en-mexico\/#primaryimage","url":"https:\/\/wucwo.org\/wp-content\/uploads\/2026\/02\/626256788_858103000370316_1194158992841930747_n.jpg","contentUrl":"https:\/\/wucwo.org\/wp-content\/uploads\/2026\/02\/626256788_858103000370316_1194158992841930747_n.jpg","width":1170,"height":819},{"@type":"BreadcrumbList","@id":"https:\/\/wucwo.org\/es\/la-migracion-y-resilencia-en-mexico\/#breadcrumb","itemListElement":[{"@type":"ListItem","position":1,"name":"Portada","item":"https:\/\/wucwo.org\/es\/"},{"@type":"ListItem","position":2,"name":"La migraci\u00f3n y resiliencia en M\u00e9xico"}]},{"@type":"WebSite","@id":"https:\/\/wucwo.org\/es\/#website","url":"https:\/\/wucwo.org\/es\/","name":"UMOFC","description":"","publisher":{"@id":"https:\/\/wucwo.org\/es\/#organization"},"potentialAction":[{"@type":"SearchAction","target":{"@type":"EntryPoint","urlTemplate":"https:\/\/wucwo.org\/es\/?s={search_term_string}"},"query-input":{"@type":"PropertyValueSpecification","valueRequired":true,"valueName":"search_term_string"}}],"inLanguage":"es"},{"@type":"Organization","@id":"https:\/\/wucwo.org\/es\/#organization","name":"UMOFC","url":"https:\/\/wucwo.org\/es\/","logo":{"@type":"ImageObject","inLanguage":"es","@id":"https:\/\/wucwo.org\/es\/#\/schema\/logo\/image\/","url":"https:\/\/wucwo.org\/wp-content\/uploads\/2025\/08\/Final-icono-scaled.png","contentUrl":"https:\/\/wucwo.org\/wp-content\/uploads\/2025\/08\/Final-icono-scaled.png","width":2560,"height":1811,"caption":"UMOFC"},"image":{"@id":"https:\/\/wucwo.org\/es\/#\/schema\/logo\/image\/"},"sameAs":["https:\/\/www.facebook.com\/worldunionofcatholicwomensorganisations\/","https:\/\/www.instagram.com\/wucwo_umofc\/","https:\/\/www.linkedin.com\/company\/wucwo\/","https:\/\/www.youtube.com\/@WUCWOUMOFC","https:\/\/www.flickr.com\/photos\/203210007@N05\/albums"]},{"@type":"Person","@id":"https:\/\/wucwo.org\/es\/#\/schema\/person\/1afc26e4266dd0457a2309d6fb6c9c32","name":"info","image":{"@type":"ImageObject","inLanguage":"es","@id":"https:\/\/secure.gravatar.com\/avatar\/f0b66018d4d4a05d7dacfa9dfae6882ddcb2b385e730d853a4bc3c17c9424ae9?s=96&d=mm&r=g","url":"https:\/\/secure.gravatar.com\/avatar\/f0b66018d4d4a05d7dacfa9dfae6882ddcb2b385e730d853a4bc3c17c9424ae9?s=96&d=mm&r=g","contentUrl":"https:\/\/secure.gravatar.com\/avatar\/f0b66018d4d4a05d7dacfa9dfae6882ddcb2b385e730d853a4bc3c17c9424ae9?s=96&d=mm&r=g","caption":"info"},"url":"https:\/\/wucwo.org\/es\/author\/info\/"}]}},"_links":{"self":[{"href":"https:\/\/wucwo.org\/es\/wp-json\/wp\/v2\/posts\/18369","targetHints":{"allow":["GET"]}}],"collection":[{"href":"https:\/\/wucwo.org\/es\/wp-json\/wp\/v2\/posts"}],"about":[{"href":"https:\/\/wucwo.org\/es\/wp-json\/wp\/v2\/types\/post"}],"author":[{"embeddable":true,"href":"https:\/\/wucwo.org\/es\/wp-json\/wp\/v2\/users\/2"}],"replies":[{"embeddable":true,"href":"https:\/\/wucwo.org\/es\/wp-json\/wp\/v2\/comments?post=18369"}],"version-history":[{"count":0,"href":"https:\/\/wucwo.org\/es\/wp-json\/wp\/v2\/posts\/18369\/revisions"}],"wp:featuredmedia":[{"embeddable":true,"href":"https:\/\/wucwo.org\/es\/wp-json\/wp\/v2\/media\/18370"}],"wp:attachment":[{"href":"https:\/\/wucwo.org\/es\/wp-json\/wp\/v2\/media?parent=18369"}],"wp:term":[{"taxonomy":"category","embeddable":true,"href":"https:\/\/wucwo.org\/es\/wp-json\/wp\/v2\/categories?post=18369"},{"taxonomy":"post_tag","embeddable":true,"href":"https:\/\/wucwo.org\/es\/wp-json\/wp\/v2\/tags?post=18369"}],"curies":[{"name":"wp","href":"https:\/\/api.w.org\/{rel}","templated":true}]}}