{"id":18774,"date":"2026-03-06T12:20:43","date_gmt":"2026-03-06T11:20:43","guid":{"rendered":"https:\/\/wucwo.org\/mujeres-de-fe-portadoras-de-paz-y-esperanza\/"},"modified":"2026-04-28T10:38:28","modified_gmt":"2026-04-28T08:38:28","slug":"mujeres-de-fe-portadoras-de-paz-y-esperanza","status":"publish","type":"post","link":"https:\/\/wucwo.org\/es\/mujeres-de-fe-portadoras-de-paz-y-esperanza\/","title":{"rendered":"Mujeres de fe: portadoras de paz y esperanza"},"content":{"rendered":"\n<h3 class=\"wp-block-heading\">\u201cDonde la pol\u00edtica ve un enemigo, la fe ve un vecino\u201d<\/h3>\n\n\n\n<p class=\"wp-block-paragraph\">Roma, 5 de marzo de 2026 \u2013 Con motivo del D\u00eda Internacional de la Mujer 2026, la Uni\u00f3n Mundial de Organizaciones Femeninas Cat\u00f3licas (UMOFC), en colaboraci\u00f3n con el Dicasterio para el Di\u00e1logo Interreligioso, llev\u00f3 a cabo el encuentro ecum\u00e9nico e interreligioso virtual <strong>\u201cMujeres de fe: portadoras de paz y esperanza\u201d<\/strong>, en el que participaron m\u00e1s de 250 personas y seis mujeres l\u00edderes, representantes de las principales tradiciones religiosas. <\/p>\n\n\n\n<p class=\"wp-block-paragraph\">Las panelistas compartieron re\ufb02exiones sobre el papel de las mujeres en la promoci\u00f3n de la paz, el di\u00e1logo y la cooperaci\u00f3n interreligiosa en contextos marcados por desaf\u00edos sociales: Sra. Dunya Elemenler, perspectiva isl\u00e1mica; Dra. Samya Charika Marasinghe, perspectiva budista; Svamini Shuddhananda Ghiri, perspectiva hind\u00fa; Rabina Allyson Zacharoff, perspectiva jud\u00eda; Dra. Stephanie Wong, perspectiva cat\u00f3lica; y <strong>Sra. Carla Khijoyan<\/strong>, perspectiva ecum\u00e9nica. <\/p>\n\n\n\n<p class=\"wp-block-paragraph\">El encuentro fue inaugurado por el Cardenal George Jacob Koovakad, Prefecto del Dicasterio para el Di\u00e1logo Interreligioso, y por <strong>M\u00f3nica Santamarina<\/strong>, Presidenta General de la UMOFC. <\/p>\n\n\n\n<p class=\"wp-block-paragraph\">El Cardenal George Jacob Koovakad destac\u00f3 que \u201cel desarme comienza en el coraz\u00f3n humano. Las mujeres de fe lo entienden intuitivamente: la paz no se sostiene solo con tratados, sino con el trabajo diario de sanar recuerdos, restaurar la dignidad y resistir la l\u00f3gica del miedo. En un mundo donde a menudo nos encontramos en la encrucijada entre con\ufb02icto y reconciliaci\u00f3n, se nos invita a elegir el camino del encuentro, la compasi\u00f3n y la verdad. La paz no es pasiva; es un compromiso activo, valiente y a veces costoso, que requiere di\u00e1logo, solidaridad y la protecci\u00f3n de la dignidad humana\u201d. <\/p>\n\n\n\n<p class=\"wp-block-paragraph\">La Presidenta General de la UMOFC, <strong>M\u00f3nica Santamarina<\/strong>, se\u00f1al\u00f3 que, como mujeres de fe y protagonistas en el mundo, \u201cla paz no es una palabra ni un deseo vago. Es una misi\u00f3n concreta, un acto de amor que debemos llevar a cabo cada d\u00eda y en todos los \u00e1mbitos. Estamos llamadas a construir puentes, educar para la paz, promover el di\u00e1logo interreligioso y ecum\u00e9nico, cuidar de la creaci\u00f3n, defender la vida y la dignidad de cada persona, y proteger especialmente a los m\u00e1s vulnerables. Nuestro servicio, muchas veces silencioso pero persistente y valiente, es ya una manera concreta de construir esa paz desarmada y desarmante de la que habla el Papa Le\u00f3n\u201d. <\/p>\n\n\n\n<figure class=\"wp-block-image size-large\"><img loading=\"lazy\" decoding=\"async\" width=\"1024\" height=\"725\" src=\"https:\/\/wucwo.org\/wp-content\/uploads\/2026\/03\/5-marzo-WUCWO-1024x725.png\" alt=\"\" class=\"wp-image-18832\" srcset=\"https:\/\/wucwo.org\/wp-content\/uploads\/2026\/03\/5-marzo-WUCWO-980x693.png 980w, https:\/\/wucwo.org\/wp-content\/uploads\/2026\/03\/5-marzo-WUCWO-480x340.png 480w\" sizes=\"(min-width: 0px) and (max-width: 480px) 480px, (min-width: 481px) and (max-width: 980px) 980px, (min-width: 981px) 1024px, 100vw\" \/><\/figure>\n\n\n\n<p class=\"wp-block-paragraph\">Entre las panelistas, la <strong>Sra. Carla Khijoyan<\/strong> expres\u00f3 su esperanza en \u201cun mundo en el que mujeres primeras ministras y mujeres de fe contribuyan a modelar el destino de nuestras sociedades; un mundo en el que el liderazgo se mida no solo por el poder, sino por la sabidur\u00eda; no solo por la fuerza, sino por la compasi\u00f3n; y no solo por la estrategia, sino por la conciencia\u201d.<\/p>\n\n\n\n<p class=\"wp-block-paragraph\">Por su parte, la <strong>Rabina Allyson Zacharoff<\/strong>, destac\u00f3 \u201cTodos los seres humanos son imagen de Dios; estamos invitados a superar nuestros propios l\u00edmites para encontrarnos con los dem\u00e1s, yendo m\u00e1s all\u00e1 de estereotipos y prejuicios. La fe y el di\u00e1logo pueden ser puentes entre las personas.\u201d<\/p>\n\n\n\n<p class=\"wp-block-paragraph\">Desde <strong>2019<\/strong>, la UMOFC celebra el <strong>D\u00eda Internacional de la Mujer<\/strong> de manera ecum\u00e9nica e interreligiosa a trav\u00e9s de un di\u00e1logo con mujeres l\u00edderes de diferentes tradiciones religiosas. Desde <strong>2020<\/strong>, esta iniciativa se realiza en colaboraci\u00f3n con el <strong>Dicasterio para el Di\u00e1logo Interreligioso<\/strong>, fortaleciendo este camino de di\u00e1logo y re\ufb02exi\u00f3n. Cada a\u00f1o, el encuentro aborda un enfoque distinto. El objetivo ha sido ofrecer una perspectiva interreligiosa a partir de las experiencias de mujeres l\u00edderes de comunidades musulmanas, hind\u00faes, budistas, jud\u00edas, ecum\u00e9nicas y cat\u00f3licas.   <\/p>\n\n\n\n<p class=\"wp-block-paragraph\">Por lo general, en situaciones de con\ufb02icto, <strong>son las mujeres y los ni\u00f1os quienes sufren con mayor intensidad las consecuencias de la violencia<\/strong>. \u00bfC\u00f3mo se puede trabajar y preparar un camino hacia la paz en nuestro mundo? Ser portadoras de esperanza es uno de los primeros pasos, a trav\u00e9s de peque\u00f1as pero concretas acciones como mujeres. En este proceso, la <strong>corresponsabilidad y el liderazgo de cada mujer<\/strong>, desde su propia realidad, cultura, fe y misi\u00f3n, pueden contribuir a las relaciones de esperanza y paz que el mundo necesita hoy.   <\/p>\n\n\n\n<p class=\"wp-block-paragraph\"><\/p>\n\n\n\n<p class=\"wp-block-paragraph\"><em>Oficina de Comunicaci\u00f3n de la UMOFC<\/em><\/p>\n\n\n\n<p class=\"wp-block-paragraph\"><\/p>\n\n\n\n<figure class=\"wp-block-embed is-type-video is-provider-youtube wp-block-embed-youtube wp-embed-aspect-16-9 wp-has-aspect-ratio\"><div class=\"wp-block-embed__wrapper\">\n<iframe loading=\"lazy\" title=\"D\u00eda Internacional de la Mujer - Mujeres de fe: portadoras de paz y esperanza\" width=\"1080\" height=\"608\" src=\"https:\/\/www.youtube.com\/embed\/sJg1SeVVwBc?feature=oembed\"  allow=\"accelerometer; autoplay; clipboard-write; encrypted-media; gyroscope; picture-in-picture; web-share\" referrerpolicy=\"strict-origin-when-cross-origin\" allowfullscreen><\/iframe>\n<\/div><\/figure>\n","protected":false},"excerpt":{"rendered":"<p>\u201cDonde la pol\u00edtica ve un enemigo, la fe ve un vecino\u201d Roma, 5 de marzo de 2026 \u2013 Con motivo del D\u00eda Internacional de la Mujer 2026, la Uni\u00f3n Mundial de Organizaciones Femeninas Cat\u00f3licas (UMOFC), en colaboraci\u00f3n con el Dicasterio para el Di\u00e1logo Interreligioso, llev\u00f3 a cabo el encuentro ecum\u00e9nico e interreligioso virtual \u201cMujeres de [&hellip;]<\/p>\n","protected":false},"author":2,"featured_media":18570,"comment_status":"open","ping_status":"open","sticky":false,"template":"","format":"standard","meta":{"_et_pb_use_builder":"off","_et_pb_old_content":"","_et_gb_content_width":"","footnotes":""},"categories":[130],"tags":[],"class_list":["post-18774","post","type-post","status-publish","format-standard","has-post-thumbnail","hentry","category-noticias-libertad-religiosa"],"yoast_head":"<!-- This site is optimized with the Yoast SEO plugin v27.8 - https:\/\/yoast.com\/product\/yoast-seo-wordpress\/ -->\n<title>Mujeres de fe: portadoras de paz y esperanza - WUCWO - UMOFC<\/title>\n<meta name=\"description\" content=\"\u201cDonde la pol\u00edtica ve un enemigo, la fe ve un vecino\u201d\" \/>\n<meta name=\"robots\" content=\"index, follow, max-snippet:-1, max-image-preview:large, max-video-preview:-1\" \/>\n<link rel=\"canonical\" href=\"https:\/\/wucwo.org\/es\/mujeres-de-fe-portadoras-de-paz-y-esperanza\/\" \/>\n<meta property=\"og:locale\" content=\"es_ES\" \/>\n<meta property=\"og:type\" content=\"article\" \/>\n<meta property=\"og:title\" content=\"Mujeres de fe: portadoras de paz y esperanza - WUCWO - UMOFC\" \/>\n<meta property=\"og:description\" content=\"\u201cDonde la pol\u00edtica ve un enemigo, la fe ve un vecino\u201d\" \/>\n<meta property=\"og:url\" content=\"https:\/\/wucwo.org\/es\/mujeres-de-fe-portadoras-de-paz-y-esperanza\/\" \/>\n<meta property=\"og:site_name\" content=\"WUCWO - UMOFC\" \/>\n<meta property=\"article:publisher\" content=\"https:\/\/www.facebook.com\/worldunionofcatholicwomensorganisations\/\" \/>\n<meta property=\"article:published_time\" content=\"2026-03-06T11:20:43+00:00\" \/>\n<meta property=\"article:modified_time\" content=\"2026-04-28T08:38:28+00:00\" \/>\n<meta property=\"og:image\" content=\"https:\/\/wucwo.org\/wp-content\/uploads\/2026\/02\/5-marzo.png\" \/>\n\t<meta property=\"og:image:width\" content=\"1252\" \/>\n\t<meta property=\"og:image:height\" content=\"672\" \/>\n\t<meta property=\"og:image:type\" content=\"image\/png\" \/>\n<meta name=\"author\" content=\"info\" \/>\n<meta name=\"twitter:card\" content=\"summary_large_image\" \/>\n<meta name=\"twitter:label1\" content=\"Escrito por\" \/>\n\t<meta name=\"twitter:data1\" content=\"info\" \/>\n\t<meta name=\"twitter:label2\" content=\"Tiempo de lectura\" \/>\n\t<meta name=\"twitter:data2\" content=\"4 minutos\" \/>\n<script type=\"application\/ld+json\" class=\"yoast-schema-graph\">{\"@context\":\"https:\\\/\\\/schema.org\",\"@graph\":[{\"@type\":\"Article\",\"@id\":\"https:\\\/\\\/wucwo.org\\\/es\\\/mujeres-de-fe-portadoras-de-paz-y-esperanza\\\/#article\",\"isPartOf\":{\"@id\":\"https:\\\/\\\/wucwo.org\\\/es\\\/mujeres-de-fe-portadoras-de-paz-y-esperanza\\\/\"},\"author\":{\"name\":\"info\",\"@id\":\"https:\\\/\\\/wucwo.org\\\/es\\\/#\\\/schema\\\/person\\\/1afc26e4266dd0457a2309d6fb6c9c32\"},\"headline\":\"Mujeres de fe: portadoras de paz y esperanza\",\"datePublished\":\"2026-03-06T11:20:43+00:00\",\"dateModified\":\"2026-04-28T08:38:28+00:00\",\"mainEntityOfPage\":{\"@id\":\"https:\\\/\\\/wucwo.org\\\/es\\\/mujeres-de-fe-portadoras-de-paz-y-esperanza\\\/\"},\"wordCount\":740,\"commentCount\":0,\"publisher\":{\"@id\":\"https:\\\/\\\/wucwo.org\\\/es\\\/#organization\"},\"image\":{\"@id\":\"https:\\\/\\\/wucwo.org\\\/es\\\/mujeres-de-fe-portadoras-de-paz-y-esperanza\\\/#primaryimage\"},\"thumbnailUrl\":\"https:\\\/\\\/wucwo.org\\\/wp-content\\\/uploads\\\/2026\\\/02\\\/5-marzo.png\",\"articleSection\":[\"Libertad Religiosa\"],\"inLanguage\":\"es\",\"potentialAction\":[{\"@type\":\"CommentAction\",\"name\":\"Comment\",\"target\":[\"https:\\\/\\\/wucwo.org\\\/es\\\/mujeres-de-fe-portadoras-de-paz-y-esperanza\\\/#respond\"]}]},{\"@type\":\"WebPage\",\"@id\":\"https:\\\/\\\/wucwo.org\\\/es\\\/mujeres-de-fe-portadoras-de-paz-y-esperanza\\\/\",\"url\":\"https:\\\/\\\/wucwo.org\\\/es\\\/mujeres-de-fe-portadoras-de-paz-y-esperanza\\\/\",\"name\":\"Mujeres de fe: portadoras de paz y esperanza - WUCWO - UMOFC\",\"isPartOf\":{\"@id\":\"https:\\\/\\\/wucwo.org\\\/es\\\/#website\"},\"primaryImageOfPage\":{\"@id\":\"https:\\\/\\\/wucwo.org\\\/es\\\/mujeres-de-fe-portadoras-de-paz-y-esperanza\\\/#primaryimage\"},\"image\":{\"@id\":\"https:\\\/\\\/wucwo.org\\\/es\\\/mujeres-de-fe-portadoras-de-paz-y-esperanza\\\/#primaryimage\"},\"thumbnailUrl\":\"https:\\\/\\\/wucwo.org\\\/wp-content\\\/uploads\\\/2026\\\/02\\\/5-marzo.png\",\"datePublished\":\"2026-03-06T11:20:43+00:00\",\"dateModified\":\"2026-04-28T08:38:28+00:00\",\"description\":\"\u201cDonde la pol\u00edtica ve un enemigo, la fe ve un vecino\u201d\",\"breadcrumb\":{\"@id\":\"https:\\\/\\\/wucwo.org\\\/es\\\/mujeres-de-fe-portadoras-de-paz-y-esperanza\\\/#breadcrumb\"},\"inLanguage\":\"es\",\"potentialAction\":[{\"@type\":\"ReadAction\",\"target\":[\"https:\\\/\\\/wucwo.org\\\/es\\\/mujeres-de-fe-portadoras-de-paz-y-esperanza\\\/\"]}]},{\"@type\":\"ImageObject\",\"inLanguage\":\"es\",\"@id\":\"https:\\\/\\\/wucwo.org\\\/es\\\/mujeres-de-fe-portadoras-de-paz-y-esperanza\\\/#primaryimage\",\"url\":\"https:\\\/\\\/wucwo.org\\\/wp-content\\\/uploads\\\/2026\\\/02\\\/5-marzo.png\",\"contentUrl\":\"https:\\\/\\\/wucwo.org\\\/wp-content\\\/uploads\\\/2026\\\/02\\\/5-marzo.png\",\"width\":1252,\"height\":672},{\"@type\":\"BreadcrumbList\",\"@id\":\"https:\\\/\\\/wucwo.org\\\/es\\\/mujeres-de-fe-portadoras-de-paz-y-esperanza\\\/#breadcrumb\",\"itemListElement\":[{\"@type\":\"ListItem\",\"position\":1,\"name\":\"Portada\",\"item\":\"https:\\\/\\\/wucwo.org\\\/es\\\/\"},{\"@type\":\"ListItem\",\"position\":2,\"name\":\"Mujeres de fe: portadoras de paz y esperanza\"}]},{\"@type\":\"WebSite\",\"@id\":\"https:\\\/\\\/wucwo.org\\\/es\\\/#website\",\"url\":\"https:\\\/\\\/wucwo.org\\\/es\\\/\",\"name\":\"UMOFC\",\"description\":\"\",\"publisher\":{\"@id\":\"https:\\\/\\\/wucwo.org\\\/es\\\/#organization\"},\"potentialAction\":[{\"@type\":\"SearchAction\",\"target\":{\"@type\":\"EntryPoint\",\"urlTemplate\":\"https:\\\/\\\/wucwo.org\\\/es\\\/?s={search_term_string}\"},\"query-input\":{\"@type\":\"PropertyValueSpecification\",\"valueRequired\":true,\"valueName\":\"search_term_string\"}}],\"inLanguage\":\"es\"},{\"@type\":\"Organization\",\"@id\":\"https:\\\/\\\/wucwo.org\\\/es\\\/#organization\",\"name\":\"UMOFC\",\"url\":\"https:\\\/\\\/wucwo.org\\\/es\\\/\",\"logo\":{\"@type\":\"ImageObject\",\"inLanguage\":\"es\",\"@id\":\"https:\\\/\\\/wucwo.org\\\/es\\\/#\\\/schema\\\/logo\\\/image\\\/\",\"url\":\"https:\\\/\\\/wucwo.org\\\/wp-content\\\/uploads\\\/2025\\\/08\\\/Final-icono-scaled.png\",\"contentUrl\":\"https:\\\/\\\/wucwo.org\\\/wp-content\\\/uploads\\\/2025\\\/08\\\/Final-icono-scaled.png\",\"width\":2560,\"height\":1811,\"caption\":\"UMOFC\"},\"image\":{\"@id\":\"https:\\\/\\\/wucwo.org\\\/es\\\/#\\\/schema\\\/logo\\\/image\\\/\"},\"sameAs\":[\"https:\\\/\\\/www.facebook.com\\\/worldunionofcatholicwomensorganisations\\\/\",\"https:\\\/\\\/www.instagram.com\\\/wucwo_umofc\\\/\",\"https:\\\/\\\/www.linkedin.com\\\/company\\\/wucwo\\\/\",\"https:\\\/\\\/www.youtube.com\\\/@WUCWOUMOFC\",\"https:\\\/\\\/www.flickr.com\\\/photos\\\/203210007@N05\\\/albums\"]},{\"@type\":\"Person\",\"@id\":\"https:\\\/\\\/wucwo.org\\\/es\\\/#\\\/schema\\\/person\\\/1afc26e4266dd0457a2309d6fb6c9c32\",\"name\":\"info\",\"image\":{\"@type\":\"ImageObject\",\"inLanguage\":\"es\",\"@id\":\"https:\\\/\\\/secure.gravatar.com\\\/avatar\\\/f0b66018d4d4a05d7dacfa9dfae6882ddcb2b385e730d853a4bc3c17c9424ae9?s=96&d=mm&r=g\",\"url\":\"https:\\\/\\\/secure.gravatar.com\\\/avatar\\\/f0b66018d4d4a05d7dacfa9dfae6882ddcb2b385e730d853a4bc3c17c9424ae9?s=96&d=mm&r=g\",\"contentUrl\":\"https:\\\/\\\/secure.gravatar.com\\\/avatar\\\/f0b66018d4d4a05d7dacfa9dfae6882ddcb2b385e730d853a4bc3c17c9424ae9?s=96&d=mm&r=g\",\"caption\":\"info\"},\"url\":\"https:\\\/\\\/wucwo.org\\\/es\\\/author\\\/info\\\/\"}]}<\/script>\n<!-- \/ Yoast SEO plugin. -->","yoast_head_json":{"title":"Mujeres de fe: portadoras de paz y esperanza - WUCWO - UMOFC","description":"\u201cDonde la pol\u00edtica ve un enemigo, la fe ve un vecino\u201d","robots":{"index":"index","follow":"follow","max-snippet":"max-snippet:-1","max-image-preview":"max-image-preview:large","max-video-preview":"max-video-preview:-1"},"canonical":"https:\/\/wucwo.org\/es\/mujeres-de-fe-portadoras-de-paz-y-esperanza\/","og_locale":"es_ES","og_type":"article","og_title":"Mujeres de fe: portadoras de paz y esperanza - WUCWO - UMOFC","og_description":"\u201cDonde la pol\u00edtica ve un enemigo, la fe ve un vecino\u201d","og_url":"https:\/\/wucwo.org\/es\/mujeres-de-fe-portadoras-de-paz-y-esperanza\/","og_site_name":"WUCWO - UMOFC","article_publisher":"https:\/\/www.facebook.com\/worldunionofcatholicwomensorganisations\/","article_published_time":"2026-03-06T11:20:43+00:00","article_modified_time":"2026-04-28T08:38:28+00:00","og_image":[{"width":1252,"height":672,"url":"https:\/\/wucwo.org\/wp-content\/uploads\/2026\/02\/5-marzo.png","type":"image\/png"}],"author":"info","twitter_card":"summary_large_image","twitter_misc":{"Escrito por":"info","Tiempo de lectura":"4 minutos"},"schema":{"@context":"https:\/\/schema.org","@graph":[{"@type":"Article","@id":"https:\/\/wucwo.org\/es\/mujeres-de-fe-portadoras-de-paz-y-esperanza\/#article","isPartOf":{"@id":"https:\/\/wucwo.org\/es\/mujeres-de-fe-portadoras-de-paz-y-esperanza\/"},"author":{"name":"info","@id":"https:\/\/wucwo.org\/es\/#\/schema\/person\/1afc26e4266dd0457a2309d6fb6c9c32"},"headline":"Mujeres de fe: portadoras de paz y esperanza","datePublished":"2026-03-06T11:20:43+00:00","dateModified":"2026-04-28T08:38:28+00:00","mainEntityOfPage":{"@id":"https:\/\/wucwo.org\/es\/mujeres-de-fe-portadoras-de-paz-y-esperanza\/"},"wordCount":740,"commentCount":0,"publisher":{"@id":"https:\/\/wucwo.org\/es\/#organization"},"image":{"@id":"https:\/\/wucwo.org\/es\/mujeres-de-fe-portadoras-de-paz-y-esperanza\/#primaryimage"},"thumbnailUrl":"https:\/\/wucwo.org\/wp-content\/uploads\/2026\/02\/5-marzo.png","articleSection":["Libertad Religiosa"],"inLanguage":"es","potentialAction":[{"@type":"CommentAction","name":"Comment","target":["https:\/\/wucwo.org\/es\/mujeres-de-fe-portadoras-de-paz-y-esperanza\/#respond"]}]},{"@type":"WebPage","@id":"https:\/\/wucwo.org\/es\/mujeres-de-fe-portadoras-de-paz-y-esperanza\/","url":"https:\/\/wucwo.org\/es\/mujeres-de-fe-portadoras-de-paz-y-esperanza\/","name":"Mujeres de fe: portadoras de paz y esperanza - WUCWO - UMOFC","isPartOf":{"@id":"https:\/\/wucwo.org\/es\/#website"},"primaryImageOfPage":{"@id":"https:\/\/wucwo.org\/es\/mujeres-de-fe-portadoras-de-paz-y-esperanza\/#primaryimage"},"image":{"@id":"https:\/\/wucwo.org\/es\/mujeres-de-fe-portadoras-de-paz-y-esperanza\/#primaryimage"},"thumbnailUrl":"https:\/\/wucwo.org\/wp-content\/uploads\/2026\/02\/5-marzo.png","datePublished":"2026-03-06T11:20:43+00:00","dateModified":"2026-04-28T08:38:28+00:00","description":"\u201cDonde la pol\u00edtica ve un enemigo, la fe ve un vecino\u201d","breadcrumb":{"@id":"https:\/\/wucwo.org\/es\/mujeres-de-fe-portadoras-de-paz-y-esperanza\/#breadcrumb"},"inLanguage":"es","potentialAction":[{"@type":"ReadAction","target":["https:\/\/wucwo.org\/es\/mujeres-de-fe-portadoras-de-paz-y-esperanza\/"]}]},{"@type":"ImageObject","inLanguage":"es","@id":"https:\/\/wucwo.org\/es\/mujeres-de-fe-portadoras-de-paz-y-esperanza\/#primaryimage","url":"https:\/\/wucwo.org\/wp-content\/uploads\/2026\/02\/5-marzo.png","contentUrl":"https:\/\/wucwo.org\/wp-content\/uploads\/2026\/02\/5-marzo.png","width":1252,"height":672},{"@type":"BreadcrumbList","@id":"https:\/\/wucwo.org\/es\/mujeres-de-fe-portadoras-de-paz-y-esperanza\/#breadcrumb","itemListElement":[{"@type":"ListItem","position":1,"name":"Portada","item":"https:\/\/wucwo.org\/es\/"},{"@type":"ListItem","position":2,"name":"Mujeres de fe: portadoras de paz y esperanza"}]},{"@type":"WebSite","@id":"https:\/\/wucwo.org\/es\/#website","url":"https:\/\/wucwo.org\/es\/","name":"UMOFC","description":"","publisher":{"@id":"https:\/\/wucwo.org\/es\/#organization"},"potentialAction":[{"@type":"SearchAction","target":{"@type":"EntryPoint","urlTemplate":"https:\/\/wucwo.org\/es\/?s={search_term_string}"},"query-input":{"@type":"PropertyValueSpecification","valueRequired":true,"valueName":"search_term_string"}}],"inLanguage":"es"},{"@type":"Organization","@id":"https:\/\/wucwo.org\/es\/#organization","name":"UMOFC","url":"https:\/\/wucwo.org\/es\/","logo":{"@type":"ImageObject","inLanguage":"es","@id":"https:\/\/wucwo.org\/es\/#\/schema\/logo\/image\/","url":"https:\/\/wucwo.org\/wp-content\/uploads\/2025\/08\/Final-icono-scaled.png","contentUrl":"https:\/\/wucwo.org\/wp-content\/uploads\/2025\/08\/Final-icono-scaled.png","width":2560,"height":1811,"caption":"UMOFC"},"image":{"@id":"https:\/\/wucwo.org\/es\/#\/schema\/logo\/image\/"},"sameAs":["https:\/\/www.facebook.com\/worldunionofcatholicwomensorganisations\/","https:\/\/www.instagram.com\/wucwo_umofc\/","https:\/\/www.linkedin.com\/company\/wucwo\/","https:\/\/www.youtube.com\/@WUCWOUMOFC","https:\/\/www.flickr.com\/photos\/203210007@N05\/albums"]},{"@type":"Person","@id":"https:\/\/wucwo.org\/es\/#\/schema\/person\/1afc26e4266dd0457a2309d6fb6c9c32","name":"info","image":{"@type":"ImageObject","inLanguage":"es","@id":"https:\/\/secure.gravatar.com\/avatar\/f0b66018d4d4a05d7dacfa9dfae6882ddcb2b385e730d853a4bc3c17c9424ae9?s=96&d=mm&r=g","url":"https:\/\/secure.gravatar.com\/avatar\/f0b66018d4d4a05d7dacfa9dfae6882ddcb2b385e730d853a4bc3c17c9424ae9?s=96&d=mm&r=g","contentUrl":"https:\/\/secure.gravatar.com\/avatar\/f0b66018d4d4a05d7dacfa9dfae6882ddcb2b385e730d853a4bc3c17c9424ae9?s=96&d=mm&r=g","caption":"info"},"url":"https:\/\/wucwo.org\/es\/author\/info\/"}]}},"_links":{"self":[{"href":"https:\/\/wucwo.org\/es\/wp-json\/wp\/v2\/posts\/18774","targetHints":{"allow":["GET"]}}],"collection":[{"href":"https:\/\/wucwo.org\/es\/wp-json\/wp\/v2\/posts"}],"about":[{"href":"https:\/\/wucwo.org\/es\/wp-json\/wp\/v2\/types\/post"}],"author":[{"embeddable":true,"href":"https:\/\/wucwo.org\/es\/wp-json\/wp\/v2\/users\/2"}],"replies":[{"embeddable":true,"href":"https:\/\/wucwo.org\/es\/wp-json\/wp\/v2\/comments?post=18774"}],"version-history":[{"count":3,"href":"https:\/\/wucwo.org\/es\/wp-json\/wp\/v2\/posts\/18774\/revisions"}],"predecessor-version":[{"id":18835,"href":"https:\/\/wucwo.org\/es\/wp-json\/wp\/v2\/posts\/18774\/revisions\/18835"}],"wp:featuredmedia":[{"embeddable":true,"href":"https:\/\/wucwo.org\/es\/wp-json\/wp\/v2\/media\/18570"}],"wp:attachment":[{"href":"https:\/\/wucwo.org\/es\/wp-json\/wp\/v2\/media?parent=18774"}],"wp:term":[{"taxonomy":"category","embeddable":true,"href":"https:\/\/wucwo.org\/es\/wp-json\/wp\/v2\/categories?post=18774"},{"taxonomy":"post_tag","embeddable":true,"href":"https:\/\/wucwo.org\/es\/wp-json\/wp\/v2\/tags?post=18774"}],"curies":[{"name":"wp","href":"https:\/\/api.w.org\/{rel}","templated":true}]}}