{"id":18955,"date":"2026-03-27T17:18:27","date_gmt":"2026-03-27T16:18:27","guid":{"rendered":"https:\/\/wucwo.org\/?p=18955"},"modified":"2026-04-28T10:39:17","modified_gmt":"2026-04-28T08:39:17","slug":"mensaje-de-la-presidenta-de-la-umofc-por-el-dia-internacional-de-la-mujer","status":"publish","type":"post","link":"https:\/\/wucwo.org\/es\/mensaje-de-la-presidenta-de-la-umofc-por-el-dia-internacional-de-la-mujer\/","title":{"rendered":"Mujeres de fe: el mensaje de la Presidenta de la UMOFC en el webinar por el D\u00eda Internacional de la Mujer"},"content":{"rendered":"<p>[et_pb_section admin_label=\u00bbsection\u00bb]<br \/>\n\t\t\t[et_pb_row admin_label=\u00bbrow\u00bb]<br \/>\n\t\t\t\t[et_pb_column type=\u00bb4_4&#8243;][et_pb_text admin_label=\u00bbText\u00bb]<\/p>\n<p>En el marco del webinar <em>\u201cMujeres de fe: portadoras de paz y esperanza\u201d<\/em>, organizado con motivo del D\u00eda Internacional de la Mujer, M\u00f3nica Santamarina, Presidenta de la UMOFC, comparti\u00f3 un profundo mensaje centrado en la paz, la esperanza y el compromiso de las mujeres en la construcci\u00f3n de un mundo m\u00e1s fraterno.<\/p>\n<p>Su intervenci\u00f3n invit\u00f3 a acoger la paz como una misi\u00f3n concreta, vivida en lo cotidiano, y a reconocer el papel transformador de las mujeres en la promoci\u00f3n del di\u00e1logo, la justicia y la dignidad humana.<\/p>\n<p>A continuaci\u00f3n, compartimos un extracto de su mensaje: <\/p>\n<p><em>Muchas personas anhelan sinceramente la paz, pero se sienten impotentes ante la complejidad de los acontecimientos mundiales. Algunos proponen la violencia como soluci\u00f3n. Como mujeres de fe y esperanza, estamos convencidas de que la paz es posible y de que nunca debemos resignarnos al conflicto. Reforzamos nuestras oraciones y nuestros esfuerzos diarios, sabiendo que podemos ayudar a redescubrir el camino hacia la reconciliaci\u00f3n.<\/em><\/p>\n<p><em>Como mujeres de fe y protagonistas en el mundo, sabemos que la paz, en \u00faltima instancia, no es una palabra ni un deseo vago. No es una promesa abstracta. Es una misi\u00f3n concreta. Es un acto de amor que debe llevarse a cabo cada d\u00eda y en todas partes. Estamos llamadas a ser mujeres l\u00edderes que tienden puentes y educan para la paz en nuestras familias y comunidades; mujeres que promueven y viven el di\u00e1logo interreligioso y ecum\u00e9nico; que cuidan de la creaci\u00f3n como nuestra Casa Com\u00fan; que defienden la vida, la dignidad de cada persona y protegen especialmente a los m\u00e1s vulnerables; que trabajan por la libertad religiosa, la no discriminaci\u00f3n, el liderazgo de las mujeres y una cultura del encuentro. Nuestro servicio, a menudo silencioso pero persistente y valiente, es ya una forma concreta de construir esa paz desarmada y desarmante de la que habla el papa Le\u00f3n.<\/em><\/p>\n<div class=\"wp-block-buttons\">\n<div class=\"wp-block-button\"><a class=\"wp-block-button__link wp-element-button\" href=\"https:\/\/wucwo.org\/wp-content\/uploads\/2026\/03\/Monica-Santamarina-Remarks-es-ES.pdf\">Leer discurso completo<\/a><\/div>\n<\/div>\n<p>[\/et_pb_text][\/et_pb_column]<br \/>\n\t\t\t[\/et_pb_row]<br \/>\n\t\t[\/et_pb_section]<\/p>\n","protected":false},"excerpt":{"rendered":"<p>En el marco del webinar \u201cMujeres de fe: portadoras de paz y esperanza\u201d, organizado con motivo del D\u00eda Internacional de la Mujer, M\u00f3nica Santamarina, Presidenta de la UMOFC, comparti\u00f3 un profundo mensaje centrado en la paz, la esperanza y el compromiso de las mujeres en la construcci\u00f3n de un mundo m\u00e1s fraterno. Su intervenci\u00f3n invit\u00f3 [&hellip;]<\/p>\n","protected":false},"author":3,"featured_media":17745,"comment_status":"open","ping_status":"open","sticky":false,"template":"","format":"standard","meta":{"_et_pb_use_builder":"on","_et_pb_old_content":"<!-- wp:paragraph -->\n<p>En el marco del webinar <em>\u201cMujeres de fe: portadoras de paz y esperanza\u201d<\/em>, organizado con motivo del D\u00eda Internacional de la Mujer, M\u00f3nica Santamarina, Presidenta de la UMOFC, comparti\u00f3 un profundo mensaje centrado en la paz, la esperanza y el compromiso de las mujeres en la construcci\u00f3n de un mundo m\u00e1s fraterno.<\/p>\n<!-- \/wp:paragraph -->\n\n<!-- wp:paragraph -->\n<p>Su intervenci\u00f3n invit\u00f3 a acoger la paz como una misi\u00f3n concreta, vivida en lo cotidiano, y a reconocer el papel transformador de las mujeres en la promoci\u00f3n del di\u00e1logo, la justicia y la dignidad humana.<\/p>\n<!-- \/wp:paragraph -->\n\n<!-- wp:paragraph -->\n<p>A continuaci\u00f3n, compartimos un extracto de su mensaje: <\/p>\n<!-- \/wp:paragraph -->\n\n<!-- wp:paragraph -->\n<p><em>Muchas personas anhelan sinceramente la paz, pero se sienten impotentes ante la complejidad de los acontecimientos mundiales. Algunos proponen la violencia como soluci\u00f3n. Como mujeres de fe y esperanza, estamos convencidas de que la paz es posible y de que nunca debemos resignarnos al conflicto. Reforzamos nuestras oraciones y nuestros esfuerzos diarios, sabiendo que podemos ayudar a redescubrir el camino hacia la reconciliaci\u00f3n.<\/em><\/p>\n<!-- \/wp:paragraph -->\n\n<!-- wp:paragraph -->\n<p><em>Como mujeres de fe y protagonistas en el mundo, sabemos que la paz, en \u00faltima instancia, no es una palabra ni un deseo vago. No es una promesa abstracta. Es una misi\u00f3n concreta. Es un acto de amor que debe llevarse a cabo cada d\u00eda y en todas partes. Estamos llamadas a ser mujeres l\u00edderes que tienden puentes y educan para la paz en nuestras familias y comunidades; mujeres que promueven y viven el di\u00e1logo interreligioso y ecum\u00e9nico; que cuidan de la creaci\u00f3n como nuestra Casa Com\u00fan; que defienden la vida, la dignidad de cada persona y protegen especialmente a los m\u00e1s vulnerables; que trabajan por la libertad religiosa, la no discriminaci\u00f3n, el liderazgo de las mujeres y una cultura del encuentro. Nuestro servicio, a menudo silencioso pero persistente y valiente, es ya una forma concreta de construir esa paz desarmada y desarmante de la que habla el papa Le\u00f3n.<\/em><\/p>\n<!-- \/wp:paragraph -->\n\n<!-- wp:buttons -->\n<div class=\"wp-block-buttons\"><!-- wp:button -->\n<div class=\"wp-block-button\"><a class=\"wp-block-button__link wp-element-button\" href=\"https:\/\/wucwo.org\/wp-content\/uploads\/2026\/03\/Monica-Santamarina-Remarks-es-ES.pdf\">Leer discurso completo<\/a><\/div>\n<!-- \/wp:button --><\/div>\n<!-- \/wp:buttons -->\n\n<!-- wp:paragraph -->\n<p><\/p>\n<!-- \/wp:paragraph -->","_et_gb_content_width":"","footnotes":""},"categories":[130],"tags":[],"class_list":["post-18955","post","type-post","status-publish","format-standard","has-post-thumbnail","hentry","category-noticias-libertad-religiosa"],"yoast_head":"<!-- This site is optimized with the Yoast SEO plugin v27.8 - https:\/\/yoast.com\/product\/yoast-seo-wordpress\/ -->\n<title>Mujeres de fe: el mensaje de la Presidenta de la UMOFC en el webinar por el D\u00eda Internacional de la Mujer - WUCWO - UMOFC<\/title>\n<meta name=\"robots\" content=\"index, follow, max-snippet:-1, max-image-preview:large, max-video-preview:-1\" \/>\n<link rel=\"canonical\" href=\"https:\/\/wucwo.org\/es\/mensaje-de-la-presidenta-de-la-umofc-por-el-dia-internacional-de-la-mujer\/\" \/>\n<meta property=\"og:locale\" content=\"es_ES\" \/>\n<meta property=\"og:type\" content=\"article\" \/>\n<meta property=\"og:title\" content=\"Mujeres de fe: el mensaje de la Presidenta de la UMOFC en el webinar por el D\u00eda Internacional de la Mujer - WUCWO - UMOFC\" \/>\n<meta property=\"og:description\" content=\"En el marco del webinar \u201cMujeres de fe: portadoras de paz y esperanza\u201d, organizado con motivo del D\u00eda Internacional de la Mujer, M\u00f3nica Santamarina, Presidenta de la UMOFC, comparti\u00f3 un profundo mensaje centrado en la paz, la esperanza y el compromiso de las mujeres en la construcci\u00f3n de un mundo m\u00e1s fraterno. Su intervenci\u00f3n invit\u00f3 [&hellip;]\" \/>\n<meta property=\"og:url\" content=\"https:\/\/wucwo.org\/es\/mensaje-de-la-presidenta-de-la-umofc-por-el-dia-internacional-de-la-mujer\/\" \/>\n<meta property=\"og:site_name\" content=\"WUCWO - UMOFC\" \/>\n<meta property=\"article:publisher\" content=\"https:\/\/www.facebook.com\/worldunionofcatholicwomensorganisations\/\" \/>\n<meta property=\"article:published_time\" content=\"2026-03-27T16:18:27+00:00\" \/>\n<meta property=\"article:modified_time\" content=\"2026-04-28T08:39:17+00:00\" \/>\n<meta property=\"og:image\" content=\"https:\/\/wucwo.org\/wp-content\/uploads\/2026\/01\/00628_03062025-scaled.jpg\" \/>\n\t<meta property=\"og:image:width\" content=\"2560\" \/>\n\t<meta property=\"og:image:height\" content=\"1664\" \/>\n\t<meta property=\"og:image:type\" content=\"image\/jpeg\" \/>\n<meta name=\"author\" content=\"communication\" \/>\n<meta name=\"twitter:card\" content=\"summary_large_image\" \/>\n<meta name=\"twitter:label1\" content=\"Escrito por\" \/>\n\t<meta name=\"twitter:data1\" content=\"communication\" \/>\n\t<meta name=\"twitter:label2\" content=\"Tiempo de lectura\" \/>\n\t<meta name=\"twitter:data2\" content=\"2 minutos\" \/>\n<script type=\"application\/ld+json\" class=\"yoast-schema-graph\">{\"@context\":\"https:\\\/\\\/schema.org\",\"@graph\":[{\"@type\":\"Article\",\"@id\":\"https:\\\/\\\/wucwo.org\\\/es\\\/mensaje-de-la-presidenta-de-la-umofc-por-el-dia-internacional-de-la-mujer\\\/#article\",\"isPartOf\":{\"@id\":\"https:\\\/\\\/wucwo.org\\\/es\\\/mensaje-de-la-presidenta-de-la-umofc-por-el-dia-internacional-de-la-mujer\\\/\"},\"author\":{\"name\":\"communication\",\"@id\":\"https:\\\/\\\/wucwo.org\\\/es\\\/#\\\/schema\\\/person\\\/36e189b76cc2f081eb3458e9a1f81183\"},\"headline\":\"Mujeres de fe: el mensaje de la Presidenta de la UMOFC en el webinar por el D\u00eda Internacional de la Mujer\",\"datePublished\":\"2026-03-27T16:18:27+00:00\",\"dateModified\":\"2026-04-28T08:39:17+00:00\",\"mainEntityOfPage\":{\"@id\":\"https:\\\/\\\/wucwo.org\\\/es\\\/mensaje-de-la-presidenta-de-la-umofc-por-el-dia-internacional-de-la-mujer\\\/\"},\"wordCount\":388,\"commentCount\":0,\"publisher\":{\"@id\":\"https:\\\/\\\/wucwo.org\\\/es\\\/#organization\"},\"image\":{\"@id\":\"https:\\\/\\\/wucwo.org\\\/es\\\/mensaje-de-la-presidenta-de-la-umofc-por-el-dia-internacional-de-la-mujer\\\/#primaryimage\"},\"thumbnailUrl\":\"https:\\\/\\\/wucwo.org\\\/wp-content\\\/uploads\\\/2026\\\/01\\\/00628_03062025-scaled.jpg\",\"articleSection\":[\"Libertad Religiosa\"],\"inLanguage\":\"es\",\"potentialAction\":[{\"@type\":\"CommentAction\",\"name\":\"Comment\",\"target\":[\"https:\\\/\\\/wucwo.org\\\/es\\\/mensaje-de-la-presidenta-de-la-umofc-por-el-dia-internacional-de-la-mujer\\\/#respond\"]}]},{\"@type\":\"WebPage\",\"@id\":\"https:\\\/\\\/wucwo.org\\\/es\\\/mensaje-de-la-presidenta-de-la-umofc-por-el-dia-internacional-de-la-mujer\\\/\",\"url\":\"https:\\\/\\\/wucwo.org\\\/es\\\/mensaje-de-la-presidenta-de-la-umofc-por-el-dia-internacional-de-la-mujer\\\/\",\"name\":\"Mujeres de fe: el mensaje de la Presidenta de la UMOFC en el webinar por el D\u00eda Internacional de la Mujer - WUCWO - UMOFC\",\"isPartOf\":{\"@id\":\"https:\\\/\\\/wucwo.org\\\/es\\\/#website\"},\"primaryImageOfPage\":{\"@id\":\"https:\\\/\\\/wucwo.org\\\/es\\\/mensaje-de-la-presidenta-de-la-umofc-por-el-dia-internacional-de-la-mujer\\\/#primaryimage\"},\"image\":{\"@id\":\"https:\\\/\\\/wucwo.org\\\/es\\\/mensaje-de-la-presidenta-de-la-umofc-por-el-dia-internacional-de-la-mujer\\\/#primaryimage\"},\"thumbnailUrl\":\"https:\\\/\\\/wucwo.org\\\/wp-content\\\/uploads\\\/2026\\\/01\\\/00628_03062025-scaled.jpg\",\"datePublished\":\"2026-03-27T16:18:27+00:00\",\"dateModified\":\"2026-04-28T08:39:17+00:00\",\"breadcrumb\":{\"@id\":\"https:\\\/\\\/wucwo.org\\\/es\\\/mensaje-de-la-presidenta-de-la-umofc-por-el-dia-internacional-de-la-mujer\\\/#breadcrumb\"},\"inLanguage\":\"es\",\"potentialAction\":[{\"@type\":\"ReadAction\",\"target\":[\"https:\\\/\\\/wucwo.org\\\/es\\\/mensaje-de-la-presidenta-de-la-umofc-por-el-dia-internacional-de-la-mujer\\\/\"]}]},{\"@type\":\"ImageObject\",\"inLanguage\":\"es\",\"@id\":\"https:\\\/\\\/wucwo.org\\\/es\\\/mensaje-de-la-presidenta-de-la-umofc-por-el-dia-internacional-de-la-mujer\\\/#primaryimage\",\"url\":\"https:\\\/\\\/wucwo.org\\\/wp-content\\\/uploads\\\/2026\\\/01\\\/00628_03062025-scaled.jpg\",\"contentUrl\":\"https:\\\/\\\/wucwo.org\\\/wp-content\\\/uploads\\\/2026\\\/01\\\/00628_03062025-scaled.jpg\",\"width\":2560,\"height\":1664},{\"@type\":\"BreadcrumbList\",\"@id\":\"https:\\\/\\\/wucwo.org\\\/es\\\/mensaje-de-la-presidenta-de-la-umofc-por-el-dia-internacional-de-la-mujer\\\/#breadcrumb\",\"itemListElement\":[{\"@type\":\"ListItem\",\"position\":1,\"name\":\"Portada\",\"item\":\"https:\\\/\\\/wucwo.org\\\/es\\\/\"},{\"@type\":\"ListItem\",\"position\":2,\"name\":\"Mujeres de fe: el mensaje de la Presidenta de la UMOFC en el webinar por el D\u00eda Internacional de la Mujer\"}]},{\"@type\":\"WebSite\",\"@id\":\"https:\\\/\\\/wucwo.org\\\/es\\\/#website\",\"url\":\"https:\\\/\\\/wucwo.org\\\/es\\\/\",\"name\":\"UMOFC\",\"description\":\"\",\"publisher\":{\"@id\":\"https:\\\/\\\/wucwo.org\\\/es\\\/#organization\"},\"potentialAction\":[{\"@type\":\"SearchAction\",\"target\":{\"@type\":\"EntryPoint\",\"urlTemplate\":\"https:\\\/\\\/wucwo.org\\\/es\\\/?s={search_term_string}\"},\"query-input\":{\"@type\":\"PropertyValueSpecification\",\"valueRequired\":true,\"valueName\":\"search_term_string\"}}],\"inLanguage\":\"es\"},{\"@type\":\"Organization\",\"@id\":\"https:\\\/\\\/wucwo.org\\\/es\\\/#organization\",\"name\":\"UMOFC\",\"url\":\"https:\\\/\\\/wucwo.org\\\/es\\\/\",\"logo\":{\"@type\":\"ImageObject\",\"inLanguage\":\"es\",\"@id\":\"https:\\\/\\\/wucwo.org\\\/es\\\/#\\\/schema\\\/logo\\\/image\\\/\",\"url\":\"https:\\\/\\\/wucwo.org\\\/wp-content\\\/uploads\\\/2025\\\/08\\\/Final-icono-scaled.png\",\"contentUrl\":\"https:\\\/\\\/wucwo.org\\\/wp-content\\\/uploads\\\/2025\\\/08\\\/Final-icono-scaled.png\",\"width\":2560,\"height\":1811,\"caption\":\"UMOFC\"},\"image\":{\"@id\":\"https:\\\/\\\/wucwo.org\\\/es\\\/#\\\/schema\\\/logo\\\/image\\\/\"},\"sameAs\":[\"https:\\\/\\\/www.facebook.com\\\/worldunionofcatholicwomensorganisations\\\/\",\"https:\\\/\\\/www.instagram.com\\\/wucwo_umofc\\\/\",\"https:\\\/\\\/www.linkedin.com\\\/company\\\/wucwo\\\/\",\"https:\\\/\\\/www.youtube.com\\\/@WUCWOUMOFC\",\"https:\\\/\\\/www.flickr.com\\\/photos\\\/203210007@N05\\\/albums\"]},{\"@type\":\"Person\",\"@id\":\"https:\\\/\\\/wucwo.org\\\/es\\\/#\\\/schema\\\/person\\\/36e189b76cc2f081eb3458e9a1f81183\",\"name\":\"communication\",\"image\":{\"@type\":\"ImageObject\",\"inLanguage\":\"es\",\"@id\":\"https:\\\/\\\/secure.gravatar.com\\\/avatar\\\/3db542db39feebb0fd43b726aab1c33917436e5f5a9e88f2295c0f1c34c59b48?s=96&d=mm&r=g\",\"url\":\"https:\\\/\\\/secure.gravatar.com\\\/avatar\\\/3db542db39feebb0fd43b726aab1c33917436e5f5a9e88f2295c0f1c34c59b48?s=96&d=mm&r=g\",\"contentUrl\":\"https:\\\/\\\/secure.gravatar.com\\\/avatar\\\/3db542db39feebb0fd43b726aab1c33917436e5f5a9e88f2295c0f1c34c59b48?s=96&d=mm&r=g\",\"caption\":\"communication\"},\"url\":\"https:\\\/\\\/wucwo.org\\\/es\\\/author\\\/communication\\\/\"}]}<\/script>\n<!-- \/ Yoast SEO plugin. -->","yoast_head_json":{"title":"Mujeres de fe: el mensaje de la Presidenta de la UMOFC en el webinar por el D\u00eda Internacional de la Mujer - WUCWO - UMOFC","robots":{"index":"index","follow":"follow","max-snippet":"max-snippet:-1","max-image-preview":"max-image-preview:large","max-video-preview":"max-video-preview:-1"},"canonical":"https:\/\/wucwo.org\/es\/mensaje-de-la-presidenta-de-la-umofc-por-el-dia-internacional-de-la-mujer\/","og_locale":"es_ES","og_type":"article","og_title":"Mujeres de fe: el mensaje de la Presidenta de la UMOFC en el webinar por el D\u00eda Internacional de la Mujer - WUCWO - UMOFC","og_description":"En el marco del webinar \u201cMujeres de fe: portadoras de paz y esperanza\u201d, organizado con motivo del D\u00eda Internacional de la Mujer, M\u00f3nica Santamarina, Presidenta de la UMOFC, comparti\u00f3 un profundo mensaje centrado en la paz, la esperanza y el compromiso de las mujeres en la construcci\u00f3n de un mundo m\u00e1s fraterno. Su intervenci\u00f3n invit\u00f3 [&hellip;]","og_url":"https:\/\/wucwo.org\/es\/mensaje-de-la-presidenta-de-la-umofc-por-el-dia-internacional-de-la-mujer\/","og_site_name":"WUCWO - UMOFC","article_publisher":"https:\/\/www.facebook.com\/worldunionofcatholicwomensorganisations\/","article_published_time":"2026-03-27T16:18:27+00:00","article_modified_time":"2026-04-28T08:39:17+00:00","og_image":[{"width":2560,"height":1664,"url":"https:\/\/wucwo.org\/wp-content\/uploads\/2026\/01\/00628_03062025-scaled.jpg","type":"image\/jpeg"}],"author":"communication","twitter_card":"summary_large_image","twitter_misc":{"Escrito por":"communication","Tiempo de lectura":"2 minutos"},"schema":{"@context":"https:\/\/schema.org","@graph":[{"@type":"Article","@id":"https:\/\/wucwo.org\/es\/mensaje-de-la-presidenta-de-la-umofc-por-el-dia-internacional-de-la-mujer\/#article","isPartOf":{"@id":"https:\/\/wucwo.org\/es\/mensaje-de-la-presidenta-de-la-umofc-por-el-dia-internacional-de-la-mujer\/"},"author":{"name":"communication","@id":"https:\/\/wucwo.org\/es\/#\/schema\/person\/36e189b76cc2f081eb3458e9a1f81183"},"headline":"Mujeres de fe: el mensaje de la Presidenta de la UMOFC en el webinar por el D\u00eda Internacional de la Mujer","datePublished":"2026-03-27T16:18:27+00:00","dateModified":"2026-04-28T08:39:17+00:00","mainEntityOfPage":{"@id":"https:\/\/wucwo.org\/es\/mensaje-de-la-presidenta-de-la-umofc-por-el-dia-internacional-de-la-mujer\/"},"wordCount":388,"commentCount":0,"publisher":{"@id":"https:\/\/wucwo.org\/es\/#organization"},"image":{"@id":"https:\/\/wucwo.org\/es\/mensaje-de-la-presidenta-de-la-umofc-por-el-dia-internacional-de-la-mujer\/#primaryimage"},"thumbnailUrl":"https:\/\/wucwo.org\/wp-content\/uploads\/2026\/01\/00628_03062025-scaled.jpg","articleSection":["Libertad Religiosa"],"inLanguage":"es","potentialAction":[{"@type":"CommentAction","name":"Comment","target":["https:\/\/wucwo.org\/es\/mensaje-de-la-presidenta-de-la-umofc-por-el-dia-internacional-de-la-mujer\/#respond"]}]},{"@type":"WebPage","@id":"https:\/\/wucwo.org\/es\/mensaje-de-la-presidenta-de-la-umofc-por-el-dia-internacional-de-la-mujer\/","url":"https:\/\/wucwo.org\/es\/mensaje-de-la-presidenta-de-la-umofc-por-el-dia-internacional-de-la-mujer\/","name":"Mujeres de fe: el mensaje de la Presidenta de la UMOFC en el webinar por el D\u00eda Internacional de la Mujer - WUCWO - UMOFC","isPartOf":{"@id":"https:\/\/wucwo.org\/es\/#website"},"primaryImageOfPage":{"@id":"https:\/\/wucwo.org\/es\/mensaje-de-la-presidenta-de-la-umofc-por-el-dia-internacional-de-la-mujer\/#primaryimage"},"image":{"@id":"https:\/\/wucwo.org\/es\/mensaje-de-la-presidenta-de-la-umofc-por-el-dia-internacional-de-la-mujer\/#primaryimage"},"thumbnailUrl":"https:\/\/wucwo.org\/wp-content\/uploads\/2026\/01\/00628_03062025-scaled.jpg","datePublished":"2026-03-27T16:18:27+00:00","dateModified":"2026-04-28T08:39:17+00:00","breadcrumb":{"@id":"https:\/\/wucwo.org\/es\/mensaje-de-la-presidenta-de-la-umofc-por-el-dia-internacional-de-la-mujer\/#breadcrumb"},"inLanguage":"es","potentialAction":[{"@type":"ReadAction","target":["https:\/\/wucwo.org\/es\/mensaje-de-la-presidenta-de-la-umofc-por-el-dia-internacional-de-la-mujer\/"]}]},{"@type":"ImageObject","inLanguage":"es","@id":"https:\/\/wucwo.org\/es\/mensaje-de-la-presidenta-de-la-umofc-por-el-dia-internacional-de-la-mujer\/#primaryimage","url":"https:\/\/wucwo.org\/wp-content\/uploads\/2026\/01\/00628_03062025-scaled.jpg","contentUrl":"https:\/\/wucwo.org\/wp-content\/uploads\/2026\/01\/00628_03062025-scaled.jpg","width":2560,"height":1664},{"@type":"BreadcrumbList","@id":"https:\/\/wucwo.org\/es\/mensaje-de-la-presidenta-de-la-umofc-por-el-dia-internacional-de-la-mujer\/#breadcrumb","itemListElement":[{"@type":"ListItem","position":1,"name":"Portada","item":"https:\/\/wucwo.org\/es\/"},{"@type":"ListItem","position":2,"name":"Mujeres de fe: el mensaje de la Presidenta de la UMOFC en el webinar por el D\u00eda Internacional de la Mujer"}]},{"@type":"WebSite","@id":"https:\/\/wucwo.org\/es\/#website","url":"https:\/\/wucwo.org\/es\/","name":"UMOFC","description":"","publisher":{"@id":"https:\/\/wucwo.org\/es\/#organization"},"potentialAction":[{"@type":"SearchAction","target":{"@type":"EntryPoint","urlTemplate":"https:\/\/wucwo.org\/es\/?s={search_term_string}"},"query-input":{"@type":"PropertyValueSpecification","valueRequired":true,"valueName":"search_term_string"}}],"inLanguage":"es"},{"@type":"Organization","@id":"https:\/\/wucwo.org\/es\/#organization","name":"UMOFC","url":"https:\/\/wucwo.org\/es\/","logo":{"@type":"ImageObject","inLanguage":"es","@id":"https:\/\/wucwo.org\/es\/#\/schema\/logo\/image\/","url":"https:\/\/wucwo.org\/wp-content\/uploads\/2025\/08\/Final-icono-scaled.png","contentUrl":"https:\/\/wucwo.org\/wp-content\/uploads\/2025\/08\/Final-icono-scaled.png","width":2560,"height":1811,"caption":"UMOFC"},"image":{"@id":"https:\/\/wucwo.org\/es\/#\/schema\/logo\/image\/"},"sameAs":["https:\/\/www.facebook.com\/worldunionofcatholicwomensorganisations\/","https:\/\/www.instagram.com\/wucwo_umofc\/","https:\/\/www.linkedin.com\/company\/wucwo\/","https:\/\/www.youtube.com\/@WUCWOUMOFC","https:\/\/www.flickr.com\/photos\/203210007@N05\/albums"]},{"@type":"Person","@id":"https:\/\/wucwo.org\/es\/#\/schema\/person\/36e189b76cc2f081eb3458e9a1f81183","name":"communication","image":{"@type":"ImageObject","inLanguage":"es","@id":"https:\/\/secure.gravatar.com\/avatar\/3db542db39feebb0fd43b726aab1c33917436e5f5a9e88f2295c0f1c34c59b48?s=96&d=mm&r=g","url":"https:\/\/secure.gravatar.com\/avatar\/3db542db39feebb0fd43b726aab1c33917436e5f5a9e88f2295c0f1c34c59b48?s=96&d=mm&r=g","contentUrl":"https:\/\/secure.gravatar.com\/avatar\/3db542db39feebb0fd43b726aab1c33917436e5f5a9e88f2295c0f1c34c59b48?s=96&d=mm&r=g","caption":"communication"},"url":"https:\/\/wucwo.org\/es\/author\/communication\/"}]}},"_links":{"self":[{"href":"https:\/\/wucwo.org\/es\/wp-json\/wp\/v2\/posts\/18955","targetHints":{"allow":["GET"]}}],"collection":[{"href":"https:\/\/wucwo.org\/es\/wp-json\/wp\/v2\/posts"}],"about":[{"href":"https:\/\/wucwo.org\/es\/wp-json\/wp\/v2\/types\/post"}],"author":[{"embeddable":true,"href":"https:\/\/wucwo.org\/es\/wp-json\/wp\/v2\/users\/3"}],"replies":[{"embeddable":true,"href":"https:\/\/wucwo.org\/es\/wp-json\/wp\/v2\/comments?post=18955"}],"version-history":[{"count":4,"href":"https:\/\/wucwo.org\/es\/wp-json\/wp\/v2\/posts\/18955\/revisions"}],"predecessor-version":[{"id":19188,"href":"https:\/\/wucwo.org\/es\/wp-json\/wp\/v2\/posts\/18955\/revisions\/19188"}],"wp:featuredmedia":[{"embeddable":true,"href":"https:\/\/wucwo.org\/es\/wp-json\/wp\/v2\/media\/17745"}],"wp:attachment":[{"href":"https:\/\/wucwo.org\/es\/wp-json\/wp\/v2\/media?parent=18955"}],"wp:term":[{"taxonomy":"category","embeddable":true,"href":"https:\/\/wucwo.org\/es\/wp-json\/wp\/v2\/categories?post=18955"},{"taxonomy":"post_tag","embeddable":true,"href":"https:\/\/wucwo.org\/es\/wp-json\/wp\/v2\/tags?post=18955"}],"curies":[{"name":"wp","href":"https:\/\/api.w.org\/{rel}","templated":true}]}}