{"id":19058,"date":"2026-03-25T14:54:34","date_gmt":"2026-03-25T13:54:34","guid":{"rendered":"https:\/\/wucwo.org\/?p=19058"},"modified":"2026-04-28T10:38:06","modified_gmt":"2026-04-28T08:38:06","slug":"laicos-y-consagrados","status":"publish","type":"post","link":"https:\/\/wucwo.org\/es\/laicos-y-consagrados\/","title":{"rendered":"Laicos y consagrados: corresponsables en la misi\u00f3n"},"content":{"rendered":"\n<p class=\"wp-block-paragraph\">En la vida de la Iglesia, laicos y consagrados ya colaboran activamente en m\u00faltiples \u00e1mbitos: la evangelizaci\u00f3n, la catequesis, la pastoral, la acci\u00f3n caritativa, la educaci\u00f3n y el acompa\u00f1amiento de personas y comunidades. Sin embargo, sigue siendo clave profundizar en c\u00f3mo estas dos vocaciones se complementan y c\u00f3mo pueden caminar juntas de manera m\u00e1s consciente en la misi\u00f3n com\u00fan.<\/p>\n\n\n\n<p class=\"wp-block-paragraph\">En este horizonte, la sinodalidad se presenta como un camino privilegiado para fortalecer la escucha, el discernimiento compartido y la corresponsabilidad. A trav\u00e9s de este proceso, es posible reconocer c\u00f3mo los diversos dones y carismas se integran y enriquecen mutuamente al servicio de la Iglesia.<\/p>\n\n\n\n<p class=\"wp-block-paragraph\">Como se\u00f1alaba el Papa Francisco:<\/p>\n\n\n\n<p class=\"wp-block-paragraph\">\u201cLo que tenemos que hacer todos: dar testimonio con nuestras vidas. Y corresponsabilizarnos de la misi\u00f3n de la Iglesia. Los laicos, los bautizados, est\u00e1n en la Iglesia en su propia casa, y tienen que cuidarla. Lo mismo que nosotros, los sacerdotes, los consagrados. Cada uno aportando lo que mejor sabe hacer. Somos corresponsables en la misi\u00f3n, participamos y vivimos en la comuni\u00f3n de la Iglesia\u201d.<\/p>\n\n\n\n<p class=\"wp-block-paragraph\">En esta misma l\u00ednea, el Papa Le\u00f3n XIV nos recuerda:<\/p>\n\n\n\n<p class=\"wp-block-paragraph\">\u201cNecesitamos una Iglesia donde todos se sientan responsables de la misi\u00f3n\u201d.<\/p>\n\n\n\n<p class=\"wp-block-paragraph\">En este contexto, la Escuela de Sinodalidad de la UMOFC llev\u00f3 a cabo un webinar titulado <em>\u201cLaicos y consagrados: corresponsables en la misi\u00f3n\u201d<\/em>, en el que se ofreci\u00f3 una reflexi\u00f3n sobre c\u00f3mo la sinodalidad, a trav\u00e9s de la corresponsabilidad, el discernimiento y el di\u00e1logo, puede fortalecer la colaboraci\u00f3n entre vocaciones. El encuentro permiti\u00f3 explorar \u00e1reas concretas de cooperaci\u00f3n y modos de potenciar una acci\u00f3n conjunta m\u00e1s consciente y eficaz en la misi\u00f3n de la Iglesia.&nbsp;<\/p>\n\n\n\n<figure class=\"wp-block-image size-large\"><img loading=\"lazy\" decoding=\"async\" width=\"1024\" height=\"385\" src=\"https:\/\/wucwo.org\/wp-content\/uploads\/2026\/04\/Screenshot-2026-03-24-at-5.06.39-PM-1-1024x385.png\" alt=\"\" class=\"wp-image-19062\" srcset=\"https:\/\/wucwo.org\/wp-content\/uploads\/2026\/04\/Screenshot-2026-03-24-at-5.06.39-PM-1-980x368.png 980w, https:\/\/wucwo.org\/wp-content\/uploads\/2026\/04\/Screenshot-2026-03-24-at-5.06.39-PM-1-480x180.png 480w\" sizes=\"(min-width: 0px) and (max-width: 480px) 480px, (min-width: 481px) and (max-width: 980px) 980px, (min-width: 981px) 1024px, 100vw\" \/><\/figure>\n\n\n\n<p class=\"wp-block-paragraph\">El encuentro cont\u00f3 con la participaci\u00f3n de destacadas ponentes internacionales. La Secretaria General Ejecutiva de la Sociedad del Sagrado Coraz\u00f3n de Jes\u00fas, Cuca Maset, subray\u00f3 que el paradigma sinodal nos invita a dar un paso : pasar de colaborar a caminar juntos en la misi\u00f3n. Desde la experiencia de gobierno en una congregaci\u00f3n religiosa, este cambio la ponente lo expresa en tres niveles: escucha, discernimiento compartido y corresponsabilidad.<\/p>\n\n\n\n<p class=\"wp-block-paragraph\">\u201cLo que estamos viendo y viviendo hoy es que la corresponsabilidad no consiste simplemente en colaborar mejor o en repartir tareas, sino en reconocer que la misi\u00f3n no pertenece a unos pocos, sino a todo el Pueblo de Dios. Y esto implica tambi\u00e9n un cambio interior importante: pasar de una l\u00f3gica de delegaci\u00f3n \u2014donde unos encargan y otros ejecutan\u2014 a una l\u00f3gica de participaci\u00f3n real, donde todos nos sentimos implicados en lo que se est\u00e1 viviendo y decidiendo.(\u2026) la misi\u00f3n se sostiene entre todos\u201d.<\/p>\n\n\n\n<p class=\"wp-block-paragraph\">Por su parte, la Canciller-Secretaria General del Obispado de Plasencia en Espa\u00f1a, M\u00aa Teresa Marcos Mart\u00edn, subray\u00f3 que la Di\u00f3cesis es un organismo vivo cimentado en la corresponsabilidad, d\u00f3nde el gobierno y la comunidad caminan juntos al servicio de la evangelizaci\u00f3n. La sinodalidad tal como la propone hoy la Iglesia, afirma, no es solo un m\u00e9todo organizativo, sino un estilo espiritual y eclesial que transforma la manera de relacionarse y de participar en la misi\u00f3n. Como canonista tambi\u00e9n resalt\u00f3 la importancia del Derecho can\u00f3nico y present\u00f3 distintas iniciativas de su di\u00f3cesis destinadas a promover la sinodalidad en esta fase de implementaci\u00f3n.<\/p>\n\n\n\n<p class=\"wp-block-paragraph\">Desde su visi\u00f3n, la Madre Mar\u00eda de F\u00e1tima Vieira, de las Siervas del Sant\u00edsimo Sacramento, destac\u00f3 el valor transformador de compartir entre todos la Palabra: \u201cCompartir lo que Dios me dice a m\u00ed, es lo que va tejiendo nuestras relaciones de hermanos\u201d. Resalt\u00f3 tambi\u00e9n como tema clave la conversi\u00f3n personal y de las relaciones, que nos lleve a mirarnos como hermanos en camino. \u201cSomos hijos de un Dios que es trinidad (\u2026) Lo que da todo el horizonte de la vida cristiana es ser bautizados en el misterio de la trinidad. En la trinidad, enfoc\u00e1ndolo desde el tema que estamos tomando, cada Uno es corresponsable\u2026adem\u00e1s con una corresponsabilidad muy diferenciada (\u2026) pero es unidad.\u201d<\/p>\n\n\n\n<p class=\"wp-block-paragraph\">A lo largo del di\u00e1logo, las panelistas compartieron perspectivas y experiencias sobre la importancia de avanzar hacia una Iglesia cada vez m\u00e1s participativa, en donde la colaboraci\u00f3n entre laicos y consagrados no se d\u00e9 \u201cdesde la periferia, si no desde dentro\u201d con cada persona sosteniendo el conjunto como algo propio.&nbsp;<\/p>\n\n\n\n<p class=\"wp-block-paragraph\">As\u00ed, el encuentro reafirm\u00f3 el llamado a seguir construyendo juntos una Iglesia sinodal, donde cada vocaci\u00f3n aporte al servicio de la misi\u00f3n com\u00fan.&nbsp;<\/p>\n\n\n\n<p class=\"wp-block-paragraph\"><\/p>\n\n\n\n<p class=\"wp-block-paragraph\"><em>Oficina de Comunicaci\u00f3n de la UMOFC<\/em><\/p>\n\n\n\n<figure class=\"wp-block-embed is-type-video is-provider-youtube wp-block-embed-youtube wp-embed-aspect-16-9 wp-has-aspect-ratio\"><div class=\"wp-block-embed__wrapper\">\n<iframe loading=\"lazy\" title=\"Webinar: Laicos y consagrados: corresponsables en la misi\u00f3n\" width=\"1080\" height=\"608\" src=\"https:\/\/www.youtube.com\/embed\/ZyZLE9yV4w4?feature=oembed\"  allow=\"accelerometer; autoplay; clipboard-write; encrypted-media; gyroscope; picture-in-picture; web-share\" referrerpolicy=\"strict-origin-when-cross-origin\" allowfullscreen><\/iframe>\n<\/div><\/figure>\n","protected":false},"excerpt":{"rendered":"<p>En la vida de la Iglesia, laicos y consagrados ya colaboran activamente en m\u00faltiples \u00e1mbitos: la evangelizaci\u00f3n, la catequesis, la pastoral, la acci\u00f3n caritativa, la educaci\u00f3n y el acompa\u00f1amiento de personas y comunidades. Sin embargo, sigue siendo clave profundizar en c\u00f3mo estas dos vocaciones se complementan y c\u00f3mo pueden caminar juntas de manera m\u00e1s consciente [&hellip;]<\/p>\n","protected":false},"author":3,"featured_media":18795,"comment_status":"open","ping_status":"open","sticky":false,"template":"","format":"standard","meta":{"_et_pb_use_builder":"off","_et_pb_old_content":"","_et_gb_content_width":"","footnotes":""},"categories":[142,127],"tags":[],"class_list":["post-19058","post","type-post","status-publish","format-standard","has-post-thumbnail","hentry","category-noticias-sinodalidad","category-noticias-wwo"],"yoast_head":"<!-- This site is optimized with the Yoast SEO plugin v27.8 - https:\/\/yoast.com\/product\/yoast-seo-wordpress\/ -->\n<title>Laicos y consagrados: corresponsables en la misi\u00f3n - WUCWO - UMOFC<\/title>\n<meta name=\"robots\" content=\"index, follow, max-snippet:-1, max-image-preview:large, max-video-preview:-1\" \/>\n<link rel=\"canonical\" href=\"https:\/\/wucwo.org\/es\/laicos-y-consagrados\/\" \/>\n<meta property=\"og:locale\" content=\"es_ES\" \/>\n<meta property=\"og:type\" content=\"article\" \/>\n<meta property=\"og:title\" content=\"Laicos y consagrados: corresponsables en la misi\u00f3n - WUCWO - UMOFC\" \/>\n<meta property=\"og:description\" content=\"En la vida de la Iglesia, laicos y consagrados ya colaboran activamente en m\u00faltiples \u00e1mbitos: la evangelizaci\u00f3n, la catequesis, la pastoral, la acci\u00f3n caritativa, la educaci\u00f3n y el acompa\u00f1amiento de personas y comunidades. Sin embargo, sigue siendo clave profundizar en c\u00f3mo estas dos vocaciones se complementan y c\u00f3mo pueden caminar juntas de manera m\u00e1s consciente [&hellip;]\" \/>\n<meta property=\"og:url\" content=\"https:\/\/wucwo.org\/es\/laicos-y-consagrados\/\" \/>\n<meta property=\"og:site_name\" content=\"WUCWO - UMOFC\" \/>\n<meta property=\"article:publisher\" content=\"https:\/\/www.facebook.com\/worldunionofcatholicwomensorganisations\/\" \/>\n<meta property=\"article:published_time\" content=\"2026-03-25T13:54:34+00:00\" \/>\n<meta property=\"article:modified_time\" content=\"2026-04-28T08:38:06+00:00\" \/>\n<meta property=\"og:image\" content=\"https:\/\/wucwo.org\/wp-content\/uploads\/2026\/03\/Lay-consacrated-1024x767.png\" \/>\n\t<meta property=\"og:image:width\" content=\"1024\" \/>\n\t<meta property=\"og:image:height\" content=\"767\" \/>\n\t<meta property=\"og:image:type\" content=\"image\/png\" \/>\n<meta name=\"author\" content=\"communication\" \/>\n<meta name=\"twitter:card\" content=\"summary_large_image\" \/>\n<meta name=\"twitter:label1\" content=\"Escrito por\" \/>\n\t<meta name=\"twitter:data1\" content=\"communication\" \/>\n\t<meta name=\"twitter:label2\" content=\"Tiempo de lectura\" \/>\n\t<meta name=\"twitter:data2\" content=\"4 minutos\" \/>\n<script type=\"application\/ld+json\" class=\"yoast-schema-graph\">{\"@context\":\"https:\\\/\\\/schema.org\",\"@graph\":[{\"@type\":\"Article\",\"@id\":\"https:\\\/\\\/wucwo.org\\\/es\\\/laicos-y-consagrados\\\/#article\",\"isPartOf\":{\"@id\":\"https:\\\/\\\/wucwo.org\\\/es\\\/laicos-y-consagrados\\\/\"},\"author\":{\"name\":\"communication\",\"@id\":\"https:\\\/\\\/wucwo.org\\\/es\\\/#\\\/schema\\\/person\\\/36e189b76cc2f081eb3458e9a1f81183\"},\"headline\":\"Laicos y consagrados: corresponsables en la misi\u00f3n\",\"datePublished\":\"2026-03-25T13:54:34+00:00\",\"dateModified\":\"2026-04-28T08:38:06+00:00\",\"mainEntityOfPage\":{\"@id\":\"https:\\\/\\\/wucwo.org\\\/es\\\/laicos-y-consagrados\\\/\"},\"wordCount\":802,\"commentCount\":0,\"publisher\":{\"@id\":\"https:\\\/\\\/wucwo.org\\\/es\\\/#organization\"},\"image\":{\"@id\":\"https:\\\/\\\/wucwo.org\\\/es\\\/laicos-y-consagrados\\\/#primaryimage\"},\"thumbnailUrl\":\"https:\\\/\\\/wucwo.org\\\/wp-content\\\/uploads\\\/2026\\\/03\\\/Lay-consacrated.png\",\"articleSection\":[\"Sinodalidad\",\"WWO\"],\"inLanguage\":\"es\",\"potentialAction\":[{\"@type\":\"CommentAction\",\"name\":\"Comment\",\"target\":[\"https:\\\/\\\/wucwo.org\\\/es\\\/laicos-y-consagrados\\\/#respond\"]}]},{\"@type\":\"WebPage\",\"@id\":\"https:\\\/\\\/wucwo.org\\\/es\\\/laicos-y-consagrados\\\/\",\"url\":\"https:\\\/\\\/wucwo.org\\\/es\\\/laicos-y-consagrados\\\/\",\"name\":\"Laicos y consagrados: corresponsables en la misi\u00f3n - WUCWO - UMOFC\",\"isPartOf\":{\"@id\":\"https:\\\/\\\/wucwo.org\\\/es\\\/#website\"},\"primaryImageOfPage\":{\"@id\":\"https:\\\/\\\/wucwo.org\\\/es\\\/laicos-y-consagrados\\\/#primaryimage\"},\"image\":{\"@id\":\"https:\\\/\\\/wucwo.org\\\/es\\\/laicos-y-consagrados\\\/#primaryimage\"},\"thumbnailUrl\":\"https:\\\/\\\/wucwo.org\\\/wp-content\\\/uploads\\\/2026\\\/03\\\/Lay-consacrated.png\",\"datePublished\":\"2026-03-25T13:54:34+00:00\",\"dateModified\":\"2026-04-28T08:38:06+00:00\",\"breadcrumb\":{\"@id\":\"https:\\\/\\\/wucwo.org\\\/es\\\/laicos-y-consagrados\\\/#breadcrumb\"},\"inLanguage\":\"es\",\"potentialAction\":[{\"@type\":\"ReadAction\",\"target\":[\"https:\\\/\\\/wucwo.org\\\/es\\\/laicos-y-consagrados\\\/\"]}]},{\"@type\":\"ImageObject\",\"inLanguage\":\"es\",\"@id\":\"https:\\\/\\\/wucwo.org\\\/es\\\/laicos-y-consagrados\\\/#primaryimage\",\"url\":\"https:\\\/\\\/wucwo.org\\\/wp-content\\\/uploads\\\/2026\\\/03\\\/Lay-consacrated.png\",\"contentUrl\":\"https:\\\/\\\/wucwo.org\\\/wp-content\\\/uploads\\\/2026\\\/03\\\/Lay-consacrated.png\",\"width\":1702,\"height\":1275},{\"@type\":\"BreadcrumbList\",\"@id\":\"https:\\\/\\\/wucwo.org\\\/es\\\/laicos-y-consagrados\\\/#breadcrumb\",\"itemListElement\":[{\"@type\":\"ListItem\",\"position\":1,\"name\":\"Portada\",\"item\":\"https:\\\/\\\/wucwo.org\\\/es\\\/\"},{\"@type\":\"ListItem\",\"position\":2,\"name\":\"Laicos y consagrados: corresponsables en la misi\u00f3n\"}]},{\"@type\":\"WebSite\",\"@id\":\"https:\\\/\\\/wucwo.org\\\/es\\\/#website\",\"url\":\"https:\\\/\\\/wucwo.org\\\/es\\\/\",\"name\":\"UMOFC\",\"description\":\"\",\"publisher\":{\"@id\":\"https:\\\/\\\/wucwo.org\\\/es\\\/#organization\"},\"potentialAction\":[{\"@type\":\"SearchAction\",\"target\":{\"@type\":\"EntryPoint\",\"urlTemplate\":\"https:\\\/\\\/wucwo.org\\\/es\\\/?s={search_term_string}\"},\"query-input\":{\"@type\":\"PropertyValueSpecification\",\"valueRequired\":true,\"valueName\":\"search_term_string\"}}],\"inLanguage\":\"es\"},{\"@type\":\"Organization\",\"@id\":\"https:\\\/\\\/wucwo.org\\\/es\\\/#organization\",\"name\":\"UMOFC\",\"url\":\"https:\\\/\\\/wucwo.org\\\/es\\\/\",\"logo\":{\"@type\":\"ImageObject\",\"inLanguage\":\"es\",\"@id\":\"https:\\\/\\\/wucwo.org\\\/es\\\/#\\\/schema\\\/logo\\\/image\\\/\",\"url\":\"https:\\\/\\\/wucwo.org\\\/wp-content\\\/uploads\\\/2025\\\/08\\\/Final-icono-scaled.png\",\"contentUrl\":\"https:\\\/\\\/wucwo.org\\\/wp-content\\\/uploads\\\/2025\\\/08\\\/Final-icono-scaled.png\",\"width\":2560,\"height\":1811,\"caption\":\"UMOFC\"},\"image\":{\"@id\":\"https:\\\/\\\/wucwo.org\\\/es\\\/#\\\/schema\\\/logo\\\/image\\\/\"},\"sameAs\":[\"https:\\\/\\\/www.facebook.com\\\/worldunionofcatholicwomensorganisations\\\/\",\"https:\\\/\\\/www.instagram.com\\\/wucwo_umofc\\\/\",\"https:\\\/\\\/www.linkedin.com\\\/company\\\/wucwo\\\/\",\"https:\\\/\\\/www.youtube.com\\\/@WUCWOUMOFC\",\"https:\\\/\\\/www.flickr.com\\\/photos\\\/203210007@N05\\\/albums\"]},{\"@type\":\"Person\",\"@id\":\"https:\\\/\\\/wucwo.org\\\/es\\\/#\\\/schema\\\/person\\\/36e189b76cc2f081eb3458e9a1f81183\",\"name\":\"communication\",\"image\":{\"@type\":\"ImageObject\",\"inLanguage\":\"es\",\"@id\":\"https:\\\/\\\/secure.gravatar.com\\\/avatar\\\/3db542db39feebb0fd43b726aab1c33917436e5f5a9e88f2295c0f1c34c59b48?s=96&d=mm&r=g\",\"url\":\"https:\\\/\\\/secure.gravatar.com\\\/avatar\\\/3db542db39feebb0fd43b726aab1c33917436e5f5a9e88f2295c0f1c34c59b48?s=96&d=mm&r=g\",\"contentUrl\":\"https:\\\/\\\/secure.gravatar.com\\\/avatar\\\/3db542db39feebb0fd43b726aab1c33917436e5f5a9e88f2295c0f1c34c59b48?s=96&d=mm&r=g\",\"caption\":\"communication\"},\"url\":\"https:\\\/\\\/wucwo.org\\\/es\\\/author\\\/communication\\\/\"}]}<\/script>\n<!-- \/ Yoast SEO plugin. -->","yoast_head_json":{"title":"Laicos y consagrados: corresponsables en la misi\u00f3n - WUCWO - UMOFC","robots":{"index":"index","follow":"follow","max-snippet":"max-snippet:-1","max-image-preview":"max-image-preview:large","max-video-preview":"max-video-preview:-1"},"canonical":"https:\/\/wucwo.org\/es\/laicos-y-consagrados\/","og_locale":"es_ES","og_type":"article","og_title":"Laicos y consagrados: corresponsables en la misi\u00f3n - WUCWO - UMOFC","og_description":"En la vida de la Iglesia, laicos y consagrados ya colaboran activamente en m\u00faltiples \u00e1mbitos: la evangelizaci\u00f3n, la catequesis, la pastoral, la acci\u00f3n caritativa, la educaci\u00f3n y el acompa\u00f1amiento de personas y comunidades. Sin embargo, sigue siendo clave profundizar en c\u00f3mo estas dos vocaciones se complementan y c\u00f3mo pueden caminar juntas de manera m\u00e1s consciente [&hellip;]","og_url":"https:\/\/wucwo.org\/es\/laicos-y-consagrados\/","og_site_name":"WUCWO - UMOFC","article_publisher":"https:\/\/www.facebook.com\/worldunionofcatholicwomensorganisations\/","article_published_time":"2026-03-25T13:54:34+00:00","article_modified_time":"2026-04-28T08:38:06+00:00","og_image":[{"width":1024,"height":767,"url":"https:\/\/wucwo.org\/wp-content\/uploads\/2026\/03\/Lay-consacrated-1024x767.png","type":"image\/png"}],"author":"communication","twitter_card":"summary_large_image","twitter_misc":{"Escrito por":"communication","Tiempo de lectura":"4 minutos"},"schema":{"@context":"https:\/\/schema.org","@graph":[{"@type":"Article","@id":"https:\/\/wucwo.org\/es\/laicos-y-consagrados\/#article","isPartOf":{"@id":"https:\/\/wucwo.org\/es\/laicos-y-consagrados\/"},"author":{"name":"communication","@id":"https:\/\/wucwo.org\/es\/#\/schema\/person\/36e189b76cc2f081eb3458e9a1f81183"},"headline":"Laicos y consagrados: corresponsables en la misi\u00f3n","datePublished":"2026-03-25T13:54:34+00:00","dateModified":"2026-04-28T08:38:06+00:00","mainEntityOfPage":{"@id":"https:\/\/wucwo.org\/es\/laicos-y-consagrados\/"},"wordCount":802,"commentCount":0,"publisher":{"@id":"https:\/\/wucwo.org\/es\/#organization"},"image":{"@id":"https:\/\/wucwo.org\/es\/laicos-y-consagrados\/#primaryimage"},"thumbnailUrl":"https:\/\/wucwo.org\/wp-content\/uploads\/2026\/03\/Lay-consacrated.png","articleSection":["Sinodalidad","WWO"],"inLanguage":"es","potentialAction":[{"@type":"CommentAction","name":"Comment","target":["https:\/\/wucwo.org\/es\/laicos-y-consagrados\/#respond"]}]},{"@type":"WebPage","@id":"https:\/\/wucwo.org\/es\/laicos-y-consagrados\/","url":"https:\/\/wucwo.org\/es\/laicos-y-consagrados\/","name":"Laicos y consagrados: corresponsables en la misi\u00f3n - WUCWO - UMOFC","isPartOf":{"@id":"https:\/\/wucwo.org\/es\/#website"},"primaryImageOfPage":{"@id":"https:\/\/wucwo.org\/es\/laicos-y-consagrados\/#primaryimage"},"image":{"@id":"https:\/\/wucwo.org\/es\/laicos-y-consagrados\/#primaryimage"},"thumbnailUrl":"https:\/\/wucwo.org\/wp-content\/uploads\/2026\/03\/Lay-consacrated.png","datePublished":"2026-03-25T13:54:34+00:00","dateModified":"2026-04-28T08:38:06+00:00","breadcrumb":{"@id":"https:\/\/wucwo.org\/es\/laicos-y-consagrados\/#breadcrumb"},"inLanguage":"es","potentialAction":[{"@type":"ReadAction","target":["https:\/\/wucwo.org\/es\/laicos-y-consagrados\/"]}]},{"@type":"ImageObject","inLanguage":"es","@id":"https:\/\/wucwo.org\/es\/laicos-y-consagrados\/#primaryimage","url":"https:\/\/wucwo.org\/wp-content\/uploads\/2026\/03\/Lay-consacrated.png","contentUrl":"https:\/\/wucwo.org\/wp-content\/uploads\/2026\/03\/Lay-consacrated.png","width":1702,"height":1275},{"@type":"BreadcrumbList","@id":"https:\/\/wucwo.org\/es\/laicos-y-consagrados\/#breadcrumb","itemListElement":[{"@type":"ListItem","position":1,"name":"Portada","item":"https:\/\/wucwo.org\/es\/"},{"@type":"ListItem","position":2,"name":"Laicos y consagrados: corresponsables en la misi\u00f3n"}]},{"@type":"WebSite","@id":"https:\/\/wucwo.org\/es\/#website","url":"https:\/\/wucwo.org\/es\/","name":"UMOFC","description":"","publisher":{"@id":"https:\/\/wucwo.org\/es\/#organization"},"potentialAction":[{"@type":"SearchAction","target":{"@type":"EntryPoint","urlTemplate":"https:\/\/wucwo.org\/es\/?s={search_term_string}"},"query-input":{"@type":"PropertyValueSpecification","valueRequired":true,"valueName":"search_term_string"}}],"inLanguage":"es"},{"@type":"Organization","@id":"https:\/\/wucwo.org\/es\/#organization","name":"UMOFC","url":"https:\/\/wucwo.org\/es\/","logo":{"@type":"ImageObject","inLanguage":"es","@id":"https:\/\/wucwo.org\/es\/#\/schema\/logo\/image\/","url":"https:\/\/wucwo.org\/wp-content\/uploads\/2025\/08\/Final-icono-scaled.png","contentUrl":"https:\/\/wucwo.org\/wp-content\/uploads\/2025\/08\/Final-icono-scaled.png","width":2560,"height":1811,"caption":"UMOFC"},"image":{"@id":"https:\/\/wucwo.org\/es\/#\/schema\/logo\/image\/"},"sameAs":["https:\/\/www.facebook.com\/worldunionofcatholicwomensorganisations\/","https:\/\/www.instagram.com\/wucwo_umofc\/","https:\/\/www.linkedin.com\/company\/wucwo\/","https:\/\/www.youtube.com\/@WUCWOUMOFC","https:\/\/www.flickr.com\/photos\/203210007@N05\/albums"]},{"@type":"Person","@id":"https:\/\/wucwo.org\/es\/#\/schema\/person\/36e189b76cc2f081eb3458e9a1f81183","name":"communication","image":{"@type":"ImageObject","inLanguage":"es","@id":"https:\/\/secure.gravatar.com\/avatar\/3db542db39feebb0fd43b726aab1c33917436e5f5a9e88f2295c0f1c34c59b48?s=96&d=mm&r=g","url":"https:\/\/secure.gravatar.com\/avatar\/3db542db39feebb0fd43b726aab1c33917436e5f5a9e88f2295c0f1c34c59b48?s=96&d=mm&r=g","contentUrl":"https:\/\/secure.gravatar.com\/avatar\/3db542db39feebb0fd43b726aab1c33917436e5f5a9e88f2295c0f1c34c59b48?s=96&d=mm&r=g","caption":"communication"},"url":"https:\/\/wucwo.org\/es\/author\/communication\/"}]}},"_links":{"self":[{"href":"https:\/\/wucwo.org\/es\/wp-json\/wp\/v2\/posts\/19058","targetHints":{"allow":["GET"]}}],"collection":[{"href":"https:\/\/wucwo.org\/es\/wp-json\/wp\/v2\/posts"}],"about":[{"href":"https:\/\/wucwo.org\/es\/wp-json\/wp\/v2\/types\/post"}],"author":[{"embeddable":true,"href":"https:\/\/wucwo.org\/es\/wp-json\/wp\/v2\/users\/3"}],"replies":[{"embeddable":true,"href":"https:\/\/wucwo.org\/es\/wp-json\/wp\/v2\/comments?post=19058"}],"version-history":[{"count":1,"href":"https:\/\/wucwo.org\/es\/wp-json\/wp\/v2\/posts\/19058\/revisions"}],"predecessor-version":[{"id":19066,"href":"https:\/\/wucwo.org\/es\/wp-json\/wp\/v2\/posts\/19058\/revisions\/19066"}],"wp:featuredmedia":[{"embeddable":true,"href":"https:\/\/wucwo.org\/es\/wp-json\/wp\/v2\/media\/18795"}],"wp:attachment":[{"href":"https:\/\/wucwo.org\/es\/wp-json\/wp\/v2\/media?parent=19058"}],"wp:term":[{"taxonomy":"category","embeddable":true,"href":"https:\/\/wucwo.org\/es\/wp-json\/wp\/v2\/categories?post=19058"},{"taxonomy":"post_tag","embeddable":true,"href":"https:\/\/wucwo.org\/es\/wp-json\/wp\/v2\/tags?post=19058"}],"curies":[{"name":"wp","href":"https:\/\/api.w.org\/{rel}","templated":true}]}}