{"id":19531,"date":"2026-05-19T12:22:09","date_gmt":"2026-05-19T10:22:09","guid":{"rendered":"https:\/\/wucwo.org\/?p=19531"},"modified":"2026-06-03T09:18:52","modified_gmt":"2026-06-03T07:18:52","slug":"semana-laudato-si-2026","status":"publish","type":"post","link":"https:\/\/wucwo.org\/es\/semana-laudato-si-2026\/","title":{"rendered":"Semana Laudato Si\u2019 2026"},"content":{"rendered":"\n<h3 class=\"wp-block-heading has-text-align-center\"><em>De la esperanza a la acci\u00f3n<\/em><\/h3>\n\n\n\n<p class=\"wp-block-paragraph\">Esta semana celebramos&nbsp;<strong>la Semana Laudato Si\u2019 2026<\/strong>, bajo el lema&nbsp;<strong>\u201cDe la esperanza a la acci\u00f3n\u201d<\/strong>, una invitaci\u00f3n mundial a transformar la esperanza en compromiso concreto. Se trata de una celebraci\u00f3n global de oraci\u00f3n, reflexi\u00f3n y acci\u00f3n en favor de nuestra casa com\u00fan.<\/p>\n\n\n\n<p class=\"wp-block-paragraph\">La esperanza no es pasiva; se vive y se comparte a trav\u00e9s de nuestras decisiones diarias, la vida en comunidad, la oraci\u00f3n y acciones concretas para el cuidado de nuestra casa com\u00fan.<\/p>\n\n\n\n<p class=\"wp-block-paragraph\">Desde la UMOFC queremos invitarlas a utilizar este <strong>Examen Ecol\u00f3gico<\/strong>, una herramienta de reflexi\u00f3n inspirada en el llamado del Papa Francisco en <em>Laudato Si\u2019<\/em>, para cuidar la creaci\u00f3n y reconciliar nuestra relaci\u00f3n con Dios, con la creaci\u00f3n y entre nosotros. Puede utilizarse como oraci\u00f3n personal o durante reuniones y encuentros comunitarios. Asimismo, las invitamos a difundir esta herramienta.<\/p>\n\n\n\n<h3 class=\"wp-block-heading\">Examen Ecol\u00f3gico<\/h3>\n\n\n\n<p class=\"wp-block-paragraph\"><\/p>\n\n\n\n<h4 class=\"wp-block-heading\">Doy gracias a Dios por la Creaci\u00f3n y por haber sido maravillosamente hecho\/a.<\/h4>\n\n\n\n<p class=\"wp-block-paragraph\"><em>(D\u00f3nde siento hoy la presencia de Dios en la Creaci\u00f3n?<\/em><\/p>\n\n\n\n<h4 class=\"wp-block-heading\">Pido la gracia de ver a la Creaci\u00f3n como lo hace Dios &#8211; en todo su esplendor y sufrimiento.<\/h4>\n\n\n\n<p class=\"wp-block-paragraph\"><em>\u00bfSoy capaz de ver la belleza de la Creaci\u00f3n y y de escuchar los gritos de la Tierra y de los pobres?<\/em><\/p>\n\n\n\n<h4 class=\"wp-block-heading\">Pido la gracia de mirar de cerca c\u00f3mo las decisiones de vida afectan a la Creaci\u00f3n y a los m\u00e1s pobres y vulnerables.<\/h4>\n\n\n\n<p class=\"wp-block-paragraph\"><em>Qu\u00e9 desaf\u00edos o alegr\u00edas experimento cuando recuerdo mi cuidado por la Creaci\u00f3n? \u00bfC\u00f3mo puedo alejarme de la cultura del descarte y en su lugar ser solidario con la Creaci\u00f3n y los pobres?<\/em><\/p>\n\n\n\n<h4 class=\"wp-block-heading\">Pido la gracia de la conversi\u00f3n en torno a la justicia ecol\u00f3gica y la reconciliaci\u00f3n. <\/h4>\n\n\n\n<p class=\"wp-block-paragraph\"><em>\u00bfDonde he fallado en cuidar la Creaci\u00f3n y mis hermanos y hermanas? \u00bfC\u00f3mo pido convertirme de coraz\u00f3n?<\/em><\/p>\n\n\n\n<h4 class=\"wp-block-heading\">Pido la gracia de reconciliar mi relaci\u00f3n con Dios, la Creaci\u00f3n y la humanidad, y para solidarizarme a trav\u00e9s de mis acciones. <\/h4>\n\n\n\n<p class=\"wp-block-paragraph\"><em>\u00bfC\u00f3mo puedo enmendar mi relaci\u00f3n con la Creaci\u00f3n y tomar decisiones consistentes con mi deseo de reconciliarme con la Creaci\u00f3n?<\/em><\/p>\n\n\n\n<h4 class=\"wp-block-heading\">Ofrezco una oraci\u00f3n de cierre por la Tierra y los m\u00e1s vulnerables de nuestra sociedad.<\/h4>\n\n\n\n<p class=\"wp-block-paragraph\"><\/p>\n\n\n\n<h3 class=\"wp-block-heading\">WUCWO Planting Hope<\/h3>\n\n\n\n<p class=\"wp-block-paragraph\">Desde el Grupo de Trabajo sobre Ecolog\u00eda de la UMOFC continuamos promoviendo la campa\u00f1a&nbsp;<strong>\u201cWUCWO Planting Hope\u201d (\u201cUMOFC Plantando Esperanza\u201d)<\/strong>. A\u00fan estamos a tiempo de lograr un gran impacto&nbsp;antes de nuestra&nbsp;<strong>pr\u00f3xima Asamblea General<\/strong>. Somos m\u00e1s de 8 millones de mujeres en todo el mundo y, juntas, podemos contribuir al cuidado de nuestro planeta. <\/p>\n\n\n\n<p class=\"wp-block-paragraph\">Hasta el momento vamos 36,615 \u00e1rboles. <\/p>\n\n\n\n<p class=\"wp-block-paragraph\">Invitamos a&nbsp;<strong>cada mujer de la UMOFC a plantar al menos un \u00e1rbol<\/strong>&nbsp;e invitar a sus amigos y familiares a sumarse a esta iniciativa.<\/p>\n\n\n\n<div class=\"wp-block-buttons is-layout-flex wp-block-buttons-is-layout-flex\">\n<div class=\"wp-block-button\"><a class=\"wp-block-button__link has-text-align-center wp-element-button\" href=\"https:\/\/wucwo.org\/es\/ecologia\/\">Ver m\u00e1s de la campa\u00f1a<\/a><\/div>\n<\/div>\n\n\n\n<p class=\"wp-block-paragraph\"><\/p>\n\n\n\n<p class=\"wp-block-paragraph\"><em><strong>Que esta semana nos ayude a tomar mayor conciencia de la importancia de cuidar nuestro planeta y a utilizar nuestras voces para seguir promoviendo la esperanza.<\/strong><\/em><\/p>\n","protected":false},"excerpt":{"rendered":"<p>De la esperanza a la acci\u00f3n Esta semana celebramos&nbsp;la Semana Laudato Si\u2019 2026, bajo el lema&nbsp;\u201cDe la esperanza a la acci\u00f3n\u201d, una invitaci\u00f3n mundial a transformar la esperanza en compromiso concreto. Se trata de una celebraci\u00f3n global de oraci\u00f3n, reflexi\u00f3n y acci\u00f3n en favor de nuestra casa com\u00fan. La esperanza no es pasiva; se vive [&hellip;]<\/p>\n","protected":false},"author":3,"featured_media":19534,"comment_status":"open","ping_status":"open","sticky":false,"template":"","format":"standard","meta":{"_et_pb_use_builder":"","_et_pb_old_content":"","_et_gb_content_width":"","footnotes":""},"categories":[160],"tags":[],"class_list":["post-19531","post","type-post","status-publish","format-standard","has-post-thumbnail","hentry","category-eventos-ecologia"],"yoast_head":"<!-- This site is optimized with the Yoast SEO plugin v27.8 - https:\/\/yoast.com\/product\/yoast-seo-wordpress\/ -->\n<title>Semana Laudato Si\u2019 2026 - WUCWO - UMOFC<\/title>\n<meta name=\"robots\" content=\"index, follow, max-snippet:-1, max-image-preview:large, max-video-preview:-1\" \/>\n<link rel=\"canonical\" href=\"https:\/\/wucwo.org\/es\/semana-laudato-si-2026\/\" \/>\n<meta property=\"og:locale\" content=\"es_ES\" \/>\n<meta property=\"og:type\" content=\"article\" \/>\n<meta property=\"og:title\" content=\"Semana Laudato Si\u2019 2026 - WUCWO - UMOFC\" \/>\n<meta property=\"og:description\" content=\"De la esperanza a la acci\u00f3n Esta semana celebramos&nbsp;la Semana Laudato Si\u2019 2026, bajo el lema&nbsp;\u201cDe la esperanza a la acci\u00f3n\u201d, una invitaci\u00f3n mundial a transformar la esperanza en compromiso concreto. Se trata de una celebraci\u00f3n global de oraci\u00f3n, reflexi\u00f3n y acci\u00f3n en favor de nuestra casa com\u00fan. La esperanza no es pasiva; se vive [&hellip;]\" \/>\n<meta property=\"og:url\" content=\"https:\/\/wucwo.org\/es\/semana-laudato-si-2026\/\" \/>\n<meta property=\"og:site_name\" content=\"WUCWO - UMOFC\" \/>\n<meta property=\"article:publisher\" content=\"https:\/\/www.facebook.com\/worldunionofcatholicwomensorganisations\/\" \/>\n<meta property=\"article:published_time\" content=\"2026-05-19T10:22:09+00:00\" \/>\n<meta property=\"article:modified_time\" content=\"2026-06-03T07:18:52+00:00\" \/>\n<meta property=\"og:image\" content=\"https:\/\/wucwo.org\/wp-content\/uploads\/2026\/05\/1-1.jpg\" \/>\n\t<meta property=\"og:image:width\" content=\"1024\" \/>\n\t<meta property=\"og:image:height\" content=\"573\" \/>\n\t<meta property=\"og:image:type\" content=\"image\/jpeg\" \/>\n<meta name=\"author\" content=\"communication\" \/>\n<meta name=\"twitter:card\" content=\"summary_large_image\" \/>\n<meta name=\"twitter:label1\" content=\"Escrito por\" \/>\n\t<meta name=\"twitter:data1\" content=\"communication\" \/>\n\t<meta name=\"twitter:label2\" content=\"Tiempo de lectura\" \/>\n\t<meta name=\"twitter:data2\" content=\"3 minutos\" \/>\n<script type=\"application\/ld+json\" class=\"yoast-schema-graph\">{\"@context\":\"https:\\\/\\\/schema.org\",\"@graph\":[{\"@type\":\"Article\",\"@id\":\"https:\\\/\\\/wucwo.org\\\/es\\\/semana-laudato-si-2026\\\/#article\",\"isPartOf\":{\"@id\":\"https:\\\/\\\/wucwo.org\\\/es\\\/semana-laudato-si-2026\\\/\"},\"author\":{\"name\":\"communication\",\"@id\":\"https:\\\/\\\/wucwo.org\\\/es\\\/#\\\/schema\\\/person\\\/36e189b76cc2f081eb3458e9a1f81183\"},\"headline\":\"Semana Laudato Si\u2019 2026\",\"datePublished\":\"2026-05-19T10:22:09+00:00\",\"dateModified\":\"2026-06-03T07:18:52+00:00\",\"mainEntityOfPage\":{\"@id\":\"https:\\\/\\\/wucwo.org\\\/es\\\/semana-laudato-si-2026\\\/\"},\"wordCount\":531,\"commentCount\":0,\"publisher\":{\"@id\":\"https:\\\/\\\/wucwo.org\\\/es\\\/#organization\"},\"image\":{\"@id\":\"https:\\\/\\\/wucwo.org\\\/es\\\/semana-laudato-si-2026\\\/#primaryimage\"},\"thumbnailUrl\":\"https:\\\/\\\/wucwo.org\\\/wp-content\\\/uploads\\\/2026\\\/05\\\/1-1.jpg\",\"articleSection\":[\"Ecolog\u00eda\"],\"inLanguage\":\"es\",\"potentialAction\":[{\"@type\":\"CommentAction\",\"name\":\"Comment\",\"target\":[\"https:\\\/\\\/wucwo.org\\\/es\\\/semana-laudato-si-2026\\\/#respond\"]}]},{\"@type\":\"WebPage\",\"@id\":\"https:\\\/\\\/wucwo.org\\\/es\\\/semana-laudato-si-2026\\\/\",\"url\":\"https:\\\/\\\/wucwo.org\\\/es\\\/semana-laudato-si-2026\\\/\",\"name\":\"Semana Laudato Si\u2019 2026 - WUCWO - UMOFC\",\"isPartOf\":{\"@id\":\"https:\\\/\\\/wucwo.org\\\/es\\\/#website\"},\"primaryImageOfPage\":{\"@id\":\"https:\\\/\\\/wucwo.org\\\/es\\\/semana-laudato-si-2026\\\/#primaryimage\"},\"image\":{\"@id\":\"https:\\\/\\\/wucwo.org\\\/es\\\/semana-laudato-si-2026\\\/#primaryimage\"},\"thumbnailUrl\":\"https:\\\/\\\/wucwo.org\\\/wp-content\\\/uploads\\\/2026\\\/05\\\/1-1.jpg\",\"datePublished\":\"2026-05-19T10:22:09+00:00\",\"dateModified\":\"2026-06-03T07:18:52+00:00\",\"breadcrumb\":{\"@id\":\"https:\\\/\\\/wucwo.org\\\/es\\\/semana-laudato-si-2026\\\/#breadcrumb\"},\"inLanguage\":\"es\",\"potentialAction\":[{\"@type\":\"ReadAction\",\"target\":[\"https:\\\/\\\/wucwo.org\\\/es\\\/semana-laudato-si-2026\\\/\"]}]},{\"@type\":\"ImageObject\",\"inLanguage\":\"es\",\"@id\":\"https:\\\/\\\/wucwo.org\\\/es\\\/semana-laudato-si-2026\\\/#primaryimage\",\"url\":\"https:\\\/\\\/wucwo.org\\\/wp-content\\\/uploads\\\/2026\\\/05\\\/1-1.jpg\",\"contentUrl\":\"https:\\\/\\\/wucwo.org\\\/wp-content\\\/uploads\\\/2026\\\/05\\\/1-1.jpg\",\"width\":1024,\"height\":573},{\"@type\":\"BreadcrumbList\",\"@id\":\"https:\\\/\\\/wucwo.org\\\/es\\\/semana-laudato-si-2026\\\/#breadcrumb\",\"itemListElement\":[{\"@type\":\"ListItem\",\"position\":1,\"name\":\"Portada\",\"item\":\"https:\\\/\\\/wucwo.org\\\/es\\\/\"},{\"@type\":\"ListItem\",\"position\":2,\"name\":\"Semana Laudato Si\u2019 2026\"}]},{\"@type\":\"WebSite\",\"@id\":\"https:\\\/\\\/wucwo.org\\\/es\\\/#website\",\"url\":\"https:\\\/\\\/wucwo.org\\\/es\\\/\",\"name\":\"UMOFC\",\"description\":\"\",\"publisher\":{\"@id\":\"https:\\\/\\\/wucwo.org\\\/es\\\/#organization\"},\"potentialAction\":[{\"@type\":\"SearchAction\",\"target\":{\"@type\":\"EntryPoint\",\"urlTemplate\":\"https:\\\/\\\/wucwo.org\\\/es\\\/?s={search_term_string}\"},\"query-input\":{\"@type\":\"PropertyValueSpecification\",\"valueRequired\":true,\"valueName\":\"search_term_string\"}}],\"inLanguage\":\"es\"},{\"@type\":\"Organization\",\"@id\":\"https:\\\/\\\/wucwo.org\\\/es\\\/#organization\",\"name\":\"UMOFC\",\"url\":\"https:\\\/\\\/wucwo.org\\\/es\\\/\",\"logo\":{\"@type\":\"ImageObject\",\"inLanguage\":\"es\",\"@id\":\"https:\\\/\\\/wucwo.org\\\/es\\\/#\\\/schema\\\/logo\\\/image\\\/\",\"url\":\"https:\\\/\\\/wucwo.org\\\/wp-content\\\/uploads\\\/2025\\\/08\\\/Final-icono-scaled.png\",\"contentUrl\":\"https:\\\/\\\/wucwo.org\\\/wp-content\\\/uploads\\\/2025\\\/08\\\/Final-icono-scaled.png\",\"width\":2560,\"height\":1811,\"caption\":\"UMOFC\"},\"image\":{\"@id\":\"https:\\\/\\\/wucwo.org\\\/es\\\/#\\\/schema\\\/logo\\\/image\\\/\"},\"sameAs\":[\"https:\\\/\\\/www.facebook.com\\\/worldunionofcatholicwomensorganisations\\\/\",\"https:\\\/\\\/www.instagram.com\\\/wucwo_umofc\\\/\",\"https:\\\/\\\/www.linkedin.com\\\/company\\\/wucwo\\\/\",\"https:\\\/\\\/www.youtube.com\\\/@WUCWOUMOFC\",\"https:\\\/\\\/www.flickr.com\\\/photos\\\/203210007@N05\\\/albums\"]},{\"@type\":\"Person\",\"@id\":\"https:\\\/\\\/wucwo.org\\\/es\\\/#\\\/schema\\\/person\\\/36e189b76cc2f081eb3458e9a1f81183\",\"name\":\"communication\",\"image\":{\"@type\":\"ImageObject\",\"inLanguage\":\"es\",\"@id\":\"https:\\\/\\\/secure.gravatar.com\\\/avatar\\\/3db542db39feebb0fd43b726aab1c33917436e5f5a9e88f2295c0f1c34c59b48?s=96&d=mm&r=g\",\"url\":\"https:\\\/\\\/secure.gravatar.com\\\/avatar\\\/3db542db39feebb0fd43b726aab1c33917436e5f5a9e88f2295c0f1c34c59b48?s=96&d=mm&r=g\",\"contentUrl\":\"https:\\\/\\\/secure.gravatar.com\\\/avatar\\\/3db542db39feebb0fd43b726aab1c33917436e5f5a9e88f2295c0f1c34c59b48?s=96&d=mm&r=g\",\"caption\":\"communication\"},\"url\":\"https:\\\/\\\/wucwo.org\\\/es\\\/author\\\/communication\\\/\"}]}<\/script>\n<!-- \/ Yoast SEO plugin. -->","yoast_head_json":{"title":"Semana Laudato Si\u2019 2026 - WUCWO - UMOFC","robots":{"index":"index","follow":"follow","max-snippet":"max-snippet:-1","max-image-preview":"max-image-preview:large","max-video-preview":"max-video-preview:-1"},"canonical":"https:\/\/wucwo.org\/es\/semana-laudato-si-2026\/","og_locale":"es_ES","og_type":"article","og_title":"Semana Laudato Si\u2019 2026 - WUCWO - UMOFC","og_description":"De la esperanza a la acci\u00f3n Esta semana celebramos&nbsp;la Semana Laudato Si\u2019 2026, bajo el lema&nbsp;\u201cDe la esperanza a la acci\u00f3n\u201d, una invitaci\u00f3n mundial a transformar la esperanza en compromiso concreto. Se trata de una celebraci\u00f3n global de oraci\u00f3n, reflexi\u00f3n y acci\u00f3n en favor de nuestra casa com\u00fan. La esperanza no es pasiva; se vive [&hellip;]","og_url":"https:\/\/wucwo.org\/es\/semana-laudato-si-2026\/","og_site_name":"WUCWO - UMOFC","article_publisher":"https:\/\/www.facebook.com\/worldunionofcatholicwomensorganisations\/","article_published_time":"2026-05-19T10:22:09+00:00","article_modified_time":"2026-06-03T07:18:52+00:00","og_image":[{"width":1024,"height":573,"url":"https:\/\/wucwo.org\/wp-content\/uploads\/2026\/05\/1-1.jpg","type":"image\/jpeg"}],"author":"communication","twitter_card":"summary_large_image","twitter_misc":{"Escrito por":"communication","Tiempo de lectura":"3 minutos"},"schema":{"@context":"https:\/\/schema.org","@graph":[{"@type":"Article","@id":"https:\/\/wucwo.org\/es\/semana-laudato-si-2026\/#article","isPartOf":{"@id":"https:\/\/wucwo.org\/es\/semana-laudato-si-2026\/"},"author":{"name":"communication","@id":"https:\/\/wucwo.org\/es\/#\/schema\/person\/36e189b76cc2f081eb3458e9a1f81183"},"headline":"Semana Laudato Si\u2019 2026","datePublished":"2026-05-19T10:22:09+00:00","dateModified":"2026-06-03T07:18:52+00:00","mainEntityOfPage":{"@id":"https:\/\/wucwo.org\/es\/semana-laudato-si-2026\/"},"wordCount":531,"commentCount":0,"publisher":{"@id":"https:\/\/wucwo.org\/es\/#organization"},"image":{"@id":"https:\/\/wucwo.org\/es\/semana-laudato-si-2026\/#primaryimage"},"thumbnailUrl":"https:\/\/wucwo.org\/wp-content\/uploads\/2026\/05\/1-1.jpg","articleSection":["Ecolog\u00eda"],"inLanguage":"es","potentialAction":[{"@type":"CommentAction","name":"Comment","target":["https:\/\/wucwo.org\/es\/semana-laudato-si-2026\/#respond"]}]},{"@type":"WebPage","@id":"https:\/\/wucwo.org\/es\/semana-laudato-si-2026\/","url":"https:\/\/wucwo.org\/es\/semana-laudato-si-2026\/","name":"Semana Laudato Si\u2019 2026 - WUCWO - UMOFC","isPartOf":{"@id":"https:\/\/wucwo.org\/es\/#website"},"primaryImageOfPage":{"@id":"https:\/\/wucwo.org\/es\/semana-laudato-si-2026\/#primaryimage"},"image":{"@id":"https:\/\/wucwo.org\/es\/semana-laudato-si-2026\/#primaryimage"},"thumbnailUrl":"https:\/\/wucwo.org\/wp-content\/uploads\/2026\/05\/1-1.jpg","datePublished":"2026-05-19T10:22:09+00:00","dateModified":"2026-06-03T07:18:52+00:00","breadcrumb":{"@id":"https:\/\/wucwo.org\/es\/semana-laudato-si-2026\/#breadcrumb"},"inLanguage":"es","potentialAction":[{"@type":"ReadAction","target":["https:\/\/wucwo.org\/es\/semana-laudato-si-2026\/"]}]},{"@type":"ImageObject","inLanguage":"es","@id":"https:\/\/wucwo.org\/es\/semana-laudato-si-2026\/#primaryimage","url":"https:\/\/wucwo.org\/wp-content\/uploads\/2026\/05\/1-1.jpg","contentUrl":"https:\/\/wucwo.org\/wp-content\/uploads\/2026\/05\/1-1.jpg","width":1024,"height":573},{"@type":"BreadcrumbList","@id":"https:\/\/wucwo.org\/es\/semana-laudato-si-2026\/#breadcrumb","itemListElement":[{"@type":"ListItem","position":1,"name":"Portada","item":"https:\/\/wucwo.org\/es\/"},{"@type":"ListItem","position":2,"name":"Semana Laudato Si\u2019 2026"}]},{"@type":"WebSite","@id":"https:\/\/wucwo.org\/es\/#website","url":"https:\/\/wucwo.org\/es\/","name":"UMOFC","description":"","publisher":{"@id":"https:\/\/wucwo.org\/es\/#organization"},"potentialAction":[{"@type":"SearchAction","target":{"@type":"EntryPoint","urlTemplate":"https:\/\/wucwo.org\/es\/?s={search_term_string}"},"query-input":{"@type":"PropertyValueSpecification","valueRequired":true,"valueName":"search_term_string"}}],"inLanguage":"es"},{"@type":"Organization","@id":"https:\/\/wucwo.org\/es\/#organization","name":"UMOFC","url":"https:\/\/wucwo.org\/es\/","logo":{"@type":"ImageObject","inLanguage":"es","@id":"https:\/\/wucwo.org\/es\/#\/schema\/logo\/image\/","url":"https:\/\/wucwo.org\/wp-content\/uploads\/2025\/08\/Final-icono-scaled.png","contentUrl":"https:\/\/wucwo.org\/wp-content\/uploads\/2025\/08\/Final-icono-scaled.png","width":2560,"height":1811,"caption":"UMOFC"},"image":{"@id":"https:\/\/wucwo.org\/es\/#\/schema\/logo\/image\/"},"sameAs":["https:\/\/www.facebook.com\/worldunionofcatholicwomensorganisations\/","https:\/\/www.instagram.com\/wucwo_umofc\/","https:\/\/www.linkedin.com\/company\/wucwo\/","https:\/\/www.youtube.com\/@WUCWOUMOFC","https:\/\/www.flickr.com\/photos\/203210007@N05\/albums"]},{"@type":"Person","@id":"https:\/\/wucwo.org\/es\/#\/schema\/person\/36e189b76cc2f081eb3458e9a1f81183","name":"communication","image":{"@type":"ImageObject","inLanguage":"es","@id":"https:\/\/secure.gravatar.com\/avatar\/3db542db39feebb0fd43b726aab1c33917436e5f5a9e88f2295c0f1c34c59b48?s=96&d=mm&r=g","url":"https:\/\/secure.gravatar.com\/avatar\/3db542db39feebb0fd43b726aab1c33917436e5f5a9e88f2295c0f1c34c59b48?s=96&d=mm&r=g","contentUrl":"https:\/\/secure.gravatar.com\/avatar\/3db542db39feebb0fd43b726aab1c33917436e5f5a9e88f2295c0f1c34c59b48?s=96&d=mm&r=g","caption":"communication"},"url":"https:\/\/wucwo.org\/es\/author\/communication\/"}]}},"_links":{"self":[{"href":"https:\/\/wucwo.org\/es\/wp-json\/wp\/v2\/posts\/19531","targetHints":{"allow":["GET"]}}],"collection":[{"href":"https:\/\/wucwo.org\/es\/wp-json\/wp\/v2\/posts"}],"about":[{"href":"https:\/\/wucwo.org\/es\/wp-json\/wp\/v2\/types\/post"}],"author":[{"embeddable":true,"href":"https:\/\/wucwo.org\/es\/wp-json\/wp\/v2\/users\/3"}],"replies":[{"embeddable":true,"href":"https:\/\/wucwo.org\/es\/wp-json\/wp\/v2\/comments?post=19531"}],"version-history":[{"count":3,"href":"https:\/\/wucwo.org\/es\/wp-json\/wp\/v2\/posts\/19531\/revisions"}],"predecessor-version":[{"id":19544,"href":"https:\/\/wucwo.org\/es\/wp-json\/wp\/v2\/posts\/19531\/revisions\/19544"}],"wp:featuredmedia":[{"embeddable":true,"href":"https:\/\/wucwo.org\/es\/wp-json\/wp\/v2\/media\/19534"}],"wp:attachment":[{"href":"https:\/\/wucwo.org\/es\/wp-json\/wp\/v2\/media?parent=19531"}],"wp:term":[{"taxonomy":"category","embeddable":true,"href":"https:\/\/wucwo.org\/es\/wp-json\/wp\/v2\/categories?post=19531"},{"taxonomy":"post_tag","embeddable":true,"href":"https:\/\/wucwo.org\/es\/wp-json\/wp\/v2\/tags?post=19531"}],"curies":[{"name":"wp","href":"https:\/\/api.w.org\/{rel}","templated":true}]}}