{"id":19546,"date":"2026-05-20T15:58:13","date_gmt":"2026-05-20T13:58:13","guid":{"rendered":"https:\/\/wucwo.org\/?p=19546"},"modified":"2026-05-22T10:39:05","modified_gmt":"2026-05-22T08:39:05","slug":"mujeres-por-la-paz-dia-de-la-umofc-italia-2026","status":"publish","type":"post","link":"https:\/\/wucwo.org\/es\/mujeres-por-la-paz-dia-de-la-umofc-italia-2026\/","title":{"rendered":"Mujeres por la paz: D\u00eda de la UMOFC Italia 2026"},"content":{"rendered":"\n<p class=\"wp-block-paragraph\">Con motivo de la <strong>celebraci\u00f3n del D\u00eda de la UMOFC<\/strong>, que este a\u00f1o celebramos <strong>116 a\u00f1os de compromiso con la paz<\/strong>, las asociaciones italianas adheridas lanzan un mensaje conjunto para reafirmar el papel fundamental de las mujeres en la construcci\u00f3n de una sociedad m\u00e1s justa, inclusiva y pac\u00edfica.<\/p>\n\n\n\n<h4 class=\"wp-block-heading\">A continuaci\u00f3n, el mensaje oficial: <\/h4>\n\n\n\n<p class=\"wp-block-paragraph\">Nos sumamos a este d\u00eda no solo de manera simb\u00f3lica, sino practicando la paz cada d\u00eda y difundiendo una cultura que la reconozca como una opci\u00f3n concreta, cotidiana y profundamente pol\u00edtica.<\/p>\n\n\n\n<p class=\"wp-block-paragraph\">La paz, de hecho, no es simplemente la ausencia de guerra: es un proceso din\u00e1mico y participativo que requiere di\u00e1logo, justicia social, libertad y respeto por la dignidad humana. La paz es la m\u00e1xima expresi\u00f3n del \u00abbien com\u00fan\u00bb.<\/p>\n\n\n\n<p class=\"wp-block-paragraph\">A lo largo de la historia, muchas mujeres \u2014a menudo de forma silenciosa e invisible\u2014 han construido caminos de paz a trav\u00e9s de vidas marcadas por la resistencia y la esperanza. Incluso cuando se las ha excluido de los roles oficiales, han sabido influir en los procesos de reconciliaci\u00f3n, gracias a la solidaridad femenina y a la capacidad de actuar en los contextos sociales y civiles.<\/p>\n\n\n\n<p class=\"wp-block-paragraph\">Sin embargo, los datos siguen siendo alarmantes.<\/p>\n\n\n\n<p class=\"wp-block-paragraph\">Veinticinco a\u00f1os despu\u00e9s de la propuesta de las Naciones Unidas, la Resoluci\u00f3n 1325 del Consejo de Seguridad de las Naciones Unidas sobre \u00abMujeres, Paz y Seguridad\u00bb, que consagr\u00f3 el papel de las mujeres en los procesos de paz al introducir las prioridades de participaci\u00f3n, prevenci\u00f3n, protecci\u00f3n y consolidaci\u00f3n de la paz, su presencia sigue siendo marginal: en 2025, nueve de cada diez procesos de paz no contaron con ninguna negociadora; las mujeres representan solo el 7 % de los negociadores y el 14 % de los mediadores a nivel mundial.<\/p>\n\n\n\n<p class=\"wp-block-paragraph\">Esta exclusi\u00f3n priva a los procesos de paz de un recurso vital: una perspectiva capaz de generar soluciones m\u00e1s inclusivas, creativas y duraderas. <strong>No puede haber paz universal sin la plena participaci\u00f3n de las mujeres en los procesos de toma de decisiones, en las instituciones y en la vida social.<\/strong><\/p>\n\n\n\n<p class=\"wp-block-paragraph\">Promover los derechos de las mujeres, su libertad y su participaci\u00f3n significa construir los cimientos mismos de la paz. La libertad de las mujeres es un indicador esencial de la calidad democr\u00e1tica de una sociedad.<\/p>\n\n\n\n<p class=\"wp-block-paragraph\">Atribuir a las mujeres un papel espec\u00edfico en la construcci\u00f3n de la paz no significa reducir o simplificar, sino <strong>reconocer competencias adquiridas tambi\u00e9n a trav\u00e9s de experiencias de cuidado, mediaci\u00f3n, escucha y relaci\u00f3n.<\/strong> Capacidades que favorecen una cultura del encuentro, de la acogida y de la resoluci\u00f3n de conflictos.<\/p>\n\n\n\n<p class=\"wp-block-paragraph\">La paz no nace de una idea abstracta, sino de vidas concretas, recorridas y transformadas. No es buenismo, sino responsabilidad pol\u00edtica: significa trabajar por la justicia social, por los derechos, por la dignidad de cada persona.<\/p>\n\n\n\n<p class=\"wp-block-paragraph\">Como asociaciones, imaginamos nuestros espacios como lugares donde practicar la paz:<strong> en las palabras, en las relaciones, en los conflictos cotidianos.<\/strong> Lugares de di\u00e1logo, encuentro y hermandad, donde estar presentes en los territorios, en los problemas, en las dificultades. Es ah\u00ed donde la paz toma forma.<\/p>\n\n\n\n<p class=\"wp-block-paragraph\"><em>Como recuerda el papa Francisco, el mundo \u00abnecesita mirar a las madres y a las mujeres para encontrar la paz, para escapar de las espirales de violencia y odio\u00bb y, en su exhortaci\u00f3n Gaudete et exsultate, subraya el valor del \u00abgenio femenino\u00bb como recurso indispensable para nuestro tiempo. El propio papa Le\u00f3n XIV, el 30 de noviembre de 2025, durante su viaje al L\u00edbano, subraya \u00abel papel imprescindible de las mujeres en el arduo y paciente compromiso de custodiar y construir la paz (&#8230;) las mujeres tienen una capacidad espec\u00edfica para trabajar por la paz, porque saben custodiar y desarrollar v\u00ednculos profundos con la vida, con las personas y con los lugares. Su participaci\u00f3n en la vida social y pol\u00edtica, as\u00ed como en la de sus propias comunidades religiosas, al igual que la fuerza que proviene de los j\u00f3venes, representa en todo el mundo un factor de verdadera renovaci\u00f3n\u00bb.<\/em><\/p>\n\n\n\n<p class=\"wp-block-paragraph\">Hoy m\u00e1s que nunca, sentimos la urgencia de construir una cultura capaz de superar las l\u00f3gicas divisorias del \u00abnosotros\u00bb y \u00abellos\u00bb, promoviendo pertenencias comunes, pero al mismo tiempo plurales.<\/p>\n\n\n\n<p class=\"wp-block-paragraph\">Solo as\u00ed ser\u00e1 posible reducir las tensiones y generar relaciones aut\u00e9nticas.<\/p>\n\n\n\n<p class=\"wp-block-paragraph\">La paz es fr\u00e1gil e invisible, pero profundamente concreta: se manifiesta en los cuerpos, en las emociones, en los rostros serenos de quienes viven relaciones reconciliadas.<\/p>\n\n\n\n<p class=\"wp-block-paragraph\"><strong>Como mujeres, como asociaciones, elegimos estar presentes. Porque la paz no es una utop\u00eda lejana, sino una responsabilidad presente.<\/strong><\/p>\n\n\n\n<p class=\"wp-block-paragraph\"><strong>Las asociaciones italianas adheridas a la UMOFC<\/strong>:<\/p>\n\n\n\n<p class=\"wp-block-paragraph\">ACLI-Coordinamento Donne<\/p>\n\n\n\n<p class=\"wp-block-paragraph\">Acci\u00f3n Cat\u00f3lica Italiana<\/p>\n\n\n\n<p class=\"wp-block-paragraph\">Centro Italiano Femenino<\/p>\n\n\n\n<p class=\"wp-block-paragraph\">Conferencias de Cultura Mar\u00eda Cristina de Saboya<\/p>\n\n\n\n<p class=\"wp-block-paragraph\">Asociaci\u00f3n de Mujeres en el Vaticano<\/p>\n\n\n\n<p class=\"wp-block-paragraph\">Movimiento de Mujeres UCID<\/p>\n","protected":false},"excerpt":{"rendered":"<p>Con motivo de la celebraci\u00f3n del D\u00eda de la UMOFC, que este a\u00f1o celebramos 116 a\u00f1os de compromiso con la paz, las asociaciones italianas adheridas lanzan un mensaje conjunto para reafirmar el papel fundamental de las mujeres en la construcci\u00f3n de una sociedad m\u00e1s justa, inclusiva y pac\u00edfica. A continuaci\u00f3n, el mensaje oficial: Nos sumamos [&hellip;]<\/p>\n","protected":false},"author":3,"featured_media":19550,"comment_status":"open","ping_status":"open","sticky":false,"template":"","format":"standard","meta":{"_et_pb_use_builder":"off","_et_pb_old_content":"","_et_gb_content_width":"","footnotes":""},"categories":[52,50],"tags":[],"class_list":["post-19546","post","type-post","status-publish","format-standard","has-post-thumbnail","hentry","category-noticias-miembros","category-noticias-umofc"],"yoast_head":"<!-- This site is optimized with the Yoast SEO plugin v27.8 - https:\/\/yoast.com\/product\/yoast-seo-wordpress\/ -->\n<title>Mujeres por la paz: D\u00eda de la UMOFC Italia 2026 - WUCWO - UMOFC<\/title>\n<meta name=\"robots\" content=\"index, follow, max-snippet:-1, max-image-preview:large, max-video-preview:-1\" \/>\n<link rel=\"canonical\" href=\"https:\/\/wucwo.org\/es\/mujeres-por-la-paz-dia-de-la-umofc-italia-2026\/\" \/>\n<meta property=\"og:locale\" content=\"es_ES\" \/>\n<meta property=\"og:type\" content=\"article\" \/>\n<meta property=\"og:title\" content=\"Mujeres por la paz: D\u00eda de la UMOFC Italia 2026 - WUCWO - UMOFC\" \/>\n<meta property=\"og:description\" content=\"Con motivo de la celebraci\u00f3n del D\u00eda de la UMOFC, que este a\u00f1o celebramos 116 a\u00f1os de compromiso con la paz, las asociaciones italianas adheridas lanzan un mensaje conjunto para reafirmar el papel fundamental de las mujeres en la construcci\u00f3n de una sociedad m\u00e1s justa, inclusiva y pac\u00edfica. A continuaci\u00f3n, el mensaje oficial: Nos sumamos [&hellip;]\" \/>\n<meta property=\"og:url\" content=\"https:\/\/wucwo.org\/es\/mujeres-por-la-paz-dia-de-la-umofc-italia-2026\/\" \/>\n<meta property=\"og:site_name\" content=\"WUCWO - UMOFC\" \/>\n<meta property=\"article:publisher\" content=\"https:\/\/www.facebook.com\/worldunionofcatholicwomensorganisations\/\" \/>\n<meta property=\"article:published_time\" content=\"2026-05-20T13:58:13+00:00\" \/>\n<meta property=\"article:modified_time\" content=\"2026-05-22T08:39:05+00:00\" \/>\n<meta property=\"og:image\" content=\"https:\/\/wucwo.org\/wp-content\/uploads\/2026\/05\/19-May-event-Armida-Barelli-horizontal.jpeg\" \/>\n\t<meta property=\"og:image:width\" content=\"1600\" \/>\n\t<meta property=\"og:image:height\" content=\"1200\" \/>\n\t<meta property=\"og:image:type\" content=\"image\/jpeg\" \/>\n<meta name=\"author\" content=\"communication\" \/>\n<meta name=\"twitter:card\" content=\"summary_large_image\" \/>\n<meta name=\"twitter:label1\" content=\"Escrito por\" \/>\n\t<meta name=\"twitter:data1\" content=\"communication\" \/>\n\t<meta name=\"twitter:label2\" content=\"Tiempo de lectura\" \/>\n\t<meta name=\"twitter:data2\" content=\"4 minutos\" \/>\n<script type=\"application\/ld+json\" class=\"yoast-schema-graph\">{\"@context\":\"https:\\\/\\\/schema.org\",\"@graph\":[{\"@type\":\"Article\",\"@id\":\"https:\\\/\\\/wucwo.org\\\/es\\\/mujeres-por-la-paz-dia-de-la-umofc-italia-2026\\\/#article\",\"isPartOf\":{\"@id\":\"https:\\\/\\\/wucwo.org\\\/es\\\/mujeres-por-la-paz-dia-de-la-umofc-italia-2026\\\/\"},\"author\":{\"name\":\"communication\",\"@id\":\"https:\\\/\\\/wucwo.org\\\/es\\\/#\\\/schema\\\/person\\\/36e189b76cc2f081eb3458e9a1f81183\"},\"headline\":\"Mujeres por la paz: D\u00eda de la UMOFC Italia 2026\",\"datePublished\":\"2026-05-20T13:58:13+00:00\",\"dateModified\":\"2026-05-22T08:39:05+00:00\",\"mainEntityOfPage\":{\"@id\":\"https:\\\/\\\/wucwo.org\\\/es\\\/mujeres-por-la-paz-dia-de-la-umofc-italia-2026\\\/\"},\"wordCount\":826,\"commentCount\":0,\"publisher\":{\"@id\":\"https:\\\/\\\/wucwo.org\\\/es\\\/#organization\"},\"image\":{\"@id\":\"https:\\\/\\\/wucwo.org\\\/es\\\/mujeres-por-la-paz-dia-de-la-umofc-italia-2026\\\/#primaryimage\"},\"thumbnailUrl\":\"https:\\\/\\\/wucwo.org\\\/wp-content\\\/uploads\\\/2026\\\/05\\\/19-May-event-Armida-Barelli-horizontal.jpeg\",\"articleSection\":[\"Miembros\",\"UMOFC\"],\"inLanguage\":\"es\",\"potentialAction\":[{\"@type\":\"CommentAction\",\"name\":\"Comment\",\"target\":[\"https:\\\/\\\/wucwo.org\\\/es\\\/mujeres-por-la-paz-dia-de-la-umofc-italia-2026\\\/#respond\"]}]},{\"@type\":\"WebPage\",\"@id\":\"https:\\\/\\\/wucwo.org\\\/es\\\/mujeres-por-la-paz-dia-de-la-umofc-italia-2026\\\/\",\"url\":\"https:\\\/\\\/wucwo.org\\\/es\\\/mujeres-por-la-paz-dia-de-la-umofc-italia-2026\\\/\",\"name\":\"Mujeres por la paz: D\u00eda de la UMOFC Italia 2026 - WUCWO - UMOFC\",\"isPartOf\":{\"@id\":\"https:\\\/\\\/wucwo.org\\\/es\\\/#website\"},\"primaryImageOfPage\":{\"@id\":\"https:\\\/\\\/wucwo.org\\\/es\\\/mujeres-por-la-paz-dia-de-la-umofc-italia-2026\\\/#primaryimage\"},\"image\":{\"@id\":\"https:\\\/\\\/wucwo.org\\\/es\\\/mujeres-por-la-paz-dia-de-la-umofc-italia-2026\\\/#primaryimage\"},\"thumbnailUrl\":\"https:\\\/\\\/wucwo.org\\\/wp-content\\\/uploads\\\/2026\\\/05\\\/19-May-event-Armida-Barelli-horizontal.jpeg\",\"datePublished\":\"2026-05-20T13:58:13+00:00\",\"dateModified\":\"2026-05-22T08:39:05+00:00\",\"breadcrumb\":{\"@id\":\"https:\\\/\\\/wucwo.org\\\/es\\\/mujeres-por-la-paz-dia-de-la-umofc-italia-2026\\\/#breadcrumb\"},\"inLanguage\":\"es\",\"potentialAction\":[{\"@type\":\"ReadAction\",\"target\":[\"https:\\\/\\\/wucwo.org\\\/es\\\/mujeres-por-la-paz-dia-de-la-umofc-italia-2026\\\/\"]}]},{\"@type\":\"ImageObject\",\"inLanguage\":\"es\",\"@id\":\"https:\\\/\\\/wucwo.org\\\/es\\\/mujeres-por-la-paz-dia-de-la-umofc-italia-2026\\\/#primaryimage\",\"url\":\"https:\\\/\\\/wucwo.org\\\/wp-content\\\/uploads\\\/2026\\\/05\\\/19-May-event-Armida-Barelli-horizontal.jpeg\",\"contentUrl\":\"https:\\\/\\\/wucwo.org\\\/wp-content\\\/uploads\\\/2026\\\/05\\\/19-May-event-Armida-Barelli-horizontal.jpeg\",\"width\":1600,\"height\":1200},{\"@type\":\"BreadcrumbList\",\"@id\":\"https:\\\/\\\/wucwo.org\\\/es\\\/mujeres-por-la-paz-dia-de-la-umofc-italia-2026\\\/#breadcrumb\",\"itemListElement\":[{\"@type\":\"ListItem\",\"position\":1,\"name\":\"Portada\",\"item\":\"https:\\\/\\\/wucwo.org\\\/es\\\/\"},{\"@type\":\"ListItem\",\"position\":2,\"name\":\"Mujeres por la paz: D\u00eda de la UMOFC Italia 2026\"}]},{\"@type\":\"WebSite\",\"@id\":\"https:\\\/\\\/wucwo.org\\\/es\\\/#website\",\"url\":\"https:\\\/\\\/wucwo.org\\\/es\\\/\",\"name\":\"UMOFC\",\"description\":\"\",\"publisher\":{\"@id\":\"https:\\\/\\\/wucwo.org\\\/es\\\/#organization\"},\"potentialAction\":[{\"@type\":\"SearchAction\",\"target\":{\"@type\":\"EntryPoint\",\"urlTemplate\":\"https:\\\/\\\/wucwo.org\\\/es\\\/?s={search_term_string}\"},\"query-input\":{\"@type\":\"PropertyValueSpecification\",\"valueRequired\":true,\"valueName\":\"search_term_string\"}}],\"inLanguage\":\"es\"},{\"@type\":\"Organization\",\"@id\":\"https:\\\/\\\/wucwo.org\\\/es\\\/#organization\",\"name\":\"UMOFC\",\"url\":\"https:\\\/\\\/wucwo.org\\\/es\\\/\",\"logo\":{\"@type\":\"ImageObject\",\"inLanguage\":\"es\",\"@id\":\"https:\\\/\\\/wucwo.org\\\/es\\\/#\\\/schema\\\/logo\\\/image\\\/\",\"url\":\"https:\\\/\\\/wucwo.org\\\/wp-content\\\/uploads\\\/2025\\\/08\\\/Final-icono-scaled.png\",\"contentUrl\":\"https:\\\/\\\/wucwo.org\\\/wp-content\\\/uploads\\\/2025\\\/08\\\/Final-icono-scaled.png\",\"width\":2560,\"height\":1811,\"caption\":\"UMOFC\"},\"image\":{\"@id\":\"https:\\\/\\\/wucwo.org\\\/es\\\/#\\\/schema\\\/logo\\\/image\\\/\"},\"sameAs\":[\"https:\\\/\\\/www.facebook.com\\\/worldunionofcatholicwomensorganisations\\\/\",\"https:\\\/\\\/www.instagram.com\\\/wucwo_umofc\\\/\",\"https:\\\/\\\/www.linkedin.com\\\/company\\\/wucwo\\\/\",\"https:\\\/\\\/www.youtube.com\\\/@WUCWOUMOFC\",\"https:\\\/\\\/www.flickr.com\\\/photos\\\/203210007@N05\\\/albums\"]},{\"@type\":\"Person\",\"@id\":\"https:\\\/\\\/wucwo.org\\\/es\\\/#\\\/schema\\\/person\\\/36e189b76cc2f081eb3458e9a1f81183\",\"name\":\"communication\",\"image\":{\"@type\":\"ImageObject\",\"inLanguage\":\"es\",\"@id\":\"https:\\\/\\\/secure.gravatar.com\\\/avatar\\\/3db542db39feebb0fd43b726aab1c33917436e5f5a9e88f2295c0f1c34c59b48?s=96&d=mm&r=g\",\"url\":\"https:\\\/\\\/secure.gravatar.com\\\/avatar\\\/3db542db39feebb0fd43b726aab1c33917436e5f5a9e88f2295c0f1c34c59b48?s=96&d=mm&r=g\",\"contentUrl\":\"https:\\\/\\\/secure.gravatar.com\\\/avatar\\\/3db542db39feebb0fd43b726aab1c33917436e5f5a9e88f2295c0f1c34c59b48?s=96&d=mm&r=g\",\"caption\":\"communication\"},\"url\":\"https:\\\/\\\/wucwo.org\\\/es\\\/author\\\/communication\\\/\"}]}<\/script>\n<!-- \/ Yoast SEO plugin. -->","yoast_head_json":{"title":"Mujeres por la paz: D\u00eda de la UMOFC Italia 2026 - WUCWO - UMOFC","robots":{"index":"index","follow":"follow","max-snippet":"max-snippet:-1","max-image-preview":"max-image-preview:large","max-video-preview":"max-video-preview:-1"},"canonical":"https:\/\/wucwo.org\/es\/mujeres-por-la-paz-dia-de-la-umofc-italia-2026\/","og_locale":"es_ES","og_type":"article","og_title":"Mujeres por la paz: D\u00eda de la UMOFC Italia 2026 - WUCWO - UMOFC","og_description":"Con motivo de la celebraci\u00f3n del D\u00eda de la UMOFC, que este a\u00f1o celebramos 116 a\u00f1os de compromiso con la paz, las asociaciones italianas adheridas lanzan un mensaje conjunto para reafirmar el papel fundamental de las mujeres en la construcci\u00f3n de una sociedad m\u00e1s justa, inclusiva y pac\u00edfica. A continuaci\u00f3n, el mensaje oficial: Nos sumamos [&hellip;]","og_url":"https:\/\/wucwo.org\/es\/mujeres-por-la-paz-dia-de-la-umofc-italia-2026\/","og_site_name":"WUCWO - UMOFC","article_publisher":"https:\/\/www.facebook.com\/worldunionofcatholicwomensorganisations\/","article_published_time":"2026-05-20T13:58:13+00:00","article_modified_time":"2026-05-22T08:39:05+00:00","og_image":[{"width":1600,"height":1200,"url":"https:\/\/wucwo.org\/wp-content\/uploads\/2026\/05\/19-May-event-Armida-Barelli-horizontal.jpeg","type":"image\/jpeg"}],"author":"communication","twitter_card":"summary_large_image","twitter_misc":{"Escrito por":"communication","Tiempo de lectura":"4 minutos"},"schema":{"@context":"https:\/\/schema.org","@graph":[{"@type":"Article","@id":"https:\/\/wucwo.org\/es\/mujeres-por-la-paz-dia-de-la-umofc-italia-2026\/#article","isPartOf":{"@id":"https:\/\/wucwo.org\/es\/mujeres-por-la-paz-dia-de-la-umofc-italia-2026\/"},"author":{"name":"communication","@id":"https:\/\/wucwo.org\/es\/#\/schema\/person\/36e189b76cc2f081eb3458e9a1f81183"},"headline":"Mujeres por la paz: D\u00eda de la UMOFC Italia 2026","datePublished":"2026-05-20T13:58:13+00:00","dateModified":"2026-05-22T08:39:05+00:00","mainEntityOfPage":{"@id":"https:\/\/wucwo.org\/es\/mujeres-por-la-paz-dia-de-la-umofc-italia-2026\/"},"wordCount":826,"commentCount":0,"publisher":{"@id":"https:\/\/wucwo.org\/es\/#organization"},"image":{"@id":"https:\/\/wucwo.org\/es\/mujeres-por-la-paz-dia-de-la-umofc-italia-2026\/#primaryimage"},"thumbnailUrl":"https:\/\/wucwo.org\/wp-content\/uploads\/2026\/05\/19-May-event-Armida-Barelli-horizontal.jpeg","articleSection":["Miembros","UMOFC"],"inLanguage":"es","potentialAction":[{"@type":"CommentAction","name":"Comment","target":["https:\/\/wucwo.org\/es\/mujeres-por-la-paz-dia-de-la-umofc-italia-2026\/#respond"]}]},{"@type":"WebPage","@id":"https:\/\/wucwo.org\/es\/mujeres-por-la-paz-dia-de-la-umofc-italia-2026\/","url":"https:\/\/wucwo.org\/es\/mujeres-por-la-paz-dia-de-la-umofc-italia-2026\/","name":"Mujeres por la paz: D\u00eda de la UMOFC Italia 2026 - WUCWO - UMOFC","isPartOf":{"@id":"https:\/\/wucwo.org\/es\/#website"},"primaryImageOfPage":{"@id":"https:\/\/wucwo.org\/es\/mujeres-por-la-paz-dia-de-la-umofc-italia-2026\/#primaryimage"},"image":{"@id":"https:\/\/wucwo.org\/es\/mujeres-por-la-paz-dia-de-la-umofc-italia-2026\/#primaryimage"},"thumbnailUrl":"https:\/\/wucwo.org\/wp-content\/uploads\/2026\/05\/19-May-event-Armida-Barelli-horizontal.jpeg","datePublished":"2026-05-20T13:58:13+00:00","dateModified":"2026-05-22T08:39:05+00:00","breadcrumb":{"@id":"https:\/\/wucwo.org\/es\/mujeres-por-la-paz-dia-de-la-umofc-italia-2026\/#breadcrumb"},"inLanguage":"es","potentialAction":[{"@type":"ReadAction","target":["https:\/\/wucwo.org\/es\/mujeres-por-la-paz-dia-de-la-umofc-italia-2026\/"]}]},{"@type":"ImageObject","inLanguage":"es","@id":"https:\/\/wucwo.org\/es\/mujeres-por-la-paz-dia-de-la-umofc-italia-2026\/#primaryimage","url":"https:\/\/wucwo.org\/wp-content\/uploads\/2026\/05\/19-May-event-Armida-Barelli-horizontal.jpeg","contentUrl":"https:\/\/wucwo.org\/wp-content\/uploads\/2026\/05\/19-May-event-Armida-Barelli-horizontal.jpeg","width":1600,"height":1200},{"@type":"BreadcrumbList","@id":"https:\/\/wucwo.org\/es\/mujeres-por-la-paz-dia-de-la-umofc-italia-2026\/#breadcrumb","itemListElement":[{"@type":"ListItem","position":1,"name":"Portada","item":"https:\/\/wucwo.org\/es\/"},{"@type":"ListItem","position":2,"name":"Mujeres por la paz: D\u00eda de la UMOFC Italia 2026"}]},{"@type":"WebSite","@id":"https:\/\/wucwo.org\/es\/#website","url":"https:\/\/wucwo.org\/es\/","name":"UMOFC","description":"","publisher":{"@id":"https:\/\/wucwo.org\/es\/#organization"},"potentialAction":[{"@type":"SearchAction","target":{"@type":"EntryPoint","urlTemplate":"https:\/\/wucwo.org\/es\/?s={search_term_string}"},"query-input":{"@type":"PropertyValueSpecification","valueRequired":true,"valueName":"search_term_string"}}],"inLanguage":"es"},{"@type":"Organization","@id":"https:\/\/wucwo.org\/es\/#organization","name":"UMOFC","url":"https:\/\/wucwo.org\/es\/","logo":{"@type":"ImageObject","inLanguage":"es","@id":"https:\/\/wucwo.org\/es\/#\/schema\/logo\/image\/","url":"https:\/\/wucwo.org\/wp-content\/uploads\/2025\/08\/Final-icono-scaled.png","contentUrl":"https:\/\/wucwo.org\/wp-content\/uploads\/2025\/08\/Final-icono-scaled.png","width":2560,"height":1811,"caption":"UMOFC"},"image":{"@id":"https:\/\/wucwo.org\/es\/#\/schema\/logo\/image\/"},"sameAs":["https:\/\/www.facebook.com\/worldunionofcatholicwomensorganisations\/","https:\/\/www.instagram.com\/wucwo_umofc\/","https:\/\/www.linkedin.com\/company\/wucwo\/","https:\/\/www.youtube.com\/@WUCWOUMOFC","https:\/\/www.flickr.com\/photos\/203210007@N05\/albums"]},{"@type":"Person","@id":"https:\/\/wucwo.org\/es\/#\/schema\/person\/36e189b76cc2f081eb3458e9a1f81183","name":"communication","image":{"@type":"ImageObject","inLanguage":"es","@id":"https:\/\/secure.gravatar.com\/avatar\/3db542db39feebb0fd43b726aab1c33917436e5f5a9e88f2295c0f1c34c59b48?s=96&d=mm&r=g","url":"https:\/\/secure.gravatar.com\/avatar\/3db542db39feebb0fd43b726aab1c33917436e5f5a9e88f2295c0f1c34c59b48?s=96&d=mm&r=g","contentUrl":"https:\/\/secure.gravatar.com\/avatar\/3db542db39feebb0fd43b726aab1c33917436e5f5a9e88f2295c0f1c34c59b48?s=96&d=mm&r=g","caption":"communication"},"url":"https:\/\/wucwo.org\/es\/author\/communication\/"}]}},"_links":{"self":[{"href":"https:\/\/wucwo.org\/es\/wp-json\/wp\/v2\/posts\/19546","targetHints":{"allow":["GET"]}}],"collection":[{"href":"https:\/\/wucwo.org\/es\/wp-json\/wp\/v2\/posts"}],"about":[{"href":"https:\/\/wucwo.org\/es\/wp-json\/wp\/v2\/types\/post"}],"author":[{"embeddable":true,"href":"https:\/\/wucwo.org\/es\/wp-json\/wp\/v2\/users\/3"}],"replies":[{"embeddable":true,"href":"https:\/\/wucwo.org\/es\/wp-json\/wp\/v2\/comments?post=19546"}],"version-history":[{"count":3,"href":"https:\/\/wucwo.org\/es\/wp-json\/wp\/v2\/posts\/19546\/revisions"}],"predecessor-version":[{"id":19560,"href":"https:\/\/wucwo.org\/es\/wp-json\/wp\/v2\/posts\/19546\/revisions\/19560"}],"wp:featuredmedia":[{"embeddable":true,"href":"https:\/\/wucwo.org\/es\/wp-json\/wp\/v2\/media\/19550"}],"wp:attachment":[{"href":"https:\/\/wucwo.org\/es\/wp-json\/wp\/v2\/media?parent=19546"}],"wp:term":[{"taxonomy":"category","embeddable":true,"href":"https:\/\/wucwo.org\/es\/wp-json\/wp\/v2\/categories?post=19546"},{"taxonomy":"post_tag","embeddable":true,"href":"https:\/\/wucwo.org\/es\/wp-json\/wp\/v2\/tags?post=19546"}],"curies":[{"name":"wp","href":"https:\/\/api.w.org\/{rel}","templated":true}]}}