{"id":19705,"date":"2026-06-05T10:57:38","date_gmt":"2026-06-05T08:57:38","guid":{"rendered":"https:\/\/wucwo.org\/?p=19705"},"modified":"2026-06-11T11:11:15","modified_gmt":"2026-06-11T09:11:15","slug":"encuentro-dicasterio-laicos-familia-vida","status":"publish","type":"post","link":"https:\/\/wucwo.org\/es\/encuentro-dicasterio-laicos-familia-vida\/","title":{"rendered":"Encuentro anual del Dicasterio para los Laicos, la Familia y la Vida"},"content":{"rendered":"\n<p class=\"wp-block-paragraph\">Los d\u00edas 21 y 22 de mayo, en la Aula Nueva del S\u00ednodo, en el Vaticano, la Uni\u00f3n Mundial de Organizaciones Femeninas Cat\u00f3licas (UMOFC) particip\u00f3, como viene haci\u00e9ndolo desde hace varios a\u00f1os, en el encuentro anual con los moderadores de las asociaciones internacionales de fieles, movimientos eclesiales y nuevas comunidades, para reflexionar sobre el tema <strong>\u00abServir, acompa\u00f1ar, guiar. Fundamentos y pr\u00e1cticas del gobierno en las asociaciones\u00bb<\/strong>. Para este encuentro se reunieron en Roma, casi la totalidad de Asociaciones Internacionales de Fieles (p\u00fablicas y privadas) reconocidas por el <strong>Dicasterio para los Laicos, la Familia y la Vida.<\/strong><\/p>\n\n\n\n<p class=\"wp-block-paragraph\">El encuentro, de car\u00e1cter teol\u00f3gico-pastoral y can\u00f3nico, estuvo dedicado al tema del \u201cgobierno en las asociaciones\u201d. El Dicasterio, representado por su Prefecto, la Subsecretaria para los Laicos y otros oficiales, ofreci\u00f3 orientaciones espec\u00edficas a las asociaciones y movimientos eclesiales, y en particular a quienes ejercen responsabilidades de gobierno, con el fin de que este servicio se viva de acuerdo con el Evangelio y est\u00e9 siempre orientado al bien aut\u00e9ntico de las asociaciones y de sus miembros.<\/p>\n\n\n\n<p class=\"wp-block-paragraph\">En representaci\u00f3n de la UMOFC participaron la <strong>Presidenta General, M\u00f3nica Santamarina,<\/strong> y la <strong>Secretaria General, Lavinia Rocchi Carrera,<\/strong> quienes tuvieron la oportunidad de profundizar en los desaf\u00edos y oportunidades que plantea el ejercicio de la autoridad en las asociaciones internacionales de fieles, as\u00ed como de intercambiar experiencias y buenas pr\u00e1cticas con los representantes de otras organizaciones presentes.&nbsp;<\/p>\n\n\n\n<figure class=\"wp-block-gallery has-nested-images columns-default is-cropped wp-block-gallery-1 is-layout-flex wp-block-gallery-is-layout-flex\">\n<figure class=\"wp-block-image size-large\"><img loading=\"lazy\" decoding=\"async\" width=\"1024\" height=\"683\" data-id=\"19706\" src=\"https:\/\/wucwo.org\/wp-content\/uploads\/2026\/06\/00968_21052026-1024x683.jpg\" alt=\"\" class=\"wp-image-19706\" srcset=\"https:\/\/wucwo.org\/wp-content\/uploads\/2026\/06\/00968_21052026-980x653.jpg 980w, https:\/\/wucwo.org\/wp-content\/uploads\/2026\/06\/00968_21052026-480x320.jpg 480w\" sizes=\"(min-width: 0px) and (max-width: 480px) 480px, (min-width: 481px) and (max-width: 980px) 980px, (min-width: 981px) 1024px, 100vw\" \/><\/figure>\n\n\n\n<figure class=\"wp-block-image size-large\"><img loading=\"lazy\" decoding=\"async\" width=\"1024\" height=\"683\" data-id=\"19707\" src=\"https:\/\/wucwo.org\/wp-content\/uploads\/2026\/06\/00977_21052026-1024x683.jpg\" alt=\"\" class=\"wp-image-19707\" srcset=\"https:\/\/wucwo.org\/wp-content\/uploads\/2026\/06\/00977_21052026-980x653.jpg 980w, https:\/\/wucwo.org\/wp-content\/uploads\/2026\/06\/00977_21052026-480x320.jpg 480w\" sizes=\"(min-width: 0px) and (max-width: 480px) 480px, (min-width: 481px) and (max-width: 980px) 980px, (min-width: 981px) 1024px, 100vw\" \/><\/figure>\n<\/figure>\n\n\n\n<p class=\"wp-block-paragraph\"><\/p>\n\n\n\n<p class=\"wp-block-paragraph\">A lo largo de las sesiones se abordaron diversos aspectos del <strong>gobierno de las asociaciones de fieles,<\/strong> entre ellos la naturaleza espec\u00edfica y los fines de la autoridad de un moderador; los instrumentos necesarios para un ejercicio colegial del gobierno y el equilibrio entre la <strong>corresponsabilidad y la colegialidad,<\/strong> por un lado, y la asunci\u00f3n de la responsabilidad personal, por otro; as\u00ed como las relaciones de comuni\u00f3n entre el \u00f3rgano de gobierno de la asociaci\u00f3n y la autoridad eclesi\u00e1stica.&nbsp;<\/p>\n\n\n\n<p class=\"wp-block-paragraph\">Tambi\u00e9n se reflexion\u00f3 sobre el papel del gobierno en la custodia fiel del carisma y en la consecuci\u00f3n de los fines apost\u00f3licos propios, la<strong> importancia de la autoridad moral <\/strong>y la transparencia en quienes ejercen responsabilidades de gobierno, el respeto y la tutela de los derechos de los fieles, la distinci\u00f3n entre el \u00e1mbito del gobierno y el de la conciencia, y la atenci\u00f3n a la formaci\u00f3n de los miembros.&nbsp;<\/p>\n\n\n\n<p class=\"wp-block-paragraph\">El primer d\u00eda estuvo marcado por las palabras del Santo Padre Le\u00f3n XIV, quien dirigi\u00f3 un mensaje a los participantes y salud\u00f3 personalmente a cada uno de ellos.&nbsp; La jornada cont\u00f3 adem\u00e1s con la intervenci\u00f3n del Prefecto, el cardenal Kevin Farrell, y dos ponencias introductorias sobre los \u00abAspectos teol\u00f3gicos del gobierno en la Iglesia\u00bb (Prof.\u00aa Gill Goulding) y \u00abLos principios del gobierno en las asociaciones de fieles\u00bb (Rvdo. Prof. Paolo Gherri), desde una perspectiva can\u00f3nica.&nbsp;<\/p>\n\n\n\n<p class=\"wp-block-paragraph\">El programa incluy\u00f3 tambi\u00e9n una ponencia a varias voces del Dicasterio sobre algunos \u201cdesaf\u00edos\u201d vinculados a la responsabilidad de gobierno, con el objetivo de generar conciencia y ofrecer herramientas adecuadas para afrontarlos. Posteriormente, se desarroll\u00f3 un trabajo en grupos sobre aspectos del gobierno que requieren especial atenci\u00f3n, con propuestas de mejora. Este trabajo se hizo utilizando la metodolog\u00eda de <strong>discernimiento sinodal.<\/strong> La jornada concluy\u00f3 con el rezo comunitario del Rosario en los Jardines Vaticanos.&nbsp;<\/p>\n\n\n\n<p class=\"wp-block-paragraph\">El segundo d\u00eda se centr\u00f3 en el trabajo en grupos y el debate en plenaria, seg\u00fan el m\u00e9todo sinodal de la conversaci\u00f3n en el Esp\u00edritu. Dos testimonios, sobre la \u00abrelaci\u00f3n entre moderadores y obispos\u00bb (S.E. Jos\u00e9 \u00c1ngel Saiz Meneses) y sobre la \u00abconciliaci\u00f3n como estilo de gobierno\u00bb (Dr. Giovanni Borgna), ofrecieron elementos de reflexi\u00f3n para recoger las propuestas surgidas en los grupos. Tras un espacio de intervenciones libres, el encuentro fue clausurado por el Dicasterio para los Laicos, la Familia y la Vida.&nbsp;<\/p>\n\n\n\n<figure class=\"wp-block-gallery has-nested-images columns-default is-cropped wp-block-gallery-2 is-layout-flex wp-block-gallery-is-layout-flex\">\n<figure class=\"wp-block-image size-large\"><img loading=\"lazy\" decoding=\"async\" width=\"1024\" height=\"683\" data-id=\"19733\" src=\"https:\/\/wucwo.org\/wp-content\/uploads\/2026\/06\/55285342389_1f8463700d_o-1-1024x683.jpg\" alt=\"\" class=\"wp-image-19733\" srcset=\"https:\/\/wucwo.org\/wp-content\/uploads\/2026\/06\/55285342389_1f8463700d_o-1-980x653.jpg 980w, https:\/\/wucwo.org\/wp-content\/uploads\/2026\/06\/55285342389_1f8463700d_o-1-480x320.jpg 480w\" sizes=\"(min-width: 0px) and (max-width: 480px) 480px, (min-width: 481px) and (max-width: 980px) 980px, (min-width: 981px) 1024px, 100vw\" \/><\/figure>\n\n\n\n<figure class=\"wp-block-image size-large\"><img loading=\"lazy\" decoding=\"async\" width=\"1024\" height=\"683\" data-id=\"19720\" src=\"https:\/\/wucwo.org\/wp-content\/uploads\/2026\/06\/55285114071_99fdac8247_o-1024x683.jpg\" alt=\"\" class=\"wp-image-19720\" srcset=\"https:\/\/wucwo.org\/wp-content\/uploads\/2026\/06\/55285114071_99fdac8247_o-980x653.jpg 980w, https:\/\/wucwo.org\/wp-content\/uploads\/2026\/06\/55285114071_99fdac8247_o-480x320.jpg 480w\" sizes=\"(min-width: 0px) and (max-width: 480px) 480px, (min-width: 481px) and (max-width: 980px) 980px, (min-width: 981px) 1024px, 100vw\" \/><\/figure>\n\n\n\n<figure class=\"wp-block-image size-large\"><img loading=\"lazy\" decoding=\"async\" width=\"1024\" height=\"683\" data-id=\"19730\" src=\"https:\/\/wucwo.org\/wp-content\/uploads\/2026\/06\/55285257443_8b0d876118_o-1-1024x683.jpg\" alt=\"\" class=\"wp-image-19730\" srcset=\"https:\/\/wucwo.org\/wp-content\/uploads\/2026\/06\/55285257443_8b0d876118_o-1-980x653.jpg 980w, https:\/\/wucwo.org\/wp-content\/uploads\/2026\/06\/55285257443_8b0d876118_o-1-480x320.jpg 480w\" sizes=\"(min-width: 0px) and (max-width: 480px) 480px, (min-width: 481px) and (max-width: 980px) 980px, (min-width: 981px) 1024px, 100vw\" \/><\/figure>\n\n\n\n<figure class=\"wp-block-image size-large\"><img loading=\"lazy\" decoding=\"async\" width=\"1024\" height=\"683\" data-id=\"19723\" src=\"https:\/\/wucwo.org\/wp-content\/uploads\/2026\/06\/55284195132_640fe1cb38_o-1024x683.jpg\" alt=\"\" class=\"wp-image-19723\" srcset=\"https:\/\/wucwo.org\/wp-content\/uploads\/2026\/06\/55284195132_640fe1cb38_o-980x653.jpg 980w, https:\/\/wucwo.org\/wp-content\/uploads\/2026\/06\/55284195132_640fe1cb38_o-480x320.jpg 480w\" sizes=\"(min-width: 0px) and (max-width: 480px) 480px, (min-width: 481px) and (max-width: 980px) 980px, (min-width: 981px) 1024px, 100vw\" \/><\/figure>\n\n\n\n<figure class=\"wp-block-image size-large\"><img loading=\"lazy\" decoding=\"async\" width=\"1024\" height=\"683\" data-id=\"19717\" src=\"https:\/\/wucwo.org\/wp-content\/uploads\/2026\/06\/55285342574_7854776812_o-1024x683.jpg\" alt=\"\" class=\"wp-image-19717\" srcset=\"https:\/\/wucwo.org\/wp-content\/uploads\/2026\/06\/55285342574_7854776812_o-980x653.jpg 980w, https:\/\/wucwo.org\/wp-content\/uploads\/2026\/06\/55285342574_7854776812_o-480x320.jpg 480w\" sizes=\"(min-width: 0px) and (max-width: 480px) 480px, (min-width: 481px) and (max-width: 980px) 980px, (min-width: 981px) 1024px, 100vw\" \/><\/figure>\n\n\n\n<figure class=\"wp-block-image size-large\"><img loading=\"lazy\" decoding=\"async\" width=\"1024\" height=\"683\" data-id=\"19736\" src=\"https:\/\/wucwo.org\/wp-content\/uploads\/2026\/06\/55285112601_ea10b15c68_o-1024x683.jpg\" alt=\"\" class=\"wp-image-19736\" srcset=\"https:\/\/wucwo.org\/wp-content\/uploads\/2026\/06\/55285112601_ea10b15c68_o-980x653.jpg 980w, https:\/\/wucwo.org\/wp-content\/uploads\/2026\/06\/55285112601_ea10b15c68_o-480x320.jpg 480w\" sizes=\"(min-width: 0px) and (max-width: 480px) 480px, (min-width: 481px) and (max-width: 980px) 980px, (min-width: 981px) 1024px, 100vw\" \/><\/figure>\n<\/figure>\n\n\n\n<p class=\"wp-block-paragraph\"><\/p>\n\n\n\n<div class=\"wp-block-buttons is-content-justification-center is-layout-flex wp-container-core-buttons-is-layout-fe48e5de wp-block-buttons-is-layout-flex\">\n<div class=\"wp-block-button\"><a class=\"wp-block-button__link has-text-align-center wp-element-button\" href=\"https:\/\/flic.kr\/s\/aHBqjCUrXF\">Ver m\u00e1s fotos<\/a><\/div>\n<\/div>\n\n\n\n<p class=\"wp-block-paragraph\"><\/p>\n\n\n\n<p class=\"wp-block-paragraph\">El Papa Le\u00f3n XIV, en su discurso, record\u00f3 la importancia de la comuni\u00f3n en el gobierno de una comunidad eclesial:&nbsp;<\/p>\n\n\n\n<p class=\"wp-block-paragraph\"><em>\u201cQuien gobierna est\u00e1 llamado a tener una sensibilidad particular por la salvaguardia, el crecimiento y la consolidaci\u00f3n de la comuni\u00f3n. Esto vale tanto para la vida interna de la asociaci\u00f3n o del movimiento, como para la comuni\u00f3n con las dem\u00e1s realidades eclesiales y con la Iglesia en su conjunto. Quien ejerce una misi\u00f3n de gobierno en la Iglesia debe aprender a escuchar y acoger opiniones diversas, orientaciones culturales y espirituales diferentes, temperamentos personales distintos, procurando siempre conservar, sobre todo en las decisiones necesarias y a menudo dif\u00edciles de tomar, el bien superior de la comuni\u00f3n.\u201d&nbsp;<\/em><\/p>\n\n\n\n<div class=\"wp-block-buttons is-content-justification-center is-layout-flex wp-container-core-buttons-is-layout-fe48e5de wp-block-buttons-is-layout-flex\">\n<div class=\"wp-block-button\"><a class=\"wp-block-button__link has-text-align-center wp-element-button\" href=\"https:\/\/www.vatican.va\/content\/leo-xiv\/es\/speeches\/2026\/may\/documents\/20260521-moderatori.html\">Ver discurso completo<\/a><\/div>\n<\/div>\n\n\n\n<p class=\"wp-block-paragraph\"><\/p>\n\n\n\n<p class=\"wp-block-paragraph\"><em>Oficina de Comunicaci\u00f3n de la UMOFC<br><\/em><br><\/p>\n\n\n\n<p class=\"wp-block-paragraph\"><\/p>\n","protected":false},"excerpt":{"rendered":"<p>Los d\u00edas 21 y 22 de mayo, en la Aula Nueva del S\u00ednodo, en el Vaticano, la Uni\u00f3n Mundial de Organizaciones Femeninas Cat\u00f3licas (UMOFC) particip\u00f3, como viene haci\u00e9ndolo desde hace varios a\u00f1os, en el encuentro anual con los moderadores de las asociaciones internacionales de fieles, movimientos eclesiales y nuevas comunidades, para reflexionar sobre el tema [&hellip;]<\/p>\n","protected":false},"author":3,"featured_media":19714,"comment_status":"open","ping_status":"open","sticky":false,"template":"","format":"standard","meta":{"_et_pb_use_builder":"off","_et_pb_old_content":"","_et_gb_content_width":"","footnotes":""},"categories":[48,50],"tags":[],"class_list":["post-19705","post","type-post","status-publish","format-standard","has-post-thumbnail","hentry","category-noticias-iglesia","category-noticias-umofc"],"yoast_head":"<!-- This site is optimized with the Yoast SEO plugin v27.8 - https:\/\/yoast.com\/product\/yoast-seo-wordpress\/ -->\n<title>Encuentro anual del Dicasterio para los Laicos, la Familia y la Vida - WUCWO - UMOFC<\/title>\n<meta name=\"robots\" content=\"index, follow, max-snippet:-1, max-image-preview:large, max-video-preview:-1\" \/>\n<link rel=\"canonical\" href=\"https:\/\/wucwo.org\/es\/encuentro-dicasterio-laicos-familia-vida\/\" \/>\n<meta property=\"og:locale\" content=\"es_ES\" \/>\n<meta property=\"og:type\" content=\"article\" \/>\n<meta property=\"og:title\" content=\"Encuentro anual del Dicasterio para los Laicos, la Familia y la Vida - WUCWO - UMOFC\" \/>\n<meta property=\"og:description\" content=\"Los d\u00edas 21 y 22 de mayo, en la Aula Nueva del S\u00ednodo, en el Vaticano, la Uni\u00f3n Mundial de Organizaciones Femeninas Cat\u00f3licas (UMOFC) particip\u00f3, como viene haci\u00e9ndolo desde hace varios a\u00f1os, en el encuentro anual con los moderadores de las asociaciones internacionales de fieles, movimientos eclesiales y nuevas comunidades, para reflexionar sobre el tema [&hellip;]\" \/>\n<meta property=\"og:url\" content=\"https:\/\/wucwo.org\/es\/encuentro-dicasterio-laicos-familia-vida\/\" \/>\n<meta property=\"og:site_name\" content=\"WUCWO - UMOFC\" \/>\n<meta property=\"article:publisher\" content=\"https:\/\/www.facebook.com\/worldunionofcatholicwomensorganisations\/\" \/>\n<meta property=\"article:published_time\" content=\"2026-06-05T08:57:38+00:00\" \/>\n<meta property=\"article:modified_time\" content=\"2026-06-11T09:11:15+00:00\" \/>\n<meta property=\"og:image\" content=\"https:\/\/wucwo.org\/wp-content\/uploads\/2026\/06\/55285255668_562383bb82_o-scaled.jpg\" \/>\n\t<meta property=\"og:image:width\" content=\"2560\" \/>\n\t<meta property=\"og:image:height\" content=\"1707\" \/>\n\t<meta property=\"og:image:type\" content=\"image\/jpeg\" \/>\n<meta name=\"author\" content=\"communication\" \/>\n<meta name=\"twitter:card\" content=\"summary_large_image\" \/>\n<meta name=\"twitter:label1\" content=\"Escrito por\" \/>\n\t<meta name=\"twitter:data1\" content=\"communication\" \/>\n\t<meta name=\"twitter:label2\" content=\"Tiempo de lectura\" \/>\n\t<meta name=\"twitter:data2\" content=\"6 minutos\" \/>\n<script type=\"application\/ld+json\" class=\"yoast-schema-graph\">{\"@context\":\"https:\\\/\\\/schema.org\",\"@graph\":[{\"@type\":\"Article\",\"@id\":\"https:\\\/\\\/wucwo.org\\\/es\\\/encuentro-dicasterio-laicos-familia-vida\\\/#article\",\"isPartOf\":{\"@id\":\"https:\\\/\\\/wucwo.org\\\/es\\\/encuentro-dicasterio-laicos-familia-vida\\\/\"},\"author\":{\"name\":\"communication\",\"@id\":\"https:\\\/\\\/wucwo.org\\\/es\\\/#\\\/schema\\\/person\\\/36e189b76cc2f081eb3458e9a1f81183\"},\"headline\":\"Encuentro anual del Dicasterio para los Laicos, la Familia y la Vida\",\"datePublished\":\"2026-06-05T08:57:38+00:00\",\"dateModified\":\"2026-06-11T09:11:15+00:00\",\"mainEntityOfPage\":{\"@id\":\"https:\\\/\\\/wucwo.org\\\/es\\\/encuentro-dicasterio-laicos-familia-vida\\\/\"},\"wordCount\":816,\"commentCount\":0,\"publisher\":{\"@id\":\"https:\\\/\\\/wucwo.org\\\/es\\\/#organization\"},\"image\":{\"@id\":\"https:\\\/\\\/wucwo.org\\\/es\\\/encuentro-dicasterio-laicos-familia-vida\\\/#primaryimage\"},\"thumbnailUrl\":\"https:\\\/\\\/wucwo.org\\\/wp-content\\\/uploads\\\/2026\\\/06\\\/55285255668_562383bb82_o-scaled.jpg\",\"articleSection\":[\"Iglesia\",\"UMOFC\"],\"inLanguage\":\"es\",\"potentialAction\":[{\"@type\":\"CommentAction\",\"name\":\"Comment\",\"target\":[\"https:\\\/\\\/wucwo.org\\\/es\\\/encuentro-dicasterio-laicos-familia-vida\\\/#respond\"]}]},{\"@type\":\"WebPage\",\"@id\":\"https:\\\/\\\/wucwo.org\\\/es\\\/encuentro-dicasterio-laicos-familia-vida\\\/\",\"url\":\"https:\\\/\\\/wucwo.org\\\/es\\\/encuentro-dicasterio-laicos-familia-vida\\\/\",\"name\":\"Encuentro anual del Dicasterio para los Laicos, la Familia y la Vida - WUCWO - UMOFC\",\"isPartOf\":{\"@id\":\"https:\\\/\\\/wucwo.org\\\/es\\\/#website\"},\"primaryImageOfPage\":{\"@id\":\"https:\\\/\\\/wucwo.org\\\/es\\\/encuentro-dicasterio-laicos-familia-vida\\\/#primaryimage\"},\"image\":{\"@id\":\"https:\\\/\\\/wucwo.org\\\/es\\\/encuentro-dicasterio-laicos-familia-vida\\\/#primaryimage\"},\"thumbnailUrl\":\"https:\\\/\\\/wucwo.org\\\/wp-content\\\/uploads\\\/2026\\\/06\\\/55285255668_562383bb82_o-scaled.jpg\",\"datePublished\":\"2026-06-05T08:57:38+00:00\",\"dateModified\":\"2026-06-11T09:11:15+00:00\",\"breadcrumb\":{\"@id\":\"https:\\\/\\\/wucwo.org\\\/es\\\/encuentro-dicasterio-laicos-familia-vida\\\/#breadcrumb\"},\"inLanguage\":\"es\",\"potentialAction\":[{\"@type\":\"ReadAction\",\"target\":[\"https:\\\/\\\/wucwo.org\\\/es\\\/encuentro-dicasterio-laicos-familia-vida\\\/\"]}]},{\"@type\":\"ImageObject\",\"inLanguage\":\"es\",\"@id\":\"https:\\\/\\\/wucwo.org\\\/es\\\/encuentro-dicasterio-laicos-familia-vida\\\/#primaryimage\",\"url\":\"https:\\\/\\\/wucwo.org\\\/wp-content\\\/uploads\\\/2026\\\/06\\\/55285255668_562383bb82_o-scaled.jpg\",\"contentUrl\":\"https:\\\/\\\/wucwo.org\\\/wp-content\\\/uploads\\\/2026\\\/06\\\/55285255668_562383bb82_o-scaled.jpg\",\"width\":2560,\"height\":1707},{\"@type\":\"BreadcrumbList\",\"@id\":\"https:\\\/\\\/wucwo.org\\\/es\\\/encuentro-dicasterio-laicos-familia-vida\\\/#breadcrumb\",\"itemListElement\":[{\"@type\":\"ListItem\",\"position\":1,\"name\":\"Portada\",\"item\":\"https:\\\/\\\/wucwo.org\\\/es\\\/\"},{\"@type\":\"ListItem\",\"position\":2,\"name\":\"Encuentro anual del Dicasterio para los Laicos, la Familia y la Vida\"}]},{\"@type\":\"WebSite\",\"@id\":\"https:\\\/\\\/wucwo.org\\\/es\\\/#website\",\"url\":\"https:\\\/\\\/wucwo.org\\\/es\\\/\",\"name\":\"UMOFC\",\"description\":\"\",\"publisher\":{\"@id\":\"https:\\\/\\\/wucwo.org\\\/es\\\/#organization\"},\"potentialAction\":[{\"@type\":\"SearchAction\",\"target\":{\"@type\":\"EntryPoint\",\"urlTemplate\":\"https:\\\/\\\/wucwo.org\\\/es\\\/?s={search_term_string}\"},\"query-input\":{\"@type\":\"PropertyValueSpecification\",\"valueRequired\":true,\"valueName\":\"search_term_string\"}}],\"inLanguage\":\"es\"},{\"@type\":\"Organization\",\"@id\":\"https:\\\/\\\/wucwo.org\\\/es\\\/#organization\",\"name\":\"UMOFC\",\"url\":\"https:\\\/\\\/wucwo.org\\\/es\\\/\",\"logo\":{\"@type\":\"ImageObject\",\"inLanguage\":\"es\",\"@id\":\"https:\\\/\\\/wucwo.org\\\/es\\\/#\\\/schema\\\/logo\\\/image\\\/\",\"url\":\"https:\\\/\\\/wucwo.org\\\/wp-content\\\/uploads\\\/2025\\\/08\\\/Final-icono-scaled.png\",\"contentUrl\":\"https:\\\/\\\/wucwo.org\\\/wp-content\\\/uploads\\\/2025\\\/08\\\/Final-icono-scaled.png\",\"width\":2560,\"height\":1811,\"caption\":\"UMOFC\"},\"image\":{\"@id\":\"https:\\\/\\\/wucwo.org\\\/es\\\/#\\\/schema\\\/logo\\\/image\\\/\"},\"sameAs\":[\"https:\\\/\\\/www.facebook.com\\\/worldunionofcatholicwomensorganisations\\\/\",\"https:\\\/\\\/www.instagram.com\\\/wucwo_umofc\\\/\",\"https:\\\/\\\/www.linkedin.com\\\/company\\\/wucwo\\\/\",\"https:\\\/\\\/www.youtube.com\\\/@WUCWOUMOFC\",\"https:\\\/\\\/www.flickr.com\\\/photos\\\/203210007@N05\\\/albums\"]},{\"@type\":\"Person\",\"@id\":\"https:\\\/\\\/wucwo.org\\\/es\\\/#\\\/schema\\\/person\\\/36e189b76cc2f081eb3458e9a1f81183\",\"name\":\"communication\",\"image\":{\"@type\":\"ImageObject\",\"inLanguage\":\"es\",\"@id\":\"https:\\\/\\\/secure.gravatar.com\\\/avatar\\\/3db542db39feebb0fd43b726aab1c33917436e5f5a9e88f2295c0f1c34c59b48?s=96&d=mm&r=g\",\"url\":\"https:\\\/\\\/secure.gravatar.com\\\/avatar\\\/3db542db39feebb0fd43b726aab1c33917436e5f5a9e88f2295c0f1c34c59b48?s=96&d=mm&r=g\",\"contentUrl\":\"https:\\\/\\\/secure.gravatar.com\\\/avatar\\\/3db542db39feebb0fd43b726aab1c33917436e5f5a9e88f2295c0f1c34c59b48?s=96&d=mm&r=g\",\"caption\":\"communication\"},\"url\":\"https:\\\/\\\/wucwo.org\\\/es\\\/author\\\/communication\\\/\"}]}<\/script>\n<!-- \/ Yoast SEO plugin. -->","yoast_head_json":{"title":"Encuentro anual del Dicasterio para los Laicos, la Familia y la Vida - WUCWO - UMOFC","robots":{"index":"index","follow":"follow","max-snippet":"max-snippet:-1","max-image-preview":"max-image-preview:large","max-video-preview":"max-video-preview:-1"},"canonical":"https:\/\/wucwo.org\/es\/encuentro-dicasterio-laicos-familia-vida\/","og_locale":"es_ES","og_type":"article","og_title":"Encuentro anual del Dicasterio para los Laicos, la Familia y la Vida - WUCWO - UMOFC","og_description":"Los d\u00edas 21 y 22 de mayo, en la Aula Nueva del S\u00ednodo, en el Vaticano, la Uni\u00f3n Mundial de Organizaciones Femeninas Cat\u00f3licas (UMOFC) particip\u00f3, como viene haci\u00e9ndolo desde hace varios a\u00f1os, en el encuentro anual con los moderadores de las asociaciones internacionales de fieles, movimientos eclesiales y nuevas comunidades, para reflexionar sobre el tema [&hellip;]","og_url":"https:\/\/wucwo.org\/es\/encuentro-dicasterio-laicos-familia-vida\/","og_site_name":"WUCWO - UMOFC","article_publisher":"https:\/\/www.facebook.com\/worldunionofcatholicwomensorganisations\/","article_published_time":"2026-06-05T08:57:38+00:00","article_modified_time":"2026-06-11T09:11:15+00:00","og_image":[{"width":2560,"height":1707,"url":"https:\/\/wucwo.org\/wp-content\/uploads\/2026\/06\/55285255668_562383bb82_o-scaled.jpg","type":"image\/jpeg"}],"author":"communication","twitter_card":"summary_large_image","twitter_misc":{"Escrito por":"communication","Tiempo de lectura":"6 minutos"},"schema":{"@context":"https:\/\/schema.org","@graph":[{"@type":"Article","@id":"https:\/\/wucwo.org\/es\/encuentro-dicasterio-laicos-familia-vida\/#article","isPartOf":{"@id":"https:\/\/wucwo.org\/es\/encuentro-dicasterio-laicos-familia-vida\/"},"author":{"name":"communication","@id":"https:\/\/wucwo.org\/es\/#\/schema\/person\/36e189b76cc2f081eb3458e9a1f81183"},"headline":"Encuentro anual del Dicasterio para los Laicos, la Familia y la Vida","datePublished":"2026-06-05T08:57:38+00:00","dateModified":"2026-06-11T09:11:15+00:00","mainEntityOfPage":{"@id":"https:\/\/wucwo.org\/es\/encuentro-dicasterio-laicos-familia-vida\/"},"wordCount":816,"commentCount":0,"publisher":{"@id":"https:\/\/wucwo.org\/es\/#organization"},"image":{"@id":"https:\/\/wucwo.org\/es\/encuentro-dicasterio-laicos-familia-vida\/#primaryimage"},"thumbnailUrl":"https:\/\/wucwo.org\/wp-content\/uploads\/2026\/06\/55285255668_562383bb82_o-scaled.jpg","articleSection":["Iglesia","UMOFC"],"inLanguage":"es","potentialAction":[{"@type":"CommentAction","name":"Comment","target":["https:\/\/wucwo.org\/es\/encuentro-dicasterio-laicos-familia-vida\/#respond"]}]},{"@type":"WebPage","@id":"https:\/\/wucwo.org\/es\/encuentro-dicasterio-laicos-familia-vida\/","url":"https:\/\/wucwo.org\/es\/encuentro-dicasterio-laicos-familia-vida\/","name":"Encuentro anual del Dicasterio para los Laicos, la Familia y la Vida - WUCWO - UMOFC","isPartOf":{"@id":"https:\/\/wucwo.org\/es\/#website"},"primaryImageOfPage":{"@id":"https:\/\/wucwo.org\/es\/encuentro-dicasterio-laicos-familia-vida\/#primaryimage"},"image":{"@id":"https:\/\/wucwo.org\/es\/encuentro-dicasterio-laicos-familia-vida\/#primaryimage"},"thumbnailUrl":"https:\/\/wucwo.org\/wp-content\/uploads\/2026\/06\/55285255668_562383bb82_o-scaled.jpg","datePublished":"2026-06-05T08:57:38+00:00","dateModified":"2026-06-11T09:11:15+00:00","breadcrumb":{"@id":"https:\/\/wucwo.org\/es\/encuentro-dicasterio-laicos-familia-vida\/#breadcrumb"},"inLanguage":"es","potentialAction":[{"@type":"ReadAction","target":["https:\/\/wucwo.org\/es\/encuentro-dicasterio-laicos-familia-vida\/"]}]},{"@type":"ImageObject","inLanguage":"es","@id":"https:\/\/wucwo.org\/es\/encuentro-dicasterio-laicos-familia-vida\/#primaryimage","url":"https:\/\/wucwo.org\/wp-content\/uploads\/2026\/06\/55285255668_562383bb82_o-scaled.jpg","contentUrl":"https:\/\/wucwo.org\/wp-content\/uploads\/2026\/06\/55285255668_562383bb82_o-scaled.jpg","width":2560,"height":1707},{"@type":"BreadcrumbList","@id":"https:\/\/wucwo.org\/es\/encuentro-dicasterio-laicos-familia-vida\/#breadcrumb","itemListElement":[{"@type":"ListItem","position":1,"name":"Portada","item":"https:\/\/wucwo.org\/es\/"},{"@type":"ListItem","position":2,"name":"Encuentro anual del Dicasterio para los Laicos, la Familia y la Vida"}]},{"@type":"WebSite","@id":"https:\/\/wucwo.org\/es\/#website","url":"https:\/\/wucwo.org\/es\/","name":"UMOFC","description":"","publisher":{"@id":"https:\/\/wucwo.org\/es\/#organization"},"potentialAction":[{"@type":"SearchAction","target":{"@type":"EntryPoint","urlTemplate":"https:\/\/wucwo.org\/es\/?s={search_term_string}"},"query-input":{"@type":"PropertyValueSpecification","valueRequired":true,"valueName":"search_term_string"}}],"inLanguage":"es"},{"@type":"Organization","@id":"https:\/\/wucwo.org\/es\/#organization","name":"UMOFC","url":"https:\/\/wucwo.org\/es\/","logo":{"@type":"ImageObject","inLanguage":"es","@id":"https:\/\/wucwo.org\/es\/#\/schema\/logo\/image\/","url":"https:\/\/wucwo.org\/wp-content\/uploads\/2025\/08\/Final-icono-scaled.png","contentUrl":"https:\/\/wucwo.org\/wp-content\/uploads\/2025\/08\/Final-icono-scaled.png","width":2560,"height":1811,"caption":"UMOFC"},"image":{"@id":"https:\/\/wucwo.org\/es\/#\/schema\/logo\/image\/"},"sameAs":["https:\/\/www.facebook.com\/worldunionofcatholicwomensorganisations\/","https:\/\/www.instagram.com\/wucwo_umofc\/","https:\/\/www.linkedin.com\/company\/wucwo\/","https:\/\/www.youtube.com\/@WUCWOUMOFC","https:\/\/www.flickr.com\/photos\/203210007@N05\/albums"]},{"@type":"Person","@id":"https:\/\/wucwo.org\/es\/#\/schema\/person\/36e189b76cc2f081eb3458e9a1f81183","name":"communication","image":{"@type":"ImageObject","inLanguage":"es","@id":"https:\/\/secure.gravatar.com\/avatar\/3db542db39feebb0fd43b726aab1c33917436e5f5a9e88f2295c0f1c34c59b48?s=96&d=mm&r=g","url":"https:\/\/secure.gravatar.com\/avatar\/3db542db39feebb0fd43b726aab1c33917436e5f5a9e88f2295c0f1c34c59b48?s=96&d=mm&r=g","contentUrl":"https:\/\/secure.gravatar.com\/avatar\/3db542db39feebb0fd43b726aab1c33917436e5f5a9e88f2295c0f1c34c59b48?s=96&d=mm&r=g","caption":"communication"},"url":"https:\/\/wucwo.org\/es\/author\/communication\/"}]}},"_links":{"self":[{"href":"https:\/\/wucwo.org\/es\/wp-json\/wp\/v2\/posts\/19705","targetHints":{"allow":["GET"]}}],"collection":[{"href":"https:\/\/wucwo.org\/es\/wp-json\/wp\/v2\/posts"}],"about":[{"href":"https:\/\/wucwo.org\/es\/wp-json\/wp\/v2\/types\/post"}],"author":[{"embeddable":true,"href":"https:\/\/wucwo.org\/es\/wp-json\/wp\/v2\/users\/3"}],"replies":[{"embeddable":true,"href":"https:\/\/wucwo.org\/es\/wp-json\/wp\/v2\/comments?post=19705"}],"version-history":[{"count":7,"href":"https:\/\/wucwo.org\/es\/wp-json\/wp\/v2\/posts\/19705\/revisions"}],"predecessor-version":[{"id":19750,"href":"https:\/\/wucwo.org\/es\/wp-json\/wp\/v2\/posts\/19705\/revisions\/19750"}],"wp:featuredmedia":[{"embeddable":true,"href":"https:\/\/wucwo.org\/es\/wp-json\/wp\/v2\/media\/19714"}],"wp:attachment":[{"href":"https:\/\/wucwo.org\/es\/wp-json\/wp\/v2\/media?parent=19705"}],"wp:term":[{"taxonomy":"category","embeddable":true,"href":"https:\/\/wucwo.org\/es\/wp-json\/wp\/v2\/categories?post=19705"},{"taxonomy":"post_tag","embeddable":true,"href":"https:\/\/wucwo.org\/es\/wp-json\/wp\/v2\/tags?post=19705"}],"curies":[{"name":"wp","href":"https:\/\/api.w.org\/{rel}","templated":true}]}}