{"id":19841,"date":"2026-05-21T14:54:43","date_gmt":"2026-05-21T12:54:43","guid":{"rendered":"https:\/\/wucwo.org\/?p=19841"},"modified":"2026-06-23T12:49:24","modified_gmt":"2026-06-23T10:49:24","slug":"embajada-suiza-ante-la-santa-sede-encuentro-umofc","status":"publish","type":"post","link":"https:\/\/wucwo.org\/es\/embajada-suiza-ante-la-santa-sede-encuentro-umofc\/","title":{"rendered":"La Embajada de Suiza ante la Santa Sede organiza un encuentro con la UMOFC"},"content":{"rendered":"\n<p class=\"wp-block-paragraph\">El 19 de mayo de 2026, la <strong>Embajadora de Suiza ante la Santa Sede, Manuela Leimgruber,<\/strong> organiz\u00f3 un intercambio informal seguido por una cena para la <strong>Presidenta General de la Uni\u00f3n Mundial de Organizaciones Femeninas Cat\u00f3licas (UMOFC), M\u00f3nica Santamarina,<\/strong> con el objetivo de propiciar un encuentro de di\u00e1logo con varias <strong>embajadoras ante la Santa Sede,<\/strong> otras mujeres l\u00edderes&nbsp; en las sedes diplom\u00e1ticas y representantes de algunas organizaciones como <em>Donne in Vaticano<\/em>, organizaci\u00f3n miembro de la UMOFC y el <em>Lay Center.<\/em>&nbsp;&nbsp;&nbsp;<\/p>\n\n\n\n<p class=\"wp-block-paragraph\">En la reuni\u00f3n estuvo tambi\u00e9n presente <strong>Sor Nathalie Becquart, Subsecretaria de la Secretar\u00eda General del S\u00ednodo,<\/strong> con la cual se gener\u00f3 un rico intercambio.<\/p>\n\n\n\n<p class=\"wp-block-paragraph\">Durante la velada, M\u00f3nica Santamarina present\u00f3 la misi\u00f3n, prioridades y el trabajo actual de la UMOFC, destacando la importancia de su presencia y trabajo en red a nivel internacional. Habl\u00f3 del <strong>Observatorio Mundial de las Mujeres<\/strong> y sus proyectos, as\u00ed como de la <strong>Escuela de Sinodalidad de la UMOFC.<\/strong> Posteriormente, se abri\u00f3 una ronda de preguntas que permiti\u00f3 ahondar en algunos temas.<\/p>\n\n\n\n<p class=\"wp-block-paragraph\">El di\u00e1logo gener\u00f3 un gran inter\u00e9s entre las participantes y ayud\u00f3 a profundizar en posibles \u00e1mbitos de colaboraci\u00f3n entre la UMOFC y las embajadas y organizaciones presentes. Para muchas de las embajadoras, como la de <strong>Portugal, Canad\u00e1, Honduras, Lituania, Chile y Albania, <\/strong>el encuentro fue tambi\u00e9n una oportunidad para conocer m\u00e1s de cerca el trabajo internacional de la UMOFC y explorar formas de cooperaci\u00f3n viables en favor de las <strong>mujeres, la paz y el desarrollo.&nbsp;<\/strong><\/p>\n\n\n\n<p class=\"wp-block-paragraph\">En efecto, el encuentro result\u00f3 muy positivo, facilitando el establecimiento de nuevos contactos y posibles colaboraciones futuras, algunas de las cuales ya han empezado.<\/p>\n\n\n\n<figure class=\"wp-block-gallery has-nested-images columns-default is-cropped wp-block-gallery-1 is-layout-flex wp-block-gallery-is-layout-flex\">\n<figure class=\"wp-block-image size-large\"><img loading=\"lazy\" decoding=\"async\" width=\"768\" height=\"1024\" data-id=\"19852\" src=\"https:\/\/wucwo.org\/wp-content\/uploads\/2026\/06\/1-768x1024.png\" alt=\"\" class=\"wp-image-19852\"\/><\/figure>\n\n\n\n<figure class=\"wp-block-image size-large\"><img loading=\"lazy\" decoding=\"async\" width=\"768\" height=\"1024\" data-id=\"19847\" src=\"https:\/\/wucwo.org\/wp-content\/uploads\/2026\/06\/2-768x1024.png\" alt=\"\" class=\"wp-image-19847\"\/><\/figure>\n\n\n\n<figure class=\"wp-block-image size-large\"><img loading=\"lazy\" decoding=\"async\" width=\"768\" height=\"1024\" data-id=\"19855\" src=\"https:\/\/wucwo.org\/wp-content\/uploads\/2026\/06\/3-1-768x1024.png\" alt=\"\" class=\"wp-image-19855\" srcset=\"https:\/\/wucwo.org\/wp-content\/uploads\/2026\/06\/3-1-768x1024.png 768w, https:\/\/wucwo.org\/wp-content\/uploads\/2026\/06\/3-1-225x300.png 225w, https:\/\/wucwo.org\/wp-content\/uploads\/2026\/06\/3-1-1152x1536.png 1152w, https:\/\/wucwo.org\/wp-content\/uploads\/2026\/06\/3-1-1536x2048.png 1536w, https:\/\/wucwo.org\/wp-content\/uploads\/2026\/06\/3-1-1080x1440.png 1080w, https:\/\/wucwo.org\/wp-content\/uploads\/2026\/06\/3-1-scaled.png 1920w\" sizes=\"(max-width: 768px) 100vw, 768px\" \/><\/figure>\n<\/figure>\n\n\n\n<p class=\"wp-block-paragraph\">La reuni\u00f3n puso de relieve la importancia de fortalecer los v\u00ednculos con el<strong> cuerpo diplom\u00e1tico acreditado ante la Santa Sede<\/strong> y con organizaciones afines, favoreciendo espacios de encuentro que promuevan el <strong>intercambio, la construcci\u00f3n de alianzas, el liderazgo femenino y la apertura de nuevas oportunidades para la misi\u00f3n de la UMOFC.<\/strong><\/p>\n\n\n\n<p class=\"wp-block-paragraph\">Agradecemos a la embajadora Manuela Leimgruber su extraordinaria hospitalidad y el haber organizado un encuentro tan enriquecedor.<\/p>\n\n\n\n<p class=\"wp-block-paragraph\"><\/p>\n\n\n\n<p class=\"wp-block-paragraph\"><strong>Oficina de Comunicaci\u00f3n de la UMOFC<\/strong><\/p>\n","protected":false},"excerpt":{"rendered":"<p>El 19 de mayo de 2026, la Embajadora de Suiza ante la Santa Sede, Manuela Leimgruber, organiz\u00f3 un intercambio informal seguido por una cena para la Presidenta General de la Uni\u00f3n Mundial de Organizaciones Femeninas Cat\u00f3licas (UMOFC), M\u00f3nica Santamarina, con el objetivo de propiciar un encuentro de di\u00e1logo con varias embajadoras ante la Santa Sede, [&hellip;]<\/p>\n","protected":false},"author":3,"featured_media":19843,"comment_status":"open","ping_status":"open","sticky":false,"template":"","format":"standard","meta":{"_et_pb_use_builder":"off","_et_pb_old_content":"","_et_gb_content_width":"","footnotes":""},"categories":[50],"tags":[],"class_list":["post-19841","post","type-post","status-publish","format-standard","has-post-thumbnail","hentry","category-noticias-umofc"],"yoast_head":"<!-- This site is optimized with the Yoast SEO plugin v27.8 - https:\/\/yoast.com\/product\/yoast-seo-wordpress\/ -->\n<title>La Embajada de Suiza ante la Santa Sede organiza un encuentro con la UMOFC - WUCWO - UMOFC<\/title>\n<meta name=\"robots\" content=\"index, follow, max-snippet:-1, max-image-preview:large, max-video-preview:-1\" \/>\n<link rel=\"canonical\" href=\"https:\/\/wucwo.org\/es\/embajada-suiza-ante-la-santa-sede-encuentro-umofc\/\" \/>\n<meta property=\"og:locale\" content=\"es_ES\" \/>\n<meta property=\"og:type\" content=\"article\" \/>\n<meta property=\"og:title\" content=\"La Embajada de Suiza ante la Santa Sede organiza un encuentro con la UMOFC - WUCWO - UMOFC\" \/>\n<meta property=\"og:description\" content=\"El 19 de mayo de 2026, la Embajadora de Suiza ante la Santa Sede, Manuela Leimgruber, organiz\u00f3 un intercambio informal seguido por una cena para la Presidenta General de la Uni\u00f3n Mundial de Organizaciones Femeninas Cat\u00f3licas (UMOFC), M\u00f3nica Santamarina, con el objetivo de propiciar un encuentro de di\u00e1logo con varias embajadoras ante la Santa Sede, [&hellip;]\" \/>\n<meta property=\"og:url\" content=\"https:\/\/wucwo.org\/es\/embajada-suiza-ante-la-santa-sede-encuentro-umofc\/\" \/>\n<meta property=\"og:site_name\" content=\"WUCWO - UMOFC\" \/>\n<meta property=\"article:publisher\" content=\"https:\/\/www.facebook.com\/worldunionofcatholicwomensorganisations\/\" \/>\n<meta property=\"article:published_time\" content=\"2026-05-21T12:54:43+00:00\" \/>\n<meta property=\"article:modified_time\" content=\"2026-06-23T10:49:24+00:00\" \/>\n<meta property=\"og:image\" content=\"https:\/\/wucwo.org\/wp-content\/uploads\/2026\/06\/Encuentro-Embajada-Suiza-ante-la-Santa-Sede-1024x683.png\" \/>\n\t<meta property=\"og:image:width\" content=\"1024\" \/>\n\t<meta property=\"og:image:height\" content=\"683\" \/>\n\t<meta property=\"og:image:type\" content=\"image\/png\" \/>\n<meta name=\"author\" content=\"communication\" \/>\n<meta name=\"twitter:card\" content=\"summary_large_image\" \/>\n<meta name=\"twitter:label1\" content=\"Escrito por\" \/>\n\t<meta name=\"twitter:data1\" content=\"communication\" \/>\n\t<meta name=\"twitter:label2\" content=\"Tiempo de lectura\" \/>\n\t<meta name=\"twitter:data2\" content=\"3 minutos\" \/>\n<script type=\"application\/ld+json\" class=\"yoast-schema-graph\">{\"@context\":\"https:\\\/\\\/schema.org\",\"@graph\":[{\"@type\":\"Article\",\"@id\":\"https:\\\/\\\/wucwo.org\\\/es\\\/embajada-suiza-ante-la-santa-sede-encuentro-umofc\\\/#article\",\"isPartOf\":{\"@id\":\"https:\\\/\\\/wucwo.org\\\/es\\\/embajada-suiza-ante-la-santa-sede-encuentro-umofc\\\/\"},\"author\":{\"name\":\"communication\",\"@id\":\"https:\\\/\\\/wucwo.org\\\/es\\\/#\\\/schema\\\/person\\\/36e189b76cc2f081eb3458e9a1f81183\"},\"headline\":\"La Embajada de Suiza ante la Santa Sede organiza un encuentro con la UMOFC\",\"datePublished\":\"2026-05-21T12:54:43+00:00\",\"dateModified\":\"2026-06-23T10:49:24+00:00\",\"mainEntityOfPage\":{\"@id\":\"https:\\\/\\\/wucwo.org\\\/es\\\/embajada-suiza-ante-la-santa-sede-encuentro-umofc\\\/\"},\"wordCount\":381,\"commentCount\":0,\"publisher\":{\"@id\":\"https:\\\/\\\/wucwo.org\\\/es\\\/#organization\"},\"image\":{\"@id\":\"https:\\\/\\\/wucwo.org\\\/es\\\/embajada-suiza-ante-la-santa-sede-encuentro-umofc\\\/#primaryimage\"},\"thumbnailUrl\":\"https:\\\/\\\/wucwo.org\\\/wp-content\\\/uploads\\\/2026\\\/06\\\/Encuentro-Embajada-Suiza-ante-la-Santa-Sede-scaled.png\",\"articleSection\":[\"UMOFC\"],\"inLanguage\":\"es\",\"potentialAction\":[{\"@type\":\"CommentAction\",\"name\":\"Comment\",\"target\":[\"https:\\\/\\\/wucwo.org\\\/es\\\/embajada-suiza-ante-la-santa-sede-encuentro-umofc\\\/#respond\"]}]},{\"@type\":\"WebPage\",\"@id\":\"https:\\\/\\\/wucwo.org\\\/es\\\/embajada-suiza-ante-la-santa-sede-encuentro-umofc\\\/\",\"url\":\"https:\\\/\\\/wucwo.org\\\/es\\\/embajada-suiza-ante-la-santa-sede-encuentro-umofc\\\/\",\"name\":\"La Embajada de Suiza ante la Santa Sede organiza un encuentro con la UMOFC - WUCWO - UMOFC\",\"isPartOf\":{\"@id\":\"https:\\\/\\\/wucwo.org\\\/es\\\/#website\"},\"primaryImageOfPage\":{\"@id\":\"https:\\\/\\\/wucwo.org\\\/es\\\/embajada-suiza-ante-la-santa-sede-encuentro-umofc\\\/#primaryimage\"},\"image\":{\"@id\":\"https:\\\/\\\/wucwo.org\\\/es\\\/embajada-suiza-ante-la-santa-sede-encuentro-umofc\\\/#primaryimage\"},\"thumbnailUrl\":\"https:\\\/\\\/wucwo.org\\\/wp-content\\\/uploads\\\/2026\\\/06\\\/Encuentro-Embajada-Suiza-ante-la-Santa-Sede-scaled.png\",\"datePublished\":\"2026-05-21T12:54:43+00:00\",\"dateModified\":\"2026-06-23T10:49:24+00:00\",\"breadcrumb\":{\"@id\":\"https:\\\/\\\/wucwo.org\\\/es\\\/embajada-suiza-ante-la-santa-sede-encuentro-umofc\\\/#breadcrumb\"},\"inLanguage\":\"es\",\"potentialAction\":[{\"@type\":\"ReadAction\",\"target\":[\"https:\\\/\\\/wucwo.org\\\/es\\\/embajada-suiza-ante-la-santa-sede-encuentro-umofc\\\/\"]}]},{\"@type\":\"ImageObject\",\"inLanguage\":\"es\",\"@id\":\"https:\\\/\\\/wucwo.org\\\/es\\\/embajada-suiza-ante-la-santa-sede-encuentro-umofc\\\/#primaryimage\",\"url\":\"https:\\\/\\\/wucwo.org\\\/wp-content\\\/uploads\\\/2026\\\/06\\\/Encuentro-Embajada-Suiza-ante-la-Santa-Sede-scaled.png\",\"contentUrl\":\"https:\\\/\\\/wucwo.org\\\/wp-content\\\/uploads\\\/2026\\\/06\\\/Encuentro-Embajada-Suiza-ante-la-Santa-Sede-scaled.png\",\"width\":2560,\"height\":1707},{\"@type\":\"BreadcrumbList\",\"@id\":\"https:\\\/\\\/wucwo.org\\\/es\\\/embajada-suiza-ante-la-santa-sede-encuentro-umofc\\\/#breadcrumb\",\"itemListElement\":[{\"@type\":\"ListItem\",\"position\":1,\"name\":\"Portada\",\"item\":\"https:\\\/\\\/wucwo.org\\\/es\\\/\"},{\"@type\":\"ListItem\",\"position\":2,\"name\":\"La Embajada de Suiza ante la Santa Sede organiza un encuentro con la UMOFC\"}]},{\"@type\":\"WebSite\",\"@id\":\"https:\\\/\\\/wucwo.org\\\/es\\\/#website\",\"url\":\"https:\\\/\\\/wucwo.org\\\/es\\\/\",\"name\":\"UMOFC\",\"description\":\"\",\"publisher\":{\"@id\":\"https:\\\/\\\/wucwo.org\\\/es\\\/#organization\"},\"potentialAction\":[{\"@type\":\"SearchAction\",\"target\":{\"@type\":\"EntryPoint\",\"urlTemplate\":\"https:\\\/\\\/wucwo.org\\\/es\\\/?s={search_term_string}\"},\"query-input\":{\"@type\":\"PropertyValueSpecification\",\"valueRequired\":true,\"valueName\":\"search_term_string\"}}],\"inLanguage\":\"es\"},{\"@type\":\"Organization\",\"@id\":\"https:\\\/\\\/wucwo.org\\\/es\\\/#organization\",\"name\":\"UMOFC\",\"url\":\"https:\\\/\\\/wucwo.org\\\/es\\\/\",\"logo\":{\"@type\":\"ImageObject\",\"inLanguage\":\"es\",\"@id\":\"https:\\\/\\\/wucwo.org\\\/es\\\/#\\\/schema\\\/logo\\\/image\\\/\",\"url\":\"https:\\\/\\\/wucwo.org\\\/wp-content\\\/uploads\\\/2025\\\/08\\\/Final-icono-scaled.png\",\"contentUrl\":\"https:\\\/\\\/wucwo.org\\\/wp-content\\\/uploads\\\/2025\\\/08\\\/Final-icono-scaled.png\",\"width\":2560,\"height\":1811,\"caption\":\"UMOFC\"},\"image\":{\"@id\":\"https:\\\/\\\/wucwo.org\\\/es\\\/#\\\/schema\\\/logo\\\/image\\\/\"},\"sameAs\":[\"https:\\\/\\\/www.facebook.com\\\/worldunionofcatholicwomensorganisations\\\/\",\"https:\\\/\\\/www.instagram.com\\\/wucwo_umofc\\\/\",\"https:\\\/\\\/www.linkedin.com\\\/company\\\/wucwo\\\/\",\"https:\\\/\\\/www.youtube.com\\\/@WUCWOUMOFC\",\"https:\\\/\\\/www.flickr.com\\\/photos\\\/203210007@N05\\\/albums\"]},{\"@type\":\"Person\",\"@id\":\"https:\\\/\\\/wucwo.org\\\/es\\\/#\\\/schema\\\/person\\\/36e189b76cc2f081eb3458e9a1f81183\",\"name\":\"communication\",\"image\":{\"@type\":\"ImageObject\",\"inLanguage\":\"es\",\"@id\":\"https:\\\/\\\/secure.gravatar.com\\\/avatar\\\/3db542db39feebb0fd43b726aab1c33917436e5f5a9e88f2295c0f1c34c59b48?s=96&d=mm&r=g\",\"url\":\"https:\\\/\\\/secure.gravatar.com\\\/avatar\\\/3db542db39feebb0fd43b726aab1c33917436e5f5a9e88f2295c0f1c34c59b48?s=96&d=mm&r=g\",\"contentUrl\":\"https:\\\/\\\/secure.gravatar.com\\\/avatar\\\/3db542db39feebb0fd43b726aab1c33917436e5f5a9e88f2295c0f1c34c59b48?s=96&d=mm&r=g\",\"caption\":\"communication\"},\"url\":\"https:\\\/\\\/wucwo.org\\\/es\\\/author\\\/communication\\\/\"}]}<\/script>\n<!-- \/ Yoast SEO plugin. -->","yoast_head_json":{"title":"La Embajada de Suiza ante la Santa Sede organiza un encuentro con la UMOFC - WUCWO - UMOFC","robots":{"index":"index","follow":"follow","max-snippet":"max-snippet:-1","max-image-preview":"max-image-preview:large","max-video-preview":"max-video-preview:-1"},"canonical":"https:\/\/wucwo.org\/es\/embajada-suiza-ante-la-santa-sede-encuentro-umofc\/","og_locale":"es_ES","og_type":"article","og_title":"La Embajada de Suiza ante la Santa Sede organiza un encuentro con la UMOFC - WUCWO - UMOFC","og_description":"El 19 de mayo de 2026, la Embajadora de Suiza ante la Santa Sede, Manuela Leimgruber, organiz\u00f3 un intercambio informal seguido por una cena para la Presidenta General de la Uni\u00f3n Mundial de Organizaciones Femeninas Cat\u00f3licas (UMOFC), M\u00f3nica Santamarina, con el objetivo de propiciar un encuentro de di\u00e1logo con varias embajadoras ante la Santa Sede, [&hellip;]","og_url":"https:\/\/wucwo.org\/es\/embajada-suiza-ante-la-santa-sede-encuentro-umofc\/","og_site_name":"WUCWO - UMOFC","article_publisher":"https:\/\/www.facebook.com\/worldunionofcatholicwomensorganisations\/","article_published_time":"2026-05-21T12:54:43+00:00","article_modified_time":"2026-06-23T10:49:24+00:00","og_image":[{"width":1024,"height":683,"url":"https:\/\/wucwo.org\/wp-content\/uploads\/2026\/06\/Encuentro-Embajada-Suiza-ante-la-Santa-Sede-1024x683.png","type":"image\/png"}],"author":"communication","twitter_card":"summary_large_image","twitter_misc":{"Escrito por":"communication","Tiempo de lectura":"3 minutos"},"schema":{"@context":"https:\/\/schema.org","@graph":[{"@type":"Article","@id":"https:\/\/wucwo.org\/es\/embajada-suiza-ante-la-santa-sede-encuentro-umofc\/#article","isPartOf":{"@id":"https:\/\/wucwo.org\/es\/embajada-suiza-ante-la-santa-sede-encuentro-umofc\/"},"author":{"name":"communication","@id":"https:\/\/wucwo.org\/es\/#\/schema\/person\/36e189b76cc2f081eb3458e9a1f81183"},"headline":"La Embajada de Suiza ante la Santa Sede organiza un encuentro con la UMOFC","datePublished":"2026-05-21T12:54:43+00:00","dateModified":"2026-06-23T10:49:24+00:00","mainEntityOfPage":{"@id":"https:\/\/wucwo.org\/es\/embajada-suiza-ante-la-santa-sede-encuentro-umofc\/"},"wordCount":381,"commentCount":0,"publisher":{"@id":"https:\/\/wucwo.org\/es\/#organization"},"image":{"@id":"https:\/\/wucwo.org\/es\/embajada-suiza-ante-la-santa-sede-encuentro-umofc\/#primaryimage"},"thumbnailUrl":"https:\/\/wucwo.org\/wp-content\/uploads\/2026\/06\/Encuentro-Embajada-Suiza-ante-la-Santa-Sede-scaled.png","articleSection":["UMOFC"],"inLanguage":"es","potentialAction":[{"@type":"CommentAction","name":"Comment","target":["https:\/\/wucwo.org\/es\/embajada-suiza-ante-la-santa-sede-encuentro-umofc\/#respond"]}]},{"@type":"WebPage","@id":"https:\/\/wucwo.org\/es\/embajada-suiza-ante-la-santa-sede-encuentro-umofc\/","url":"https:\/\/wucwo.org\/es\/embajada-suiza-ante-la-santa-sede-encuentro-umofc\/","name":"La Embajada de Suiza ante la Santa Sede organiza un encuentro con la UMOFC - WUCWO - UMOFC","isPartOf":{"@id":"https:\/\/wucwo.org\/es\/#website"},"primaryImageOfPage":{"@id":"https:\/\/wucwo.org\/es\/embajada-suiza-ante-la-santa-sede-encuentro-umofc\/#primaryimage"},"image":{"@id":"https:\/\/wucwo.org\/es\/embajada-suiza-ante-la-santa-sede-encuentro-umofc\/#primaryimage"},"thumbnailUrl":"https:\/\/wucwo.org\/wp-content\/uploads\/2026\/06\/Encuentro-Embajada-Suiza-ante-la-Santa-Sede-scaled.png","datePublished":"2026-05-21T12:54:43+00:00","dateModified":"2026-06-23T10:49:24+00:00","breadcrumb":{"@id":"https:\/\/wucwo.org\/es\/embajada-suiza-ante-la-santa-sede-encuentro-umofc\/#breadcrumb"},"inLanguage":"es","potentialAction":[{"@type":"ReadAction","target":["https:\/\/wucwo.org\/es\/embajada-suiza-ante-la-santa-sede-encuentro-umofc\/"]}]},{"@type":"ImageObject","inLanguage":"es","@id":"https:\/\/wucwo.org\/es\/embajada-suiza-ante-la-santa-sede-encuentro-umofc\/#primaryimage","url":"https:\/\/wucwo.org\/wp-content\/uploads\/2026\/06\/Encuentro-Embajada-Suiza-ante-la-Santa-Sede-scaled.png","contentUrl":"https:\/\/wucwo.org\/wp-content\/uploads\/2026\/06\/Encuentro-Embajada-Suiza-ante-la-Santa-Sede-scaled.png","width":2560,"height":1707},{"@type":"BreadcrumbList","@id":"https:\/\/wucwo.org\/es\/embajada-suiza-ante-la-santa-sede-encuentro-umofc\/#breadcrumb","itemListElement":[{"@type":"ListItem","position":1,"name":"Portada","item":"https:\/\/wucwo.org\/es\/"},{"@type":"ListItem","position":2,"name":"La Embajada de Suiza ante la Santa Sede organiza un encuentro con la UMOFC"}]},{"@type":"WebSite","@id":"https:\/\/wucwo.org\/es\/#website","url":"https:\/\/wucwo.org\/es\/","name":"UMOFC","description":"","publisher":{"@id":"https:\/\/wucwo.org\/es\/#organization"},"potentialAction":[{"@type":"SearchAction","target":{"@type":"EntryPoint","urlTemplate":"https:\/\/wucwo.org\/es\/?s={search_term_string}"},"query-input":{"@type":"PropertyValueSpecification","valueRequired":true,"valueName":"search_term_string"}}],"inLanguage":"es"},{"@type":"Organization","@id":"https:\/\/wucwo.org\/es\/#organization","name":"UMOFC","url":"https:\/\/wucwo.org\/es\/","logo":{"@type":"ImageObject","inLanguage":"es","@id":"https:\/\/wucwo.org\/es\/#\/schema\/logo\/image\/","url":"https:\/\/wucwo.org\/wp-content\/uploads\/2025\/08\/Final-icono-scaled.png","contentUrl":"https:\/\/wucwo.org\/wp-content\/uploads\/2025\/08\/Final-icono-scaled.png","width":2560,"height":1811,"caption":"UMOFC"},"image":{"@id":"https:\/\/wucwo.org\/es\/#\/schema\/logo\/image\/"},"sameAs":["https:\/\/www.facebook.com\/worldunionofcatholicwomensorganisations\/","https:\/\/www.instagram.com\/wucwo_umofc\/","https:\/\/www.linkedin.com\/company\/wucwo\/","https:\/\/www.youtube.com\/@WUCWOUMOFC","https:\/\/www.flickr.com\/photos\/203210007@N05\/albums"]},{"@type":"Person","@id":"https:\/\/wucwo.org\/es\/#\/schema\/person\/36e189b76cc2f081eb3458e9a1f81183","name":"communication","image":{"@type":"ImageObject","inLanguage":"es","@id":"https:\/\/secure.gravatar.com\/avatar\/3db542db39feebb0fd43b726aab1c33917436e5f5a9e88f2295c0f1c34c59b48?s=96&d=mm&r=g","url":"https:\/\/secure.gravatar.com\/avatar\/3db542db39feebb0fd43b726aab1c33917436e5f5a9e88f2295c0f1c34c59b48?s=96&d=mm&r=g","contentUrl":"https:\/\/secure.gravatar.com\/avatar\/3db542db39feebb0fd43b726aab1c33917436e5f5a9e88f2295c0f1c34c59b48?s=96&d=mm&r=g","caption":"communication"},"url":"https:\/\/wucwo.org\/es\/author\/communication\/"}]}},"_links":{"self":[{"href":"https:\/\/wucwo.org\/es\/wp-json\/wp\/v2\/posts\/19841","targetHints":{"allow":["GET"]}}],"collection":[{"href":"https:\/\/wucwo.org\/es\/wp-json\/wp\/v2\/posts"}],"about":[{"href":"https:\/\/wucwo.org\/es\/wp-json\/wp\/v2\/types\/post"}],"author":[{"embeddable":true,"href":"https:\/\/wucwo.org\/es\/wp-json\/wp\/v2\/users\/3"}],"replies":[{"embeddable":true,"href":"https:\/\/wucwo.org\/es\/wp-json\/wp\/v2\/comments?post=19841"}],"version-history":[{"count":2,"href":"https:\/\/wucwo.org\/es\/wp-json\/wp\/v2\/posts\/19841\/revisions"}],"predecessor-version":[{"id":19870,"href":"https:\/\/wucwo.org\/es\/wp-json\/wp\/v2\/posts\/19841\/revisions\/19870"}],"wp:featuredmedia":[{"embeddable":true,"href":"https:\/\/wucwo.org\/es\/wp-json\/wp\/v2\/media\/19843"}],"wp:attachment":[{"href":"https:\/\/wucwo.org\/es\/wp-json\/wp\/v2\/media?parent=19841"}],"wp:term":[{"taxonomy":"category","embeddable":true,"href":"https:\/\/wucwo.org\/es\/wp-json\/wp\/v2\/categories?post=19841"},{"taxonomy":"post_tag","embeddable":true,"href":"https:\/\/wucwo.org\/es\/wp-json\/wp\/v2\/tags?post=19841"}],"curies":[{"name":"wp","href":"https:\/\/api.w.org\/{rel}","templated":true}]}}