{"id":19859,"date":"2026-06-19T14:43:00","date_gmt":"2026-06-19T12:43:00","guid":{"rendered":"https:\/\/wucwo.org\/?p=19859"},"modified":"2026-06-19T14:59:38","modified_gmt":"2026-06-19T12:59:38","slug":"un-ano-papa-leon","status":"publish","type":"post","link":"https:\/\/wucwo.org\/es\/un-ano-papa-leon\/","title":{"rendered":"A m\u00e1s de un a\u00f1o de la llegada del Papa Le\u00f3n XIV"},"content":{"rendered":"\n<p class=\"wp-block-paragraph\">Hace un mes festejamos el primer aniversario de la elecci\u00f3n del cardenal norteamericano y peruano, Robert Francis Prevost, como el 267\u00ba sucesor de Pedro, que tomaba el nombre de Le\u00f3n XIV. El primer pont\u00edfice de los Estados Unidos, con alma peruana despu\u00e9s de haber vivido m\u00e1s de veintid\u00f3s a\u00f1os en ese pa\u00eds latinoamericano.&nbsp; Un agustino, prior general durante dos mandatos, experto en matem\u00e1ticas, lenguas y derecho can\u00f3nico; p\u00e1rroco y obispo en poblaciones marginadas del Per\u00fa, y cardenal prefecto del Dicasterio para los Obispos.<\/p>\n\n\n\n<p class=\"wp-block-paragraph\">Aquella fue una elecci\u00f3n, sin duda, sorpresiva para muchos, pero que al poco tiempo mostraba como el Esp\u00edritu Santo nos hab\u00eda enviado al pastor m\u00e1s indicado para dirigir a la Iglesia en tiempos dif\u00edciles, en lo que muchos llaman un \u201ccambio de \u00e9poca\u201d o la \u201ccuarta revoluci\u00f3n industrial\u201d. Un Papa que ha puesto en el centro la unidad en Cristo, la cercan\u00eda con los pobres y los m\u00e1s vulnerables, la defensa de la dignidad de la persona ante los retos del desarrollo tecnol\u00f3gico y, especialmente, un firme llamado a la paz; a esa paz \u201cdesarmada y desarmante\u201d de la que nos habl\u00f3 desde el primer d\u00eda.<\/p>\n\n\n\n<p class=\"wp-block-paragraph\"><strong>El Papa de la Unidad<\/strong><\/p>\n\n\n\n<p class=\"wp-block-paragraph\">El lema del Papa Le\u00f3n XIV <strong>\u00ab<em>In illo uno unum<\/em>\u00bb<\/strong> (\u00abEn el \u00fanico Cristo somos uno\u00bb) fue tomado de una homil\u00eda en la que San Agust\u00edn explica que, aunque los cristianos somos muchos, en el \u00fanico Cristo somos un solo cuerpo. El Santo Padre decidi\u00f3 mantener este lema que ya usaba como obispo, como una invitaci\u00f3n a la comuni\u00f3n y a la unidad dentro de la Iglesia y como un signo de esperanza.<\/p>\n\n\n\n<p class=\"wp-block-paragraph\">La unidad es algo que hay que buscar y construir. \u00abEn la unidad de la fe, proclamada desde los inicios de la Iglesia, los cristianos han sido llamados a caminar en armon\u00eda, custodiando y transmitiendo el don que han recibido con amor y alegr\u00eda\u00bb, afirmaba recientemente el Papa en su mensaje con motivo del 1700\u00ba aniversario del Concilio de Nicea.<\/p>\n\n\n\n<p class=\"wp-block-paragraph\"><strong><em>Dilexi te <\/em><\/strong><strong>y la mirada hacia los m\u00e1s vulnerables<\/strong><\/p>\n\n\n\n<p class=\"wp-block-paragraph\">La experiencia misionera de Robert Prevost en el Per\u00fa, donde su ministerio se desarroll\u00f3 en contacto directo con \u201clos m\u00e1s pobres y los pueblos olvidados\u201d, ha marcado el estilo de su pontificado, sostenido en la convicci\u00f3n del amor universal de Dios a todos, sin distinciones, y con una opci\u00f3n clara por los m\u00e1s vulnerables. Es, sin duda, un papa misionero atento a los problemas y al sufrimiento de quienes viven en situaciones dif\u00edciles.<\/p>\n\n\n\n<p class=\"wp-block-paragraph\">La elecci\u00f3n de su nombre, en referencia directa al papa Le\u00f3n XIII, autor de la <em>Rerum novarum<\/em>, primera enc\u00edclica social de la Iglesia cat\u00f3lica, muestra su convicci\u00f3n del papel prof\u00e9tico de la Iglesia para proclamar y dar testimonio del Evangelio ante las crisis del mundo.<\/p>\n\n\n\n<p class=\"wp-block-paragraph\">Firma as\u00ed, el pasado 4 de octubre, su primera exhortaci\u00f3n apost\u00f3lica, <em>Dilexi te <\/em>(\u201cTe he amado\u201d)<em>, <\/em>sobre el amor divino y humano del coraz\u00f3n de Cristo hacia los m\u00e1s pobres. Esta exhortaci\u00f3n, proyecto iniciado, por el Papa Francisco, habla del servicio a los pobres, en cuyo rostro encontramos \u201cel sufrimiento de los inocentes\u201d y en quienes se hace presente \u201cla misma carne de Cristo\u201d. El texto denuncia la econom\u00eda que mata, la falta de equidad, la violencia contra las mujeres, la malnutrici\u00f3n, la emergencia educativa y las \u201cestructuras de injusticia\u201d que deben ser \u201cdestruidas con la fuerza del bien\u201d.<\/p>\n\n\n\n<p class=\"wp-block-paragraph\"><em>Dilexi te<\/em> nos invita a renovar la comunidad cristiana para hacerla m\u00e1s cercana, misericordiosa y comprometida con los m\u00e1s vulnerables.<\/p>\n\n\n\n<p class=\"wp-block-paragraph\"><strong>El Papa de la Paz<\/strong><\/p>\n\n\n\n<p class=\"wp-block-paragraph\">Como lo hemos reiterado, este ha sido, sin duda, el rasgo m\u00e1s caracter\u00edstico del pontificado de Le\u00f3n XIV, desde que se asom\u00f3 a la Plaza de San Pedro aquel 8 de mayo de 2025 con su llamado a \u201cla paz de Cristo resucitado, <strong>una paz desarmada y desarmante<\/strong>, humilde y perseverante\u201d. Una paz que crea puentes y que se presenta como una fuerza transformadora para la humanidad.<\/p>\n\n\n\n<p class=\"wp-block-paragraph\">Ante los conflictos de hoy, Le\u00f3n XIV ha insistido repetidamente que <strong>las guerras no se resuelven con m\u00e1s violencia<\/strong> <strong>sino a trav\u00e9s del di\u00e1logo. <\/strong>Ha pedido incesantemente el cese al fuego en las zonas de conflicto, el desarme, que los l\u00edderes privilegien la negociaci\u00f3n y que las naciones busquen soluciones que respeten la dignidad de todos. Su trabajo diplom\u00e1tico ha sido muy intenso para \u201cbuscar respuestas y soluciones no violentas, m\u00e1s eficaces y mejores para el pueblo.\u201d<\/p>\n\n\n\n<p class=\"wp-block-paragraph\">Con su voz clara, desarmada y desarmante, pero firme y perseverante, no deja de exigir el fin de la violencia y de las guerras. Ha hecho fuertes reclamos como el \u201cNunca m\u00e1s la Guerra\u201d de su primer Regina Caeli, hasta la acusaci\u00f3n contra los se\u00f1ores de la guerra cuyas manos \u201cest\u00e1n llenas de sangre\u201d, en la misa del Domingo de Ramos. Por la paz, Le\u00f3n XIV se reuni\u00f3 con representantes de Hezbollah en el L\u00edbano y recibi\u00f3 a los presidentes de Palestina e Israel. Ha mantenido conversaciones telef\u00f3nicas y reuniones con varios l\u00edderes de las naciones en guerra.<\/p>\n\n\n\n<p class=\"wp-block-paragraph\">Es en el tema de la guerra en Ir\u00e1n donde el Papa ha hablado con mayor contundencia y valent\u00eda, tomando la inusual decisi\u00f3n de nombrar expl\u00edcitamente a un presidente y denunciando cualquier justificaci\u00f3n religiosa o ideol\u00f3gica de los conflictos. En Camer\u00fan, Le\u00f3n XIV afirm\u00f3 que el mundo est\u00e1 siendo \u201casolado por un pu\u00f1ado de tiranos\u201d y arremeti\u00f3 duramente contra la corrupci\u00f3n.<\/p>\n\n\n\n<p class=\"wp-block-paragraph\">Pero ante todo el Papa nos recuerda que la paz, que viene de Dios que nos ama a todos incondicionalmente, comienza en el coraz\u00f3n de cada persona y que no basta con reclamar paz para el mundo si no se cultiva en la vida cotidiana. Advertidos del peligro de acostumbrarnos a la violencia, nos ha pedido desarmar el coraz\u00f3n, la mente y la vida del odio y la venganza; educar para la fraternidad; promover el perd\u00f3n y la reconciliaci\u00f3n y construir relaciones basadas en el respeto y la solidaridad. Como dijo recientemente, \u201cla paz comienza con cada uno de nosotros, con la forma en que miramos a los dem\u00e1s, escuchamos a los dem\u00e1s, hablamos a los dem\u00e1s.\u201d<\/p>\n\n\n\n<p class=\"wp-block-paragraph\">Su mensaje ha sido claro: <strong>la paz no es solo ausencia de conflicto, sino fruto de la justicia, la fraternidad y el reconocimiento de la dignidad de toda persona humana<\/strong><strong>.<\/strong><\/p>\n\n\n\n<p class=\"wp-block-paragraph\"><strong>Un Papa ocupado y preocupado por la custodia de la persona humana ante la Inteligencia Artificial: <em>Magnifica humanitas<\/em><\/strong><\/p>\n\n\n\n<p class=\"wp-block-paragraph\">Como un experto en el \u00e1mbito digital, en su primer consistorio afirmaba: \u00abEn nuestros d\u00edas, la Iglesia ofrece a todos el tesoro de su doctrina social en respuesta a una nueva revoluci\u00f3n industrial y a los avances en el \u00e1mbito de la inteligencia artificial, que plantean nuevos retos para la defensa de la dignidad humana, la justicia y el trabajo\u00bb. Tiempo despu\u00e9s publicar\u00eda <em>Magnifica humanitas<\/em>, la primera enc\u00edclica de su pontificado sobre la custodia de la persona humana en el tiempo de la inteligencia artificial.<\/p>\n\n\n\n<p class=\"wp-block-paragraph\">La enc\u00edclica insta a la humanidad a \u00abdesarmar\u00bb la inteligencia artificial y las formas en que se desarrollan y utilizan las tecnolog\u00edas. Este \u00abdesarme\u00bb no consiste en rechazar la innovaci\u00f3n, sino en alejarnos de los sistemas basados en la dominaci\u00f3n, el lucro y el control para construir una civilizaci\u00f3n del amor, en la que puedan florecer la dignidad humana, la libertad, la solidaridad, la subsidiariedad y el cuidado de la creaci\u00f3n.<\/p>\n\n\n\n<p class=\"wp-block-paragraph\">El Santo Padre no se opone al avance tecnol\u00f3gico, pero pide mayor discernimiento, claridad y responsabilidad en la forma en que se configuran y aplican la inteligencia artificial y las nuevas tecnolog\u00edas que deben basarse en la verdad, el bien com\u00fan y la dignidad de la persona, con especial atenci\u00f3n a 3 \u00e1mbitos: el de la comunicaci\u00f3n, el de la educaci\u00f3n y el del trabajo. Ya hablaremos m\u00e1s delante de todo esto.<\/p>\n\n\n\n<p class=\"wp-block-paragraph\">Bien, no cabe duda de que, con su estilo discreto y sereno, \u00abdesarmado\u00bb y \u00abdesarmante\u00bb, pero a la vez firme y valiente, su aguda inteligencia, su capacidad para observar y escuchar con atenci\u00f3n y, por supuesto, su intensa vida interior y entrega, Le\u00f3n XIV sigue sorprendi\u00e9ndonos. \u00a1\u00a1Nos ha dado tanto en tan poco tiempo!!<\/p>\n\n\n\n<p class=\"wp-block-paragraph\">Hace unas semanas tuve la maravillosa oportunidad de verlo, escucharlo y saludarlo. Con su dulce sonrisa y su atenta mirada me transmiti\u00f3 una gran paz; esa paz de la que tanto habla y que con seguridad nace de Dios que vive en su coraz\u00f3n. Le dije que hab\u00eda m\u00e1s de 8 millones de mujeres de la UMOFC rezando por \u00e9l. \u00a1\u00a1\u00a1Cuento con todas ustedes para ello!!! Seguiremos hablando.<\/p>\n\n\n\n<p class=\"wp-block-paragraph\"><\/p>\n\n\n\n<p class=\"wp-block-paragraph\">M\u00f3nica Santamarina &#8211; Presidenta General de la UMOFC<\/p>\n","protected":false},"excerpt":{"rendered":"<p>Hace un mes festejamos el primer aniversario de la elecci\u00f3n del cardenal norteamericano y peruano, Robert Francis Prevost, como el 267\u00ba sucesor de Pedro, que tomaba el nombre de Le\u00f3n XIV. El primer pont\u00edfice de los Estados Unidos, con alma peruana despu\u00e9s de haber vivido m\u00e1s de veintid\u00f3s a\u00f1os en ese pa\u00eds latinoamericano.&nbsp; Un agustino, [&hellip;]<\/p>\n","protected":false},"author":2,"featured_media":19861,"comment_status":"open","ping_status":"open","sticky":false,"template":"","format":"standard","meta":{"_et_pb_use_builder":"off","_et_pb_old_content":"","_et_gb_content_width":"","footnotes":""},"categories":[50],"tags":[],"class_list":["post-19859","post","type-post","status-publish","format-standard","has-post-thumbnail","hentry","category-noticias-umofc"],"yoast_head":"<!-- This site is optimized with the Yoast SEO plugin v27.8 - https:\/\/yoast.com\/product\/yoast-seo-wordpress\/ -->\n<title>A m\u00e1s de un a\u00f1o de la llegada del Papa Le\u00f3n XIV - WUCWO - UMOFC<\/title>\n<meta name=\"description\" content=\"Primer aniversario del Papa Le\u00f3n XIV\" \/>\n<meta name=\"robots\" content=\"index, follow, max-snippet:-1, max-image-preview:large, max-video-preview:-1\" \/>\n<link rel=\"canonical\" href=\"https:\/\/wucwo.org\/es\/un-ano-papa-leon\/\" \/>\n<meta property=\"og:locale\" content=\"es_ES\" \/>\n<meta property=\"og:type\" content=\"article\" \/>\n<meta property=\"og:title\" content=\"A m\u00e1s de un a\u00f1o de la llegada del Papa Le\u00f3n XIV - WUCWO - UMOFC\" \/>\n<meta property=\"og:description\" content=\"Primer aniversario del Papa Le\u00f3n XIV\" \/>\n<meta property=\"og:url\" content=\"https:\/\/wucwo.org\/es\/un-ano-papa-leon\/\" \/>\n<meta property=\"og:site_name\" content=\"WUCWO - UMOFC\" \/>\n<meta property=\"article:publisher\" content=\"https:\/\/www.facebook.com\/worldunionofcatholicwomensorganisations\/\" \/>\n<meta property=\"article:published_time\" content=\"2026-06-19T12:43:00+00:00\" \/>\n<meta property=\"article:modified_time\" content=\"2026-06-19T12:59:38+00:00\" \/>\n<meta property=\"og:image\" content=\"https:\/\/wucwo.org\/wp-content\/uploads\/2026\/06\/00968_21052026-1-scaled.jpg\" \/>\n\t<meta property=\"og:image:width\" content=\"2560\" \/>\n\t<meta property=\"og:image:height\" content=\"1707\" \/>\n\t<meta property=\"og:image:type\" content=\"image\/jpeg\" \/>\n<meta name=\"author\" content=\"info\" \/>\n<meta name=\"twitter:card\" content=\"summary_large_image\" \/>\n<meta name=\"twitter:label1\" content=\"Escrito por\" \/>\n\t<meta name=\"twitter:data1\" content=\"info\" \/>\n\t<meta name=\"twitter:label2\" content=\"Tiempo de lectura\" \/>\n\t<meta name=\"twitter:data2\" content=\"7 minutos\" \/>\n<script type=\"application\/ld+json\" class=\"yoast-schema-graph\">{\"@context\":\"https:\\\/\\\/schema.org\",\"@graph\":[{\"@type\":\"Article\",\"@id\":\"https:\\\/\\\/wucwo.org\\\/es\\\/un-ano-papa-leon\\\/#article\",\"isPartOf\":{\"@id\":\"https:\\\/\\\/wucwo.org\\\/es\\\/un-ano-papa-leon\\\/\"},\"author\":{\"name\":\"info\",\"@id\":\"https:\\\/\\\/wucwo.org\\\/es\\\/#\\\/schema\\\/person\\\/1afc26e4266dd0457a2309d6fb6c9c32\"},\"headline\":\"A m\u00e1s de un a\u00f1o de la llegada del Papa Le\u00f3n XIV\",\"datePublished\":\"2026-06-19T12:43:00+00:00\",\"dateModified\":\"2026-06-19T12:59:38+00:00\",\"mainEntityOfPage\":{\"@id\":\"https:\\\/\\\/wucwo.org\\\/es\\\/un-ano-papa-leon\\\/\"},\"wordCount\":1523,\"commentCount\":0,\"publisher\":{\"@id\":\"https:\\\/\\\/wucwo.org\\\/es\\\/#organization\"},\"image\":{\"@id\":\"https:\\\/\\\/wucwo.org\\\/es\\\/un-ano-papa-leon\\\/#primaryimage\"},\"thumbnailUrl\":\"https:\\\/\\\/wucwo.org\\\/wp-content\\\/uploads\\\/2026\\\/06\\\/00968_21052026-1-scaled.jpg\",\"articleSection\":[\"UMOFC\"],\"inLanguage\":\"es\",\"potentialAction\":[{\"@type\":\"CommentAction\",\"name\":\"Comment\",\"target\":[\"https:\\\/\\\/wucwo.org\\\/es\\\/un-ano-papa-leon\\\/#respond\"]}]},{\"@type\":\"WebPage\",\"@id\":\"https:\\\/\\\/wucwo.org\\\/es\\\/un-ano-papa-leon\\\/\",\"url\":\"https:\\\/\\\/wucwo.org\\\/es\\\/un-ano-papa-leon\\\/\",\"name\":\"A m\u00e1s de un a\u00f1o de la llegada del Papa Le\u00f3n XIV - WUCWO - UMOFC\",\"isPartOf\":{\"@id\":\"https:\\\/\\\/wucwo.org\\\/es\\\/#website\"},\"primaryImageOfPage\":{\"@id\":\"https:\\\/\\\/wucwo.org\\\/es\\\/un-ano-papa-leon\\\/#primaryimage\"},\"image\":{\"@id\":\"https:\\\/\\\/wucwo.org\\\/es\\\/un-ano-papa-leon\\\/#primaryimage\"},\"thumbnailUrl\":\"https:\\\/\\\/wucwo.org\\\/wp-content\\\/uploads\\\/2026\\\/06\\\/00968_21052026-1-scaled.jpg\",\"datePublished\":\"2026-06-19T12:43:00+00:00\",\"dateModified\":\"2026-06-19T12:59:38+00:00\",\"description\":\"Primer aniversario del Papa Le\u00f3n XIV\",\"breadcrumb\":{\"@id\":\"https:\\\/\\\/wucwo.org\\\/es\\\/un-ano-papa-leon\\\/#breadcrumb\"},\"inLanguage\":\"es\",\"potentialAction\":[{\"@type\":\"ReadAction\",\"target\":[\"https:\\\/\\\/wucwo.org\\\/es\\\/un-ano-papa-leon\\\/\"]}]},{\"@type\":\"ImageObject\",\"inLanguage\":\"es\",\"@id\":\"https:\\\/\\\/wucwo.org\\\/es\\\/un-ano-papa-leon\\\/#primaryimage\",\"url\":\"https:\\\/\\\/wucwo.org\\\/wp-content\\\/uploads\\\/2026\\\/06\\\/00968_21052026-1-scaled.jpg\",\"contentUrl\":\"https:\\\/\\\/wucwo.org\\\/wp-content\\\/uploads\\\/2026\\\/06\\\/00968_21052026-1-scaled.jpg\",\"width\":2560,\"height\":1707},{\"@type\":\"BreadcrumbList\",\"@id\":\"https:\\\/\\\/wucwo.org\\\/es\\\/un-ano-papa-leon\\\/#breadcrumb\",\"itemListElement\":[{\"@type\":\"ListItem\",\"position\":1,\"name\":\"Portada\",\"item\":\"https:\\\/\\\/wucwo.org\\\/es\\\/\"},{\"@type\":\"ListItem\",\"position\":2,\"name\":\"A m\u00e1s de un a\u00f1o de la llegada del Papa Le\u00f3n XIV\"}]},{\"@type\":\"WebSite\",\"@id\":\"https:\\\/\\\/wucwo.org\\\/es\\\/#website\",\"url\":\"https:\\\/\\\/wucwo.org\\\/es\\\/\",\"name\":\"UMOFC\",\"description\":\"\",\"publisher\":{\"@id\":\"https:\\\/\\\/wucwo.org\\\/es\\\/#organization\"},\"potentialAction\":[{\"@type\":\"SearchAction\",\"target\":{\"@type\":\"EntryPoint\",\"urlTemplate\":\"https:\\\/\\\/wucwo.org\\\/es\\\/?s={search_term_string}\"},\"query-input\":{\"@type\":\"PropertyValueSpecification\",\"valueRequired\":true,\"valueName\":\"search_term_string\"}}],\"inLanguage\":\"es\"},{\"@type\":\"Organization\",\"@id\":\"https:\\\/\\\/wucwo.org\\\/es\\\/#organization\",\"name\":\"UMOFC\",\"url\":\"https:\\\/\\\/wucwo.org\\\/es\\\/\",\"logo\":{\"@type\":\"ImageObject\",\"inLanguage\":\"es\",\"@id\":\"https:\\\/\\\/wucwo.org\\\/es\\\/#\\\/schema\\\/logo\\\/image\\\/\",\"url\":\"https:\\\/\\\/wucwo.org\\\/wp-content\\\/uploads\\\/2025\\\/08\\\/Final-icono-scaled.png\",\"contentUrl\":\"https:\\\/\\\/wucwo.org\\\/wp-content\\\/uploads\\\/2025\\\/08\\\/Final-icono-scaled.png\",\"width\":2560,\"height\":1811,\"caption\":\"UMOFC\"},\"image\":{\"@id\":\"https:\\\/\\\/wucwo.org\\\/es\\\/#\\\/schema\\\/logo\\\/image\\\/\"},\"sameAs\":[\"https:\\\/\\\/www.facebook.com\\\/worldunionofcatholicwomensorganisations\\\/\",\"https:\\\/\\\/www.instagram.com\\\/wucwo_umofc\\\/\",\"https:\\\/\\\/www.linkedin.com\\\/company\\\/wucwo\\\/\",\"https:\\\/\\\/www.youtube.com\\\/@WUCWOUMOFC\",\"https:\\\/\\\/www.flickr.com\\\/photos\\\/203210007@N05\\\/albums\"]},{\"@type\":\"Person\",\"@id\":\"https:\\\/\\\/wucwo.org\\\/es\\\/#\\\/schema\\\/person\\\/1afc26e4266dd0457a2309d6fb6c9c32\",\"name\":\"info\",\"image\":{\"@type\":\"ImageObject\",\"inLanguage\":\"es\",\"@id\":\"https:\\\/\\\/secure.gravatar.com\\\/avatar\\\/f0b66018d4d4a05d7dacfa9dfae6882ddcb2b385e730d853a4bc3c17c9424ae9?s=96&d=mm&r=g\",\"url\":\"https:\\\/\\\/secure.gravatar.com\\\/avatar\\\/f0b66018d4d4a05d7dacfa9dfae6882ddcb2b385e730d853a4bc3c17c9424ae9?s=96&d=mm&r=g\",\"contentUrl\":\"https:\\\/\\\/secure.gravatar.com\\\/avatar\\\/f0b66018d4d4a05d7dacfa9dfae6882ddcb2b385e730d853a4bc3c17c9424ae9?s=96&d=mm&r=g\",\"caption\":\"info\"},\"url\":\"https:\\\/\\\/wucwo.org\\\/es\\\/author\\\/info\\\/\"}]}<\/script>\n<!-- \/ Yoast SEO plugin. -->","yoast_head_json":{"title":"A m\u00e1s de un a\u00f1o de la llegada del Papa Le\u00f3n XIV - WUCWO - UMOFC","description":"Primer aniversario del Papa Le\u00f3n XIV","robots":{"index":"index","follow":"follow","max-snippet":"max-snippet:-1","max-image-preview":"max-image-preview:large","max-video-preview":"max-video-preview:-1"},"canonical":"https:\/\/wucwo.org\/es\/un-ano-papa-leon\/","og_locale":"es_ES","og_type":"article","og_title":"A m\u00e1s de un a\u00f1o de la llegada del Papa Le\u00f3n XIV - WUCWO - UMOFC","og_description":"Primer aniversario del Papa Le\u00f3n XIV","og_url":"https:\/\/wucwo.org\/es\/un-ano-papa-leon\/","og_site_name":"WUCWO - UMOFC","article_publisher":"https:\/\/www.facebook.com\/worldunionofcatholicwomensorganisations\/","article_published_time":"2026-06-19T12:43:00+00:00","article_modified_time":"2026-06-19T12:59:38+00:00","og_image":[{"width":2560,"height":1707,"url":"https:\/\/wucwo.org\/wp-content\/uploads\/2026\/06\/00968_21052026-1-scaled.jpg","type":"image\/jpeg"}],"author":"info","twitter_card":"summary_large_image","twitter_misc":{"Escrito por":"info","Tiempo de lectura":"7 minutos"},"schema":{"@context":"https:\/\/schema.org","@graph":[{"@type":"Article","@id":"https:\/\/wucwo.org\/es\/un-ano-papa-leon\/#article","isPartOf":{"@id":"https:\/\/wucwo.org\/es\/un-ano-papa-leon\/"},"author":{"name":"info","@id":"https:\/\/wucwo.org\/es\/#\/schema\/person\/1afc26e4266dd0457a2309d6fb6c9c32"},"headline":"A m\u00e1s de un a\u00f1o de la llegada del Papa Le\u00f3n XIV","datePublished":"2026-06-19T12:43:00+00:00","dateModified":"2026-06-19T12:59:38+00:00","mainEntityOfPage":{"@id":"https:\/\/wucwo.org\/es\/un-ano-papa-leon\/"},"wordCount":1523,"commentCount":0,"publisher":{"@id":"https:\/\/wucwo.org\/es\/#organization"},"image":{"@id":"https:\/\/wucwo.org\/es\/un-ano-papa-leon\/#primaryimage"},"thumbnailUrl":"https:\/\/wucwo.org\/wp-content\/uploads\/2026\/06\/00968_21052026-1-scaled.jpg","articleSection":["UMOFC"],"inLanguage":"es","potentialAction":[{"@type":"CommentAction","name":"Comment","target":["https:\/\/wucwo.org\/es\/un-ano-papa-leon\/#respond"]}]},{"@type":"WebPage","@id":"https:\/\/wucwo.org\/es\/un-ano-papa-leon\/","url":"https:\/\/wucwo.org\/es\/un-ano-papa-leon\/","name":"A m\u00e1s de un a\u00f1o de la llegada del Papa Le\u00f3n XIV - WUCWO - UMOFC","isPartOf":{"@id":"https:\/\/wucwo.org\/es\/#website"},"primaryImageOfPage":{"@id":"https:\/\/wucwo.org\/es\/un-ano-papa-leon\/#primaryimage"},"image":{"@id":"https:\/\/wucwo.org\/es\/un-ano-papa-leon\/#primaryimage"},"thumbnailUrl":"https:\/\/wucwo.org\/wp-content\/uploads\/2026\/06\/00968_21052026-1-scaled.jpg","datePublished":"2026-06-19T12:43:00+00:00","dateModified":"2026-06-19T12:59:38+00:00","description":"Primer aniversario del Papa Le\u00f3n XIV","breadcrumb":{"@id":"https:\/\/wucwo.org\/es\/un-ano-papa-leon\/#breadcrumb"},"inLanguage":"es","potentialAction":[{"@type":"ReadAction","target":["https:\/\/wucwo.org\/es\/un-ano-papa-leon\/"]}]},{"@type":"ImageObject","inLanguage":"es","@id":"https:\/\/wucwo.org\/es\/un-ano-papa-leon\/#primaryimage","url":"https:\/\/wucwo.org\/wp-content\/uploads\/2026\/06\/00968_21052026-1-scaled.jpg","contentUrl":"https:\/\/wucwo.org\/wp-content\/uploads\/2026\/06\/00968_21052026-1-scaled.jpg","width":2560,"height":1707},{"@type":"BreadcrumbList","@id":"https:\/\/wucwo.org\/es\/un-ano-papa-leon\/#breadcrumb","itemListElement":[{"@type":"ListItem","position":1,"name":"Portada","item":"https:\/\/wucwo.org\/es\/"},{"@type":"ListItem","position":2,"name":"A m\u00e1s de un a\u00f1o de la llegada del Papa Le\u00f3n XIV"}]},{"@type":"WebSite","@id":"https:\/\/wucwo.org\/es\/#website","url":"https:\/\/wucwo.org\/es\/","name":"UMOFC","description":"","publisher":{"@id":"https:\/\/wucwo.org\/es\/#organization"},"potentialAction":[{"@type":"SearchAction","target":{"@type":"EntryPoint","urlTemplate":"https:\/\/wucwo.org\/es\/?s={search_term_string}"},"query-input":{"@type":"PropertyValueSpecification","valueRequired":true,"valueName":"search_term_string"}}],"inLanguage":"es"},{"@type":"Organization","@id":"https:\/\/wucwo.org\/es\/#organization","name":"UMOFC","url":"https:\/\/wucwo.org\/es\/","logo":{"@type":"ImageObject","inLanguage":"es","@id":"https:\/\/wucwo.org\/es\/#\/schema\/logo\/image\/","url":"https:\/\/wucwo.org\/wp-content\/uploads\/2025\/08\/Final-icono-scaled.png","contentUrl":"https:\/\/wucwo.org\/wp-content\/uploads\/2025\/08\/Final-icono-scaled.png","width":2560,"height":1811,"caption":"UMOFC"},"image":{"@id":"https:\/\/wucwo.org\/es\/#\/schema\/logo\/image\/"},"sameAs":["https:\/\/www.facebook.com\/worldunionofcatholicwomensorganisations\/","https:\/\/www.instagram.com\/wucwo_umofc\/","https:\/\/www.linkedin.com\/company\/wucwo\/","https:\/\/www.youtube.com\/@WUCWOUMOFC","https:\/\/www.flickr.com\/photos\/203210007@N05\/albums"]},{"@type":"Person","@id":"https:\/\/wucwo.org\/es\/#\/schema\/person\/1afc26e4266dd0457a2309d6fb6c9c32","name":"info","image":{"@type":"ImageObject","inLanguage":"es","@id":"https:\/\/secure.gravatar.com\/avatar\/f0b66018d4d4a05d7dacfa9dfae6882ddcb2b385e730d853a4bc3c17c9424ae9?s=96&d=mm&r=g","url":"https:\/\/secure.gravatar.com\/avatar\/f0b66018d4d4a05d7dacfa9dfae6882ddcb2b385e730d853a4bc3c17c9424ae9?s=96&d=mm&r=g","contentUrl":"https:\/\/secure.gravatar.com\/avatar\/f0b66018d4d4a05d7dacfa9dfae6882ddcb2b385e730d853a4bc3c17c9424ae9?s=96&d=mm&r=g","caption":"info"},"url":"https:\/\/wucwo.org\/es\/author\/info\/"}]}},"_links":{"self":[{"href":"https:\/\/wucwo.org\/es\/wp-json\/wp\/v2\/posts\/19859","targetHints":{"allow":["GET"]}}],"collection":[{"href":"https:\/\/wucwo.org\/es\/wp-json\/wp\/v2\/posts"}],"about":[{"href":"https:\/\/wucwo.org\/es\/wp-json\/wp\/v2\/types\/post"}],"author":[{"embeddable":true,"href":"https:\/\/wucwo.org\/es\/wp-json\/wp\/v2\/users\/2"}],"replies":[{"embeddable":true,"href":"https:\/\/wucwo.org\/es\/wp-json\/wp\/v2\/comments?post=19859"}],"version-history":[{"count":2,"href":"https:\/\/wucwo.org\/es\/wp-json\/wp\/v2\/posts\/19859\/revisions"}],"predecessor-version":[{"id":19864,"href":"https:\/\/wucwo.org\/es\/wp-json\/wp\/v2\/posts\/19859\/revisions\/19864"}],"wp:featuredmedia":[{"embeddable":true,"href":"https:\/\/wucwo.org\/es\/wp-json\/wp\/v2\/media\/19861"}],"wp:attachment":[{"href":"https:\/\/wucwo.org\/es\/wp-json\/wp\/v2\/media?parent=19859"}],"wp:term":[{"taxonomy":"category","embeddable":true,"href":"https:\/\/wucwo.org\/es\/wp-json\/wp\/v2\/categories?post=19859"},{"taxonomy":"post_tag","embeddable":true,"href":"https:\/\/wucwo.org\/es\/wp-json\/wp\/v2\/tags?post=19859"}],"curies":[{"name":"wp","href":"https:\/\/api.w.org\/{rel}","templated":true}]}}