{"id":19878,"date":"2026-06-18T14:15:58","date_gmt":"2026-06-18T12:15:58","guid":{"rendered":"https:\/\/wucwo.org\/?p=19878"},"modified":"2026-06-23T16:06:32","modified_gmt":"2026-06-23T14:06:32","slug":"nuevo-asistente-eclesiastico-umofc-mons-melchor-sanchez-de-toca","status":"publish","type":"post","link":"https:\/\/wucwo.org\/es\/nuevo-asistente-eclesiastico-umofc-mons-melchor-sanchez-de-toca\/","title":{"rendered":"Nuevo Asistente Eclesi\u00e1stico de la UMOFC: Mons. Melchor Jos\u00e9 S\u00e1nchez de Toca y Alameda"},"content":{"rendered":"\n<p class=\"wp-block-paragraph\">El pasado 29 de mayo, el Dicasterio para los Laicos, la Familia y la Vida nombr\u00f3 como<strong> nuevo Asistente Eclesi\u00e1stico<\/strong> a <strong>Mons. Melchor Jos\u00e9 S\u00e1nchez de Toca y Alameda<\/strong>, para <strong>acompa\u00f1ar espiritual y pastoralmente la misi\u00f3n de la UMOFC<\/strong> al servicio de las mujeres y de la Iglesia en todo el mundo.<\/p>\n\n\n\n<p class=\"wp-block-paragraph\">\u00a1Le damos la bienvenida a nuestra familia!<\/p>\n\n\n\n<p class=\"wp-block-paragraph\">Es sacerdote de la Archidi\u00f3cesis de Toledo (Espa\u00f1a) desde 1993 y desde junio de 2023 es <strong>Relator del Dicasterio para las Causas de los Santos.<\/strong><\/p>\n\n\n\n<p class=\"wp-block-paragraph\">Es <strong>Doctor en Teolog\u00eda B\u00edblica<\/strong> por la Pontificia Universidad Gregoriana de Roma (2006), con una tesis sobre el di\u00e1logo entre fe y cultura en el Concilio Vaticano II, y Licenciado en Teolog\u00eda B\u00edblica (1996).&nbsp;<\/p>\n\n\n\n<p class=\"wp-block-paragraph\">A lo largo de su trayectoria ha desarrollado una amplia labor al servicio de la Santa Sede, especialmente en el \u00e1mbito del di\u00e1logo entre fe, cultura y ciencia. Fue <strong>Subsecretario del Consejo Pontificio de la Cultura (2004\u20132022) <\/strong>y<strong> coordinador del proyecto STOQ<\/strong>, dedicado al di\u00e1logo entre ciencias naturales y fe en universidades pontificias romanas.<\/p>\n\n\n\n<p class=\"wp-block-paragraph\">Asimismo, impuls\u00f3 iniciativas vinculadas al deporte como instrumento de encuentro, educaci\u00f3n y evangelizaci\u00f3n, siendo <strong>fundador y primer presidente de Athletica Vaticana,<\/strong> la asociaci\u00f3n deportiva oficial del Vaticano.&nbsp;<\/p>\n\n\n\n<figure class=\"wp-block-gallery has-nested-images columns-default is-cropped wp-block-gallery-1 is-layout-flex wp-block-gallery-is-layout-flex\">\n<figure class=\"wp-block-image size-large\"><img loading=\"lazy\" decoding=\"async\" width=\"819\" height=\"1024\" data-id=\"19884\" src=\"https:\/\/wucwo.org\/wp-content\/uploads\/2026\/06\/1-1-819x1024.png\" alt=\"\" class=\"wp-image-19884\"\/><\/figure>\n\n\n\n<figure class=\"wp-block-image size-large\"><img loading=\"lazy\" decoding=\"async\" width=\"819\" height=\"1024\" data-id=\"19886\" src=\"https:\/\/wucwo.org\/wp-content\/uploads\/2026\/06\/2-1-819x1024.png\" alt=\"\" class=\"wp-image-19886\"\/><\/figure>\n\n\n\n<figure class=\"wp-block-image size-large\"><img loading=\"lazy\" decoding=\"async\" width=\"819\" height=\"1024\" data-id=\"19890\" src=\"https:\/\/wucwo.org\/wp-content\/uploads\/2026\/06\/3-3-819x1024.png\" alt=\"\" class=\"wp-image-19890\"\/><\/figure>\n<\/figure>\n\n\n\n<p class=\"wp-block-paragraph\"><\/p>\n\n\n\n<p class=\"wp-block-paragraph\">\u201c<em>Damos gracias al Se\u00f1or por este nombramiento y acogemos con alegr\u00eda al padre Melchor en el servicio que prestar\u00e1 en el seno de la UMOFC. Confiamos en que su acompa\u00f1amiento espiritual y pastoral ser\u00e1 una valiosa ayuda para fortalecer nuestra misi\u00f3n al servicio de las mujeres y de la Iglesia en todo el mundo<\/em>\u201d, afirm\u00f3 la Presidenta General de la UMOFC, M\u00f3nica Santamarina, quien le dirigi\u00f3 unas c\u00e1lidas palabras de bienvenida.<\/p>\n\n\n\n<p class=\"wp-block-paragraph\"><\/p>\n\n\n\n<p class=\"wp-block-paragraph\">Oficina de Comunicaci\u00f3n de la UMOFC <\/p>\n","protected":false},"excerpt":{"rendered":"<p>El pasado 29 de mayo, el Dicasterio para los Laicos, la Familia y la Vida nombr\u00f3 como nuevo Asistente Eclesi\u00e1stico a Mons. Melchor Jos\u00e9 S\u00e1nchez de Toca y Alameda, para acompa\u00f1ar espiritual y pastoralmente la misi\u00f3n de la UMOFC al servicio de las mujeres y de la Iglesia en todo el mundo. \u00a1Le damos la [&hellip;]<\/p>\n","protected":false},"author":3,"featured_media":19880,"comment_status":"open","ping_status":"open","sticky":false,"template":"","format":"standard","meta":{"_et_pb_use_builder":"off","_et_pb_old_content":"","_et_gb_content_width":"","footnotes":""},"categories":[48,50],"tags":[],"class_list":["post-19878","post","type-post","status-publish","format-standard","has-post-thumbnail","hentry","category-noticias-iglesia","category-noticias-umofc"],"yoast_head":"<!-- This site is optimized with the Yoast SEO plugin v27.8 - https:\/\/yoast.com\/product\/yoast-seo-wordpress\/ -->\n<title>Nuevo Asistente Eclesi\u00e1stico de la UMOFC: Mons. Melchor Jos\u00e9 S\u00e1nchez de Toca y Alameda - WUCWO - UMOFC<\/title>\n<meta name=\"robots\" content=\"index, follow, max-snippet:-1, max-image-preview:large, max-video-preview:-1\" \/>\n<link rel=\"canonical\" href=\"https:\/\/wucwo.org\/es\/nuevo-asistente-eclesiastico-umofc-mons-melchor-sanchez-de-toca\/\" \/>\n<meta property=\"og:locale\" content=\"es_ES\" \/>\n<meta property=\"og:type\" content=\"article\" \/>\n<meta property=\"og:title\" content=\"Nuevo Asistente Eclesi\u00e1stico de la UMOFC: Mons. Melchor Jos\u00e9 S\u00e1nchez de Toca y Alameda - WUCWO - UMOFC\" \/>\n<meta property=\"og:description\" content=\"El pasado 29 de mayo, el Dicasterio para los Laicos, la Familia y la Vida nombr\u00f3 como nuevo Asistente Eclesi\u00e1stico a Mons. Melchor Jos\u00e9 S\u00e1nchez de Toca y Alameda, para acompa\u00f1ar espiritual y pastoralmente la misi\u00f3n de la UMOFC al servicio de las mujeres y de la Iglesia en todo el mundo. \u00a1Le damos la [&hellip;]\" \/>\n<meta property=\"og:url\" content=\"https:\/\/wucwo.org\/es\/nuevo-asistente-eclesiastico-umofc-mons-melchor-sanchez-de-toca\/\" \/>\n<meta property=\"og:site_name\" content=\"WUCWO - UMOFC\" \/>\n<meta property=\"article:publisher\" content=\"https:\/\/www.facebook.com\/worldunionofcatholicwomensorganisations\/\" \/>\n<meta property=\"article:published_time\" content=\"2026-06-18T12:15:58+00:00\" \/>\n<meta property=\"article:modified_time\" content=\"2026-06-23T14:06:32+00:00\" \/>\n<meta property=\"og:image\" content=\"https:\/\/wucwo.org\/wp-content\/uploads\/2026\/06\/Padre-Melchor-1024x683.png\" \/>\n\t<meta property=\"og:image:width\" content=\"1024\" \/>\n\t<meta property=\"og:image:height\" content=\"683\" \/>\n\t<meta property=\"og:image:type\" content=\"image\/png\" \/>\n<meta name=\"author\" content=\"communication\" \/>\n<meta name=\"twitter:card\" content=\"summary_large_image\" \/>\n<meta name=\"twitter:label1\" content=\"Escrito por\" \/>\n\t<meta name=\"twitter:data1\" content=\"communication\" \/>\n\t<meta name=\"twitter:label2\" content=\"Tiempo de lectura\" \/>\n\t<meta name=\"twitter:data2\" content=\"3 minutos\" \/>\n<script type=\"application\/ld+json\" class=\"yoast-schema-graph\">{\"@context\":\"https:\\\/\\\/schema.org\",\"@graph\":[{\"@type\":\"Article\",\"@id\":\"https:\\\/\\\/wucwo.org\\\/es\\\/nuevo-asistente-eclesiastico-umofc-mons-melchor-sanchez-de-toca\\\/#article\",\"isPartOf\":{\"@id\":\"https:\\\/\\\/wucwo.org\\\/es\\\/nuevo-asistente-eclesiastico-umofc-mons-melchor-sanchez-de-toca\\\/\"},\"author\":{\"name\":\"communication\",\"@id\":\"https:\\\/\\\/wucwo.org\\\/es\\\/#\\\/schema\\\/person\\\/36e189b76cc2f081eb3458e9a1f81183\"},\"headline\":\"Nuevo Asistente Eclesi\u00e1stico de la UMOFC: Mons. Melchor Jos\u00e9 S\u00e1nchez de Toca y Alameda\",\"datePublished\":\"2026-06-18T12:15:58+00:00\",\"dateModified\":\"2026-06-23T14:06:32+00:00\",\"mainEntityOfPage\":{\"@id\":\"https:\\\/\\\/wucwo.org\\\/es\\\/nuevo-asistente-eclesiastico-umofc-mons-melchor-sanchez-de-toca\\\/\"},\"wordCount\":311,\"commentCount\":0,\"publisher\":{\"@id\":\"https:\\\/\\\/wucwo.org\\\/es\\\/#organization\"},\"image\":{\"@id\":\"https:\\\/\\\/wucwo.org\\\/es\\\/nuevo-asistente-eclesiastico-umofc-mons-melchor-sanchez-de-toca\\\/#primaryimage\"},\"thumbnailUrl\":\"https:\\\/\\\/wucwo.org\\\/wp-content\\\/uploads\\\/2026\\\/06\\\/Padre-Melchor-scaled.png\",\"articleSection\":[\"Iglesia\",\"UMOFC\"],\"inLanguage\":\"es\",\"potentialAction\":[{\"@type\":\"CommentAction\",\"name\":\"Comment\",\"target\":[\"https:\\\/\\\/wucwo.org\\\/es\\\/nuevo-asistente-eclesiastico-umofc-mons-melchor-sanchez-de-toca\\\/#respond\"]}]},{\"@type\":\"WebPage\",\"@id\":\"https:\\\/\\\/wucwo.org\\\/es\\\/nuevo-asistente-eclesiastico-umofc-mons-melchor-sanchez-de-toca\\\/\",\"url\":\"https:\\\/\\\/wucwo.org\\\/es\\\/nuevo-asistente-eclesiastico-umofc-mons-melchor-sanchez-de-toca\\\/\",\"name\":\"Nuevo Asistente Eclesi\u00e1stico de la UMOFC: Mons. Melchor Jos\u00e9 S\u00e1nchez de Toca y Alameda - WUCWO - UMOFC\",\"isPartOf\":{\"@id\":\"https:\\\/\\\/wucwo.org\\\/es\\\/#website\"},\"primaryImageOfPage\":{\"@id\":\"https:\\\/\\\/wucwo.org\\\/es\\\/nuevo-asistente-eclesiastico-umofc-mons-melchor-sanchez-de-toca\\\/#primaryimage\"},\"image\":{\"@id\":\"https:\\\/\\\/wucwo.org\\\/es\\\/nuevo-asistente-eclesiastico-umofc-mons-melchor-sanchez-de-toca\\\/#primaryimage\"},\"thumbnailUrl\":\"https:\\\/\\\/wucwo.org\\\/wp-content\\\/uploads\\\/2026\\\/06\\\/Padre-Melchor-scaled.png\",\"datePublished\":\"2026-06-18T12:15:58+00:00\",\"dateModified\":\"2026-06-23T14:06:32+00:00\",\"breadcrumb\":{\"@id\":\"https:\\\/\\\/wucwo.org\\\/es\\\/nuevo-asistente-eclesiastico-umofc-mons-melchor-sanchez-de-toca\\\/#breadcrumb\"},\"inLanguage\":\"es\",\"potentialAction\":[{\"@type\":\"ReadAction\",\"target\":[\"https:\\\/\\\/wucwo.org\\\/es\\\/nuevo-asistente-eclesiastico-umofc-mons-melchor-sanchez-de-toca\\\/\"]}]},{\"@type\":\"ImageObject\",\"inLanguage\":\"es\",\"@id\":\"https:\\\/\\\/wucwo.org\\\/es\\\/nuevo-asistente-eclesiastico-umofc-mons-melchor-sanchez-de-toca\\\/#primaryimage\",\"url\":\"https:\\\/\\\/wucwo.org\\\/wp-content\\\/uploads\\\/2026\\\/06\\\/Padre-Melchor-scaled.png\",\"contentUrl\":\"https:\\\/\\\/wucwo.org\\\/wp-content\\\/uploads\\\/2026\\\/06\\\/Padre-Melchor-scaled.png\",\"width\":2560,\"height\":1707},{\"@type\":\"BreadcrumbList\",\"@id\":\"https:\\\/\\\/wucwo.org\\\/es\\\/nuevo-asistente-eclesiastico-umofc-mons-melchor-sanchez-de-toca\\\/#breadcrumb\",\"itemListElement\":[{\"@type\":\"ListItem\",\"position\":1,\"name\":\"Portada\",\"item\":\"https:\\\/\\\/wucwo.org\\\/es\\\/\"},{\"@type\":\"ListItem\",\"position\":2,\"name\":\"Nuevo Asistente Eclesi\u00e1stico de la UMOFC: Mons. Melchor Jos\u00e9 S\u00e1nchez de Toca y Alameda\"}]},{\"@type\":\"WebSite\",\"@id\":\"https:\\\/\\\/wucwo.org\\\/es\\\/#website\",\"url\":\"https:\\\/\\\/wucwo.org\\\/es\\\/\",\"name\":\"UMOFC\",\"description\":\"\",\"publisher\":{\"@id\":\"https:\\\/\\\/wucwo.org\\\/es\\\/#organization\"},\"potentialAction\":[{\"@type\":\"SearchAction\",\"target\":{\"@type\":\"EntryPoint\",\"urlTemplate\":\"https:\\\/\\\/wucwo.org\\\/es\\\/?s={search_term_string}\"},\"query-input\":{\"@type\":\"PropertyValueSpecification\",\"valueRequired\":true,\"valueName\":\"search_term_string\"}}],\"inLanguage\":\"es\"},{\"@type\":\"Organization\",\"@id\":\"https:\\\/\\\/wucwo.org\\\/es\\\/#organization\",\"name\":\"UMOFC\",\"url\":\"https:\\\/\\\/wucwo.org\\\/es\\\/\",\"logo\":{\"@type\":\"ImageObject\",\"inLanguage\":\"es\",\"@id\":\"https:\\\/\\\/wucwo.org\\\/es\\\/#\\\/schema\\\/logo\\\/image\\\/\",\"url\":\"https:\\\/\\\/wucwo.org\\\/wp-content\\\/uploads\\\/2025\\\/08\\\/Final-icono-scaled.png\",\"contentUrl\":\"https:\\\/\\\/wucwo.org\\\/wp-content\\\/uploads\\\/2025\\\/08\\\/Final-icono-scaled.png\",\"width\":2560,\"height\":1811,\"caption\":\"UMOFC\"},\"image\":{\"@id\":\"https:\\\/\\\/wucwo.org\\\/es\\\/#\\\/schema\\\/logo\\\/image\\\/\"},\"sameAs\":[\"https:\\\/\\\/www.facebook.com\\\/worldunionofcatholicwomensorganisations\\\/\",\"https:\\\/\\\/www.instagram.com\\\/wucwo_umofc\\\/\",\"https:\\\/\\\/www.linkedin.com\\\/company\\\/wucwo\\\/\",\"https:\\\/\\\/www.youtube.com\\\/@WUCWOUMOFC\",\"https:\\\/\\\/www.flickr.com\\\/photos\\\/203210007@N05\\\/albums\"]},{\"@type\":\"Person\",\"@id\":\"https:\\\/\\\/wucwo.org\\\/es\\\/#\\\/schema\\\/person\\\/36e189b76cc2f081eb3458e9a1f81183\",\"name\":\"communication\",\"image\":{\"@type\":\"ImageObject\",\"inLanguage\":\"es\",\"@id\":\"https:\\\/\\\/secure.gravatar.com\\\/avatar\\\/3db542db39feebb0fd43b726aab1c33917436e5f5a9e88f2295c0f1c34c59b48?s=96&d=mm&r=g\",\"url\":\"https:\\\/\\\/secure.gravatar.com\\\/avatar\\\/3db542db39feebb0fd43b726aab1c33917436e5f5a9e88f2295c0f1c34c59b48?s=96&d=mm&r=g\",\"contentUrl\":\"https:\\\/\\\/secure.gravatar.com\\\/avatar\\\/3db542db39feebb0fd43b726aab1c33917436e5f5a9e88f2295c0f1c34c59b48?s=96&d=mm&r=g\",\"caption\":\"communication\"},\"url\":\"https:\\\/\\\/wucwo.org\\\/es\\\/author\\\/communication\\\/\"}]}<\/script>\n<!-- \/ Yoast SEO plugin. -->","yoast_head_json":{"title":"Nuevo Asistente Eclesi\u00e1stico de la UMOFC: Mons. Melchor Jos\u00e9 S\u00e1nchez de Toca y Alameda - WUCWO - UMOFC","robots":{"index":"index","follow":"follow","max-snippet":"max-snippet:-1","max-image-preview":"max-image-preview:large","max-video-preview":"max-video-preview:-1"},"canonical":"https:\/\/wucwo.org\/es\/nuevo-asistente-eclesiastico-umofc-mons-melchor-sanchez-de-toca\/","og_locale":"es_ES","og_type":"article","og_title":"Nuevo Asistente Eclesi\u00e1stico de la UMOFC: Mons. Melchor Jos\u00e9 S\u00e1nchez de Toca y Alameda - WUCWO - UMOFC","og_description":"El pasado 29 de mayo, el Dicasterio para los Laicos, la Familia y la Vida nombr\u00f3 como nuevo Asistente Eclesi\u00e1stico a Mons. Melchor Jos\u00e9 S\u00e1nchez de Toca y Alameda, para acompa\u00f1ar espiritual y pastoralmente la misi\u00f3n de la UMOFC al servicio de las mujeres y de la Iglesia en todo el mundo. \u00a1Le damos la [&hellip;]","og_url":"https:\/\/wucwo.org\/es\/nuevo-asistente-eclesiastico-umofc-mons-melchor-sanchez-de-toca\/","og_site_name":"WUCWO - UMOFC","article_publisher":"https:\/\/www.facebook.com\/worldunionofcatholicwomensorganisations\/","article_published_time":"2026-06-18T12:15:58+00:00","article_modified_time":"2026-06-23T14:06:32+00:00","og_image":[{"width":1024,"height":683,"url":"https:\/\/wucwo.org\/wp-content\/uploads\/2026\/06\/Padre-Melchor-1024x683.png","type":"image\/png"}],"author":"communication","twitter_card":"summary_large_image","twitter_misc":{"Escrito por":"communication","Tiempo de lectura":"3 minutos"},"schema":{"@context":"https:\/\/schema.org","@graph":[{"@type":"Article","@id":"https:\/\/wucwo.org\/es\/nuevo-asistente-eclesiastico-umofc-mons-melchor-sanchez-de-toca\/#article","isPartOf":{"@id":"https:\/\/wucwo.org\/es\/nuevo-asistente-eclesiastico-umofc-mons-melchor-sanchez-de-toca\/"},"author":{"name":"communication","@id":"https:\/\/wucwo.org\/es\/#\/schema\/person\/36e189b76cc2f081eb3458e9a1f81183"},"headline":"Nuevo Asistente Eclesi\u00e1stico de la UMOFC: Mons. Melchor Jos\u00e9 S\u00e1nchez de Toca y Alameda","datePublished":"2026-06-18T12:15:58+00:00","dateModified":"2026-06-23T14:06:32+00:00","mainEntityOfPage":{"@id":"https:\/\/wucwo.org\/es\/nuevo-asistente-eclesiastico-umofc-mons-melchor-sanchez-de-toca\/"},"wordCount":311,"commentCount":0,"publisher":{"@id":"https:\/\/wucwo.org\/es\/#organization"},"image":{"@id":"https:\/\/wucwo.org\/es\/nuevo-asistente-eclesiastico-umofc-mons-melchor-sanchez-de-toca\/#primaryimage"},"thumbnailUrl":"https:\/\/wucwo.org\/wp-content\/uploads\/2026\/06\/Padre-Melchor-scaled.png","articleSection":["Iglesia","UMOFC"],"inLanguage":"es","potentialAction":[{"@type":"CommentAction","name":"Comment","target":["https:\/\/wucwo.org\/es\/nuevo-asistente-eclesiastico-umofc-mons-melchor-sanchez-de-toca\/#respond"]}]},{"@type":"WebPage","@id":"https:\/\/wucwo.org\/es\/nuevo-asistente-eclesiastico-umofc-mons-melchor-sanchez-de-toca\/","url":"https:\/\/wucwo.org\/es\/nuevo-asistente-eclesiastico-umofc-mons-melchor-sanchez-de-toca\/","name":"Nuevo Asistente Eclesi\u00e1stico de la UMOFC: Mons. Melchor Jos\u00e9 S\u00e1nchez de Toca y Alameda - WUCWO - UMOFC","isPartOf":{"@id":"https:\/\/wucwo.org\/es\/#website"},"primaryImageOfPage":{"@id":"https:\/\/wucwo.org\/es\/nuevo-asistente-eclesiastico-umofc-mons-melchor-sanchez-de-toca\/#primaryimage"},"image":{"@id":"https:\/\/wucwo.org\/es\/nuevo-asistente-eclesiastico-umofc-mons-melchor-sanchez-de-toca\/#primaryimage"},"thumbnailUrl":"https:\/\/wucwo.org\/wp-content\/uploads\/2026\/06\/Padre-Melchor-scaled.png","datePublished":"2026-06-18T12:15:58+00:00","dateModified":"2026-06-23T14:06:32+00:00","breadcrumb":{"@id":"https:\/\/wucwo.org\/es\/nuevo-asistente-eclesiastico-umofc-mons-melchor-sanchez-de-toca\/#breadcrumb"},"inLanguage":"es","potentialAction":[{"@type":"ReadAction","target":["https:\/\/wucwo.org\/es\/nuevo-asistente-eclesiastico-umofc-mons-melchor-sanchez-de-toca\/"]}]},{"@type":"ImageObject","inLanguage":"es","@id":"https:\/\/wucwo.org\/es\/nuevo-asistente-eclesiastico-umofc-mons-melchor-sanchez-de-toca\/#primaryimage","url":"https:\/\/wucwo.org\/wp-content\/uploads\/2026\/06\/Padre-Melchor-scaled.png","contentUrl":"https:\/\/wucwo.org\/wp-content\/uploads\/2026\/06\/Padre-Melchor-scaled.png","width":2560,"height":1707},{"@type":"BreadcrumbList","@id":"https:\/\/wucwo.org\/es\/nuevo-asistente-eclesiastico-umofc-mons-melchor-sanchez-de-toca\/#breadcrumb","itemListElement":[{"@type":"ListItem","position":1,"name":"Portada","item":"https:\/\/wucwo.org\/es\/"},{"@type":"ListItem","position":2,"name":"Nuevo Asistente Eclesi\u00e1stico de la UMOFC: Mons. Melchor Jos\u00e9 S\u00e1nchez de Toca y Alameda"}]},{"@type":"WebSite","@id":"https:\/\/wucwo.org\/es\/#website","url":"https:\/\/wucwo.org\/es\/","name":"UMOFC","description":"","publisher":{"@id":"https:\/\/wucwo.org\/es\/#organization"},"potentialAction":[{"@type":"SearchAction","target":{"@type":"EntryPoint","urlTemplate":"https:\/\/wucwo.org\/es\/?s={search_term_string}"},"query-input":{"@type":"PropertyValueSpecification","valueRequired":true,"valueName":"search_term_string"}}],"inLanguage":"es"},{"@type":"Organization","@id":"https:\/\/wucwo.org\/es\/#organization","name":"UMOFC","url":"https:\/\/wucwo.org\/es\/","logo":{"@type":"ImageObject","inLanguage":"es","@id":"https:\/\/wucwo.org\/es\/#\/schema\/logo\/image\/","url":"https:\/\/wucwo.org\/wp-content\/uploads\/2025\/08\/Final-icono-scaled.png","contentUrl":"https:\/\/wucwo.org\/wp-content\/uploads\/2025\/08\/Final-icono-scaled.png","width":2560,"height":1811,"caption":"UMOFC"},"image":{"@id":"https:\/\/wucwo.org\/es\/#\/schema\/logo\/image\/"},"sameAs":["https:\/\/www.facebook.com\/worldunionofcatholicwomensorganisations\/","https:\/\/www.instagram.com\/wucwo_umofc\/","https:\/\/www.linkedin.com\/company\/wucwo\/","https:\/\/www.youtube.com\/@WUCWOUMOFC","https:\/\/www.flickr.com\/photos\/203210007@N05\/albums"]},{"@type":"Person","@id":"https:\/\/wucwo.org\/es\/#\/schema\/person\/36e189b76cc2f081eb3458e9a1f81183","name":"communication","image":{"@type":"ImageObject","inLanguage":"es","@id":"https:\/\/secure.gravatar.com\/avatar\/3db542db39feebb0fd43b726aab1c33917436e5f5a9e88f2295c0f1c34c59b48?s=96&d=mm&r=g","url":"https:\/\/secure.gravatar.com\/avatar\/3db542db39feebb0fd43b726aab1c33917436e5f5a9e88f2295c0f1c34c59b48?s=96&d=mm&r=g","contentUrl":"https:\/\/secure.gravatar.com\/avatar\/3db542db39feebb0fd43b726aab1c33917436e5f5a9e88f2295c0f1c34c59b48?s=96&d=mm&r=g","caption":"communication"},"url":"https:\/\/wucwo.org\/es\/author\/communication\/"}]}},"_links":{"self":[{"href":"https:\/\/wucwo.org\/es\/wp-json\/wp\/v2\/posts\/19878","targetHints":{"allow":["GET"]}}],"collection":[{"href":"https:\/\/wucwo.org\/es\/wp-json\/wp\/v2\/posts"}],"about":[{"href":"https:\/\/wucwo.org\/es\/wp-json\/wp\/v2\/types\/post"}],"author":[{"embeddable":true,"href":"https:\/\/wucwo.org\/es\/wp-json\/wp\/v2\/users\/3"}],"replies":[{"embeddable":true,"href":"https:\/\/wucwo.org\/es\/wp-json\/wp\/v2\/comments?post=19878"}],"version-history":[{"count":3,"href":"https:\/\/wucwo.org\/es\/wp-json\/wp\/v2\/posts\/19878\/revisions"}],"predecessor-version":[{"id":19893,"href":"https:\/\/wucwo.org\/es\/wp-json\/wp\/v2\/posts\/19878\/revisions\/19893"}],"wp:featuredmedia":[{"embeddable":true,"href":"https:\/\/wucwo.org\/es\/wp-json\/wp\/v2\/media\/19880"}],"wp:attachment":[{"href":"https:\/\/wucwo.org\/es\/wp-json\/wp\/v2\/media?parent=19878"}],"wp:term":[{"taxonomy":"category","embeddable":true,"href":"https:\/\/wucwo.org\/es\/wp-json\/wp\/v2\/categories?post=19878"},{"taxonomy":"post_tag","embeddable":true,"href":"https:\/\/wucwo.org\/es\/wp-json\/wp\/v2\/tags?post=19878"}],"curies":[{"name":"wp","href":"https:\/\/api.w.org\/{rel}","templated":true}]}}