{"id":20015,"date":"2026-07-09T13:38:52","date_gmt":"2026-07-09T11:38:52","guid":{"rendered":"https:\/\/wucwo.org\/?p=20015"},"modified":"2026-07-10T14:24:58","modified_gmt":"2026-07-10T12:24:58","slug":"tanzania-encuentro-formacion-colaboracion","status":"publish","type":"post","link":"https:\/\/wucwo.org\/es\/tanzania-encuentro-formacion-colaboracion\/","title":{"rendered":"Tanzania: encuentro, formaci\u00f3n y colaboraci\u00f3n al servicio de la misi\u00f3n"},"content":{"rendered":"\n<p class=\"wp-block-paragraph\">Cada vez que en la UMOFC tenemos la oportunidad de viajar, se abre una valiosa ocasi\u00f3n para escuchar, fortalecer v\u00ednculos, construir nuevas alianzas y comprender mejor las realidades que viven las mujeres en distintas partes del mundo.<\/p>\n\n\n\n<p class=\"wp-block-paragraph\">Durante mi reciente visita a Tanzania tuve la oportunidad de vivir precisamente esta experiencia. A lo largo de varios d\u00edas en Dar es Salaam, pude reunirme con WAWATA, representantes de la Iglesia local y regional, religiosas procedentes de m\u00e1s de 30 pa\u00edses, as\u00ed como con representantes de la Santa Sede, organizaciones cat\u00f3licas e instituciones internacionales. Esta experiencia puso de manifiesto la importancia del encuentro, la formaci\u00f3n y la colaboraci\u00f3n para impulsar la misi\u00f3n que se nos ha confiado como mujeres cat\u00f3licas.<\/p>\n\n\n\n<h3 class=\"wp-block-heading\"><strong>Encuentro con WAWATA y la Iglesia local<\/strong><\/h3>\n\n\n\n<p class=\"wp-block-paragraph\">Viaj\u00e9 a Dar es Salaam para representar a la UMOFC en el <em>Catholic Sisters Initiative Convening Africa<\/em> de la Fundaci\u00f3n Conrad N. Hilton. Antes del inicio oficial del encuentro, tuve la oportunidad de compartir un valioso tiempo con el nuevo equipo directivo de WAWATA, la Asociaci\u00f3n de Mujeres Cat\u00f3licas de Tanzania, una de las organizaciones miembro m\u00e1s grande e integrada dentro de la UMOFC.<\/p>\n\n\n\n<p class=\"wp-block-paragraph\">Fui recibida con gran calidez y tuve la oportunidad de conocer con mayor profundidad las prioridades actuales de WAWATA, sus actividades en curso y sus proyectos futuros, al tiempo que fortalec\u00edamos los lazos que unen a nuestras organizaciones.<\/p>\n\n\n\n<p class=\"wp-block-paragraph\">Acompa\u00f1ada por representantes de WAWATA, mantuve diversos encuentros con l\u00edderes de la Iglesia, entre ellos el arzobispo Jude Thaddaeus Ruwa&#8217;ichi de Dar es Salaam, representantes de la Conferencia Episcopal de Tanzania y el P. Anthony Makunde, secretario general de la Asociaci\u00f3n de Conferencias Episcopales Miembros de \u00c1frica Oriental (AMECEA). Estos encuentros permitieron mantener conversaciones muy enriquecedoras sobre la contribuci\u00f3n de las mujeres a la vida y misi\u00f3n de la Iglesia en Tanzania, los procesos sinodales en curso, la vida familiar, la evangelizaci\u00f3n, la formaci\u00f3n y el desarrollo social.<\/p>\n\n\n\n<p class=\"wp-block-paragraph\">Asimismo, pusieron de relieve el reconocimiento del que goza WAWATA dentro de la Iglesia local y el importante papel que desempe\u00f1a representando y apoyando a las mujeres cat\u00f3licas en todo el pa\u00eds.<\/p>\n\n\n\n<figure class=\"wp-block-gallery has-nested-images columns-default is-cropped wp-block-gallery-1 is-layout-flex wp-block-gallery-is-layout-flex\">\n<figure class=\"wp-block-image size-large\"><img loading=\"lazy\" decoding=\"async\" width=\"819\" height=\"1024\" data-id=\"20035\" src=\"https:\/\/wucwo.org\/wp-content\/uploads\/2026\/07\/Visita-Wawata-Tanzania-819x1024.png\" alt=\"\" class=\"wp-image-20035\"\/><\/figure>\n\n\n\n<figure class=\"wp-block-image size-large\"><img loading=\"lazy\" decoding=\"async\" width=\"819\" height=\"1024\" data-id=\"20030\" src=\"https:\/\/wucwo.org\/wp-content\/uploads\/2026\/07\/2-819x1024.png\" alt=\"\" class=\"wp-image-20030\"\/><\/figure>\n\n\n\n<figure class=\"wp-block-image size-large\"><img loading=\"lazy\" decoding=\"async\" width=\"819\" height=\"1024\" data-id=\"20023\" src=\"https:\/\/wucwo.org\/wp-content\/uploads\/2026\/07\/3-819x1024.png\" alt=\"\" class=\"wp-image-20023\"\/><\/figure>\n\n\n\n<figure class=\"wp-block-image size-large\"><img loading=\"lazy\" decoding=\"async\" width=\"1080\" height=\"1350\" data-id=\"20022\" src=\"https:\/\/wucwo.org\/wp-content\/uploads\/2026\/07\/4-819x1024.png\" alt=\"\" class=\"wp-image-20022\" srcset=\"https:\/\/wucwo.org\/wp-content\/uploads\/2026\/07\/4-819x1024.png 1080w, https:\/\/wucwo.org\/wp-content\/uploads\/2026\/07\/4-980x1225.png 980w, https:\/\/wucwo.org\/wp-content\/uploads\/2026\/07\/4-480x600.png 480w\" sizes=\"(min-width: 0px) and (max-width: 480px) 480px, (min-width: 481px) and (max-width: 980px) 980px, (min-width: 981px) 1080px, 100vw\" \/><\/figure>\n\n\n\n<figure class=\"wp-block-image size-large\"><img loading=\"lazy\" decoding=\"async\" width=\"819\" height=\"1024\" data-id=\"20021\" src=\"https:\/\/wucwo.org\/wp-content\/uploads\/2026\/07\/5-819x1024.png\" alt=\"\" class=\"wp-image-20021\"\/><\/figure>\n\n\n\n<figure class=\"wp-block-image size-large\"><img loading=\"lazy\" decoding=\"async\" width=\"819\" height=\"1024\" data-id=\"20033\" src=\"https:\/\/wucwo.org\/wp-content\/uploads\/2026\/07\/Visita-Wawata-Tanzania-1-819x1024.png\" alt=\"\" class=\"wp-image-20033\"\/><\/figure>\n<\/figure>\n\n\n\n<p class=\"wp-block-paragraph\"><\/p>\n\n\n\n<h3 class=\"wp-block-heading\"><strong>El Catholic Sisters Initiative Convening Africa<\/strong><\/h3>\n\n\n\n<p class=\"wp-block-paragraph\">Este importante encuentro, titulado <strong>\u00abCaminando juntos en solidaridad y esperanza\u201d<\/strong> y organizado por la Fundaci\u00f3n Conrad N. Hilton, reuni\u00f3 a m\u00e1s de 130 participantes procedentes de m\u00e1s de 30 pa\u00edses. L\u00edderes religiosas y laicos, obispos, sacerdotes, acad\u00e9micos, profesionales del desarrollo y representantes de la Santa Sede se reunieron para reflexionar sobre desaf\u00edos comunes, intercambiar experiencias e identificar oportunidades de colaboraci\u00f3n. Tambi\u00e9n compartimos momentos de oraci\u00f3n y de canto.<\/p>\n\n\n\n<p class=\"wp-block-paragraph\">El ambiente que se vivi\u00f3 durante todo el encuentro estuvo marcado por la apertura y el aprendizaje mutuo. Los participantes representaban una amplia variedad de ministerios y apostolados, entre ellos la educaci\u00f3n, la atenci\u00f3n sanitaria, la pastoral, la formaci\u00f3n de los j\u00f3venes, la lucha contra la trata de personas, la protecci\u00f3n de menores y personas vulnerables, el desarrollo comunitario y los servicios sociales.<\/p>\n\n\n\n<p class=\"wp-block-paragraph\">El programa combin\u00f3 conferencias magistrales, mesas redondas, talleres pr\u00e1cticos y espacios de creaci\u00f3n de redes, permitiendo a los participantes aprender tanto de los expertos como unos de otros.<\/p>\n\n\n\n<p class=\"wp-block-paragraph\">Uno de los temas recurrentes durante todo el encuentro fue la importancia de la <strong>formaci\u00f3n permanente<\/strong>. Varios ponentes subrayaron que la formaci\u00f3n no puede limitarse a la preparaci\u00f3n inicial, sino que debe acompa\u00f1ar a las personas a lo largo de toda su vida y ministerio. La formaci\u00f3n humana, espiritual, intelectual y pastoral fue presentada como dimensiones interrelacionadas que requieren una atenci\u00f3n continua. Los debates abordaron c\u00f3mo la formaci\u00f3n puede responder a las realidades contempor\u00e1neas, entre ellas la diversidad cultural, los cambios sociales, los avances tecnol\u00f3gicos y los nuevos desaf\u00edos pastorales. Tambi\u00e9n se reflexion\u00f3 ampliamente sobre c\u00f3mo la formaci\u00f3n puede ayudar a los l\u00edderes a responder con mayor eficacia a las necesidades reales de las comunidades a las que sirven.<\/p>\n\n\n\n<figure class=\"wp-block-gallery has-nested-images columns-default is-cropped wp-block-gallery-2 is-layout-flex wp-block-gallery-is-layout-flex\">\n<figure class=\"wp-block-image size-large\"><img loading=\"lazy\" decoding=\"async\" width=\"819\" height=\"1024\" data-id=\"20042\" src=\"https:\/\/wucwo.org\/wp-content\/uploads\/2026\/07\/Hilton-Foundation-Africa-Convening-3-819x1024.png\" alt=\"\" class=\"wp-image-20042\"\/><\/figure>\n\n\n\n<figure class=\"wp-block-image size-large\"><img loading=\"lazy\" decoding=\"async\" width=\"819\" height=\"1024\" data-id=\"20039\" src=\"https:\/\/wucwo.org\/wp-content\/uploads\/2026\/07\/Hilton-Foundation-Africa-Convening-2-819x1024.png\" alt=\"\" class=\"wp-image-20039\"\/><\/figure>\n\n\n\n<figure class=\"wp-block-image size-large\"><img loading=\"lazy\" decoding=\"async\" width=\"819\" height=\"1024\" data-id=\"20045\" src=\"https:\/\/wucwo.org\/wp-content\/uploads\/2026\/07\/Hilton-Foundation-Africa-Convening-1-819x1024.png\" alt=\"\" class=\"wp-image-20045\"\/><\/figure>\n<\/figure>\n\n\n\n<p class=\"wp-block-paragraph\"><\/p>\n\n\n\n<p class=\"wp-block-paragraph\">Los participantes compartieron experiencias procedentes de distintos pa\u00edses, destacando tanto los logros como los desaf\u00edos y poniendo de relieve el valor de crear espacios donde el aprendizaje y el intercambio de conocimientos puedan desarrollarse m\u00e1s all\u00e1 de las fronteras.<\/p>\n\n\n\n<p class=\"wp-block-paragraph\">Otro de los grandes ejes del encuentro fue la <strong>protecci\u00f3n de menores y personas vulnerables<\/strong>. Las intervenciones de expertos y responsables eclesiales destacaron la importancia de crear entornos seguros, procesos transparentes, estructuras responsables y relaciones sanas dentro de las comunidades eclesiales.<\/p>\n\n\n\n<p class=\"wp-block-paragraph\">Se insisti\u00f3 especialmente en la necesidad de superar una visi\u00f3n de la salvaguardia reducida al mero cumplimiento de procedimientos. Por el contrario, se nos invit\u00f3 a comprenderlo como parte de una cultura m\u00e1s amplia de respeto, dignidad, cuidado y responsabilidad.<\/p>\n\n\n\n<p class=\"wp-block-paragraph\">Los debates abordaron cuestiones como el abuso de poder, la protecci\u00f3n de las personas vulnerables, el acompa\u00f1amiento a los supervivientes, la formaci\u00f3n de los responsables y la importancia de fomentar entornos donde las personas se sientan seguras para hablar y ser escuchadas. Muchos participantes destacaron que la protecci\u00f3n requiere una formaci\u00f3n continua, una evaluaci\u00f3n permanente y la voluntad de afrontar con honestidad las realidades m\u00e1s dif\u00edciles.<\/p>\n\n\n\n<figure class=\"wp-block-gallery has-nested-images columns-default is-cropped wp-block-gallery-3 is-layout-flex wp-block-gallery-is-layout-flex\">\n<figure class=\"wp-block-image size-large\"><img loading=\"lazy\" decoding=\"async\" width=\"1024\" height=\"684\" data-id=\"20051\" src=\"https:\/\/wucwo.org\/wp-content\/uploads\/2026\/07\/3-1-1024x684.png\" alt=\"\" class=\"wp-image-20051\" srcset=\"https:\/\/wucwo.org\/wp-content\/uploads\/2026\/07\/3-1-980x654.png 980w, https:\/\/wucwo.org\/wp-content\/uploads\/2026\/07\/3-1-480x320.png 480w\" sizes=\"(min-width: 0px) and (max-width: 480px) 480px, (min-width: 481px) and (max-width: 980px) 980px, (min-width: 981px) 1024px, 100vw\" \/><\/figure>\n<\/figure>\n\n\n\n<p class=\"wp-block-paragraph\"><\/p>\n\n\n\n<p class=\"wp-block-paragraph\">Uno de los aspectos m\u00e1s valiosos del encuentro fue la posibilidad de <strong>fortalecer relaciones ya existentes y establecer nuevos contactos<\/strong>. Participaron representantes de organizaciones e instituciones que trabajan a nivel local, regional e internacional. Entre ellos se encontraban representantes de diversos Dicasterios de la Santa Sede, universidades cat\u00f3licas, conferencias episcopales, organizaciones cat\u00f3licas internacionales y otros colaboradores. Para la UMOFC, estas oportunidades son especialmente importantes, ya que la construcci\u00f3n de relaciones favorece la creaci\u00f3n de sinergias, facilita la colaboraci\u00f3n y permite compartir experiencias y buenas pr\u00e1cticas entre diferentes contextos.<\/p>\n\n\n\n<p class=\"wp-block-paragraph\">Asimismo, tuve la oportunidad de reunirme con varias de las <em>Community Managers<\/em> y Puntos Focales de la UMOFC en \u00c1frica, fortaleciendo nuestros v\u00ednculos y reafirmando el sentido de pertenencia a la red de mujeres laicas cat\u00f3licas y religiosas que estamos impulsando en el continente.<\/p>\n\n\n\n<p class=\"wp-block-paragraph\"><strong>El encuentro confirm\u00f3 la importancia de crear espacios de encuentro donde las mujeres puedan aprender unas de otras<\/strong>, compartir sus experiencias y trabajar juntas para afrontar desaf\u00edos comunes. Una de las expresiones que m\u00e1s se repiti\u00f3 durante las jornadas fue la invitaci\u00f3n a \u00abso\u00f1ar en grande\u00bb. Se trata de una llamada a mirar m\u00e1s all\u00e1 de las limitaciones inmediatas y a reflexionar sobre c\u00f3mo las iniciativas existentes pueden ampliar su impacto y alcance.<\/p>\n\n\n\n<p class=\"wp-block-paragraph\">Muchas de las conversaciones giraron en torno a la sostenibilidad, el desarrollo del liderazgo, la planificaci\u00f3n estrat\u00e9gica, la creaci\u00f3n de alianzas y la necesidad de garantizar que los distintos ministerios sigan respondiendo eficazmente a las realidades cambiantes. Tambi\u00e9n se puso un fuerte \u00e9nfasis en la escucha: escuchar a las comunidades, escuchar a las mujeres, escuchar a los j\u00f3venes y escuchar a quienes con frecuencia no tienen voz en los procesos de toma de decisiones. Esta escucha constituye precisamente la esencia del Observatorio Mundial de las Mujeres de la UMOFC, cuyos proyectos e iniciativas parten, ante todo, de escuchar las necesidades y los desaf\u00edos de las mujeres m\u00e1s vulnerables.<\/p>\n\n\n\n<figure class=\"wp-block-gallery has-nested-images columns-default is-cropped wp-block-gallery-4 is-layout-flex wp-block-gallery-is-layout-flex\">\n<figure class=\"wp-block-image size-large\"><img loading=\"lazy\" decoding=\"async\" width=\"1024\" height=\"684\" data-id=\"20063\" src=\"https:\/\/wucwo.org\/wp-content\/uploads\/2026\/07\/2-1-1024x684.png\" alt=\"\" class=\"wp-image-20063\" srcset=\"https:\/\/wucwo.org\/wp-content\/uploads\/2026\/07\/2-1-980x654.png 980w, https:\/\/wucwo.org\/wp-content\/uploads\/2026\/07\/2-1-480x320.png 480w\" sizes=\"(min-width: 0px) and (max-width: 480px) 480px, (min-width: 481px) and (max-width: 980px) 980px, (min-width: 981px) 1024px, 100vw\" \/><\/figure>\n\n\n\n<figure class=\"wp-block-image size-large\"><img loading=\"lazy\" decoding=\"async\" width=\"1024\" height=\"684\" data-id=\"20066\" src=\"https:\/\/wucwo.org\/wp-content\/uploads\/2026\/07\/4-1-1024x684.png\" alt=\"\" class=\"wp-image-20066\" srcset=\"https:\/\/wucwo.org\/wp-content\/uploads\/2026\/07\/4-1-980x551.png 980w, https:\/\/wucwo.org\/wp-content\/uploads\/2026\/07\/4-1-480x270.png 480w\" sizes=\"(min-width: 0px) and (max-width: 480px) 480px, (min-width: 481px) and (max-width: 980px) 980px, (min-width: 981px) 1024px, 100vw\" \/><\/figure>\n<\/figure>\n\n\n\n<p class=\"wp-block-paragraph\"><\/p>\n\n\n\n<p class=\"wp-block-paragraph\">La UMOFC agradece profundamente a la <strong>Fundaci\u00f3n Conrad N. Hilton<\/strong> por haber hecho posible este encuentro y por su compromiso constante con el apoyo a nuestras comunidades y proyectos en \u00c1frica. Un agradecimiento muy especial tambi\u00e9n a la hermana Jane Wakahiu, LSOSF, y a todo su equipo por la cuidadosa preparaci\u00f3n y coordinaci\u00f3n del encuentro, que hizo posible un valioso espacio de di\u00e1logo, aprendizaje y colaboraci\u00f3n.<\/p>\n\n\n\n<p class=\"wp-block-paragraph\">Finalmente, deseo expresar mi m\u00e1s sincero agradecimiento a <strong>WAWATA<\/strong>, y especialmente a su equipo directivo, por su generosidad, su acompa\u00f1amiento y su compromiso al servicio de las mujeres y las familias de toda Tanzania.<\/p>\n\n\n\n<p class=\"wp-block-paragraph\">Esta visita no solo me brind\u00f3 la oportunidad de aprender y ampliar mi red de contactos, sino que tambi\u00e9n renov\u00f3 mi convicci\u00f3n sobre la importancia de trabajar juntos m\u00e1s all\u00e1 de las culturas, los idiomas y las redes. En un mundo que afronta complejos desaf\u00edos sociales, econ\u00f3micos y pastorales, el encuentro sigue siendo esencial. A trav\u00e9s de la escucha, la formaci\u00f3n, la colaboraci\u00f3n y el compromiso compartido, todos juntos podemos seguir contribuyendo a la misi\u00f3n de la Iglesia y a la promoci\u00f3n de la dignidad humana en todo el mundo.<\/p>\n\n\n\n<figure class=\"wp-block-gallery has-nested-images columns-default is-cropped wp-block-gallery-5 is-layout-flex wp-block-gallery-is-layout-flex\">\n<figure class=\"wp-block-image size-large\"><img loading=\"lazy\" decoding=\"async\" width=\"1024\" height=\"684\" data-id=\"20057\" src=\"https:\/\/wucwo.org\/wp-content\/uploads\/2026\/07\/6-1024x684.png\" alt=\"\" class=\"wp-image-20057\" srcset=\"https:\/\/wucwo.org\/wp-content\/uploads\/2026\/07\/6-1024x684.png 1024w, https:\/\/wucwo.org\/wp-content\/uploads\/2026\/07\/6-300x200.png 300w, https:\/\/wucwo.org\/wp-content\/uploads\/2026\/07\/6-768x513.png 768w, https:\/\/wucwo.org\/wp-content\/uploads\/2026\/07\/6-1536x1025.png 1536w, https:\/\/wucwo.org\/wp-content\/uploads\/2026\/07\/6-2048x1367.png 2048w, https:\/\/wucwo.org\/wp-content\/uploads\/2026\/07\/6-1080x721.png 1080w\" sizes=\"(max-width: 1024px) 100vw, 1024px\" \/><\/figure>\n\n\n\n<figure class=\"wp-block-image size-large\"><img loading=\"lazy\" decoding=\"async\" width=\"1024\" height=\"684\" data-id=\"20060\" src=\"https:\/\/wucwo.org\/wp-content\/uploads\/2026\/07\/7-1024x684.png\" alt=\"\" class=\"wp-image-20060\" srcset=\"https:\/\/wucwo.org\/wp-content\/uploads\/2026\/07\/7-980x654.png 980w, https:\/\/wucwo.org\/wp-content\/uploads\/2026\/07\/7-480x320.png 480w\" sizes=\"(min-width: 0px) and (max-width: 480px) 480px, (min-width: 481px) and (max-width: 980px) 980px, (min-width: 981px) 1024px, 100vw\" \/><\/figure>\n<\/figure>\n\n\n\n<p class=\"wp-block-paragraph\"><\/p>\n\n\n\n<p class=\"wp-block-paragraph\"><strong>Lavinia Rocchi Carrera, Secretaria General de la UMOFC<\/strong><\/p>\n\n\n\n<p class=\"wp-block-paragraph\"><\/p>\n","protected":false},"excerpt":{"rendered":"<p>Cada vez que en la UMOFC tenemos la oportunidad de viajar, se abre una valiosa ocasi\u00f3n para escuchar, fortalecer v\u00ednculos, construir nuevas alianzas y comprender mejor las realidades que viven las mujeres en distintas partes del mundo. Durante mi reciente visita a Tanzania tuve la oportunidad de vivir precisamente esta experiencia. A lo largo de [&hellip;]<\/p>\n","protected":false},"author":3,"featured_media":20018,"comment_status":"open","ping_status":"open","sticky":false,"template":"","format":"standard","meta":{"_et_pb_use_builder":"off","_et_pb_old_content":"","_et_gb_content_width":"","footnotes":""},"categories":[52,50,127],"tags":[],"class_list":["post-20015","post","type-post","status-publish","format-standard","has-post-thumbnail","hentry","category-noticias-miembros","category-noticias-umofc","category-noticias-wwo"],"yoast_head":"<!-- This site is optimized with the Yoast SEO plugin v27.8 - https:\/\/yoast.com\/product\/yoast-seo-wordpress\/ -->\n<title>Tanzania: encuentro, formaci\u00f3n y colaboraci\u00f3n al servicio de la misi\u00f3n - WUCWO - UMOFC<\/title>\n<meta name=\"robots\" content=\"index, follow, max-snippet:-1, max-image-preview:large, max-video-preview:-1\" \/>\n<link rel=\"canonical\" href=\"https:\/\/wucwo.org\/es\/tanzania-encuentro-formacion-colaboracion\/\" \/>\n<meta property=\"og:locale\" content=\"es_ES\" \/>\n<meta property=\"og:type\" content=\"article\" \/>\n<meta property=\"og:title\" content=\"Tanzania: encuentro, formaci\u00f3n y colaboraci\u00f3n al servicio de la misi\u00f3n - WUCWO - UMOFC\" \/>\n<meta property=\"og:description\" content=\"Cada vez que en la UMOFC tenemos la oportunidad de viajar, se abre una valiosa ocasi\u00f3n para escuchar, fortalecer v\u00ednculos, construir nuevas alianzas y comprender mejor las realidades que viven las mujeres en distintas partes del mundo. Durante mi reciente visita a Tanzania tuve la oportunidad de vivir precisamente esta experiencia. A lo largo de [&hellip;]\" \/>\n<meta property=\"og:url\" content=\"https:\/\/wucwo.org\/es\/tanzania-encuentro-formacion-colaboracion\/\" \/>\n<meta property=\"og:site_name\" content=\"WUCWO - UMOFC\" \/>\n<meta property=\"article:publisher\" content=\"https:\/\/www.facebook.com\/worldunionofcatholicwomensorganisations\/\" \/>\n<meta property=\"article:published_time\" content=\"2026-07-09T11:38:52+00:00\" \/>\n<meta property=\"article:modified_time\" content=\"2026-07-10T12:24:58+00:00\" \/>\n<meta property=\"og:image\" content=\"https:\/\/wucwo.org\/wp-content\/uploads\/2026\/07\/Untitled-design-11-1024x684.png\" \/>\n\t<meta property=\"og:image:width\" content=\"1024\" \/>\n\t<meta property=\"og:image:height\" content=\"684\" \/>\n\t<meta property=\"og:image:type\" content=\"image\/png\" \/>\n<meta name=\"author\" content=\"communication\" \/>\n<meta name=\"twitter:card\" content=\"summary_large_image\" \/>\n<meta name=\"twitter:label1\" content=\"Escrito por\" \/>\n\t<meta name=\"twitter:data1\" content=\"communication\" \/>\n\t<meta name=\"twitter:label2\" content=\"Tiempo de lectura\" \/>\n\t<meta name=\"twitter:data2\" content=\"10 minutos\" \/>\n<script type=\"application\/ld+json\" class=\"yoast-schema-graph\">{\"@context\":\"https:\\\/\\\/schema.org\",\"@graph\":[{\"@type\":\"Article\",\"@id\":\"https:\\\/\\\/wucwo.org\\\/es\\\/tanzania-encuentro-formacion-colaboracion\\\/#article\",\"isPartOf\":{\"@id\":\"https:\\\/\\\/wucwo.org\\\/es\\\/tanzania-encuentro-formacion-colaboracion\\\/\"},\"author\":{\"name\":\"communication\",\"@id\":\"https:\\\/\\\/wucwo.org\\\/es\\\/#\\\/schema\\\/person\\\/36e189b76cc2f081eb3458e9a1f81183\"},\"headline\":\"Tanzania: encuentro, formaci\u00f3n y colaboraci\u00f3n al servicio de la misi\u00f3n\",\"datePublished\":\"2026-07-09T11:38:52+00:00\",\"dateModified\":\"2026-07-10T12:24:58+00:00\",\"mainEntityOfPage\":{\"@id\":\"https:\\\/\\\/wucwo.org\\\/es\\\/tanzania-encuentro-formacion-colaboracion\\\/\"},\"wordCount\":1450,\"commentCount\":0,\"publisher\":{\"@id\":\"https:\\\/\\\/wucwo.org\\\/es\\\/#organization\"},\"image\":{\"@id\":\"https:\\\/\\\/wucwo.org\\\/es\\\/tanzania-encuentro-formacion-colaboracion\\\/#primaryimage\"},\"thumbnailUrl\":\"https:\\\/\\\/wucwo.org\\\/wp-content\\\/uploads\\\/2026\\\/07\\\/Untitled-design-11-scaled.png\",\"articleSection\":[\"Miembros\",\"UMOFC\",\"WWO\"],\"inLanguage\":\"es\",\"potentialAction\":[{\"@type\":\"CommentAction\",\"name\":\"Comment\",\"target\":[\"https:\\\/\\\/wucwo.org\\\/es\\\/tanzania-encuentro-formacion-colaboracion\\\/#respond\"]}]},{\"@type\":\"WebPage\",\"@id\":\"https:\\\/\\\/wucwo.org\\\/es\\\/tanzania-encuentro-formacion-colaboracion\\\/\",\"url\":\"https:\\\/\\\/wucwo.org\\\/es\\\/tanzania-encuentro-formacion-colaboracion\\\/\",\"name\":\"Tanzania: encuentro, formaci\u00f3n y colaboraci\u00f3n al servicio de la misi\u00f3n - WUCWO - UMOFC\",\"isPartOf\":{\"@id\":\"https:\\\/\\\/wucwo.org\\\/es\\\/#website\"},\"primaryImageOfPage\":{\"@id\":\"https:\\\/\\\/wucwo.org\\\/es\\\/tanzania-encuentro-formacion-colaboracion\\\/#primaryimage\"},\"image\":{\"@id\":\"https:\\\/\\\/wucwo.org\\\/es\\\/tanzania-encuentro-formacion-colaboracion\\\/#primaryimage\"},\"thumbnailUrl\":\"https:\\\/\\\/wucwo.org\\\/wp-content\\\/uploads\\\/2026\\\/07\\\/Untitled-design-11-scaled.png\",\"datePublished\":\"2026-07-09T11:38:52+00:00\",\"dateModified\":\"2026-07-10T12:24:58+00:00\",\"breadcrumb\":{\"@id\":\"https:\\\/\\\/wucwo.org\\\/es\\\/tanzania-encuentro-formacion-colaboracion\\\/#breadcrumb\"},\"inLanguage\":\"es\",\"potentialAction\":[{\"@type\":\"ReadAction\",\"target\":[\"https:\\\/\\\/wucwo.org\\\/es\\\/tanzania-encuentro-formacion-colaboracion\\\/\"]}]},{\"@type\":\"ImageObject\",\"inLanguage\":\"es\",\"@id\":\"https:\\\/\\\/wucwo.org\\\/es\\\/tanzania-encuentro-formacion-colaboracion\\\/#primaryimage\",\"url\":\"https:\\\/\\\/wucwo.org\\\/wp-content\\\/uploads\\\/2026\\\/07\\\/Untitled-design-11-scaled.png\",\"contentUrl\":\"https:\\\/\\\/wucwo.org\\\/wp-content\\\/uploads\\\/2026\\\/07\\\/Untitled-design-11-scaled.png\",\"width\":2560,\"height\":1709},{\"@type\":\"BreadcrumbList\",\"@id\":\"https:\\\/\\\/wucwo.org\\\/es\\\/tanzania-encuentro-formacion-colaboracion\\\/#breadcrumb\",\"itemListElement\":[{\"@type\":\"ListItem\",\"position\":1,\"name\":\"Portada\",\"item\":\"https:\\\/\\\/wucwo.org\\\/es\\\/\"},{\"@type\":\"ListItem\",\"position\":2,\"name\":\"Tanzania: encuentro, formaci\u00f3n y colaboraci\u00f3n al servicio de la misi\u00f3n\"}]},{\"@type\":\"WebSite\",\"@id\":\"https:\\\/\\\/wucwo.org\\\/es\\\/#website\",\"url\":\"https:\\\/\\\/wucwo.org\\\/es\\\/\",\"name\":\"UMOFC\",\"description\":\"\",\"publisher\":{\"@id\":\"https:\\\/\\\/wucwo.org\\\/es\\\/#organization\"},\"potentialAction\":[{\"@type\":\"SearchAction\",\"target\":{\"@type\":\"EntryPoint\",\"urlTemplate\":\"https:\\\/\\\/wucwo.org\\\/es\\\/?s={search_term_string}\"},\"query-input\":{\"@type\":\"PropertyValueSpecification\",\"valueRequired\":true,\"valueName\":\"search_term_string\"}}],\"inLanguage\":\"es\"},{\"@type\":\"Organization\",\"@id\":\"https:\\\/\\\/wucwo.org\\\/es\\\/#organization\",\"name\":\"UMOFC\",\"url\":\"https:\\\/\\\/wucwo.org\\\/es\\\/\",\"logo\":{\"@type\":\"ImageObject\",\"inLanguage\":\"es\",\"@id\":\"https:\\\/\\\/wucwo.org\\\/es\\\/#\\\/schema\\\/logo\\\/image\\\/\",\"url\":\"https:\\\/\\\/wucwo.org\\\/wp-content\\\/uploads\\\/2025\\\/08\\\/Final-icono-scaled.png\",\"contentUrl\":\"https:\\\/\\\/wucwo.org\\\/wp-content\\\/uploads\\\/2025\\\/08\\\/Final-icono-scaled.png\",\"width\":2560,\"height\":1811,\"caption\":\"UMOFC\"},\"image\":{\"@id\":\"https:\\\/\\\/wucwo.org\\\/es\\\/#\\\/schema\\\/logo\\\/image\\\/\"},\"sameAs\":[\"https:\\\/\\\/www.facebook.com\\\/worldunionofcatholicwomensorganisations\\\/\",\"https:\\\/\\\/www.instagram.com\\\/wucwo_umofc\\\/\",\"https:\\\/\\\/www.linkedin.com\\\/company\\\/wucwo\\\/\",\"https:\\\/\\\/www.youtube.com\\\/@WUCWOUMOFC\",\"https:\\\/\\\/www.flickr.com\\\/photos\\\/203210007@N05\\\/albums\"]},{\"@type\":\"Person\",\"@id\":\"https:\\\/\\\/wucwo.org\\\/es\\\/#\\\/schema\\\/person\\\/36e189b76cc2f081eb3458e9a1f81183\",\"name\":\"communication\",\"image\":{\"@type\":\"ImageObject\",\"inLanguage\":\"es\",\"@id\":\"https:\\\/\\\/secure.gravatar.com\\\/avatar\\\/3db542db39feebb0fd43b726aab1c33917436e5f5a9e88f2295c0f1c34c59b48?s=96&d=mm&r=g\",\"url\":\"https:\\\/\\\/secure.gravatar.com\\\/avatar\\\/3db542db39feebb0fd43b726aab1c33917436e5f5a9e88f2295c0f1c34c59b48?s=96&d=mm&r=g\",\"contentUrl\":\"https:\\\/\\\/secure.gravatar.com\\\/avatar\\\/3db542db39feebb0fd43b726aab1c33917436e5f5a9e88f2295c0f1c34c59b48?s=96&d=mm&r=g\",\"caption\":\"communication\"},\"url\":\"https:\\\/\\\/wucwo.org\\\/es\\\/author\\\/communication\\\/\"}]}<\/script>\n<!-- \/ Yoast SEO plugin. -->","yoast_head_json":{"title":"Tanzania: encuentro, formaci\u00f3n y colaboraci\u00f3n al servicio de la misi\u00f3n - WUCWO - UMOFC","robots":{"index":"index","follow":"follow","max-snippet":"max-snippet:-1","max-image-preview":"max-image-preview:large","max-video-preview":"max-video-preview:-1"},"canonical":"https:\/\/wucwo.org\/es\/tanzania-encuentro-formacion-colaboracion\/","og_locale":"es_ES","og_type":"article","og_title":"Tanzania: encuentro, formaci\u00f3n y colaboraci\u00f3n al servicio de la misi\u00f3n - WUCWO - UMOFC","og_description":"Cada vez que en la UMOFC tenemos la oportunidad de viajar, se abre una valiosa ocasi\u00f3n para escuchar, fortalecer v\u00ednculos, construir nuevas alianzas y comprender mejor las realidades que viven las mujeres en distintas partes del mundo. Durante mi reciente visita a Tanzania tuve la oportunidad de vivir precisamente esta experiencia. A lo largo de [&hellip;]","og_url":"https:\/\/wucwo.org\/es\/tanzania-encuentro-formacion-colaboracion\/","og_site_name":"WUCWO - UMOFC","article_publisher":"https:\/\/www.facebook.com\/worldunionofcatholicwomensorganisations\/","article_published_time":"2026-07-09T11:38:52+00:00","article_modified_time":"2026-07-10T12:24:58+00:00","og_image":[{"width":1024,"height":684,"url":"https:\/\/wucwo.org\/wp-content\/uploads\/2026\/07\/Untitled-design-11-1024x684.png","type":"image\/png"}],"author":"communication","twitter_card":"summary_large_image","twitter_misc":{"Escrito por":"communication","Tiempo de lectura":"10 minutos"},"schema":{"@context":"https:\/\/schema.org","@graph":[{"@type":"Article","@id":"https:\/\/wucwo.org\/es\/tanzania-encuentro-formacion-colaboracion\/#article","isPartOf":{"@id":"https:\/\/wucwo.org\/es\/tanzania-encuentro-formacion-colaboracion\/"},"author":{"name":"communication","@id":"https:\/\/wucwo.org\/es\/#\/schema\/person\/36e189b76cc2f081eb3458e9a1f81183"},"headline":"Tanzania: encuentro, formaci\u00f3n y colaboraci\u00f3n al servicio de la misi\u00f3n","datePublished":"2026-07-09T11:38:52+00:00","dateModified":"2026-07-10T12:24:58+00:00","mainEntityOfPage":{"@id":"https:\/\/wucwo.org\/es\/tanzania-encuentro-formacion-colaboracion\/"},"wordCount":1450,"commentCount":0,"publisher":{"@id":"https:\/\/wucwo.org\/es\/#organization"},"image":{"@id":"https:\/\/wucwo.org\/es\/tanzania-encuentro-formacion-colaboracion\/#primaryimage"},"thumbnailUrl":"https:\/\/wucwo.org\/wp-content\/uploads\/2026\/07\/Untitled-design-11-scaled.png","articleSection":["Miembros","UMOFC","WWO"],"inLanguage":"es","potentialAction":[{"@type":"CommentAction","name":"Comment","target":["https:\/\/wucwo.org\/es\/tanzania-encuentro-formacion-colaboracion\/#respond"]}]},{"@type":"WebPage","@id":"https:\/\/wucwo.org\/es\/tanzania-encuentro-formacion-colaboracion\/","url":"https:\/\/wucwo.org\/es\/tanzania-encuentro-formacion-colaboracion\/","name":"Tanzania: encuentro, formaci\u00f3n y colaboraci\u00f3n al servicio de la misi\u00f3n - WUCWO - UMOFC","isPartOf":{"@id":"https:\/\/wucwo.org\/es\/#website"},"primaryImageOfPage":{"@id":"https:\/\/wucwo.org\/es\/tanzania-encuentro-formacion-colaboracion\/#primaryimage"},"image":{"@id":"https:\/\/wucwo.org\/es\/tanzania-encuentro-formacion-colaboracion\/#primaryimage"},"thumbnailUrl":"https:\/\/wucwo.org\/wp-content\/uploads\/2026\/07\/Untitled-design-11-scaled.png","datePublished":"2026-07-09T11:38:52+00:00","dateModified":"2026-07-10T12:24:58+00:00","breadcrumb":{"@id":"https:\/\/wucwo.org\/es\/tanzania-encuentro-formacion-colaboracion\/#breadcrumb"},"inLanguage":"es","potentialAction":[{"@type":"ReadAction","target":["https:\/\/wucwo.org\/es\/tanzania-encuentro-formacion-colaboracion\/"]}]},{"@type":"ImageObject","inLanguage":"es","@id":"https:\/\/wucwo.org\/es\/tanzania-encuentro-formacion-colaboracion\/#primaryimage","url":"https:\/\/wucwo.org\/wp-content\/uploads\/2026\/07\/Untitled-design-11-scaled.png","contentUrl":"https:\/\/wucwo.org\/wp-content\/uploads\/2026\/07\/Untitled-design-11-scaled.png","width":2560,"height":1709},{"@type":"BreadcrumbList","@id":"https:\/\/wucwo.org\/es\/tanzania-encuentro-formacion-colaboracion\/#breadcrumb","itemListElement":[{"@type":"ListItem","position":1,"name":"Portada","item":"https:\/\/wucwo.org\/es\/"},{"@type":"ListItem","position":2,"name":"Tanzania: encuentro, formaci\u00f3n y colaboraci\u00f3n al servicio de la misi\u00f3n"}]},{"@type":"WebSite","@id":"https:\/\/wucwo.org\/es\/#website","url":"https:\/\/wucwo.org\/es\/","name":"UMOFC","description":"","publisher":{"@id":"https:\/\/wucwo.org\/es\/#organization"},"potentialAction":[{"@type":"SearchAction","target":{"@type":"EntryPoint","urlTemplate":"https:\/\/wucwo.org\/es\/?s={search_term_string}"},"query-input":{"@type":"PropertyValueSpecification","valueRequired":true,"valueName":"search_term_string"}}],"inLanguage":"es"},{"@type":"Organization","@id":"https:\/\/wucwo.org\/es\/#organization","name":"UMOFC","url":"https:\/\/wucwo.org\/es\/","logo":{"@type":"ImageObject","inLanguage":"es","@id":"https:\/\/wucwo.org\/es\/#\/schema\/logo\/image\/","url":"https:\/\/wucwo.org\/wp-content\/uploads\/2025\/08\/Final-icono-scaled.png","contentUrl":"https:\/\/wucwo.org\/wp-content\/uploads\/2025\/08\/Final-icono-scaled.png","width":2560,"height":1811,"caption":"UMOFC"},"image":{"@id":"https:\/\/wucwo.org\/es\/#\/schema\/logo\/image\/"},"sameAs":["https:\/\/www.facebook.com\/worldunionofcatholicwomensorganisations\/","https:\/\/www.instagram.com\/wucwo_umofc\/","https:\/\/www.linkedin.com\/company\/wucwo\/","https:\/\/www.youtube.com\/@WUCWOUMOFC","https:\/\/www.flickr.com\/photos\/203210007@N05\/albums"]},{"@type":"Person","@id":"https:\/\/wucwo.org\/es\/#\/schema\/person\/36e189b76cc2f081eb3458e9a1f81183","name":"communication","image":{"@type":"ImageObject","inLanguage":"es","@id":"https:\/\/secure.gravatar.com\/avatar\/3db542db39feebb0fd43b726aab1c33917436e5f5a9e88f2295c0f1c34c59b48?s=96&d=mm&r=g","url":"https:\/\/secure.gravatar.com\/avatar\/3db542db39feebb0fd43b726aab1c33917436e5f5a9e88f2295c0f1c34c59b48?s=96&d=mm&r=g","contentUrl":"https:\/\/secure.gravatar.com\/avatar\/3db542db39feebb0fd43b726aab1c33917436e5f5a9e88f2295c0f1c34c59b48?s=96&d=mm&r=g","caption":"communication"},"url":"https:\/\/wucwo.org\/es\/author\/communication\/"}]}},"_links":{"self":[{"href":"https:\/\/wucwo.org\/es\/wp-json\/wp\/v2\/posts\/20015","targetHints":{"allow":["GET"]}}],"collection":[{"href":"https:\/\/wucwo.org\/es\/wp-json\/wp\/v2\/posts"}],"about":[{"href":"https:\/\/wucwo.org\/es\/wp-json\/wp\/v2\/types\/post"}],"author":[{"embeddable":true,"href":"https:\/\/wucwo.org\/es\/wp-json\/wp\/v2\/users\/3"}],"replies":[{"embeddable":true,"href":"https:\/\/wucwo.org\/es\/wp-json\/wp\/v2\/comments?post=20015"}],"version-history":[{"count":5,"href":"https:\/\/wucwo.org\/es\/wp-json\/wp\/v2\/posts\/20015\/revisions"}],"predecessor-version":[{"id":20080,"href":"https:\/\/wucwo.org\/es\/wp-json\/wp\/v2\/posts\/20015\/revisions\/20080"}],"wp:featuredmedia":[{"embeddable":true,"href":"https:\/\/wucwo.org\/es\/wp-json\/wp\/v2\/media\/20018"}],"wp:attachment":[{"href":"https:\/\/wucwo.org\/es\/wp-json\/wp\/v2\/media?parent=20015"}],"wp:term":[{"taxonomy":"category","embeddable":true,"href":"https:\/\/wucwo.org\/es\/wp-json\/wp\/v2\/categories?post=20015"},{"taxonomy":"post_tag","embeddable":true,"href":"https:\/\/wucwo.org\/es\/wp-json\/wp\/v2\/tags?post=20015"}],"curies":[{"name":"wp","href":"https:\/\/api.w.org\/{rel}","templated":true}]}}