{"id":2285,"date":"2024-12-12T14:25:26","date_gmt":"2025-08-25T17:26:08","guid":{"rendered":"https:\/\/wucwo.org\/campaacomida-familiare-indi-po-itivo-electrnico\/"},"modified":"2026-01-26T14:18:00","modified_gmt":"2026-01-26T13:18:00","slug":"campaacomida-familiare-indi-po-itivo-electrnico","status":"publish","type":"post","link":"https:\/\/wucwo.org\/es\/campaacomida-familiare-indi-po-itivo-electrnico\/","title":{"rendered":"Campa\u00f1a \u201cComidas familiares sin dispositivos electr\u00f3nicos\u00bb"},"content":{"rendered":"<p>Como declar\u00f3 el Arzobispo Ivan Jurkovic, Representante Permanente de la Santa Sede ante las Naciones Unidas y otras organizaciones internacionales en Ginebra: \u00abLa familia, al fin y al cabo, es, en muchos sentidos, la primera escuela de c\u00f3mo ser humano y, al mismo tiempo, la familia es el centro y el coraz\u00f3n de lo que Pablo VI llam\u00f3 &#8216;la civilizaci\u00f3n del amor'\u00bb. Durante la \u00faltima Asamblea General en As\u00eds, nos comprometimos, como mujeres de la UMOFC, a \u00ab<strong>emprender, con renovada convicci\u00f3n, el gozoso camino del amor familiar, de la maternidad y de la paternidad<\/strong>\u00ab. Reconocemos que es en la familia donde se aprenden valores esenciales como el amor fraterno, la generosidad y el servicio a los dem\u00e1s, y, sin duda, todos estamos de acuerdo en que el papel fundamental de la familia para una civilizaci\u00f3n pac\u00edfica est\u00e1 siendo cada vez m\u00e1s cuestionado.<\/p>\n<p>La ruptura de los lazos familiares deja a millones de ni\u00f1os y j\u00f3venes sin la orientaci\u00f3n adecuada y necesaria. Cada vez corren m\u00e1s riesgos, ya que utilizan y dependen de las redes sociales y las conexiones digitales para su desarrollo personal y moral.<\/p>\n<p>Por este motivo, les invitamos a unirse a nuestra nueva campa\u00f1a:<\/p>\n<h4 style=\"text-align: center;\">Comidas familiares sin dispositivos electr\u00f3nicos<\/h4>\n<h4 style=\"text-align: center;\"><em>(Device-free family meals)\u00a0<\/em><\/h4>\n<p style=\"text-align: left;\">\u201c<strong>Disfrutemos una vez a la semana el tiempo en familia<\/strong>\u201d con una comida sin dispositivos electr\u00f3nicos. Les animamos a que dediquen un tiempo a reunir a su familia en torno a la mesa. <strong>Apaguen sus tel\u00e9fonos celulares, tabletas y aud\u00edfonos<\/strong> y aprovechen estos momentos para <strong>escuchar, hablar y volver a conectar<\/strong>. Lo ideal ser\u00eda que estas comidas tuvieran lugar los domingos, el D\u00eda del Se\u00f1or, pero cualquier otro d\u00eda es igual de bueno. Este peque\u00f1o gesto repetido semanalmente puede fortalecer los lazos familiares y enriquecer sus vidas.<\/p>\n<p>Si ya tienen esta tradici\u00f3n, den gracias por esta bendici\u00f3n y \u00fananse a nuestra campa\u00f1a promoviendo esta pr\u00e1ctica que tantas familias han olvidado. Para ello pueden utilizar los hashtags: <strong>#WUCWOforFamily #DigitalDetox<\/strong><\/p>\n<h4>Nos encantar\u00eda conocer sus experiencias:<\/h4>\n<ul>\n<li>\u00bfC\u00f3mo se sintieron al compartir una comida sin dispositivos electr\u00f3nicos? \u00bfQu\u00e9 fue lo m\u00e1s significativo para ustedes de esta experiencia?<\/li>\n<li>\u00bfQu\u00e9 cambios ha tra\u00eddo esta pr\u00e1ctica a sus familias? \u00bfQu\u00e9 frutos han visto?<\/li>\n<\/ul>\n<p>Por favor, compartan con nosotros, en s\u00f3lo 3 l\u00edneas, sus experiencias, sus comentarios y, si as\u00ed lo desean, una foto de una de sus comidas familiares, indicando expresamente que autorizan a la UMOFC a utilizarla en su P\u00e1gina Web, sus redes sociales y en cualquier otro material que elabore para promover a la familia. Pueden enviar la informaci\u00f3n a:<\/p>\n<ul>\n<li><strong>Correo electr\u00f3nico<\/strong>: info@wucwo.org (con copia a vadnai.borbala@gmail.com)<\/li>\n<li><strong>WhatsApp:<\/strong> +36 30 9228 531<\/li>\n<\/ul>\n<p>Compartiremos sus experiencias entre las integrantes de la UMOFC y a trav\u00e9s de nuestras redes sociales. Esta campa\u00f1a lanzada hoy durar\u00e1 todo el a\u00f1o jubilar. Al cabo de un a\u00f1o, habr\u00e1 creado un buen h\u00e1bito. Ser\u00eda estupendo compartir nuestros primeros resultados en el Jubileo de las Familias, a finales de mayo.<\/p>\n<p>\u00bfEst\u00e1n preparadas para aceptar este reto? Juntas podemos redescubrir la alegr\u00eda de las comidas en familia y fortalecer la civilizaci\u00f3n del amor.<\/p>\n<p><em>Borb\u00e1la Vadnai, Coordinadora del Grupo de Trabajo de Familia de la UMOFC<\/em><\/p>\n<p><em>M\u00f3nica Santamarina, Presidenta General de la UMOFC<\/em><\/p>\n","protected":false},"excerpt":{"rendered":"<p>Como declar\u00f3 el Arzobispo Ivan Jurkovic, Representante Permanente de la Santa Sede ante las Naciones Unidas y otras organizaciones internacionales en Ginebra: \u00abLa familia, al fin y al cabo, es, en muchos sentidos, la primera escuela de c\u00f3mo ser humano y, al mismo tiempo, la familia es el centro y el coraz\u00f3n de lo que [&hellip;]<\/p>\n","protected":false},"author":1,"featured_media":16049,"comment_status":"open","ping_status":"open","sticky":false,"template":"","format":"standard","meta":{"_et_pb_use_builder":"","_et_pb_old_content":"","_et_gb_content_width":"","footnotes":""},"categories":[139,50],"tags":[],"class_list":["post-2285","post","type-post","status-publish","format-standard","has-post-thumbnail","hentry","category-noticias-familia","category-noticias-umofc"],"yoast_head":"<!-- This site is optimized with the Yoast SEO plugin v27.8 - https:\/\/yoast.com\/product\/yoast-seo-wordpress\/ -->\n<title>Campa\u00f1a \u201cComidas familiares sin dispositivos electr\u00f3nicos&quot; - WUCWO - UMOFC<\/title>\n<meta name=\"description\" content=\"\u201cDisfrutemos una vez a la semana el tiempo en familia\u201d en las comidas. Les animamos a unirse a esta campa\u00f1a sin dispositivos.\" \/>\n<meta name=\"robots\" content=\"index, follow, max-snippet:-1, max-image-preview:large, max-video-preview:-1\" \/>\n<link rel=\"canonical\" href=\"https:\/\/wucwo.org\/es\/campaacomida-familiare-indi-po-itivo-electrnico\/\" \/>\n<meta property=\"og:locale\" content=\"es_ES\" \/>\n<meta property=\"og:type\" content=\"article\" \/>\n<meta property=\"og:title\" content=\"Campa\u00f1a \u201cComidas familiares sin dispositivos electr\u00f3nicos&quot; - WUCWO - UMOFC\" \/>\n<meta property=\"og:description\" content=\"\u201cDisfrutemos una vez a la semana el tiempo en familia\u201d en las comidas. Les animamos a unirse a esta campa\u00f1a sin dispositivos.\" \/>\n<meta property=\"og:url\" content=\"https:\/\/wucwo.org\/es\/campaacomida-familiare-indi-po-itivo-electrnico\/\" \/>\n<meta property=\"og:site_name\" content=\"WUCWO - UMOFC\" \/>\n<meta property=\"article:publisher\" content=\"https:\/\/www.facebook.com\/worldunionofcatholicwomensorganisations\/\" \/>\n<meta property=\"article:published_time\" content=\"2025-08-25T17:26:08+00:00\" \/>\n<meta property=\"article:modified_time\" content=\"2026-01-26T13:18:00+00:00\" \/>\n<meta property=\"og:image\" content=\"https:\/\/wucwo.org\/wp-content\/uploads\/2024\/12\/WhatsApp-Image-2025-09-08-at-11.57.08.jpeg\" \/>\n\t<meta property=\"og:image:width\" content=\"2560\" \/>\n\t<meta property=\"og:image:height\" content=\"1280\" \/>\n\t<meta property=\"og:image:type\" content=\"image\/jpeg\" \/>\n<meta name=\"author\" content=\"sercatol\" \/>\n<meta name=\"twitter:card\" content=\"summary_large_image\" \/>\n<meta name=\"twitter:label1\" content=\"Escrito por\" \/>\n\t<meta name=\"twitter:data1\" content=\"sercatol\" \/>\n\t<meta name=\"twitter:label2\" content=\"Tiempo de lectura\" \/>\n\t<meta name=\"twitter:data2\" content=\"3 minutos\" \/>\n<script type=\"application\/ld+json\" class=\"yoast-schema-graph\">{\"@context\":\"https:\\\/\\\/schema.org\",\"@graph\":[{\"@type\":\"Article\",\"@id\":\"https:\\\/\\\/wucwo.org\\\/es\\\/campaacomida-familiare-indi-po-itivo-electrnico\\\/#article\",\"isPartOf\":{\"@id\":\"https:\\\/\\\/wucwo.org\\\/es\\\/campaacomida-familiare-indi-po-itivo-electrnico\\\/\"},\"author\":{\"name\":\"sercatol\",\"@id\":\"https:\\\/\\\/wucwo.org\\\/es\\\/#\\\/schema\\\/person\\\/08e9f0484d99df98b7b5a2da57e48536\"},\"headline\":\"Campa\u00f1a \u201cComidas familiares sin dispositivos electr\u00f3nicos\u00bb\",\"datePublished\":\"2025-08-25T17:26:08+00:00\",\"dateModified\":\"2026-01-26T13:18:00+00:00\",\"mainEntityOfPage\":{\"@id\":\"https:\\\/\\\/wucwo.org\\\/es\\\/campaacomida-familiare-indi-po-itivo-electrnico\\\/\"},\"wordCount\":580,\"commentCount\":0,\"publisher\":{\"@id\":\"https:\\\/\\\/wucwo.org\\\/es\\\/#organization\"},\"image\":{\"@id\":\"https:\\\/\\\/wucwo.org\\\/es\\\/campaacomida-familiare-indi-po-itivo-electrnico\\\/#primaryimage\"},\"thumbnailUrl\":\"https:\\\/\\\/wucwo.org\\\/wp-content\\\/uploads\\\/2024\\\/12\\\/WhatsApp-Image-2025-09-08-at-11.57.08.jpeg\",\"articleSection\":[\"Familia\",\"UMOFC\"],\"inLanguage\":\"es\",\"potentialAction\":[{\"@type\":\"CommentAction\",\"name\":\"Comment\",\"target\":[\"https:\\\/\\\/wucwo.org\\\/es\\\/campaacomida-familiare-indi-po-itivo-electrnico\\\/#respond\"]}]},{\"@type\":\"WebPage\",\"@id\":\"https:\\\/\\\/wucwo.org\\\/es\\\/campaacomida-familiare-indi-po-itivo-electrnico\\\/\",\"url\":\"https:\\\/\\\/wucwo.org\\\/es\\\/campaacomida-familiare-indi-po-itivo-electrnico\\\/\",\"name\":\"Campa\u00f1a \u201cComidas familiares sin dispositivos electr\u00f3nicos\\\" - WUCWO - UMOFC\",\"isPartOf\":{\"@id\":\"https:\\\/\\\/wucwo.org\\\/es\\\/#website\"},\"primaryImageOfPage\":{\"@id\":\"https:\\\/\\\/wucwo.org\\\/es\\\/campaacomida-familiare-indi-po-itivo-electrnico\\\/#primaryimage\"},\"image\":{\"@id\":\"https:\\\/\\\/wucwo.org\\\/es\\\/campaacomida-familiare-indi-po-itivo-electrnico\\\/#primaryimage\"},\"thumbnailUrl\":\"https:\\\/\\\/wucwo.org\\\/wp-content\\\/uploads\\\/2024\\\/12\\\/WhatsApp-Image-2025-09-08-at-11.57.08.jpeg\",\"datePublished\":\"2025-08-25T17:26:08+00:00\",\"dateModified\":\"2026-01-26T13:18:00+00:00\",\"description\":\"\u201cDisfrutemos una vez a la semana el tiempo en familia\u201d en las comidas. Les animamos a unirse a esta campa\u00f1a sin dispositivos.\",\"breadcrumb\":{\"@id\":\"https:\\\/\\\/wucwo.org\\\/es\\\/campaacomida-familiare-indi-po-itivo-electrnico\\\/#breadcrumb\"},\"inLanguage\":\"es\",\"potentialAction\":[{\"@type\":\"ReadAction\",\"target\":[\"https:\\\/\\\/wucwo.org\\\/es\\\/campaacomida-familiare-indi-po-itivo-electrnico\\\/\"]}]},{\"@type\":\"ImageObject\",\"inLanguage\":\"es\",\"@id\":\"https:\\\/\\\/wucwo.org\\\/es\\\/campaacomida-familiare-indi-po-itivo-electrnico\\\/#primaryimage\",\"url\":\"https:\\\/\\\/wucwo.org\\\/wp-content\\\/uploads\\\/2024\\\/12\\\/WhatsApp-Image-2025-09-08-at-11.57.08.jpeg\",\"contentUrl\":\"https:\\\/\\\/wucwo.org\\\/wp-content\\\/uploads\\\/2024\\\/12\\\/WhatsApp-Image-2025-09-08-at-11.57.08.jpeg\",\"width\":2560,\"height\":1280},{\"@type\":\"BreadcrumbList\",\"@id\":\"https:\\\/\\\/wucwo.org\\\/es\\\/campaacomida-familiare-indi-po-itivo-electrnico\\\/#breadcrumb\",\"itemListElement\":[{\"@type\":\"ListItem\",\"position\":1,\"name\":\"Portada\",\"item\":\"https:\\\/\\\/wucwo.org\\\/es\\\/\"},{\"@type\":\"ListItem\",\"position\":2,\"name\":\"Campa\u00f1a \u201cComidas familiares sin dispositivos electr\u00f3nicos\u00bb\"}]},{\"@type\":\"WebSite\",\"@id\":\"https:\\\/\\\/wucwo.org\\\/es\\\/#website\",\"url\":\"https:\\\/\\\/wucwo.org\\\/es\\\/\",\"name\":\"UMOFC\",\"description\":\"\",\"publisher\":{\"@id\":\"https:\\\/\\\/wucwo.org\\\/es\\\/#organization\"},\"potentialAction\":[{\"@type\":\"SearchAction\",\"target\":{\"@type\":\"EntryPoint\",\"urlTemplate\":\"https:\\\/\\\/wucwo.org\\\/es\\\/?s={search_term_string}\"},\"query-input\":{\"@type\":\"PropertyValueSpecification\",\"valueRequired\":true,\"valueName\":\"search_term_string\"}}],\"inLanguage\":\"es\"},{\"@type\":\"Organization\",\"@id\":\"https:\\\/\\\/wucwo.org\\\/es\\\/#organization\",\"name\":\"UMOFC\",\"url\":\"https:\\\/\\\/wucwo.org\\\/es\\\/\",\"logo\":{\"@type\":\"ImageObject\",\"inLanguage\":\"es\",\"@id\":\"https:\\\/\\\/wucwo.org\\\/es\\\/#\\\/schema\\\/logo\\\/image\\\/\",\"url\":\"https:\\\/\\\/wucwo.org\\\/wp-content\\\/uploads\\\/2025\\\/08\\\/Final-icono-scaled.png\",\"contentUrl\":\"https:\\\/\\\/wucwo.org\\\/wp-content\\\/uploads\\\/2025\\\/08\\\/Final-icono-scaled.png\",\"width\":2560,\"height\":1811,\"caption\":\"UMOFC\"},\"image\":{\"@id\":\"https:\\\/\\\/wucwo.org\\\/es\\\/#\\\/schema\\\/logo\\\/image\\\/\"},\"sameAs\":[\"https:\\\/\\\/www.facebook.com\\\/worldunionofcatholicwomensorganisations\\\/\",\"https:\\\/\\\/www.instagram.com\\\/wucwo_umofc\\\/\",\"https:\\\/\\\/www.linkedin.com\\\/company\\\/wucwo\\\/\",\"https:\\\/\\\/www.youtube.com\\\/@WUCWOUMOFC\",\"https:\\\/\\\/www.flickr.com\\\/photos\\\/203210007@N05\\\/albums\"]},{\"@type\":\"Person\",\"@id\":\"https:\\\/\\\/wucwo.org\\\/es\\\/#\\\/schema\\\/person\\\/08e9f0484d99df98b7b5a2da57e48536\",\"name\":\"sercatol\",\"image\":{\"@type\":\"ImageObject\",\"inLanguage\":\"es\",\"@id\":\"https:\\\/\\\/secure.gravatar.com\\\/avatar\\\/37d08368077c561bd440f25a25b44dffc8a49dd03ed8ac3d36eb9c07857d333e?s=96&d=mm&r=g\",\"url\":\"https:\\\/\\\/secure.gravatar.com\\\/avatar\\\/37d08368077c561bd440f25a25b44dffc8a49dd03ed8ac3d36eb9c07857d333e?s=96&d=mm&r=g\",\"contentUrl\":\"https:\\\/\\\/secure.gravatar.com\\\/avatar\\\/37d08368077c561bd440f25a25b44dffc8a49dd03ed8ac3d36eb9c07857d333e?s=96&d=mm&r=g\",\"caption\":\"sercatol\"},\"url\":\"https:\\\/\\\/wucwo.org\\\/es\\\/author\\\/sercatol\\\/\"}]}<\/script>\n<!-- \/ Yoast SEO plugin. -->","yoast_head_json":{"title":"Campa\u00f1a \u201cComidas familiares sin dispositivos electr\u00f3nicos\" - WUCWO - UMOFC","description":"\u201cDisfrutemos una vez a la semana el tiempo en familia\u201d en las comidas. Les animamos a unirse a esta campa\u00f1a sin dispositivos.","robots":{"index":"index","follow":"follow","max-snippet":"max-snippet:-1","max-image-preview":"max-image-preview:large","max-video-preview":"max-video-preview:-1"},"canonical":"https:\/\/wucwo.org\/es\/campaacomida-familiare-indi-po-itivo-electrnico\/","og_locale":"es_ES","og_type":"article","og_title":"Campa\u00f1a \u201cComidas familiares sin dispositivos electr\u00f3nicos\" - WUCWO - UMOFC","og_description":"\u201cDisfrutemos una vez a la semana el tiempo en familia\u201d en las comidas. Les animamos a unirse a esta campa\u00f1a sin dispositivos.","og_url":"https:\/\/wucwo.org\/es\/campaacomida-familiare-indi-po-itivo-electrnico\/","og_site_name":"WUCWO - UMOFC","article_publisher":"https:\/\/www.facebook.com\/worldunionofcatholicwomensorganisations\/","article_published_time":"2025-08-25T17:26:08+00:00","article_modified_time":"2026-01-26T13:18:00+00:00","og_image":[{"width":2560,"height":1280,"url":"https:\/\/wucwo.org\/wp-content\/uploads\/2024\/12\/WhatsApp-Image-2025-09-08-at-11.57.08.jpeg","type":"image\/jpeg"}],"author":"sercatol","twitter_card":"summary_large_image","twitter_misc":{"Escrito por":"sercatol","Tiempo de lectura":"3 minutos"},"schema":{"@context":"https:\/\/schema.org","@graph":[{"@type":"Article","@id":"https:\/\/wucwo.org\/es\/campaacomida-familiare-indi-po-itivo-electrnico\/#article","isPartOf":{"@id":"https:\/\/wucwo.org\/es\/campaacomida-familiare-indi-po-itivo-electrnico\/"},"author":{"name":"sercatol","@id":"https:\/\/wucwo.org\/es\/#\/schema\/person\/08e9f0484d99df98b7b5a2da57e48536"},"headline":"Campa\u00f1a \u201cComidas familiares sin dispositivos electr\u00f3nicos\u00bb","datePublished":"2025-08-25T17:26:08+00:00","dateModified":"2026-01-26T13:18:00+00:00","mainEntityOfPage":{"@id":"https:\/\/wucwo.org\/es\/campaacomida-familiare-indi-po-itivo-electrnico\/"},"wordCount":580,"commentCount":0,"publisher":{"@id":"https:\/\/wucwo.org\/es\/#organization"},"image":{"@id":"https:\/\/wucwo.org\/es\/campaacomida-familiare-indi-po-itivo-electrnico\/#primaryimage"},"thumbnailUrl":"https:\/\/wucwo.org\/wp-content\/uploads\/2024\/12\/WhatsApp-Image-2025-09-08-at-11.57.08.jpeg","articleSection":["Familia","UMOFC"],"inLanguage":"es","potentialAction":[{"@type":"CommentAction","name":"Comment","target":["https:\/\/wucwo.org\/es\/campaacomida-familiare-indi-po-itivo-electrnico\/#respond"]}]},{"@type":"WebPage","@id":"https:\/\/wucwo.org\/es\/campaacomida-familiare-indi-po-itivo-electrnico\/","url":"https:\/\/wucwo.org\/es\/campaacomida-familiare-indi-po-itivo-electrnico\/","name":"Campa\u00f1a \u201cComidas familiares sin dispositivos electr\u00f3nicos\" - WUCWO - UMOFC","isPartOf":{"@id":"https:\/\/wucwo.org\/es\/#website"},"primaryImageOfPage":{"@id":"https:\/\/wucwo.org\/es\/campaacomida-familiare-indi-po-itivo-electrnico\/#primaryimage"},"image":{"@id":"https:\/\/wucwo.org\/es\/campaacomida-familiare-indi-po-itivo-electrnico\/#primaryimage"},"thumbnailUrl":"https:\/\/wucwo.org\/wp-content\/uploads\/2024\/12\/WhatsApp-Image-2025-09-08-at-11.57.08.jpeg","datePublished":"2025-08-25T17:26:08+00:00","dateModified":"2026-01-26T13:18:00+00:00","description":"\u201cDisfrutemos una vez a la semana el tiempo en familia\u201d en las comidas. Les animamos a unirse a esta campa\u00f1a sin dispositivos.","breadcrumb":{"@id":"https:\/\/wucwo.org\/es\/campaacomida-familiare-indi-po-itivo-electrnico\/#breadcrumb"},"inLanguage":"es","potentialAction":[{"@type":"ReadAction","target":["https:\/\/wucwo.org\/es\/campaacomida-familiare-indi-po-itivo-electrnico\/"]}]},{"@type":"ImageObject","inLanguage":"es","@id":"https:\/\/wucwo.org\/es\/campaacomida-familiare-indi-po-itivo-electrnico\/#primaryimage","url":"https:\/\/wucwo.org\/wp-content\/uploads\/2024\/12\/WhatsApp-Image-2025-09-08-at-11.57.08.jpeg","contentUrl":"https:\/\/wucwo.org\/wp-content\/uploads\/2024\/12\/WhatsApp-Image-2025-09-08-at-11.57.08.jpeg","width":2560,"height":1280},{"@type":"BreadcrumbList","@id":"https:\/\/wucwo.org\/es\/campaacomida-familiare-indi-po-itivo-electrnico\/#breadcrumb","itemListElement":[{"@type":"ListItem","position":1,"name":"Portada","item":"https:\/\/wucwo.org\/es\/"},{"@type":"ListItem","position":2,"name":"Campa\u00f1a \u201cComidas familiares sin dispositivos electr\u00f3nicos\u00bb"}]},{"@type":"WebSite","@id":"https:\/\/wucwo.org\/es\/#website","url":"https:\/\/wucwo.org\/es\/","name":"UMOFC","description":"","publisher":{"@id":"https:\/\/wucwo.org\/es\/#organization"},"potentialAction":[{"@type":"SearchAction","target":{"@type":"EntryPoint","urlTemplate":"https:\/\/wucwo.org\/es\/?s={search_term_string}"},"query-input":{"@type":"PropertyValueSpecification","valueRequired":true,"valueName":"search_term_string"}}],"inLanguage":"es"},{"@type":"Organization","@id":"https:\/\/wucwo.org\/es\/#organization","name":"UMOFC","url":"https:\/\/wucwo.org\/es\/","logo":{"@type":"ImageObject","inLanguage":"es","@id":"https:\/\/wucwo.org\/es\/#\/schema\/logo\/image\/","url":"https:\/\/wucwo.org\/wp-content\/uploads\/2025\/08\/Final-icono-scaled.png","contentUrl":"https:\/\/wucwo.org\/wp-content\/uploads\/2025\/08\/Final-icono-scaled.png","width":2560,"height":1811,"caption":"UMOFC"},"image":{"@id":"https:\/\/wucwo.org\/es\/#\/schema\/logo\/image\/"},"sameAs":["https:\/\/www.facebook.com\/worldunionofcatholicwomensorganisations\/","https:\/\/www.instagram.com\/wucwo_umofc\/","https:\/\/www.linkedin.com\/company\/wucwo\/","https:\/\/www.youtube.com\/@WUCWOUMOFC","https:\/\/www.flickr.com\/photos\/203210007@N05\/albums"]},{"@type":"Person","@id":"https:\/\/wucwo.org\/es\/#\/schema\/person\/08e9f0484d99df98b7b5a2da57e48536","name":"sercatol","image":{"@type":"ImageObject","inLanguage":"es","@id":"https:\/\/secure.gravatar.com\/avatar\/37d08368077c561bd440f25a25b44dffc8a49dd03ed8ac3d36eb9c07857d333e?s=96&d=mm&r=g","url":"https:\/\/secure.gravatar.com\/avatar\/37d08368077c561bd440f25a25b44dffc8a49dd03ed8ac3d36eb9c07857d333e?s=96&d=mm&r=g","contentUrl":"https:\/\/secure.gravatar.com\/avatar\/37d08368077c561bd440f25a25b44dffc8a49dd03ed8ac3d36eb9c07857d333e?s=96&d=mm&r=g","caption":"sercatol"},"url":"https:\/\/wucwo.org\/es\/author\/sercatol\/"}]}},"_links":{"self":[{"href":"https:\/\/wucwo.org\/es\/wp-json\/wp\/v2\/posts\/2285","targetHints":{"allow":["GET"]}}],"collection":[{"href":"https:\/\/wucwo.org\/es\/wp-json\/wp\/v2\/posts"}],"about":[{"href":"https:\/\/wucwo.org\/es\/wp-json\/wp\/v2\/types\/post"}],"author":[{"embeddable":true,"href":"https:\/\/wucwo.org\/es\/wp-json\/wp\/v2\/users\/1"}],"replies":[{"embeddable":true,"href":"https:\/\/wucwo.org\/es\/wp-json\/wp\/v2\/comments?post=2285"}],"version-history":[{"count":0,"href":"https:\/\/wucwo.org\/es\/wp-json\/wp\/v2\/posts\/2285\/revisions"}],"wp:featuredmedia":[{"embeddable":true,"href":"https:\/\/wucwo.org\/es\/wp-json\/wp\/v2\/media\/16049"}],"wp:attachment":[{"href":"https:\/\/wucwo.org\/es\/wp-json\/wp\/v2\/media?parent=2285"}],"wp:term":[{"taxonomy":"category","embeddable":true,"href":"https:\/\/wucwo.org\/es\/wp-json\/wp\/v2\/categories?post=2285"},{"taxonomy":"post_tag","embeddable":true,"href":"https:\/\/wucwo.org\/es\/wp-json\/wp\/v2\/tags?post=2285"}],"curies":[{"name":"wp","href":"https:\/\/api.w.org\/{rel}","templated":true}]}}