{"id":2417,"date":"2025-07-30T11:01:48","date_gmt":"2025-08-25T17:26:08","guid":{"rendered":"https:\/\/wucwo.org\/reuninnacionaldelaufcm\/"},"modified":"2025-09-10T16:17:37","modified_gmt":"2025-09-10T14:17:37","slug":"reuninnacionaldelaufcm","status":"publish","type":"post","link":"https:\/\/wucwo.org\/es\/reuninnacionaldelaufcm\/","title":{"rendered":"Reuni\u00f3n Nacional de la UFCM"},"content":{"rendered":"\n<p class=\"wp-block-paragraph\"><\/p>\n\n\n\n<p class=\"has-text-align-right wp-block-paragraph\"><em>Elvia Angelina Tamayo<\/em><\/p>\n\n\n\n<p class=\"wp-block-paragraph\">Del 24 al 27 de julio de 2025, se llev\u00f3 a cabo en la ciudad de San Juan de Los Lagos, Jalisco (casa de \u201cLa Generala\u201d Virgen de San Juan de Los Lagos) la <strong>Reuni\u00f3n Nacional de la UFCM<\/strong> (Uni\u00f3n Femenina Cat\u00f3lica Mexicana). Encuentro que se realiz\u00f3 en la casa de retiro San Juan Pablo II, con el lema:&nbsp;\u201c<strong>Caminado juntas por nuestra misi\u00f3n en la UFCM<\/strong>\u201d.<\/p>\n\n\n\n<p class=\"wp-block-paragraph\">Se reunieron <strong>m\u00e1s de 120 mujeres<\/strong> de todas las edades, provenientes de 25 Di\u00f3cesis de toda la rep\u00fablica Mexicana, con gran entusiasmo y atenci\u00f3n participaron de las ponencias y los temas que se ofrecieron.<\/p>\n\n\n\n<p class=\"wp-block-paragraph\">Principalmente se abord\u00f3 el <strong>tema de la Teolog\u00eda del Cuerpo<\/strong>, iniciada hace ya 20 a\u00f1os por nuestro Santo Papa San Juan Pablo II, se explicaron sus tres temas principales. 1) El hombre originario, 2) El hombre hist\u00f3rico y 3) El hombre escatol\u00f3gico.<\/p>\n\n\n\n<p class=\"wp-block-paragraph\">Tambi\u00e9n hubo temas de la <strong>Inteligencia emocional<\/strong>, por ejempol: c\u00f3mo sanar las heridas. Tambi\u00e9n hubo un tema interesant\u00edsimo<strong> sobre la comunicaci\u00f3n<\/strong>, y su problem\u00e1tica con la diferencia para entenderse entre las brechas generacionales. Hab\u00eda representantes de pr\u00e1cticamente todas las generaciones que participaron muy activamente a este di\u00e1logo.<\/p>\n\n\n\n<p class=\"wp-block-paragraph\">A m\u00ed [Elvia Tamayo] me correspondi\u00f3 dar el <strong>tema de la UMOFC<\/strong> de la cual me siento muy orgullosa, as\u00ed como el de <strong>sinodalidad<\/strong>, haciendo un ejercicio de c\u00edrculos familiares para sanar desacuerdos.<\/p>\n\n\n\n<p class=\"wp-block-paragraph\">Tambi\u00e9n se tocaron temas de espiritualidad y de nuestra <strong>revista \u201cAcci\u00f3n Femenina\u201d<\/strong>.&nbsp;Fue un encuentro de mucha hermandad y en el que salimos fortalecidas y muy entusiastas en cuanto a nuestro trabajo en los equipos nacionales, diocesanos y parroquiales.<\/p>\n\n\n\n<p class=\"wp-block-paragraph\">Tambi\u00e9n invit\u00e9 a la pr\u00f3xima reuni\u00f3n Regional de Am\u00e9rica Latina y del Caribe a llevarse a cabo los d\u00edas del 5 al 9 de noviembre de este a\u00f1o en Guadalajara Jalisco.<\/p>\n","protected":false},"excerpt":{"rendered":"<p>Elvia Angelina Tamayo Del 24 al 27 de julio de 2025, se llev\u00f3 a cabo en la ciudad de San Juan de Los Lagos, Jalisco (casa de \u201cLa Generala\u201d Virgen de San Juan de Los Lagos) la Reuni\u00f3n Nacional de la UFCM (Uni\u00f3n Femenina Cat\u00f3lica Mexicana). Encuentro que se realiz\u00f3 en la casa de retiro [&hellip;]<\/p>\n","protected":false},"author":1,"featured_media":15199,"comment_status":"open","ping_status":"open","sticky":false,"template":"","format":"standard","meta":{"_et_pb_use_builder":"","_et_pb_old_content":"","_et_gb_content_width":"","footnotes":""},"categories":[52],"tags":[],"class_list":["post-2417","post","type-post","status-publish","format-standard","has-post-thumbnail","hentry","category-noticias-miembros"],"yoast_head":"<!-- This site is optimized with the Yoast SEO plugin v27.8 - https:\/\/yoast.com\/product\/yoast-seo-wordpress\/ -->\n<title>Reuni\u00f3n Nacional de la UFCM - WUCWO - UMOFC<\/title>\n<meta name=\"robots\" content=\"index, follow, max-snippet:-1, max-image-preview:large, max-video-preview:-1\" \/>\n<link rel=\"canonical\" href=\"https:\/\/wucwo.org\/es\/reuninnacionaldelaufcm\/\" \/>\n<meta property=\"og:locale\" content=\"es_ES\" \/>\n<meta property=\"og:type\" content=\"article\" \/>\n<meta property=\"og:title\" content=\"Reuni\u00f3n Nacional de la UFCM - WUCWO - UMOFC\" \/>\n<meta property=\"og:description\" content=\"Elvia Angelina Tamayo Del 24 al 27 de julio de 2025, se llev\u00f3 a cabo en la ciudad de San Juan de Los Lagos, Jalisco (casa de \u201cLa Generala\u201d Virgen de San Juan de Los Lagos) la Reuni\u00f3n Nacional de la UFCM (Uni\u00f3n Femenina Cat\u00f3lica Mexicana). Encuentro que se realiz\u00f3 en la casa de retiro [&hellip;]\" \/>\n<meta property=\"og:url\" content=\"https:\/\/wucwo.org\/es\/reuninnacionaldelaufcm\/\" \/>\n<meta property=\"og:site_name\" content=\"WUCWO - UMOFC\" \/>\n<meta property=\"article:publisher\" content=\"https:\/\/www.facebook.com\/worldunionofcatholicwomensorganisations\/\" \/>\n<meta property=\"article:published_time\" content=\"2025-08-25T17:26:08+00:00\" \/>\n<meta property=\"article:modified_time\" content=\"2025-09-10T14:17:37+00:00\" \/>\n<meta property=\"og:image\" content=\"https:\/\/wucwo.org\/wp-content\/uploads\/2025\/07\/WhatsApp_Image_2025-07-29_at_06.06.03_5.jpg\" \/>\n\t<meta property=\"og:image:width\" content=\"1280\" \/>\n\t<meta property=\"og:image:height\" content=\"1265\" \/>\n\t<meta property=\"og:image:type\" content=\"image\/jpeg\" \/>\n<meta name=\"author\" content=\"sercatol\" \/>\n<meta name=\"twitter:card\" content=\"summary_large_image\" \/>\n<meta name=\"twitter:label1\" content=\"Escrito por\" \/>\n\t<meta name=\"twitter:data1\" content=\"sercatol\" \/>\n\t<meta name=\"twitter:label2\" content=\"Tiempo de lectura\" \/>\n\t<meta name=\"twitter:data2\" content=\"2 minutos\" \/>\n<script type=\"application\/ld+json\" class=\"yoast-schema-graph\">{\"@context\":\"https:\\\/\\\/schema.org\",\"@graph\":[{\"@type\":\"Article\",\"@id\":\"https:\\\/\\\/wucwo.org\\\/es\\\/reuninnacionaldelaufcm\\\/#article\",\"isPartOf\":{\"@id\":\"https:\\\/\\\/wucwo.org\\\/es\\\/reuninnacionaldelaufcm\\\/\"},\"author\":{\"name\":\"sercatol\",\"@id\":\"https:\\\/\\\/wucwo.org\\\/es\\\/#\\\/schema\\\/person\\\/08e9f0484d99df98b7b5a2da57e48536\"},\"headline\":\"Reuni\u00f3n Nacional de la UFCM\",\"datePublished\":\"2025-08-25T17:26:08+00:00\",\"dateModified\":\"2025-09-10T14:17:37+00:00\",\"mainEntityOfPage\":{\"@id\":\"https:\\\/\\\/wucwo.org\\\/es\\\/reuninnacionaldelaufcm\\\/\"},\"wordCount\":323,\"commentCount\":0,\"publisher\":{\"@id\":\"https:\\\/\\\/wucwo.org\\\/es\\\/#organization\"},\"image\":{\"@id\":\"https:\\\/\\\/wucwo.org\\\/es\\\/reuninnacionaldelaufcm\\\/#primaryimage\"},\"thumbnailUrl\":\"https:\\\/\\\/wucwo.org\\\/wp-content\\\/uploads\\\/2025\\\/07\\\/WhatsApp_Image_2025-07-29_at_06.06.03_5.jpg\",\"articleSection\":[\"Miembros\"],\"inLanguage\":\"es\",\"potentialAction\":[{\"@type\":\"CommentAction\",\"name\":\"Comment\",\"target\":[\"https:\\\/\\\/wucwo.org\\\/es\\\/reuninnacionaldelaufcm\\\/#respond\"]}]},{\"@type\":\"WebPage\",\"@id\":\"https:\\\/\\\/wucwo.org\\\/es\\\/reuninnacionaldelaufcm\\\/\",\"url\":\"https:\\\/\\\/wucwo.org\\\/es\\\/reuninnacionaldelaufcm\\\/\",\"name\":\"Reuni\u00f3n Nacional de la UFCM - WUCWO - UMOFC\",\"isPartOf\":{\"@id\":\"https:\\\/\\\/wucwo.org\\\/es\\\/#website\"},\"primaryImageOfPage\":{\"@id\":\"https:\\\/\\\/wucwo.org\\\/es\\\/reuninnacionaldelaufcm\\\/#primaryimage\"},\"image\":{\"@id\":\"https:\\\/\\\/wucwo.org\\\/es\\\/reuninnacionaldelaufcm\\\/#primaryimage\"},\"thumbnailUrl\":\"https:\\\/\\\/wucwo.org\\\/wp-content\\\/uploads\\\/2025\\\/07\\\/WhatsApp_Image_2025-07-29_at_06.06.03_5.jpg\",\"datePublished\":\"2025-08-25T17:26:08+00:00\",\"dateModified\":\"2025-09-10T14:17:37+00:00\",\"breadcrumb\":{\"@id\":\"https:\\\/\\\/wucwo.org\\\/es\\\/reuninnacionaldelaufcm\\\/#breadcrumb\"},\"inLanguage\":\"es\",\"potentialAction\":[{\"@type\":\"ReadAction\",\"target\":[\"https:\\\/\\\/wucwo.org\\\/es\\\/reuninnacionaldelaufcm\\\/\"]}]},{\"@type\":\"ImageObject\",\"inLanguage\":\"es\",\"@id\":\"https:\\\/\\\/wucwo.org\\\/es\\\/reuninnacionaldelaufcm\\\/#primaryimage\",\"url\":\"https:\\\/\\\/wucwo.org\\\/wp-content\\\/uploads\\\/2025\\\/07\\\/WhatsApp_Image_2025-07-29_at_06.06.03_5.jpg\",\"contentUrl\":\"https:\\\/\\\/wucwo.org\\\/wp-content\\\/uploads\\\/2025\\\/07\\\/WhatsApp_Image_2025-07-29_at_06.06.03_5.jpg\",\"width\":1280,\"height\":1265},{\"@type\":\"BreadcrumbList\",\"@id\":\"https:\\\/\\\/wucwo.org\\\/es\\\/reuninnacionaldelaufcm\\\/#breadcrumb\",\"itemListElement\":[{\"@type\":\"ListItem\",\"position\":1,\"name\":\"Portada\",\"item\":\"https:\\\/\\\/wucwo.org\\\/es\\\/\"},{\"@type\":\"ListItem\",\"position\":2,\"name\":\"Reuni\u00f3n Nacional de la UFCM\"}]},{\"@type\":\"WebSite\",\"@id\":\"https:\\\/\\\/wucwo.org\\\/es\\\/#website\",\"url\":\"https:\\\/\\\/wucwo.org\\\/es\\\/\",\"name\":\"UMOFC\",\"description\":\"\",\"publisher\":{\"@id\":\"https:\\\/\\\/wucwo.org\\\/es\\\/#organization\"},\"potentialAction\":[{\"@type\":\"SearchAction\",\"target\":{\"@type\":\"EntryPoint\",\"urlTemplate\":\"https:\\\/\\\/wucwo.org\\\/es\\\/?s={search_term_string}\"},\"query-input\":{\"@type\":\"PropertyValueSpecification\",\"valueRequired\":true,\"valueName\":\"search_term_string\"}}],\"inLanguage\":\"es\"},{\"@type\":\"Organization\",\"@id\":\"https:\\\/\\\/wucwo.org\\\/es\\\/#organization\",\"name\":\"UMOFC\",\"url\":\"https:\\\/\\\/wucwo.org\\\/es\\\/\",\"logo\":{\"@type\":\"ImageObject\",\"inLanguage\":\"es\",\"@id\":\"https:\\\/\\\/wucwo.org\\\/es\\\/#\\\/schema\\\/logo\\\/image\\\/\",\"url\":\"https:\\\/\\\/wucwo.org\\\/wp-content\\\/uploads\\\/2025\\\/08\\\/Final-icono-scaled.png\",\"contentUrl\":\"https:\\\/\\\/wucwo.org\\\/wp-content\\\/uploads\\\/2025\\\/08\\\/Final-icono-scaled.png\",\"width\":2560,\"height\":1811,\"caption\":\"UMOFC\"},\"image\":{\"@id\":\"https:\\\/\\\/wucwo.org\\\/es\\\/#\\\/schema\\\/logo\\\/image\\\/\"},\"sameAs\":[\"https:\\\/\\\/www.facebook.com\\\/worldunionofcatholicwomensorganisations\\\/\",\"https:\\\/\\\/www.instagram.com\\\/wucwo_umofc\\\/\",\"https:\\\/\\\/www.linkedin.com\\\/company\\\/wucwo\\\/\",\"https:\\\/\\\/www.youtube.com\\\/@WUCWOUMOFC\",\"https:\\\/\\\/www.flickr.com\\\/photos\\\/203210007@N05\\\/albums\"]},{\"@type\":\"Person\",\"@id\":\"https:\\\/\\\/wucwo.org\\\/es\\\/#\\\/schema\\\/person\\\/08e9f0484d99df98b7b5a2da57e48536\",\"name\":\"sercatol\",\"image\":{\"@type\":\"ImageObject\",\"inLanguage\":\"es\",\"@id\":\"https:\\\/\\\/secure.gravatar.com\\\/avatar\\\/37d08368077c561bd440f25a25b44dffc8a49dd03ed8ac3d36eb9c07857d333e?s=96&d=mm&r=g\",\"url\":\"https:\\\/\\\/secure.gravatar.com\\\/avatar\\\/37d08368077c561bd440f25a25b44dffc8a49dd03ed8ac3d36eb9c07857d333e?s=96&d=mm&r=g\",\"contentUrl\":\"https:\\\/\\\/secure.gravatar.com\\\/avatar\\\/37d08368077c561bd440f25a25b44dffc8a49dd03ed8ac3d36eb9c07857d333e?s=96&d=mm&r=g\",\"caption\":\"sercatol\"},\"url\":\"https:\\\/\\\/wucwo.org\\\/es\\\/author\\\/sercatol\\\/\"}]}<\/script>\n<!-- \/ Yoast SEO plugin. -->","yoast_head_json":{"title":"Reuni\u00f3n Nacional de la UFCM - WUCWO - UMOFC","robots":{"index":"index","follow":"follow","max-snippet":"max-snippet:-1","max-image-preview":"max-image-preview:large","max-video-preview":"max-video-preview:-1"},"canonical":"https:\/\/wucwo.org\/es\/reuninnacionaldelaufcm\/","og_locale":"es_ES","og_type":"article","og_title":"Reuni\u00f3n Nacional de la UFCM - WUCWO - UMOFC","og_description":"Elvia Angelina Tamayo Del 24 al 27 de julio de 2025, se llev\u00f3 a cabo en la ciudad de San Juan de Los Lagos, Jalisco (casa de \u201cLa Generala\u201d Virgen de San Juan de Los Lagos) la Reuni\u00f3n Nacional de la UFCM (Uni\u00f3n Femenina Cat\u00f3lica Mexicana). Encuentro que se realiz\u00f3 en la casa de retiro [&hellip;]","og_url":"https:\/\/wucwo.org\/es\/reuninnacionaldelaufcm\/","og_site_name":"WUCWO - UMOFC","article_publisher":"https:\/\/www.facebook.com\/worldunionofcatholicwomensorganisations\/","article_published_time":"2025-08-25T17:26:08+00:00","article_modified_time":"2025-09-10T14:17:37+00:00","og_image":[{"width":1280,"height":1265,"url":"https:\/\/wucwo.org\/wp-content\/uploads\/2025\/07\/WhatsApp_Image_2025-07-29_at_06.06.03_5.jpg","type":"image\/jpeg"}],"author":"sercatol","twitter_card":"summary_large_image","twitter_misc":{"Escrito por":"sercatol","Tiempo de lectura":"2 minutos"},"schema":{"@context":"https:\/\/schema.org","@graph":[{"@type":"Article","@id":"https:\/\/wucwo.org\/es\/reuninnacionaldelaufcm\/#article","isPartOf":{"@id":"https:\/\/wucwo.org\/es\/reuninnacionaldelaufcm\/"},"author":{"name":"sercatol","@id":"https:\/\/wucwo.org\/es\/#\/schema\/person\/08e9f0484d99df98b7b5a2da57e48536"},"headline":"Reuni\u00f3n Nacional de la UFCM","datePublished":"2025-08-25T17:26:08+00:00","dateModified":"2025-09-10T14:17:37+00:00","mainEntityOfPage":{"@id":"https:\/\/wucwo.org\/es\/reuninnacionaldelaufcm\/"},"wordCount":323,"commentCount":0,"publisher":{"@id":"https:\/\/wucwo.org\/es\/#organization"},"image":{"@id":"https:\/\/wucwo.org\/es\/reuninnacionaldelaufcm\/#primaryimage"},"thumbnailUrl":"https:\/\/wucwo.org\/wp-content\/uploads\/2025\/07\/WhatsApp_Image_2025-07-29_at_06.06.03_5.jpg","articleSection":["Miembros"],"inLanguage":"es","potentialAction":[{"@type":"CommentAction","name":"Comment","target":["https:\/\/wucwo.org\/es\/reuninnacionaldelaufcm\/#respond"]}]},{"@type":"WebPage","@id":"https:\/\/wucwo.org\/es\/reuninnacionaldelaufcm\/","url":"https:\/\/wucwo.org\/es\/reuninnacionaldelaufcm\/","name":"Reuni\u00f3n Nacional de la UFCM - WUCWO - UMOFC","isPartOf":{"@id":"https:\/\/wucwo.org\/es\/#website"},"primaryImageOfPage":{"@id":"https:\/\/wucwo.org\/es\/reuninnacionaldelaufcm\/#primaryimage"},"image":{"@id":"https:\/\/wucwo.org\/es\/reuninnacionaldelaufcm\/#primaryimage"},"thumbnailUrl":"https:\/\/wucwo.org\/wp-content\/uploads\/2025\/07\/WhatsApp_Image_2025-07-29_at_06.06.03_5.jpg","datePublished":"2025-08-25T17:26:08+00:00","dateModified":"2025-09-10T14:17:37+00:00","breadcrumb":{"@id":"https:\/\/wucwo.org\/es\/reuninnacionaldelaufcm\/#breadcrumb"},"inLanguage":"es","potentialAction":[{"@type":"ReadAction","target":["https:\/\/wucwo.org\/es\/reuninnacionaldelaufcm\/"]}]},{"@type":"ImageObject","inLanguage":"es","@id":"https:\/\/wucwo.org\/es\/reuninnacionaldelaufcm\/#primaryimage","url":"https:\/\/wucwo.org\/wp-content\/uploads\/2025\/07\/WhatsApp_Image_2025-07-29_at_06.06.03_5.jpg","contentUrl":"https:\/\/wucwo.org\/wp-content\/uploads\/2025\/07\/WhatsApp_Image_2025-07-29_at_06.06.03_5.jpg","width":1280,"height":1265},{"@type":"BreadcrumbList","@id":"https:\/\/wucwo.org\/es\/reuninnacionaldelaufcm\/#breadcrumb","itemListElement":[{"@type":"ListItem","position":1,"name":"Portada","item":"https:\/\/wucwo.org\/es\/"},{"@type":"ListItem","position":2,"name":"Reuni\u00f3n Nacional de la UFCM"}]},{"@type":"WebSite","@id":"https:\/\/wucwo.org\/es\/#website","url":"https:\/\/wucwo.org\/es\/","name":"UMOFC","description":"","publisher":{"@id":"https:\/\/wucwo.org\/es\/#organization"},"potentialAction":[{"@type":"SearchAction","target":{"@type":"EntryPoint","urlTemplate":"https:\/\/wucwo.org\/es\/?s={search_term_string}"},"query-input":{"@type":"PropertyValueSpecification","valueRequired":true,"valueName":"search_term_string"}}],"inLanguage":"es"},{"@type":"Organization","@id":"https:\/\/wucwo.org\/es\/#organization","name":"UMOFC","url":"https:\/\/wucwo.org\/es\/","logo":{"@type":"ImageObject","inLanguage":"es","@id":"https:\/\/wucwo.org\/es\/#\/schema\/logo\/image\/","url":"https:\/\/wucwo.org\/wp-content\/uploads\/2025\/08\/Final-icono-scaled.png","contentUrl":"https:\/\/wucwo.org\/wp-content\/uploads\/2025\/08\/Final-icono-scaled.png","width":2560,"height":1811,"caption":"UMOFC"},"image":{"@id":"https:\/\/wucwo.org\/es\/#\/schema\/logo\/image\/"},"sameAs":["https:\/\/www.facebook.com\/worldunionofcatholicwomensorganisations\/","https:\/\/www.instagram.com\/wucwo_umofc\/","https:\/\/www.linkedin.com\/company\/wucwo\/","https:\/\/www.youtube.com\/@WUCWOUMOFC","https:\/\/www.flickr.com\/photos\/203210007@N05\/albums"]},{"@type":"Person","@id":"https:\/\/wucwo.org\/es\/#\/schema\/person\/08e9f0484d99df98b7b5a2da57e48536","name":"sercatol","image":{"@type":"ImageObject","inLanguage":"es","@id":"https:\/\/secure.gravatar.com\/avatar\/37d08368077c561bd440f25a25b44dffc8a49dd03ed8ac3d36eb9c07857d333e?s=96&d=mm&r=g","url":"https:\/\/secure.gravatar.com\/avatar\/37d08368077c561bd440f25a25b44dffc8a49dd03ed8ac3d36eb9c07857d333e?s=96&d=mm&r=g","contentUrl":"https:\/\/secure.gravatar.com\/avatar\/37d08368077c561bd440f25a25b44dffc8a49dd03ed8ac3d36eb9c07857d333e?s=96&d=mm&r=g","caption":"sercatol"},"url":"https:\/\/wucwo.org\/es\/author\/sercatol\/"}]}},"_links":{"self":[{"href":"https:\/\/wucwo.org\/es\/wp-json\/wp\/v2\/posts\/2417","targetHints":{"allow":["GET"]}}],"collection":[{"href":"https:\/\/wucwo.org\/es\/wp-json\/wp\/v2\/posts"}],"about":[{"href":"https:\/\/wucwo.org\/es\/wp-json\/wp\/v2\/types\/post"}],"author":[{"embeddable":true,"href":"https:\/\/wucwo.org\/es\/wp-json\/wp\/v2\/users\/1"}],"replies":[{"embeddable":true,"href":"https:\/\/wucwo.org\/es\/wp-json\/wp\/v2\/comments?post=2417"}],"version-history":[{"count":0,"href":"https:\/\/wucwo.org\/es\/wp-json\/wp\/v2\/posts\/2417\/revisions"}],"wp:featuredmedia":[{"embeddable":true,"href":"https:\/\/wucwo.org\/es\/wp-json\/wp\/v2\/media\/15199"}],"wp:attachment":[{"href":"https:\/\/wucwo.org\/es\/wp-json\/wp\/v2\/media?parent=2417"}],"wp:term":[{"taxonomy":"category","embeddable":true,"href":"https:\/\/wucwo.org\/es\/wp-json\/wp\/v2\/categories?post=2417"},{"taxonomy":"post_tag","embeddable":true,"href":"https:\/\/wucwo.org\/es\/wp-json\/wp\/v2\/tags?post=2417"}],"curies":[{"name":"wp","href":"https:\/\/api.w.org\/{rel}","templated":true}]}}