{"id":16658,"date":"2025-10-02T14:23:03","date_gmt":"2025-10-02T12:23:03","guid":{"rendered":"https:\/\/wucwo.org\/les-femmes-migrantes-dans-la-bible\/"},"modified":"2025-10-02T17:19:07","modified_gmt":"2025-10-02T15:19:07","slug":"les-femmes-migrantes-dans-la-bible","status":"publish","type":"post","link":"https:\/\/wucwo.org\/fr\/les-femmes-migrantes-dans-la-bible\/","title":{"rendered":"Les femmes migrantes dans la Bible"},"content":{"rendered":"\n<p class=\"wp-block-paragraph\" id=\"viewer-5agfh14505\">Les <strong>4 et 5 octobre 2025<\/strong>, l\u2019\u00c9glise c\u00e9l\u00e9brera le <strong>\n  <u>\n    <a target=\"_blank\" href=\"https:\/\/www.humandevelopment.va\/fr\/news\/2025\/giubileo-dei-migranti-2025.html\" rel=\"noreferrer noopener\">Jubil\u00e9 des Migrants et des R\u00e9fugi\u00e9s<\/a>\n  <\/u>\n<\/strong>, dans le cadre de la <strong>\n  <u>1<a target=\"_blank\" href=\"https:\/\/www.vatican.va\/content\/leo-xiv\/fr\/messages\/migration\/documents\/20250725-world-migrants-day-2025.html\" rel=\"noreferrer noopener\">11e Journ\u00e9e mondiale du Migrant et du R\u00e9fugi\u00e9<\/a><\/u>\n<\/strong>.<\/p>\n\n<p class=\"wp-block-paragraph\" id=\"viewer-k6xgb11179\">\u00c0 cette occasion, l\u2019UMOFC et son Observatoire souhaitent partager un r\u00e9sum\u00e9 ex\u00e9cutif pr\u00e9par\u00e9 en collaboration avec le <strong>Conseil \u00c9piscopal Latino-am\u00e9ricain et Carib\u00e9en (CELAM)<\/strong>, le <strong>Centre de gestion des connaissances<\/strong> et son <strong>Observatoire socio-anthropologique et pastoral<\/strong>, intitul\u00e9 \u00ab <strong>Femmes migrantes en Am\u00e9rique latine et dans les Cara\u00efbes : du point de vue des agents pastoraux qui les accompagnent.<\/strong> \u00bb<\/p>\n\n<div class=\"wp-block-buttons is-layout-flex wp-block-buttons-is-layout-flex\">\n<div class=\"wp-block-button\"><a class=\"wp-block-button__link wp-element-button\" href=\"https:\/\/documental.celam.org\/cgi-bin\/koha\/opac-retrieve-file.pl?id=4c7d07ec78f3acbd1326aea37847cae4\" target=\"_blank\" rel=\"noreferrer noopener\">Femmes migrantes en Am\u00e9rique latine et dans les Cara\u00efbes<\/a><\/div>\n<\/div>\n\n<p class=\"wp-block-paragraph\"><\/p>\n\n<p class=\"wp-block-paragraph\" id=\"viewer-6wfck2878\">Ce document comprend une r\u00e9flexion th\u00e9ologico-pastorale sur l\u2019accompagnement des femmes migrantes en situation de vuln\u00e9rabilit\u00e9, r\u00e9dig\u00e9e par <strong>Carmem Lussi<\/strong>. Inspir\u00e9s par cette pr\u00e9cieuse contribution, nous pr\u00e9sentons ici un r\u00e9sum\u00e9 de sa r\u00e9flexion : <\/p>\n\n<h4 class=\"wp-block-heading\" id=\"viewer-gsfkt1481\">R\u00e9flexion pour les femmes de foi<\/h4>\n\n<p class=\"wp-block-paragraph\" id=\"viewer-d4rrc1483\">De nos jours, de nombreuses femmes vivent l\u2019exp\u00e9rience de la migration : elles franchissent des fronti\u00e8res, cherchent de meilleures opportunit\u00e9s, fuient la violence ou veulent sauver leurs enfants. Selon des donn\u00e9es r\u00e9centes, pr\u00e8s de <g id=\"gid_0\">la moiti\u00e9 des migrants dans le monde sont des femmes<\/g>. L\u2019\u00c9glise nous invite \u00e0 regarder cette r\u00e9alit\u00e9 avec des yeux de foi et un c\u0153ur ouvert.  <\/p>\n\n<p class=\"wp-block-paragraph\" id=\"viewer-eizif1487\">Il ne s\u2019agit pas seulement \u00ab d\u2019aider \u00bb, mais d<strong>\u2019accompagner et de marcher ensemble<\/strong>. L\u2019attention pastorale aux femmes migrantes ne doit pas les victimiser ni les r\u00e9duire \u00e0 des b\u00e9n\u00e9ficiaires d\u2019assistance, mais reconna\u00eetre leur <strong>force, leur foi et leur r\u00f4le actif<\/strong>. <\/p>\n\n<p class=\"wp-block-paragraph\" id=\"viewer-x227t1493\">La Bible nous montre que, depuis toujours, des femmes \u00e9trang\u00e8res ont \u00e9t\u00e9 protagonistes de l\u2019histoire du salut. Elles nous enseignent des chemins pour accompagner les migrantes d\u2019aujourd\u2019hui : <\/p>\n\n<p class=\"wp-block-paragraph\" id=\"viewer-58dbl1495\"><strong>1. Agar (<\/strong><strong>\n  <em>Gn<\/em>\n<\/strong><strong> 16,10-13)<\/strong><\/p>\n\n<p class=\"wp-block-paragraph\" id=\"viewer-49i1u1497\">Esclave \u00e9trang\u00e8re, enceinte et en fuite, m\u00e9pris\u00e9e par sa ma\u00eetresse. Dieu l\u2019appelle par son nom, l\u2019\u00e9coute et la voit. Elle nous enseigne que <strong>Dieu entend le cri des migrantes<\/strong>, et que notre mission est de les consid\u00e9rer avec dignit\u00e9, non seulement comme des victimes, mais comme des femmes courageuses capables de d\u00e9cider pour elles-m\u00eames, pour leurs proches et pour leur vie.  <\/p>\n\n<p class=\"wp-block-paragraph\" id=\"viewer-jkv0m1501\"><strong>2. L\u2019\u00e9pouse \u00e9thiopienne de Mo\u00efse<\/strong> (<strong>\n  <em>Nb<\/em>\n<\/strong> <strong>12,1)<\/strong><\/p>\n\n<p class=\"wp-block-paragraph\" id=\"viewer-actlp1503\">Femme \u00e9trang\u00e8re critiqu\u00e9e et rejet\u00e9e pour sa diff\u00e9rence. Elle rappelle les blessures caus\u00e9es par la <g id=\"gid_0\">discrimination et le racisme<\/g>. La communaut\u00e9 de foi est appel\u00e9e \u00e0 accueillir la diversit\u00e9 comme une richesse, non comme une menace.  <\/p>\n\n<p class=\"wp-block-paragraph\" id=\"viewer-m9pl91507\"><strong>3. Ruth (Livre de Ruth)<\/strong><\/p>\n\n<p class=\"wp-block-paragraph\" id=\"viewer-7ul0c1509\">Femme \u00e9trang\u00e8re qui accompagne sa belle-m\u00e8re No\u00e9mi. Pauvres et veuves, elles se soutiennent mutuellement. Exemple de <g id=\"gid_0\">sororit\u00e9<\/g> : des femmes qui s\u2019entraident pour survivre. Aujourd\u2019hui encore, de nombreuses migrantes trouvent leur force aupr\u00e8s d\u2019autres femmes de foi.   <\/p>\n\n<p class=\"wp-block-paragraph\" id=\"viewer-vf5ea1513\"><strong>4. Esther (Livre d\u2019Esther)<\/strong><\/p>\n\n<p class=\"wp-block-paragraph\" id=\"viewer-i9ron1515\">Jeune \u00e9trang\u00e8re devenue reine qui sauve son peuple avec courage. Elle souligne l\u2019importance du <g id=\"gid_0\">leadership f\u00e9minin<\/g> et de l\u2019action communautaire. Beaucoup de migrantes aujourd\u2019hui dirigent, organisent et prennent soin des leurs.  <\/p>\n\n<p class=\"wp-block-paragraph\" id=\"viewer-p21g41519\"><strong>5. Tamar (<\/strong><strong>\n  <em>Gn<\/em>\n<\/strong><strong> 38; <\/strong><strong>\n  <em>Mt<\/em>\n<\/strong><strong> 1,3)<\/strong><\/p>\n\n<p class=\"wp-block-paragraph\" id=\"viewer-2m0ig1521\">\u00c9trang\u00e8re et veuve, victime d\u2019injustice et d\u2019abandon. Elle lutte pour sa dignit\u00e9 et parvient \u00e0 transformer son histoire. Elle nous rappelle les migrantes qui subissent la <strong>violence de genre<\/strong> et recherchent la justice. L\u2019\u00c9glise doit se tenir \u00e0 leurs c\u00f4t\u00e9s.   <\/p>\n\n<p class=\"wp-block-paragraph\" id=\"viewer-fdvb21525\"><strong>6. La femme syro-ph\u00e9nicienne<\/strong> (<strong>\n  <em>Mc<\/em>\n<\/strong> <strong>7,24-30) <\/strong><\/p>\n\n<p class=\"wp-block-paragraph\" id=\"viewer-127s71527\">Une m\u00e8re \u00e9trang\u00e8re qui supplie J\u00e9sus pour sa fille malade. Avec courage, elle parvient \u00e0 amener J\u00e9sus \u00e0 changer d\u2019attitude et \u00e0 accueillir son imploration. Elle nous apprend que la <strong>voix des femmes migrantes<\/strong> peut ouvrir de nouveaux chemins pour la foi et pour l\u2019\u00c9glise.  <\/p>\n\n<p class=\"wp-block-paragraph\" id=\"viewer-15dkt1531\"><strong>7. Priscille<\/strong> (<strong>\n  <em>Ac<\/em>\n<\/strong> <strong>18,27<\/strong> <strong>\n  <em>; Rm <\/em>\n<\/strong><strong>16,3-5) <\/strong><\/p>\n\n<p class=\"wp-block-paragraph\" id=\"viewer-n52z71533\">Femme migrante et missionnaire. Avec son mari, elle enseigne la foi et accompagne les communaut\u00e9s chr\u00e9tiennes. Elle montre que les migrantes portent avec elles non seulement la douleur, mais aussi la <strong>foi, les dons et la mission<\/strong>.  <\/p>\n\n<h4 class=\"wp-block-heading\" id=\"viewer-8w5mh1537\">Cl\u00e9s pour aujourd\u2019hui<\/h4>\n\n<ul class=\"wp-block-list\">\n<li>Voir en chaque femme migrante <strong>un visage de Dieu<\/strong>.<\/li>\n\n\n\n<li>Ne pas se limiter \u00e0 la \u2018charit\u00e9\u2019, mais construire des relations de respect, d\u2019\u00e9coute et de soutien mutuel<\/li>\n\n\n\n<li>Reconna\u00eetre et renforcer le <strong>leadership des femmes migrantes.<\/strong><\/li>\n\n\n\n<li>Marcher avec elles, en apprenant de leur <strong>foi, de leur courage et de leur esp\u00e9rance.<\/strong><\/li>\n<\/ul>\n\n<p class=\"wp-block-paragraph\" id=\"viewer-iay342425\">Comme Agar, Ruth, Esther, Tamar, la Syro-ph\u00e9nicienne ou Priscille, les <strong>femmes migrantes d\u2019aujourd\u2019hui sont des ma\u00eetresses de foi et de vie<\/strong>. Elles nous appellent \u00e0 une \u00c9glise plus fraternelle, sororale et ouverte \u00e0 l\u2019Esprit. <\/p>\n\n<p class=\"wp-block-paragraph\" id=\"viewer-xi7u71564\"><em>Ceci est une version r\u00e9sum\u00e9e de la r\u00e9flexion th\u00e9ologico-pastorale de la th\u00e9ologienne Carmem Lussi dans<\/em> : <em>\n  <u>\n    <a target=\"_blank\" href=\"https:\/\/documental.celam.org\/cgi-bin\/koha\/opac-detail.pl?biblionumber=190923\" rel=\"noreferrer noopener\">Detalles de: Mujeres Migrantes en Am\u00e9rica Latina y el Caribe : desde la perspectiva de los agentes pastorales que las asisten: resumen ejecutivo \/ \u203a CELAM : Biblioteca Cardenal Josef H\u00f6ffner Koha<\/a>\n  <\/u>\n<\/em>. <em>Cette \u0153uvre est le r\u00e9sultat de la recherche men\u00e9e par l\u2019Observatoire Mondial des Femmes de l\u2019UMOFC (WWO), en collaboration avec le CELAM.<\/em><\/p>\n","protected":false},"excerpt":{"rendered":"<p>Les 4 et 5 octobre 2025, l\u2019\u00c9glise c\u00e9l\u00e9brera le Jubil\u00e9 des Migrants et des R\u00e9fugi\u00e9s , dans le cadre de la 111e Journ\u00e9e mondiale du Migrant et du R\u00e9fugi\u00e9 . \u00c0 cette occasion, l\u2019UMOFC et son Observatoire souhaitent partager un r\u00e9sum\u00e9 ex\u00e9cutif pr\u00e9par\u00e9 en collaboration avec le Conseil \u00c9piscopal Latino-am\u00e9ricain et Carib\u00e9en (CELAM), le Centre [&hellip;]<\/p>\n","protected":false},"author":3,"featured_media":16648,"comment_status":"open","ping_status":"open","sticky":false,"template":"","format":"standard","meta":{"_et_pb_use_builder":"off","_et_pb_old_content":"","_et_gb_content_width":"","footnotes":""},"categories":[135,148],"tags":[],"class_list":["post-16658","post","type-post","status-publish","format-standard","has-post-thumbnail","hentry","category-nouvelles-migrants-refugies","category-nouvelles-wwo"],"yoast_head":"<!-- This site is optimized with the Yoast SEO plugin v27.8 - https:\/\/yoast.com\/product\/yoast-seo-wordpress\/ -->\n<title>Les femmes migrantes dans la Bible - WUCWO - UMOFC<\/title>\n<meta name=\"robots\" content=\"index, follow, max-snippet:-1, max-image-preview:large, max-video-preview:-1\" \/>\n<link rel=\"canonical\" href=\"https:\/\/wucwo.org\/fr\/les-femmes-migrantes-dans-la-bible\/\" \/>\n<meta property=\"og:locale\" content=\"fr_FR\" \/>\n<meta property=\"og:type\" content=\"article\" \/>\n<meta property=\"og:title\" content=\"Les femmes migrantes dans la Bible - WUCWO - UMOFC\" \/>\n<meta property=\"og:description\" content=\"Les 4 et 5 octobre 2025, l\u2019\u00c9glise c\u00e9l\u00e9brera le Jubil\u00e9 des Migrants et des R\u00e9fugi\u00e9s , dans le cadre de la 111e Journ\u00e9e mondiale du Migrant et du R\u00e9fugi\u00e9 . \u00c0 cette occasion, l\u2019UMOFC et son Observatoire souhaitent partager un r\u00e9sum\u00e9 ex\u00e9cutif pr\u00e9par\u00e9 en collaboration avec le Conseil \u00c9piscopal Latino-am\u00e9ricain et Carib\u00e9en (CELAM), le Centre [&hellip;]\" \/>\n<meta property=\"og:url\" content=\"https:\/\/wucwo.org\/fr\/les-femmes-migrantes-dans-la-bible\/\" \/>\n<meta property=\"og:site_name\" content=\"WUCWO - UMOFC\" \/>\n<meta property=\"article:publisher\" content=\"https:\/\/www.facebook.com\/worldunionofcatholicwomensorganisations\/\" \/>\n<meta property=\"article:published_time\" content=\"2025-10-02T12:23:03+00:00\" \/>\n<meta property=\"article:modified_time\" content=\"2025-10-02T15:19:07+00:00\" \/>\n<meta property=\"og:image\" content=\"https:\/\/wucwo.org\/wp-content\/uploads\/2025\/10\/Captura-de-pantalla-2025-10-02-133310.png\" \/>\n\t<meta property=\"og:image:width\" content=\"917\" \/>\n\t<meta property=\"og:image:height\" content=\"570\" \/>\n\t<meta property=\"og:image:type\" content=\"image\/png\" \/>\n<meta name=\"author\" content=\"communication\" \/>\n<meta name=\"twitter:card\" content=\"summary_large_image\" \/>\n<meta name=\"twitter:label1\" content=\"\u00c9crit par\" \/>\n\t<meta name=\"twitter:data1\" content=\"communication\" \/>\n\t<meta name=\"twitter:label2\" content=\"Dur\u00e9e de lecture estim\u00e9e\" \/>\n\t<meta name=\"twitter:data2\" content=\"4 minutes\" \/>\n<script type=\"application\/ld+json\" class=\"yoast-schema-graph\">{\"@context\":\"https:\\\/\\\/schema.org\",\"@graph\":[{\"@type\":\"Article\",\"@id\":\"https:\\\/\\\/wucwo.org\\\/fr\\\/les-femmes-migrantes-dans-la-bible\\\/#article\",\"isPartOf\":{\"@id\":\"https:\\\/\\\/wucwo.org\\\/fr\\\/les-femmes-migrantes-dans-la-bible\\\/\"},\"author\":{\"name\":\"communication\",\"@id\":\"https:\\\/\\\/wucwo.org\\\/fr\\\/#\\\/schema\\\/person\\\/36e189b76cc2f081eb3458e9a1f81183\"},\"headline\":\"Les femmes migrantes dans la Bible\",\"datePublished\":\"2025-10-02T12:23:03+00:00\",\"dateModified\":\"2025-10-02T15:19:07+00:00\",\"mainEntityOfPage\":{\"@id\":\"https:\\\/\\\/wucwo.org\\\/fr\\\/les-femmes-migrantes-dans-la-bible\\\/\"},\"wordCount\":830,\"commentCount\":0,\"publisher\":{\"@id\":\"https:\\\/\\\/wucwo.org\\\/fr\\\/#organization\"},\"image\":{\"@id\":\"https:\\\/\\\/wucwo.org\\\/fr\\\/les-femmes-migrantes-dans-la-bible\\\/#primaryimage\"},\"thumbnailUrl\":\"https:\\\/\\\/wucwo.org\\\/wp-content\\\/uploads\\\/2025\\\/10\\\/Captura-de-pantalla-2025-10-02-133310.png\",\"articleSection\":[\"Migrants et R\u00e9fugi\u00e9s\",\"WWO\"],\"inLanguage\":\"fr-FR\",\"potentialAction\":[{\"@type\":\"CommentAction\",\"name\":\"Comment\",\"target\":[\"https:\\\/\\\/wucwo.org\\\/fr\\\/les-femmes-migrantes-dans-la-bible\\\/#respond\"]}]},{\"@type\":\"WebPage\",\"@id\":\"https:\\\/\\\/wucwo.org\\\/fr\\\/les-femmes-migrantes-dans-la-bible\\\/\",\"url\":\"https:\\\/\\\/wucwo.org\\\/fr\\\/les-femmes-migrantes-dans-la-bible\\\/\",\"name\":\"Les femmes migrantes dans la Bible - WUCWO - UMOFC\",\"isPartOf\":{\"@id\":\"https:\\\/\\\/wucwo.org\\\/fr\\\/#website\"},\"primaryImageOfPage\":{\"@id\":\"https:\\\/\\\/wucwo.org\\\/fr\\\/les-femmes-migrantes-dans-la-bible\\\/#primaryimage\"},\"image\":{\"@id\":\"https:\\\/\\\/wucwo.org\\\/fr\\\/les-femmes-migrantes-dans-la-bible\\\/#primaryimage\"},\"thumbnailUrl\":\"https:\\\/\\\/wucwo.org\\\/wp-content\\\/uploads\\\/2025\\\/10\\\/Captura-de-pantalla-2025-10-02-133310.png\",\"datePublished\":\"2025-10-02T12:23:03+00:00\",\"dateModified\":\"2025-10-02T15:19:07+00:00\",\"breadcrumb\":{\"@id\":\"https:\\\/\\\/wucwo.org\\\/fr\\\/les-femmes-migrantes-dans-la-bible\\\/#breadcrumb\"},\"inLanguage\":\"fr-FR\",\"potentialAction\":[{\"@type\":\"ReadAction\",\"target\":[\"https:\\\/\\\/wucwo.org\\\/fr\\\/les-femmes-migrantes-dans-la-bible\\\/\"]}]},{\"@type\":\"ImageObject\",\"inLanguage\":\"fr-FR\",\"@id\":\"https:\\\/\\\/wucwo.org\\\/fr\\\/les-femmes-migrantes-dans-la-bible\\\/#primaryimage\",\"url\":\"https:\\\/\\\/wucwo.org\\\/wp-content\\\/uploads\\\/2025\\\/10\\\/Captura-de-pantalla-2025-10-02-133310.png\",\"contentUrl\":\"https:\\\/\\\/wucwo.org\\\/wp-content\\\/uploads\\\/2025\\\/10\\\/Captura-de-pantalla-2025-10-02-133310.png\",\"width\":917,\"height\":570},{\"@type\":\"BreadcrumbList\",\"@id\":\"https:\\\/\\\/wucwo.org\\\/fr\\\/les-femmes-migrantes-dans-la-bible\\\/#breadcrumb\",\"itemListElement\":[{\"@type\":\"ListItem\",\"position\":1,\"name\":\"Portada\",\"item\":\"https:\\\/\\\/wucwo.org\\\/fr\\\/\"},{\"@type\":\"ListItem\",\"position\":2,\"name\":\"Les femmes migrantes dans la Bible\"}]},{\"@type\":\"WebSite\",\"@id\":\"https:\\\/\\\/wucwo.org\\\/fr\\\/#website\",\"url\":\"https:\\\/\\\/wucwo.org\\\/fr\\\/\",\"name\":\"UMOFC\",\"description\":\"\",\"publisher\":{\"@id\":\"https:\\\/\\\/wucwo.org\\\/fr\\\/#organization\"},\"potentialAction\":[{\"@type\":\"SearchAction\",\"target\":{\"@type\":\"EntryPoint\",\"urlTemplate\":\"https:\\\/\\\/wucwo.org\\\/fr\\\/?s={search_term_string}\"},\"query-input\":{\"@type\":\"PropertyValueSpecification\",\"valueRequired\":true,\"valueName\":\"search_term_string\"}}],\"inLanguage\":\"fr-FR\"},{\"@type\":\"Organization\",\"@id\":\"https:\\\/\\\/wucwo.org\\\/fr\\\/#organization\",\"name\":\"UMOFC\",\"url\":\"https:\\\/\\\/wucwo.org\\\/fr\\\/\",\"logo\":{\"@type\":\"ImageObject\",\"inLanguage\":\"fr-FR\",\"@id\":\"https:\\\/\\\/wucwo.org\\\/fr\\\/#\\\/schema\\\/logo\\\/image\\\/\",\"url\":\"https:\\\/\\\/wucwo.org\\\/wp-content\\\/uploads\\\/2025\\\/08\\\/Final-icono-scaled.png\",\"contentUrl\":\"https:\\\/\\\/wucwo.org\\\/wp-content\\\/uploads\\\/2025\\\/08\\\/Final-icono-scaled.png\",\"width\":2560,\"height\":1811,\"caption\":\"UMOFC\"},\"image\":{\"@id\":\"https:\\\/\\\/wucwo.org\\\/fr\\\/#\\\/schema\\\/logo\\\/image\\\/\"},\"sameAs\":[\"https:\\\/\\\/www.facebook.com\\\/worldunionofcatholicwomensorganisations\\\/\",\"https:\\\/\\\/www.instagram.com\\\/wucwo_umofc\\\/\",\"https:\\\/\\\/www.linkedin.com\\\/company\\\/wucwo\\\/\",\"https:\\\/\\\/www.youtube.com\\\/@WUCWOUMOFC\",\"https:\\\/\\\/www.flickr.com\\\/photos\\\/203210007@N05\\\/albums\"]},{\"@type\":\"Person\",\"@id\":\"https:\\\/\\\/wucwo.org\\\/fr\\\/#\\\/schema\\\/person\\\/36e189b76cc2f081eb3458e9a1f81183\",\"name\":\"communication\",\"image\":{\"@type\":\"ImageObject\",\"inLanguage\":\"fr-FR\",\"@id\":\"https:\\\/\\\/secure.gravatar.com\\\/avatar\\\/3db542db39feebb0fd43b726aab1c33917436e5f5a9e88f2295c0f1c34c59b48?s=96&d=mm&r=g\",\"url\":\"https:\\\/\\\/secure.gravatar.com\\\/avatar\\\/3db542db39feebb0fd43b726aab1c33917436e5f5a9e88f2295c0f1c34c59b48?s=96&d=mm&r=g\",\"contentUrl\":\"https:\\\/\\\/secure.gravatar.com\\\/avatar\\\/3db542db39feebb0fd43b726aab1c33917436e5f5a9e88f2295c0f1c34c59b48?s=96&d=mm&r=g\",\"caption\":\"communication\"},\"url\":\"https:\\\/\\\/wucwo.org\\\/fr\\\/author\\\/communication\\\/\"}]}<\/script>\n<!-- \/ Yoast SEO plugin. -->","yoast_head_json":{"title":"Les femmes migrantes dans la Bible - WUCWO - UMOFC","robots":{"index":"index","follow":"follow","max-snippet":"max-snippet:-1","max-image-preview":"max-image-preview:large","max-video-preview":"max-video-preview:-1"},"canonical":"https:\/\/wucwo.org\/fr\/les-femmes-migrantes-dans-la-bible\/","og_locale":"fr_FR","og_type":"article","og_title":"Les femmes migrantes dans la Bible - WUCWO - UMOFC","og_description":"Les 4 et 5 octobre 2025, l\u2019\u00c9glise c\u00e9l\u00e9brera le Jubil\u00e9 des Migrants et des R\u00e9fugi\u00e9s , dans le cadre de la 111e Journ\u00e9e mondiale du Migrant et du R\u00e9fugi\u00e9 . \u00c0 cette occasion, l\u2019UMOFC et son Observatoire souhaitent partager un r\u00e9sum\u00e9 ex\u00e9cutif pr\u00e9par\u00e9 en collaboration avec le Conseil \u00c9piscopal Latino-am\u00e9ricain et Carib\u00e9en (CELAM), le Centre [&hellip;]","og_url":"https:\/\/wucwo.org\/fr\/les-femmes-migrantes-dans-la-bible\/","og_site_name":"WUCWO - UMOFC","article_publisher":"https:\/\/www.facebook.com\/worldunionofcatholicwomensorganisations\/","article_published_time":"2025-10-02T12:23:03+00:00","article_modified_time":"2025-10-02T15:19:07+00:00","og_image":[{"width":917,"height":570,"url":"https:\/\/wucwo.org\/wp-content\/uploads\/2025\/10\/Captura-de-pantalla-2025-10-02-133310.png","type":"image\/png"}],"author":"communication","twitter_card":"summary_large_image","twitter_misc":{"\u00c9crit par":"communication","Dur\u00e9e de lecture estim\u00e9e":"4 minutes"},"schema":{"@context":"https:\/\/schema.org","@graph":[{"@type":"Article","@id":"https:\/\/wucwo.org\/fr\/les-femmes-migrantes-dans-la-bible\/#article","isPartOf":{"@id":"https:\/\/wucwo.org\/fr\/les-femmes-migrantes-dans-la-bible\/"},"author":{"name":"communication","@id":"https:\/\/wucwo.org\/fr\/#\/schema\/person\/36e189b76cc2f081eb3458e9a1f81183"},"headline":"Les femmes migrantes dans la Bible","datePublished":"2025-10-02T12:23:03+00:00","dateModified":"2025-10-02T15:19:07+00:00","mainEntityOfPage":{"@id":"https:\/\/wucwo.org\/fr\/les-femmes-migrantes-dans-la-bible\/"},"wordCount":830,"commentCount":0,"publisher":{"@id":"https:\/\/wucwo.org\/fr\/#organization"},"image":{"@id":"https:\/\/wucwo.org\/fr\/les-femmes-migrantes-dans-la-bible\/#primaryimage"},"thumbnailUrl":"https:\/\/wucwo.org\/wp-content\/uploads\/2025\/10\/Captura-de-pantalla-2025-10-02-133310.png","articleSection":["Migrants et R\u00e9fugi\u00e9s","WWO"],"inLanguage":"fr-FR","potentialAction":[{"@type":"CommentAction","name":"Comment","target":["https:\/\/wucwo.org\/fr\/les-femmes-migrantes-dans-la-bible\/#respond"]}]},{"@type":"WebPage","@id":"https:\/\/wucwo.org\/fr\/les-femmes-migrantes-dans-la-bible\/","url":"https:\/\/wucwo.org\/fr\/les-femmes-migrantes-dans-la-bible\/","name":"Les femmes migrantes dans la Bible - WUCWO - UMOFC","isPartOf":{"@id":"https:\/\/wucwo.org\/fr\/#website"},"primaryImageOfPage":{"@id":"https:\/\/wucwo.org\/fr\/les-femmes-migrantes-dans-la-bible\/#primaryimage"},"image":{"@id":"https:\/\/wucwo.org\/fr\/les-femmes-migrantes-dans-la-bible\/#primaryimage"},"thumbnailUrl":"https:\/\/wucwo.org\/wp-content\/uploads\/2025\/10\/Captura-de-pantalla-2025-10-02-133310.png","datePublished":"2025-10-02T12:23:03+00:00","dateModified":"2025-10-02T15:19:07+00:00","breadcrumb":{"@id":"https:\/\/wucwo.org\/fr\/les-femmes-migrantes-dans-la-bible\/#breadcrumb"},"inLanguage":"fr-FR","potentialAction":[{"@type":"ReadAction","target":["https:\/\/wucwo.org\/fr\/les-femmes-migrantes-dans-la-bible\/"]}]},{"@type":"ImageObject","inLanguage":"fr-FR","@id":"https:\/\/wucwo.org\/fr\/les-femmes-migrantes-dans-la-bible\/#primaryimage","url":"https:\/\/wucwo.org\/wp-content\/uploads\/2025\/10\/Captura-de-pantalla-2025-10-02-133310.png","contentUrl":"https:\/\/wucwo.org\/wp-content\/uploads\/2025\/10\/Captura-de-pantalla-2025-10-02-133310.png","width":917,"height":570},{"@type":"BreadcrumbList","@id":"https:\/\/wucwo.org\/fr\/les-femmes-migrantes-dans-la-bible\/#breadcrumb","itemListElement":[{"@type":"ListItem","position":1,"name":"Portada","item":"https:\/\/wucwo.org\/fr\/"},{"@type":"ListItem","position":2,"name":"Les femmes migrantes dans la Bible"}]},{"@type":"WebSite","@id":"https:\/\/wucwo.org\/fr\/#website","url":"https:\/\/wucwo.org\/fr\/","name":"UMOFC","description":"","publisher":{"@id":"https:\/\/wucwo.org\/fr\/#organization"},"potentialAction":[{"@type":"SearchAction","target":{"@type":"EntryPoint","urlTemplate":"https:\/\/wucwo.org\/fr\/?s={search_term_string}"},"query-input":{"@type":"PropertyValueSpecification","valueRequired":true,"valueName":"search_term_string"}}],"inLanguage":"fr-FR"},{"@type":"Organization","@id":"https:\/\/wucwo.org\/fr\/#organization","name":"UMOFC","url":"https:\/\/wucwo.org\/fr\/","logo":{"@type":"ImageObject","inLanguage":"fr-FR","@id":"https:\/\/wucwo.org\/fr\/#\/schema\/logo\/image\/","url":"https:\/\/wucwo.org\/wp-content\/uploads\/2025\/08\/Final-icono-scaled.png","contentUrl":"https:\/\/wucwo.org\/wp-content\/uploads\/2025\/08\/Final-icono-scaled.png","width":2560,"height":1811,"caption":"UMOFC"},"image":{"@id":"https:\/\/wucwo.org\/fr\/#\/schema\/logo\/image\/"},"sameAs":["https:\/\/www.facebook.com\/worldunionofcatholicwomensorganisations\/","https:\/\/www.instagram.com\/wucwo_umofc\/","https:\/\/www.linkedin.com\/company\/wucwo\/","https:\/\/www.youtube.com\/@WUCWOUMOFC","https:\/\/www.flickr.com\/photos\/203210007@N05\/albums"]},{"@type":"Person","@id":"https:\/\/wucwo.org\/fr\/#\/schema\/person\/36e189b76cc2f081eb3458e9a1f81183","name":"communication","image":{"@type":"ImageObject","inLanguage":"fr-FR","@id":"https:\/\/secure.gravatar.com\/avatar\/3db542db39feebb0fd43b726aab1c33917436e5f5a9e88f2295c0f1c34c59b48?s=96&d=mm&r=g","url":"https:\/\/secure.gravatar.com\/avatar\/3db542db39feebb0fd43b726aab1c33917436e5f5a9e88f2295c0f1c34c59b48?s=96&d=mm&r=g","contentUrl":"https:\/\/secure.gravatar.com\/avatar\/3db542db39feebb0fd43b726aab1c33917436e5f5a9e88f2295c0f1c34c59b48?s=96&d=mm&r=g","caption":"communication"},"url":"https:\/\/wucwo.org\/fr\/author\/communication\/"}]}},"_links":{"self":[{"href":"https:\/\/wucwo.org\/fr\/wp-json\/wp\/v2\/posts\/16658","targetHints":{"allow":["GET"]}}],"collection":[{"href":"https:\/\/wucwo.org\/fr\/wp-json\/wp\/v2\/posts"}],"about":[{"href":"https:\/\/wucwo.org\/fr\/wp-json\/wp\/v2\/types\/post"}],"author":[{"embeddable":true,"href":"https:\/\/wucwo.org\/fr\/wp-json\/wp\/v2\/users\/3"}],"replies":[{"embeddable":true,"href":"https:\/\/wucwo.org\/fr\/wp-json\/wp\/v2\/comments?post=16658"}],"version-history":[{"count":0,"href":"https:\/\/wucwo.org\/fr\/wp-json\/wp\/v2\/posts\/16658\/revisions"}],"wp:featuredmedia":[{"embeddable":true,"href":"https:\/\/wucwo.org\/fr\/wp-json\/wp\/v2\/media\/16648"}],"wp:attachment":[{"href":"https:\/\/wucwo.org\/fr\/wp-json\/wp\/v2\/media?parent=16658"}],"wp:term":[{"taxonomy":"category","embeddable":true,"href":"https:\/\/wucwo.org\/fr\/wp-json\/wp\/v2\/categories?post=16658"},{"taxonomy":"post_tag","embeddable":true,"href":"https:\/\/wucwo.org\/fr\/wp-json\/wp\/v2\/tags?post=16658"}],"curies":[{"name":"wp","href":"https:\/\/api.w.org\/{rel}","templated":true}]}}