{"id":16663,"date":"2025-09-26T13:39:47","date_gmt":"2025-09-26T11:39:47","guid":{"rendered":"https:\/\/wucwo.org\/le-discernement-comme-chemin-synodal\/"},"modified":"2025-10-06T12:57:27","modified_gmt":"2025-10-06T10:57:27","slug":"le-discernement-comme-chemin-synodal","status":"publish","type":"post","link":"https:\/\/wucwo.org\/fr\/le-discernement-comme-chemin-synodal\/","title":{"rendered":"Le discernement comme chemin synodal"},"content":{"rendered":"\n<p class=\"wp-block-paragraph\">Les <strong>17, 22 et 23 septembre<\/strong>, l&rsquo;<strong>\n  <a href=\"https:\/\/www.worldwomensobservatory.org\/fr\" target=\"_blank\" rel=\"noreferrer noopener\">Observatoire de l&rsquo;UMOFC<\/a>\n<\/strong>, en collaboration avec l<a href=\"https:\/\/prieenchemin.org\/acteur-spirituel\/esdac-france\/\" target=\"_blank\" rel=\"noreferrer noopener\">&lsquo; <strong>ESDAC (Exercices Spirituels pour un Discernement Apostolique en Commun)<\/strong><\/a>, a organis\u00e9 trois ateliers internationaux en ligne sur \u00ab <em>L&rsquo;art du discernement dans l&rsquo;Esprit <\/em>\u00bb, propos\u00e9s dans les trois langues officielles de l&rsquo;UMOFC : l&rsquo;espagnol, l&rsquo;anglais et le fran\u00e7ais. Cette initiative a r\u00e9uni<strong> 239 participants de 50 pays<\/strong> dans un espace de pri\u00e8re, de formation et de dialogue, dans le but d&rsquo;approfondir le discernement personnel et communautaire dans le cadre du chemin synodal de l&rsquo;\u00c9glise. <\/p>\n\n\n\n<h2 class=\"wp-block-heading\"><strong>\u00c9couter et suivre la voix de l&rsquo;Esprit<\/strong><\/h2>\n\n\n\n<p class=\"wp-block-paragraph\">Inspir\u00e9s par la spiritualit\u00e9 de saint Ignace de Loyola, il a \u00e9t\u00e9 rappel\u00e9 qu&rsquo;il ne s&rsquo;agit pas tant de se demander d&rsquo;o\u00f9 viennent les pens\u00e9es ou les sentiments, <strong>mais o\u00f9 ils m\u00e8nent<\/strong>. Dans cette optique, deux crit\u00e8res fondamentaux pour le discernement ont \u00e9t\u00e9 soulign\u00e9s : <\/p>\n\n\n\n<ul class=\"wp-block-list\">\n<li>La <strong>direction du mouvement int\u00e9rieur<\/strong>, c&rsquo;est-\u00e0-dire s&rsquo;il rapproche de Dieu, de la vie, de l&rsquo;espoir et de l&rsquo;amour.<\/li>\n\n\n\n<li>La <strong>dur\u00e9e<\/strong>, car la paix et la joie v\u00e9ritables demeurent, tandis que les fausses consolations se dissipent rapidement.<\/li>\n<\/ul>\n\n\n\n<p class=\"wp-block-paragraph\">Les intervenants ont invit\u00e9 \u00e0 reconna\u00eetre les signes du Bon Esprit, qui respecte la libert\u00e9, \u00e9claire, fortifie, inspire confiance et construit l&rsquo;unit\u00e9, face aux traces du mauvais esprit, qui s\u00e8me la confusion, divise, affaiblit et s\u00e8me la peur ou le d\u00e9sespoir. Comme l&rsquo;a exprim\u00e9 l&rsquo;un des formateurs : \u00ab <em>Le Bon Esprit conduit toujours \u00e0 la foi, \u00e0 l&rsquo;esp\u00e9rance et \u00e0 l&rsquo;amour <\/em>\u00bb. <\/p>\n\n\n\n<h2 class=\"wp-block-heading\"><strong>Le discernement dans une perspective synodale<\/strong><\/h2>\n\n\n\n<p class=\"wp-block-paragraph\">La rencontre a \u00e9galement soulign\u00e9 l&rsquo;importance du <strong>discernement commun<\/strong>, propre au chemin synodal, qui exige une \u00e9coute profonde, de l&rsquo;humilit\u00e9 et une ouverture \u00e0 la correction fraternelle. \u00c0 la fin, un enseignement du pape Fran\u00e7ois a \u00e9t\u00e9 rappel\u00e9 : \u00ab<em> La synodalit\u00e9 est une attitude, une ouverture, une disposition \u00e0 comprendre que chaque membre de l&rsquo;\u00c9glise a une voix et un r\u00f4le \u00e0 jouer<\/em> \u00bb. <\/p>\n\n\n\n<h2 class=\"wp-block-heading\"><strong>Participation international<\/strong><\/h2>\n\n\n\n<p class=\"wp-block-paragraph\">La r\u00e9ponse \u00e0 l&rsquo;atelier a \u00e9t\u00e9 tr\u00e8s large et diversifi\u00e9e. Le pays qui a compt\u00e9 le plus grand nombre de participants \u00e9tait le <g id=\"gid_0\">Mexique (46)<\/g>, suivi de l&rsquo;<g id=\"gid_1\">Espagne, de la France et du Ghana<\/g>. Tous les continents \u00e9taient repr\u00e9sent\u00e9s, avec des participants venus d&rsquo;endroits aussi divers que la Gr\u00e8ce, les Fidji, la R\u00e9publique centrafricaine ou le Venezuela.  <\/p>\n\n\n\n<p class=\"wp-block-paragraph\">Parmi les t\u00e9moignages et les r\u00e9flexions partag\u00e9s, certaines phrases ont marqu\u00e9 l&rsquo;esprit de la journ\u00e9e. Reprenant l&rsquo;enseignement de saint Ignace de Loyola, <strong>Fran\u00e7oise Uylenbroeck<\/strong> a soulign\u00e9 :   <em>\u00ab N&rsquo;essayez pas de savoir d&rsquo;o\u00f9 viennent vos pens\u00e9es ou vos sentiments ; demandez-vous plut\u00f4t o\u00f9 ils vous m\u00e8nent \u00bb.<\/em> Dans le m\u00eame ordre d&rsquo;id\u00e9es, elle a expliqu\u00e9 que <em>\u00ab le Bon Esprit respecte notre libert\u00e9, illumine et fortifie, tandis que le mauvais esprit s\u00e8me la confusion, affaiblit et divise \u00bb.<\/em> Pour sa part, <strong>Luisa Rossi<\/strong> a soulign\u00e9 que  <em>\u00ab pour faire un discernement commun, il faut des qualit\u00e9s d&rsquo;\u00e9coute et de communion ; parfois, il faut d&rsquo;abord r\u00e9concilier les blessures de l&rsquo;histoire du groupe avant de pouvoir prendre des d\u00e9cisions ensemble \u00bb.<\/em> Enfin, <strong>Franck Janin<\/strong> a rappel\u00e9 que  <em>\u00ab le Bon Esprit conduit toujours \u00e0 la foi, \u00e0 l&rsquo;esp\u00e9rance et \u00e0 l&rsquo;amour \u00bb.<\/em><\/p>\n\n\n\n<p class=\"wp-block-paragraph\">Avec cet atelier, l&rsquo;UMOFC, \u00e0 travers son <strong>\u00c9cole de synodalit\u00e9<\/strong>, r\u00e9affirme son engagement \u00e0 collaborer \u00e0 la diffusion et \u00e0 l&rsquo;approfondissement de la <strong>phase de mise en \u0153uvre du Synode<\/strong>, en offrant des espaces de formation qui aident les communaut\u00e9s \u00e0 vivre avec plus d&rsquo;authenticit\u00e9 et d&rsquo;esp\u00e9rance le chemin synodal auquel toute l&rsquo;\u00c9glise est appel\u00e9e.<\/p>\n\n\n\n<p class=\"wp-block-paragraph\">Vous pouvez retrouver l&rsquo;atelier ici : <\/p>\n\n\n\n<figure class=\"wp-block-embed is-type-video is-provider-youtube wp-block-embed-youtube wp-embed-aspect-16-9 wp-has-aspect-ratio\"><div class=\"wp-block-embed__wrapper\">\n<iframe loading=\"lazy\" title=\"L&#039; art du discernement 23 sept. 2025\" width=\"1080\" height=\"608\" src=\"https:\/\/www.youtube.com\/embed\/d_bBZlueiZA?feature=oembed\"  allow=\"accelerometer; autoplay; clipboard-write; encrypted-media; gyroscope; picture-in-picture; web-share\" referrerpolicy=\"strict-origin-when-cross-origin\" allowfullscreen><\/iframe>\n<\/div><\/figure>\n","protected":false},"excerpt":{"rendered":"<p>Les 17, 22 et 23 septembre, l&rsquo; Observatoire de l&rsquo;UMOFC , en collaboration avec l&lsquo; ESDAC (Exercices Spirituels pour un Discernement Apostolique en Commun), a organis\u00e9 trois ateliers internationaux en ligne sur \u00ab L&rsquo;art du discernement dans l&rsquo;Esprit \u00bb, propos\u00e9s dans les trois langues officielles de l&rsquo;UMOFC : l&rsquo;espagnol, l&rsquo;anglais et le fran\u00e7ais. Cette initiative [&hellip;]<\/p>\n","protected":false},"author":3,"featured_media":15715,"comment_status":"open","ping_status":"open","sticky":false,"template":"","format":"standard","meta":{"_et_pb_use_builder":"off","_et_pb_old_content":"","_et_gb_content_width":"","footnotes":""},"categories":[143,148],"tags":[],"class_list":["post-16663","post","type-post","status-publish","format-standard","has-post-thumbnail","hentry","category-nouvelles-synodalite","category-nouvelles-wwo"],"yoast_head":"<!-- This site is optimized with the Yoast SEO plugin v27.8 - https:\/\/yoast.com\/product\/yoast-seo-wordpress\/ -->\n<title>Le discernement comme chemin synodal - WUCWO - UMOFC<\/title>\n<meta name=\"robots\" content=\"index, follow, max-snippet:-1, max-image-preview:large, max-video-preview:-1\" \/>\n<link rel=\"canonical\" href=\"https:\/\/wucwo.org\/fr\/le-discernement-comme-chemin-synodal\/\" \/>\n<meta property=\"og:locale\" content=\"fr_FR\" \/>\n<meta property=\"og:type\" content=\"article\" \/>\n<meta property=\"og:title\" content=\"Le discernement comme chemin synodal - WUCWO - UMOFC\" \/>\n<meta property=\"og:description\" content=\"Les 17, 22 et 23 septembre, l&rsquo; Observatoire de l&rsquo;UMOFC , en collaboration avec l&lsquo; ESDAC (Exercices Spirituels pour un Discernement Apostolique en Commun), a organis\u00e9 trois ateliers internationaux en ligne sur \u00ab L&rsquo;art du discernement dans l&rsquo;Esprit \u00bb, propos\u00e9s dans les trois langues officielles de l&rsquo;UMOFC : l&rsquo;espagnol, l&rsquo;anglais et le fran\u00e7ais. Cette initiative [&hellip;]\" \/>\n<meta property=\"og:url\" content=\"https:\/\/wucwo.org\/fr\/le-discernement-comme-chemin-synodal\/\" \/>\n<meta property=\"og:site_name\" content=\"WUCWO - UMOFC\" \/>\n<meta property=\"article:publisher\" content=\"https:\/\/www.facebook.com\/worldunionofcatholicwomensorganisations\/\" \/>\n<meta property=\"article:published_time\" content=\"2025-09-26T11:39:47+00:00\" \/>\n<meta property=\"article:modified_time\" content=\"2025-10-06T10:57:27+00:00\" \/>\n<meta property=\"og:image\" content=\"https:\/\/wucwo.org\/wp-content\/uploads\/2025\/09\/evon-wong-pMxapuUtwRk-unsplash-copia-scaled.jpg\" \/>\n\t<meta property=\"og:image:width\" content=\"2560\" \/>\n\t<meta property=\"og:image:height\" content=\"1707\" \/>\n\t<meta property=\"og:image:type\" content=\"image\/jpeg\" \/>\n<meta name=\"author\" content=\"communication\" \/>\n<meta name=\"twitter:card\" content=\"summary_large_image\" \/>\n<meta name=\"twitter:label1\" content=\"\u00c9crit par\" \/>\n\t<meta name=\"twitter:data1\" content=\"communication\" \/>\n\t<meta name=\"twitter:label2\" content=\"Dur\u00e9e de lecture estim\u00e9e\" \/>\n\t<meta name=\"twitter:data2\" content=\"3 minutes\" \/>\n<script type=\"application\/ld+json\" class=\"yoast-schema-graph\">{\"@context\":\"https:\\\/\\\/schema.org\",\"@graph\":[{\"@type\":\"Article\",\"@id\":\"https:\\\/\\\/wucwo.org\\\/fr\\\/le-discernement-comme-chemin-synodal\\\/#article\",\"isPartOf\":{\"@id\":\"https:\\\/\\\/wucwo.org\\\/fr\\\/le-discernement-comme-chemin-synodal\\\/\"},\"author\":{\"name\":\"communication\",\"@id\":\"https:\\\/\\\/wucwo.org\\\/fr\\\/#\\\/schema\\\/person\\\/36e189b76cc2f081eb3458e9a1f81183\"},\"headline\":\"Le discernement comme chemin synodal\",\"datePublished\":\"2025-09-26T11:39:47+00:00\",\"dateModified\":\"2025-10-06T10:57:27+00:00\",\"mainEntityOfPage\":{\"@id\":\"https:\\\/\\\/wucwo.org\\\/fr\\\/le-discernement-comme-chemin-synodal\\\/\"},\"wordCount\":628,\"commentCount\":0,\"publisher\":{\"@id\":\"https:\\\/\\\/wucwo.org\\\/fr\\\/#organization\"},\"image\":{\"@id\":\"https:\\\/\\\/wucwo.org\\\/fr\\\/le-discernement-comme-chemin-synodal\\\/#primaryimage\"},\"thumbnailUrl\":\"https:\\\/\\\/wucwo.org\\\/wp-content\\\/uploads\\\/2025\\\/09\\\/evon-wong-pMxapuUtwRk-unsplash-copia-scaled.jpg\",\"articleSection\":[\"Synodalit\u00e9\",\"WWO\"],\"inLanguage\":\"fr-FR\",\"potentialAction\":[{\"@type\":\"CommentAction\",\"name\":\"Comment\",\"target\":[\"https:\\\/\\\/wucwo.org\\\/fr\\\/le-discernement-comme-chemin-synodal\\\/#respond\"]}]},{\"@type\":\"WebPage\",\"@id\":\"https:\\\/\\\/wucwo.org\\\/fr\\\/le-discernement-comme-chemin-synodal\\\/\",\"url\":\"https:\\\/\\\/wucwo.org\\\/fr\\\/le-discernement-comme-chemin-synodal\\\/\",\"name\":\"Le discernement comme chemin synodal - WUCWO - UMOFC\",\"isPartOf\":{\"@id\":\"https:\\\/\\\/wucwo.org\\\/fr\\\/#website\"},\"primaryImageOfPage\":{\"@id\":\"https:\\\/\\\/wucwo.org\\\/fr\\\/le-discernement-comme-chemin-synodal\\\/#primaryimage\"},\"image\":{\"@id\":\"https:\\\/\\\/wucwo.org\\\/fr\\\/le-discernement-comme-chemin-synodal\\\/#primaryimage\"},\"thumbnailUrl\":\"https:\\\/\\\/wucwo.org\\\/wp-content\\\/uploads\\\/2025\\\/09\\\/evon-wong-pMxapuUtwRk-unsplash-copia-scaled.jpg\",\"datePublished\":\"2025-09-26T11:39:47+00:00\",\"dateModified\":\"2025-10-06T10:57:27+00:00\",\"breadcrumb\":{\"@id\":\"https:\\\/\\\/wucwo.org\\\/fr\\\/le-discernement-comme-chemin-synodal\\\/#breadcrumb\"},\"inLanguage\":\"fr-FR\",\"potentialAction\":[{\"@type\":\"ReadAction\",\"target\":[\"https:\\\/\\\/wucwo.org\\\/fr\\\/le-discernement-comme-chemin-synodal\\\/\"]}]},{\"@type\":\"ImageObject\",\"inLanguage\":\"fr-FR\",\"@id\":\"https:\\\/\\\/wucwo.org\\\/fr\\\/le-discernement-comme-chemin-synodal\\\/#primaryimage\",\"url\":\"https:\\\/\\\/wucwo.org\\\/wp-content\\\/uploads\\\/2025\\\/09\\\/evon-wong-pMxapuUtwRk-unsplash-copia-scaled.jpg\",\"contentUrl\":\"https:\\\/\\\/wucwo.org\\\/wp-content\\\/uploads\\\/2025\\\/09\\\/evon-wong-pMxapuUtwRk-unsplash-copia-scaled.jpg\",\"width\":2560,\"height\":1707},{\"@type\":\"BreadcrumbList\",\"@id\":\"https:\\\/\\\/wucwo.org\\\/fr\\\/le-discernement-comme-chemin-synodal\\\/#breadcrumb\",\"itemListElement\":[{\"@type\":\"ListItem\",\"position\":1,\"name\":\"Portada\",\"item\":\"https:\\\/\\\/wucwo.org\\\/fr\\\/\"},{\"@type\":\"ListItem\",\"position\":2,\"name\":\"Le discernement comme chemin synodal\"}]},{\"@type\":\"WebSite\",\"@id\":\"https:\\\/\\\/wucwo.org\\\/fr\\\/#website\",\"url\":\"https:\\\/\\\/wucwo.org\\\/fr\\\/\",\"name\":\"UMOFC\",\"description\":\"\",\"publisher\":{\"@id\":\"https:\\\/\\\/wucwo.org\\\/fr\\\/#organization\"},\"potentialAction\":[{\"@type\":\"SearchAction\",\"target\":{\"@type\":\"EntryPoint\",\"urlTemplate\":\"https:\\\/\\\/wucwo.org\\\/fr\\\/?s={search_term_string}\"},\"query-input\":{\"@type\":\"PropertyValueSpecification\",\"valueRequired\":true,\"valueName\":\"search_term_string\"}}],\"inLanguage\":\"fr-FR\"},{\"@type\":\"Organization\",\"@id\":\"https:\\\/\\\/wucwo.org\\\/fr\\\/#organization\",\"name\":\"UMOFC\",\"url\":\"https:\\\/\\\/wucwo.org\\\/fr\\\/\",\"logo\":{\"@type\":\"ImageObject\",\"inLanguage\":\"fr-FR\",\"@id\":\"https:\\\/\\\/wucwo.org\\\/fr\\\/#\\\/schema\\\/logo\\\/image\\\/\",\"url\":\"https:\\\/\\\/wucwo.org\\\/wp-content\\\/uploads\\\/2025\\\/08\\\/Final-icono-scaled.png\",\"contentUrl\":\"https:\\\/\\\/wucwo.org\\\/wp-content\\\/uploads\\\/2025\\\/08\\\/Final-icono-scaled.png\",\"width\":2560,\"height\":1811,\"caption\":\"UMOFC\"},\"image\":{\"@id\":\"https:\\\/\\\/wucwo.org\\\/fr\\\/#\\\/schema\\\/logo\\\/image\\\/\"},\"sameAs\":[\"https:\\\/\\\/www.facebook.com\\\/worldunionofcatholicwomensorganisations\\\/\",\"https:\\\/\\\/www.instagram.com\\\/wucwo_umofc\\\/\",\"https:\\\/\\\/www.linkedin.com\\\/company\\\/wucwo\\\/\",\"https:\\\/\\\/www.youtube.com\\\/@WUCWOUMOFC\",\"https:\\\/\\\/www.flickr.com\\\/photos\\\/203210007@N05\\\/albums\"]},{\"@type\":\"Person\",\"@id\":\"https:\\\/\\\/wucwo.org\\\/fr\\\/#\\\/schema\\\/person\\\/36e189b76cc2f081eb3458e9a1f81183\",\"name\":\"communication\",\"image\":{\"@type\":\"ImageObject\",\"inLanguage\":\"fr-FR\",\"@id\":\"https:\\\/\\\/secure.gravatar.com\\\/avatar\\\/3db542db39feebb0fd43b726aab1c33917436e5f5a9e88f2295c0f1c34c59b48?s=96&d=mm&r=g\",\"url\":\"https:\\\/\\\/secure.gravatar.com\\\/avatar\\\/3db542db39feebb0fd43b726aab1c33917436e5f5a9e88f2295c0f1c34c59b48?s=96&d=mm&r=g\",\"contentUrl\":\"https:\\\/\\\/secure.gravatar.com\\\/avatar\\\/3db542db39feebb0fd43b726aab1c33917436e5f5a9e88f2295c0f1c34c59b48?s=96&d=mm&r=g\",\"caption\":\"communication\"},\"url\":\"https:\\\/\\\/wucwo.org\\\/fr\\\/author\\\/communication\\\/\"}]}<\/script>\n<!-- \/ Yoast SEO plugin. -->","yoast_head_json":{"title":"Le discernement comme chemin synodal - WUCWO - UMOFC","robots":{"index":"index","follow":"follow","max-snippet":"max-snippet:-1","max-image-preview":"max-image-preview:large","max-video-preview":"max-video-preview:-1"},"canonical":"https:\/\/wucwo.org\/fr\/le-discernement-comme-chemin-synodal\/","og_locale":"fr_FR","og_type":"article","og_title":"Le discernement comme chemin synodal - WUCWO - UMOFC","og_description":"Les 17, 22 et 23 septembre, l&rsquo; Observatoire de l&rsquo;UMOFC , en collaboration avec l&lsquo; ESDAC (Exercices Spirituels pour un Discernement Apostolique en Commun), a organis\u00e9 trois ateliers internationaux en ligne sur \u00ab L&rsquo;art du discernement dans l&rsquo;Esprit \u00bb, propos\u00e9s dans les trois langues officielles de l&rsquo;UMOFC : l&rsquo;espagnol, l&rsquo;anglais et le fran\u00e7ais. Cette initiative [&hellip;]","og_url":"https:\/\/wucwo.org\/fr\/le-discernement-comme-chemin-synodal\/","og_site_name":"WUCWO - UMOFC","article_publisher":"https:\/\/www.facebook.com\/worldunionofcatholicwomensorganisations\/","article_published_time":"2025-09-26T11:39:47+00:00","article_modified_time":"2025-10-06T10:57:27+00:00","og_image":[{"width":2560,"height":1707,"url":"https:\/\/wucwo.org\/wp-content\/uploads\/2025\/09\/evon-wong-pMxapuUtwRk-unsplash-copia-scaled.jpg","type":"image\/jpeg"}],"author":"communication","twitter_card":"summary_large_image","twitter_misc":{"\u00c9crit par":"communication","Dur\u00e9e de lecture estim\u00e9e":"3 minutes"},"schema":{"@context":"https:\/\/schema.org","@graph":[{"@type":"Article","@id":"https:\/\/wucwo.org\/fr\/le-discernement-comme-chemin-synodal\/#article","isPartOf":{"@id":"https:\/\/wucwo.org\/fr\/le-discernement-comme-chemin-synodal\/"},"author":{"name":"communication","@id":"https:\/\/wucwo.org\/fr\/#\/schema\/person\/36e189b76cc2f081eb3458e9a1f81183"},"headline":"Le discernement comme chemin synodal","datePublished":"2025-09-26T11:39:47+00:00","dateModified":"2025-10-06T10:57:27+00:00","mainEntityOfPage":{"@id":"https:\/\/wucwo.org\/fr\/le-discernement-comme-chemin-synodal\/"},"wordCount":628,"commentCount":0,"publisher":{"@id":"https:\/\/wucwo.org\/fr\/#organization"},"image":{"@id":"https:\/\/wucwo.org\/fr\/le-discernement-comme-chemin-synodal\/#primaryimage"},"thumbnailUrl":"https:\/\/wucwo.org\/wp-content\/uploads\/2025\/09\/evon-wong-pMxapuUtwRk-unsplash-copia-scaled.jpg","articleSection":["Synodalit\u00e9","WWO"],"inLanguage":"fr-FR","potentialAction":[{"@type":"CommentAction","name":"Comment","target":["https:\/\/wucwo.org\/fr\/le-discernement-comme-chemin-synodal\/#respond"]}]},{"@type":"WebPage","@id":"https:\/\/wucwo.org\/fr\/le-discernement-comme-chemin-synodal\/","url":"https:\/\/wucwo.org\/fr\/le-discernement-comme-chemin-synodal\/","name":"Le discernement comme chemin synodal - WUCWO - UMOFC","isPartOf":{"@id":"https:\/\/wucwo.org\/fr\/#website"},"primaryImageOfPage":{"@id":"https:\/\/wucwo.org\/fr\/le-discernement-comme-chemin-synodal\/#primaryimage"},"image":{"@id":"https:\/\/wucwo.org\/fr\/le-discernement-comme-chemin-synodal\/#primaryimage"},"thumbnailUrl":"https:\/\/wucwo.org\/wp-content\/uploads\/2025\/09\/evon-wong-pMxapuUtwRk-unsplash-copia-scaled.jpg","datePublished":"2025-09-26T11:39:47+00:00","dateModified":"2025-10-06T10:57:27+00:00","breadcrumb":{"@id":"https:\/\/wucwo.org\/fr\/le-discernement-comme-chemin-synodal\/#breadcrumb"},"inLanguage":"fr-FR","potentialAction":[{"@type":"ReadAction","target":["https:\/\/wucwo.org\/fr\/le-discernement-comme-chemin-synodal\/"]}]},{"@type":"ImageObject","inLanguage":"fr-FR","@id":"https:\/\/wucwo.org\/fr\/le-discernement-comme-chemin-synodal\/#primaryimage","url":"https:\/\/wucwo.org\/wp-content\/uploads\/2025\/09\/evon-wong-pMxapuUtwRk-unsplash-copia-scaled.jpg","contentUrl":"https:\/\/wucwo.org\/wp-content\/uploads\/2025\/09\/evon-wong-pMxapuUtwRk-unsplash-copia-scaled.jpg","width":2560,"height":1707},{"@type":"BreadcrumbList","@id":"https:\/\/wucwo.org\/fr\/le-discernement-comme-chemin-synodal\/#breadcrumb","itemListElement":[{"@type":"ListItem","position":1,"name":"Portada","item":"https:\/\/wucwo.org\/fr\/"},{"@type":"ListItem","position":2,"name":"Le discernement comme chemin synodal"}]},{"@type":"WebSite","@id":"https:\/\/wucwo.org\/fr\/#website","url":"https:\/\/wucwo.org\/fr\/","name":"UMOFC","description":"","publisher":{"@id":"https:\/\/wucwo.org\/fr\/#organization"},"potentialAction":[{"@type":"SearchAction","target":{"@type":"EntryPoint","urlTemplate":"https:\/\/wucwo.org\/fr\/?s={search_term_string}"},"query-input":{"@type":"PropertyValueSpecification","valueRequired":true,"valueName":"search_term_string"}}],"inLanguage":"fr-FR"},{"@type":"Organization","@id":"https:\/\/wucwo.org\/fr\/#organization","name":"UMOFC","url":"https:\/\/wucwo.org\/fr\/","logo":{"@type":"ImageObject","inLanguage":"fr-FR","@id":"https:\/\/wucwo.org\/fr\/#\/schema\/logo\/image\/","url":"https:\/\/wucwo.org\/wp-content\/uploads\/2025\/08\/Final-icono-scaled.png","contentUrl":"https:\/\/wucwo.org\/wp-content\/uploads\/2025\/08\/Final-icono-scaled.png","width":2560,"height":1811,"caption":"UMOFC"},"image":{"@id":"https:\/\/wucwo.org\/fr\/#\/schema\/logo\/image\/"},"sameAs":["https:\/\/www.facebook.com\/worldunionofcatholicwomensorganisations\/","https:\/\/www.instagram.com\/wucwo_umofc\/","https:\/\/www.linkedin.com\/company\/wucwo\/","https:\/\/www.youtube.com\/@WUCWOUMOFC","https:\/\/www.flickr.com\/photos\/203210007@N05\/albums"]},{"@type":"Person","@id":"https:\/\/wucwo.org\/fr\/#\/schema\/person\/36e189b76cc2f081eb3458e9a1f81183","name":"communication","image":{"@type":"ImageObject","inLanguage":"fr-FR","@id":"https:\/\/secure.gravatar.com\/avatar\/3db542db39feebb0fd43b726aab1c33917436e5f5a9e88f2295c0f1c34c59b48?s=96&d=mm&r=g","url":"https:\/\/secure.gravatar.com\/avatar\/3db542db39feebb0fd43b726aab1c33917436e5f5a9e88f2295c0f1c34c59b48?s=96&d=mm&r=g","contentUrl":"https:\/\/secure.gravatar.com\/avatar\/3db542db39feebb0fd43b726aab1c33917436e5f5a9e88f2295c0f1c34c59b48?s=96&d=mm&r=g","caption":"communication"},"url":"https:\/\/wucwo.org\/fr\/author\/communication\/"}]}},"_links":{"self":[{"href":"https:\/\/wucwo.org\/fr\/wp-json\/wp\/v2\/posts\/16663","targetHints":{"allow":["GET"]}}],"collection":[{"href":"https:\/\/wucwo.org\/fr\/wp-json\/wp\/v2\/posts"}],"about":[{"href":"https:\/\/wucwo.org\/fr\/wp-json\/wp\/v2\/types\/post"}],"author":[{"embeddable":true,"href":"https:\/\/wucwo.org\/fr\/wp-json\/wp\/v2\/users\/3"}],"replies":[{"embeddable":true,"href":"https:\/\/wucwo.org\/fr\/wp-json\/wp\/v2\/comments?post=16663"}],"version-history":[{"count":0,"href":"https:\/\/wucwo.org\/fr\/wp-json\/wp\/v2\/posts\/16663\/revisions"}],"wp:featuredmedia":[{"embeddable":true,"href":"https:\/\/wucwo.org\/fr\/wp-json\/wp\/v2\/media\/15715"}],"wp:attachment":[{"href":"https:\/\/wucwo.org\/fr\/wp-json\/wp\/v2\/media?parent=16663"}],"wp:term":[{"taxonomy":"category","embeddable":true,"href":"https:\/\/wucwo.org\/fr\/wp-json\/wp\/v2\/categories?post=16663"},{"taxonomy":"post_tag","embeddable":true,"href":"https:\/\/wucwo.org\/fr\/wp-json\/wp\/v2\/tags?post=16663"}],"curies":[{"name":"wp","href":"https:\/\/api.w.org\/{rel}","templated":true}]}}