{"id":17461,"date":"2025-12-09T09:49:27","date_gmt":"2025-12-09T08:49:27","guid":{"rendered":"https:\/\/wucwo.org\/lumofc-rejoint-le-forum-international-pour-la-dignite-et-la-paix\/"},"modified":"2025-12-09T11:16:32","modified_gmt":"2025-12-09T10:16:32","slug":"lumofc-rejoint-le-forum-international-pour-la-dignite-et-la-paix","status":"publish","type":"post","link":"https:\/\/wucwo.org\/fr\/lumofc-rejoint-le-forum-international-pour-la-dignite-et-la-paix\/","title":{"rendered":"L\u2019UMOFC rejoint le Forum international pour la dignit\u00e9 et la paix"},"content":{"rendered":"\n<p class=\"wp-block-paragraph\">Du 26 au 28 novembre, une d\u00e9l\u00e9gation de l\u2019Union Mondiale des Organisations F\u00e9minines Catholiques (UMOFC), compos\u00e9e de la Pr\u00e9sidente g\u00e9n\u00e9rale, <strong>M\u00f3nica Santamarina<\/strong> ; de la Secr\u00e9taire g\u00e9n\u00e9rale, <strong>Lavinia Rocchi<\/strong> ; et des repr\u00e9sentantes internationales <strong>Adelina Viteri <\/strong>\u2014repr\u00e9sentante aupr\u00e8s de la FAO (Rome) et du Conseil des Droits de l\u2019Homme (Gen\u00e8ve)\u2014 et <strong>Maureen Meatcher<\/strong>, repr\u00e9sentante aupr\u00e8s du Conseil de l\u2019Europe (Strasbourg), a particip\u00e9 au <strong>6e Forum international des Organisations d\u2019Inspiration Catholique<\/strong>. Cette rencontre r\u00e9unit des entit\u00e9s engag\u00e9es dans la promotion de la dignit\u00e9 humaine au niveau international et portait cette ann\u00e9e le titre : \u00ab <strong>P\u00e8lerins de l\u2019Esp\u00e9rance : pour la promotion de la dignit\u00e9, du bien commun et de la paix <\/strong>\u00bb. <\/p>\n\n<p class=\"wp-block-paragraph\">Dans le cadre du Forum,<strong> Lavinia Rocchi<\/strong> est intervenue comme conf\u00e9renci\u00e8re dans le panel <strong><em>Dignit\u00e9 humaine \u2013 Migration et Int\u00e9gration<\/em><\/strong>, o\u00f9 elle a pr\u00e9sent\u00e9 le travail de l\u2019UMOFC et de l\u2019<a href=\"https:\/\/www.worldwomensobservatory.org\/fr\" target=\"_blank\" rel=\"noreferrer noopener\"><strong>Observatoire Mondial des Femmes<\/strong> <\/a>(WWO) \u00e0 travers le projet <em>L\u2019Acc\u00e8s \u00e0 la justice pour les femmes migrantes au Mexique<\/em>. Elle a soulign\u00e9 que \u00ab la migration est l\u2019une des r\u00e9alit\u00e9s d\u00e9terminantes de notre \u00e9poque \u00bb et rappel\u00e9 que les femmes migrantes souffrent d\u2019une \u00ab double vuln\u00e9rabilit\u00e9 : en tant que migrantes et en tant que femmes \u00bb. <\/p>\n\n<figure class=\"wp-block-image size-large\"><img loading=\"lazy\" decoding=\"async\" width=\"1024\" height=\"768\" src=\"https:\/\/wucwo.org\/wp-content\/uploads\/2025\/12\/WhatsApp-Image-2025-11-26-at-15.19.51-1024x768.jpeg\" alt=\"\" class=\"wp-image-17455\" srcset=\"https:\/\/wucwo.org\/wp-content\/uploads\/2025\/12\/WhatsApp-Image-2025-11-26-at-15.19.51-980x735.jpeg 980w, https:\/\/wucwo.org\/wp-content\/uploads\/2025\/12\/WhatsApp-Image-2025-11-26-at-15.19.51-480x360.jpeg 480w\" sizes=\"(min-width: 0px) and (max-width: 480px) 480px, (min-width: 481px) and (max-width: 980px) 980px, (min-width: 981px) 1024px, 100vw\" \/><\/figure>\n\n<h4 class=\"wp-block-heading\"><strong>L\u2019Observatoire Mondial des Femmes au Mexique<\/strong><\/h4>\n\n<p class=\"wp-block-paragraph\">La Secr\u00e9taire g\u00e9n\u00e9rale a expliqu\u00e9 que l\u2019Observatoire, cr\u00e9\u00e9 pour \u00ab donner de la visibilit\u00e9 aux femmes les plus vuln\u00e9rables \u00bb, travaille en \u00e9coutant, en recherchant, en formant et en cr\u00e9ant des synergies entre ONG, gouvernements et \u00c9glise. Concernant le projet au Mexique, elle a pr\u00e9cis\u00e9 que l\u2019UMOFC a r\u00e9alis\u00e9 <strong>234 entretiens dans 18 centres d\u2019accueil<\/strong>, a organis\u00e9 des ateliers de formation et collabore avec plus de <strong>30 organisations <\/strong>locales, soutenant \u00e9galement de bonnes pratiques comme <strong>Sin Fronteras IAP<\/strong> et <strong>Espacio Migrante A.C<\/strong>. <\/p>\n\n<p class=\"wp-block-paragraph\">Parmi les r\u00e9sultats les plus significatifs, elle a indiqu\u00e9 que <strong>65 % des femmes interrog\u00e9es ont d\u00e9clar\u00e9 avoir subi une atteinte \u00e0 leurs droits<\/strong>, mais seulement 10 % ont d\u00e9pos\u00e9 une plainte \u2014principalement par peur, manque d\u2019information et obstacles \u00e9conomiques. \u00ab Les femmes elles-m\u00eames proposent des solutions \u00bb, a soulign\u00e9 Lavinia : \u00ab 32 % demandent un meilleur soutien juridique public ; 29 % une meilleure formation du personnel de l\u2019\u00c9tat ; 23 % des campagnes de sensibilisation \u00bb. Ces voix, a-t-elle affirm\u00e9, orientent d\u00e9sormais le travail de plaidoyer de l\u2019UMOFC.  <\/p>\n\n<p class=\"wp-block-paragraph\">Enfin, elle a insist\u00e9 sur le fait que ce projet ne s\u2019arr\u00eate pas au Mexique : ses r\u00e9sultats sont pr\u00e9sent\u00e9s dans des forums internationaux tels que MIGRARED, la CSW69 ou des rencontres acad\u00e9miques. Elle a conclu en invitant \u00e0 une r\u00e9flexion commune : \u00ab Comment pouvons-nous renforcer la collaboration pour que les femmes migrantes ne soient pas invisibles dans les syst\u00e8mes de justice ? \u00bb et a rappel\u00e9 que seul le travail conjoint permettra d\u2019avancer vers \u00ab des r\u00e9ponses r\u00e9elles et tangibles qui expriment nos valeurs et notre mission en tant que p\u00e8lerins de l\u2019esp\u00e9rance \u00bb. <\/p>\n\n<h4 class=\"wp-block-heading\"><strong>Chr\u00e9tiens au Forum international \u2013 S\u00e9minaire jubilaire<\/strong><\/h4>\n\n<p class=\"wp-block-paragraph\">Apr\u00e8s plusieurs jours d\u2019\u00e9changes, de formation et de r\u00e9flexion, le troisi\u00e8me et dernier jour du Forum s\u2019est tenu le 28 novembre, organis\u00e9 par le <strong>Dicast\u00e8re pour les La\u00efcs, la Famille et la Vie<\/strong> et par la <strong>Secr\u00e9tairerie d\u2019\u00c9tat<\/strong> \u2013 Section pour les Relations avec les \u00c9tats et les Organisations internationales, \u00e0 l<strong>\u2019Universit\u00e9 du Latran<\/strong>. Lors de cette journ\u00e9e de travail, la r\u00e9flexion a port\u00e9 sur la place et le r\u00f4le des ONG d\u2019inspiration catholique dans les institutions internationales, soulignant l\u2019importance de la collaboration et d\u2019une pr\u00e9sence active dans les espaces de d\u00e9cision. La journ\u00e9e s\u2019est termin\u00e9e par la c\u00e9l\u00e9bration de la <strong>Messe<\/strong> et le passage de la <strong>Porte Sainte de la Basilique Saint-Jean-de-Latran<\/strong>, geste qui a soulign\u00e9 le sens spirituel et l\u2019esp\u00e9rance qui inspirent ce chemin commun.  <\/p>\n\n<figure class=\"wp-block-image size-large\"><img loading=\"lazy\" decoding=\"async\" width=\"1024\" height=\"698\" src=\"https:\/\/wucwo.org\/wp-content\/uploads\/2025\/12\/Gruppo-messa-S-Giovanni-1-1024x698.jpg\" alt=\"\" class=\"wp-image-17452\" srcset=\"https:\/\/wucwo.org\/wp-content\/uploads\/2025\/12\/Gruppo-messa-S-Giovanni-1-980x668.jpg 980w, https:\/\/wucwo.org\/wp-content\/uploads\/2025\/12\/Gruppo-messa-S-Giovanni-1-480x327.jpg 480w\" sizes=\"(min-width: 0px) and (max-width: 480px) 480px, (min-width: 481px) and (max-width: 980px) 980px, (min-width: 981px) 1024px, 100vw\" \/><\/figure>\n\n<p class=\"wp-block-paragraph\"><strong>Voir le S\u00e9minaire complet [Italien] : <\/strong><\/p>\n\n<figure class=\"wp-block-embed is-type-video is-provider-youtube wp-block-embed-youtube wp-embed-aspect-16-9 wp-has-aspect-ratio\"><div class=\"wp-block-embed__wrapper\">\n<iframe loading=\"lazy\" title=\"CRISTIANI NEI FORA INTERNAZIONALI - SEMINARIO GIUBILARE\" width=\"1080\" height=\"608\" src=\"https:\/\/www.youtube.com\/embed\/-_ui4zxEPsU?feature=oembed\"  allow=\"accelerometer; autoplay; clipboard-write; encrypted-media; gyroscope; picture-in-picture; web-share\" referrerpolicy=\"strict-origin-when-cross-origin\" allowfullscreen><\/iframe>\n<\/div><\/figure>\n","protected":false},"excerpt":{"rendered":"<p>Du 26 au 28 novembre, une d\u00e9l\u00e9gation de l\u2019Union Mondiale des Organisations F\u00e9minines Catholiques (UMOFC), compos\u00e9e de la Pr\u00e9sidente g\u00e9n\u00e9rale, M\u00f3nica Santamarina ; de la Secr\u00e9taire g\u00e9n\u00e9rale, Lavinia Rocchi ; et des repr\u00e9sentantes internationales Adelina Viteri \u2014repr\u00e9sentante aupr\u00e8s de la FAO (Rome) et du Conseil des Droits de l\u2019Homme (Gen\u00e8ve)\u2014 et Maureen Meatcher, repr\u00e9sentante aupr\u00e8s [&hellip;]<\/p>\n","protected":false},"author":3,"featured_media":17451,"comment_status":"open","ping_status":"open","sticky":false,"template":"","format":"standard","meta":{"_et_pb_use_builder":"on","_et_pb_old_content":"","_et_gb_content_width":"","footnotes":""},"categories":[135,121,148],"tags":[],"class_list":["post-17461","post","type-post","status-publish","format-standard","has-post-thumbnail","hentry","category-nouvelles-migrants-refugies","category-nouvelles-umofc","category-nouvelles-wwo"],"yoast_head":"<!-- This site is optimized with the Yoast SEO plugin v27.8 - https:\/\/yoast.com\/product\/yoast-seo-wordpress\/ -->\n<title>L\u2019UMOFC rejoint le Forum international pour la dignit\u00e9 et la paix - WUCWO - UMOFC<\/title>\n<meta name=\"description\" content=\"Du 26 au 28 novembre une d\u00e9l\u00e9gation de l\u2019UMOFC a particip\u00e9 au 6e Forum international des Organisations d\u2019Inspiration Catholique.\" \/>\n<meta name=\"robots\" content=\"index, follow, max-snippet:-1, max-image-preview:large, max-video-preview:-1\" \/>\n<link rel=\"canonical\" href=\"https:\/\/wucwo.org\/fr\/lumofc-rejoint-le-forum-international-pour-la-dignite-et-la-paix\/\" \/>\n<meta property=\"og:locale\" content=\"fr_FR\" \/>\n<meta property=\"og:type\" content=\"article\" \/>\n<meta property=\"og:title\" content=\"L\u2019UMOFC rejoint le Forum international pour la dignit\u00e9 et la paix - WUCWO - UMOFC\" \/>\n<meta property=\"og:description\" content=\"Du 26 au 28 novembre une d\u00e9l\u00e9gation de l\u2019UMOFC a particip\u00e9 au 6e Forum international des Organisations d\u2019Inspiration Catholique.\" \/>\n<meta property=\"og:url\" content=\"https:\/\/wucwo.org\/fr\/lumofc-rejoint-le-forum-international-pour-la-dignite-et-la-paix\/\" \/>\n<meta property=\"og:site_name\" content=\"WUCWO - UMOFC\" \/>\n<meta property=\"article:publisher\" content=\"https:\/\/www.facebook.com\/worldunionofcatholicwomensorganisations\/\" \/>\n<meta property=\"article:published_time\" content=\"2025-12-09T08:49:27+00:00\" \/>\n<meta property=\"article:modified_time\" content=\"2025-12-09T10:16:32+00:00\" \/>\n<meta property=\"og:image\" content=\"https:\/\/wucwo.org\/wp-content\/uploads\/2025\/12\/WhatsApp-Image-2025-11-26-at-13.48.07.jpeg\" \/>\n\t<meta property=\"og:image:width\" content=\"2016\" \/>\n\t<meta property=\"og:image:height\" content=\"1512\" \/>\n\t<meta property=\"og:image:type\" content=\"image\/jpeg\" \/>\n<meta name=\"author\" content=\"communication\" \/>\n<meta name=\"twitter:card\" content=\"summary_large_image\" \/>\n<meta name=\"twitter:label1\" content=\"\u00c9crit par\" \/>\n\t<meta name=\"twitter:data1\" content=\"communication\" \/>\n\t<meta name=\"twitter:label2\" content=\"Dur\u00e9e de lecture estim\u00e9e\" \/>\n\t<meta name=\"twitter:data2\" content=\"3 minutes\" \/>\n<script type=\"application\/ld+json\" class=\"yoast-schema-graph\">{\"@context\":\"https:\\\/\\\/schema.org\",\"@graph\":[{\"@type\":\"Article\",\"@id\":\"https:\\\/\\\/wucwo.org\\\/fr\\\/lumofc-rejoint-le-forum-international-pour-la-dignite-et-la-paix\\\/#article\",\"isPartOf\":{\"@id\":\"https:\\\/\\\/wucwo.org\\\/fr\\\/lumofc-rejoint-le-forum-international-pour-la-dignite-et-la-paix\\\/\"},\"author\":{\"name\":\"communication\",\"@id\":\"https:\\\/\\\/wucwo.org\\\/fr\\\/#\\\/schema\\\/person\\\/36e189b76cc2f081eb3458e9a1f81183\"},\"headline\":\"L\u2019UMOFC rejoint le Forum international pour la dignit\u00e9 et la paix\",\"datePublished\":\"2025-12-09T08:49:27+00:00\",\"dateModified\":\"2025-12-09T10:16:32+00:00\",\"mainEntityOfPage\":{\"@id\":\"https:\\\/\\\/wucwo.org\\\/fr\\\/lumofc-rejoint-le-forum-international-pour-la-dignite-et-la-paix\\\/\"},\"wordCount\":688,\"commentCount\":0,\"publisher\":{\"@id\":\"https:\\\/\\\/wucwo.org\\\/fr\\\/#organization\"},\"image\":{\"@id\":\"https:\\\/\\\/wucwo.org\\\/fr\\\/lumofc-rejoint-le-forum-international-pour-la-dignite-et-la-paix\\\/#primaryimage\"},\"thumbnailUrl\":\"https:\\\/\\\/wucwo.org\\\/wp-content\\\/uploads\\\/2025\\\/12\\\/WhatsApp-Image-2025-11-26-at-13.48.07.jpeg\",\"articleSection\":[\"Migrants et R\u00e9fugi\u00e9s\",\"UMOFC\",\"WWO\"],\"inLanguage\":\"fr-FR\",\"potentialAction\":[{\"@type\":\"CommentAction\",\"name\":\"Comment\",\"target\":[\"https:\\\/\\\/wucwo.org\\\/fr\\\/lumofc-rejoint-le-forum-international-pour-la-dignite-et-la-paix\\\/#respond\"]}]},{\"@type\":\"WebPage\",\"@id\":\"https:\\\/\\\/wucwo.org\\\/fr\\\/lumofc-rejoint-le-forum-international-pour-la-dignite-et-la-paix\\\/\",\"url\":\"https:\\\/\\\/wucwo.org\\\/fr\\\/lumofc-rejoint-le-forum-international-pour-la-dignite-et-la-paix\\\/\",\"name\":\"L\u2019UMOFC rejoint le Forum international pour la dignit\u00e9 et la paix - WUCWO - UMOFC\",\"isPartOf\":{\"@id\":\"https:\\\/\\\/wucwo.org\\\/fr\\\/#website\"},\"primaryImageOfPage\":{\"@id\":\"https:\\\/\\\/wucwo.org\\\/fr\\\/lumofc-rejoint-le-forum-international-pour-la-dignite-et-la-paix\\\/#primaryimage\"},\"image\":{\"@id\":\"https:\\\/\\\/wucwo.org\\\/fr\\\/lumofc-rejoint-le-forum-international-pour-la-dignite-et-la-paix\\\/#primaryimage\"},\"thumbnailUrl\":\"https:\\\/\\\/wucwo.org\\\/wp-content\\\/uploads\\\/2025\\\/12\\\/WhatsApp-Image-2025-11-26-at-13.48.07.jpeg\",\"datePublished\":\"2025-12-09T08:49:27+00:00\",\"dateModified\":\"2025-12-09T10:16:32+00:00\",\"description\":\"Du 26 au 28 novembre une d\u00e9l\u00e9gation de l\u2019UMOFC a particip\u00e9 au 6e Forum international des Organisations d\u2019Inspiration Catholique.\",\"breadcrumb\":{\"@id\":\"https:\\\/\\\/wucwo.org\\\/fr\\\/lumofc-rejoint-le-forum-international-pour-la-dignite-et-la-paix\\\/#breadcrumb\"},\"inLanguage\":\"fr-FR\",\"potentialAction\":[{\"@type\":\"ReadAction\",\"target\":[\"https:\\\/\\\/wucwo.org\\\/fr\\\/lumofc-rejoint-le-forum-international-pour-la-dignite-et-la-paix\\\/\"]}]},{\"@type\":\"ImageObject\",\"inLanguage\":\"fr-FR\",\"@id\":\"https:\\\/\\\/wucwo.org\\\/fr\\\/lumofc-rejoint-le-forum-international-pour-la-dignite-et-la-paix\\\/#primaryimage\",\"url\":\"https:\\\/\\\/wucwo.org\\\/wp-content\\\/uploads\\\/2025\\\/12\\\/WhatsApp-Image-2025-11-26-at-13.48.07.jpeg\",\"contentUrl\":\"https:\\\/\\\/wucwo.org\\\/wp-content\\\/uploads\\\/2025\\\/12\\\/WhatsApp-Image-2025-11-26-at-13.48.07.jpeg\",\"width\":2016,\"height\":1512},{\"@type\":\"BreadcrumbList\",\"@id\":\"https:\\\/\\\/wucwo.org\\\/fr\\\/lumofc-rejoint-le-forum-international-pour-la-dignite-et-la-paix\\\/#breadcrumb\",\"itemListElement\":[{\"@type\":\"ListItem\",\"position\":1,\"name\":\"Portada\",\"item\":\"https:\\\/\\\/wucwo.org\\\/fr\\\/\"},{\"@type\":\"ListItem\",\"position\":2,\"name\":\"L\u2019UMOFC rejoint le Forum international pour la dignit\u00e9 et la paix\"}]},{\"@type\":\"WebSite\",\"@id\":\"https:\\\/\\\/wucwo.org\\\/fr\\\/#website\",\"url\":\"https:\\\/\\\/wucwo.org\\\/fr\\\/\",\"name\":\"UMOFC\",\"description\":\"\",\"publisher\":{\"@id\":\"https:\\\/\\\/wucwo.org\\\/fr\\\/#organization\"},\"potentialAction\":[{\"@type\":\"SearchAction\",\"target\":{\"@type\":\"EntryPoint\",\"urlTemplate\":\"https:\\\/\\\/wucwo.org\\\/fr\\\/?s={search_term_string}\"},\"query-input\":{\"@type\":\"PropertyValueSpecification\",\"valueRequired\":true,\"valueName\":\"search_term_string\"}}],\"inLanguage\":\"fr-FR\"},{\"@type\":\"Organization\",\"@id\":\"https:\\\/\\\/wucwo.org\\\/fr\\\/#organization\",\"name\":\"UMOFC\",\"url\":\"https:\\\/\\\/wucwo.org\\\/fr\\\/\",\"logo\":{\"@type\":\"ImageObject\",\"inLanguage\":\"fr-FR\",\"@id\":\"https:\\\/\\\/wucwo.org\\\/fr\\\/#\\\/schema\\\/logo\\\/image\\\/\",\"url\":\"https:\\\/\\\/wucwo.org\\\/wp-content\\\/uploads\\\/2025\\\/08\\\/Final-icono-scaled.png\",\"contentUrl\":\"https:\\\/\\\/wucwo.org\\\/wp-content\\\/uploads\\\/2025\\\/08\\\/Final-icono-scaled.png\",\"width\":2560,\"height\":1811,\"caption\":\"UMOFC\"},\"image\":{\"@id\":\"https:\\\/\\\/wucwo.org\\\/fr\\\/#\\\/schema\\\/logo\\\/image\\\/\"},\"sameAs\":[\"https:\\\/\\\/www.facebook.com\\\/worldunionofcatholicwomensorganisations\\\/\",\"https:\\\/\\\/www.instagram.com\\\/wucwo_umofc\\\/\",\"https:\\\/\\\/www.linkedin.com\\\/company\\\/wucwo\\\/\",\"https:\\\/\\\/www.youtube.com\\\/@WUCWOUMOFC\",\"https:\\\/\\\/www.flickr.com\\\/photos\\\/203210007@N05\\\/albums\"]},{\"@type\":\"Person\",\"@id\":\"https:\\\/\\\/wucwo.org\\\/fr\\\/#\\\/schema\\\/person\\\/36e189b76cc2f081eb3458e9a1f81183\",\"name\":\"communication\",\"image\":{\"@type\":\"ImageObject\",\"inLanguage\":\"fr-FR\",\"@id\":\"https:\\\/\\\/secure.gravatar.com\\\/avatar\\\/3db542db39feebb0fd43b726aab1c33917436e5f5a9e88f2295c0f1c34c59b48?s=96&d=mm&r=g\",\"url\":\"https:\\\/\\\/secure.gravatar.com\\\/avatar\\\/3db542db39feebb0fd43b726aab1c33917436e5f5a9e88f2295c0f1c34c59b48?s=96&d=mm&r=g\",\"contentUrl\":\"https:\\\/\\\/secure.gravatar.com\\\/avatar\\\/3db542db39feebb0fd43b726aab1c33917436e5f5a9e88f2295c0f1c34c59b48?s=96&d=mm&r=g\",\"caption\":\"communication\"},\"url\":\"https:\\\/\\\/wucwo.org\\\/fr\\\/author\\\/communication\\\/\"}]}<\/script>\n<!-- \/ Yoast SEO plugin. -->","yoast_head_json":{"title":"L\u2019UMOFC rejoint le Forum international pour la dignit\u00e9 et la paix - WUCWO - UMOFC","description":"Du 26 au 28 novembre une d\u00e9l\u00e9gation de l\u2019UMOFC a particip\u00e9 au 6e Forum international des Organisations d\u2019Inspiration Catholique.","robots":{"index":"index","follow":"follow","max-snippet":"max-snippet:-1","max-image-preview":"max-image-preview:large","max-video-preview":"max-video-preview:-1"},"canonical":"https:\/\/wucwo.org\/fr\/lumofc-rejoint-le-forum-international-pour-la-dignite-et-la-paix\/","og_locale":"fr_FR","og_type":"article","og_title":"L\u2019UMOFC rejoint le Forum international pour la dignit\u00e9 et la paix - WUCWO - UMOFC","og_description":"Du 26 au 28 novembre une d\u00e9l\u00e9gation de l\u2019UMOFC a particip\u00e9 au 6e Forum international des Organisations d\u2019Inspiration Catholique.","og_url":"https:\/\/wucwo.org\/fr\/lumofc-rejoint-le-forum-international-pour-la-dignite-et-la-paix\/","og_site_name":"WUCWO - UMOFC","article_publisher":"https:\/\/www.facebook.com\/worldunionofcatholicwomensorganisations\/","article_published_time":"2025-12-09T08:49:27+00:00","article_modified_time":"2025-12-09T10:16:32+00:00","og_image":[{"width":2016,"height":1512,"url":"https:\/\/wucwo.org\/wp-content\/uploads\/2025\/12\/WhatsApp-Image-2025-11-26-at-13.48.07.jpeg","type":"image\/jpeg"}],"author":"communication","twitter_card":"summary_large_image","twitter_misc":{"\u00c9crit par":"communication","Dur\u00e9e de lecture estim\u00e9e":"3 minutes"},"schema":{"@context":"https:\/\/schema.org","@graph":[{"@type":"Article","@id":"https:\/\/wucwo.org\/fr\/lumofc-rejoint-le-forum-international-pour-la-dignite-et-la-paix\/#article","isPartOf":{"@id":"https:\/\/wucwo.org\/fr\/lumofc-rejoint-le-forum-international-pour-la-dignite-et-la-paix\/"},"author":{"name":"communication","@id":"https:\/\/wucwo.org\/fr\/#\/schema\/person\/36e189b76cc2f081eb3458e9a1f81183"},"headline":"L\u2019UMOFC rejoint le Forum international pour la dignit\u00e9 et la paix","datePublished":"2025-12-09T08:49:27+00:00","dateModified":"2025-12-09T10:16:32+00:00","mainEntityOfPage":{"@id":"https:\/\/wucwo.org\/fr\/lumofc-rejoint-le-forum-international-pour-la-dignite-et-la-paix\/"},"wordCount":688,"commentCount":0,"publisher":{"@id":"https:\/\/wucwo.org\/fr\/#organization"},"image":{"@id":"https:\/\/wucwo.org\/fr\/lumofc-rejoint-le-forum-international-pour-la-dignite-et-la-paix\/#primaryimage"},"thumbnailUrl":"https:\/\/wucwo.org\/wp-content\/uploads\/2025\/12\/WhatsApp-Image-2025-11-26-at-13.48.07.jpeg","articleSection":["Migrants et R\u00e9fugi\u00e9s","UMOFC","WWO"],"inLanguage":"fr-FR","potentialAction":[{"@type":"CommentAction","name":"Comment","target":["https:\/\/wucwo.org\/fr\/lumofc-rejoint-le-forum-international-pour-la-dignite-et-la-paix\/#respond"]}]},{"@type":"WebPage","@id":"https:\/\/wucwo.org\/fr\/lumofc-rejoint-le-forum-international-pour-la-dignite-et-la-paix\/","url":"https:\/\/wucwo.org\/fr\/lumofc-rejoint-le-forum-international-pour-la-dignite-et-la-paix\/","name":"L\u2019UMOFC rejoint le Forum international pour la dignit\u00e9 et la paix - WUCWO - UMOFC","isPartOf":{"@id":"https:\/\/wucwo.org\/fr\/#website"},"primaryImageOfPage":{"@id":"https:\/\/wucwo.org\/fr\/lumofc-rejoint-le-forum-international-pour-la-dignite-et-la-paix\/#primaryimage"},"image":{"@id":"https:\/\/wucwo.org\/fr\/lumofc-rejoint-le-forum-international-pour-la-dignite-et-la-paix\/#primaryimage"},"thumbnailUrl":"https:\/\/wucwo.org\/wp-content\/uploads\/2025\/12\/WhatsApp-Image-2025-11-26-at-13.48.07.jpeg","datePublished":"2025-12-09T08:49:27+00:00","dateModified":"2025-12-09T10:16:32+00:00","description":"Du 26 au 28 novembre une d\u00e9l\u00e9gation de l\u2019UMOFC a particip\u00e9 au 6e Forum international des Organisations d\u2019Inspiration Catholique.","breadcrumb":{"@id":"https:\/\/wucwo.org\/fr\/lumofc-rejoint-le-forum-international-pour-la-dignite-et-la-paix\/#breadcrumb"},"inLanguage":"fr-FR","potentialAction":[{"@type":"ReadAction","target":["https:\/\/wucwo.org\/fr\/lumofc-rejoint-le-forum-international-pour-la-dignite-et-la-paix\/"]}]},{"@type":"ImageObject","inLanguage":"fr-FR","@id":"https:\/\/wucwo.org\/fr\/lumofc-rejoint-le-forum-international-pour-la-dignite-et-la-paix\/#primaryimage","url":"https:\/\/wucwo.org\/wp-content\/uploads\/2025\/12\/WhatsApp-Image-2025-11-26-at-13.48.07.jpeg","contentUrl":"https:\/\/wucwo.org\/wp-content\/uploads\/2025\/12\/WhatsApp-Image-2025-11-26-at-13.48.07.jpeg","width":2016,"height":1512},{"@type":"BreadcrumbList","@id":"https:\/\/wucwo.org\/fr\/lumofc-rejoint-le-forum-international-pour-la-dignite-et-la-paix\/#breadcrumb","itemListElement":[{"@type":"ListItem","position":1,"name":"Portada","item":"https:\/\/wucwo.org\/fr\/"},{"@type":"ListItem","position":2,"name":"L\u2019UMOFC rejoint le Forum international pour la dignit\u00e9 et la paix"}]},{"@type":"WebSite","@id":"https:\/\/wucwo.org\/fr\/#website","url":"https:\/\/wucwo.org\/fr\/","name":"UMOFC","description":"","publisher":{"@id":"https:\/\/wucwo.org\/fr\/#organization"},"potentialAction":[{"@type":"SearchAction","target":{"@type":"EntryPoint","urlTemplate":"https:\/\/wucwo.org\/fr\/?s={search_term_string}"},"query-input":{"@type":"PropertyValueSpecification","valueRequired":true,"valueName":"search_term_string"}}],"inLanguage":"fr-FR"},{"@type":"Organization","@id":"https:\/\/wucwo.org\/fr\/#organization","name":"UMOFC","url":"https:\/\/wucwo.org\/fr\/","logo":{"@type":"ImageObject","inLanguage":"fr-FR","@id":"https:\/\/wucwo.org\/fr\/#\/schema\/logo\/image\/","url":"https:\/\/wucwo.org\/wp-content\/uploads\/2025\/08\/Final-icono-scaled.png","contentUrl":"https:\/\/wucwo.org\/wp-content\/uploads\/2025\/08\/Final-icono-scaled.png","width":2560,"height":1811,"caption":"UMOFC"},"image":{"@id":"https:\/\/wucwo.org\/fr\/#\/schema\/logo\/image\/"},"sameAs":["https:\/\/www.facebook.com\/worldunionofcatholicwomensorganisations\/","https:\/\/www.instagram.com\/wucwo_umofc\/","https:\/\/www.linkedin.com\/company\/wucwo\/","https:\/\/www.youtube.com\/@WUCWOUMOFC","https:\/\/www.flickr.com\/photos\/203210007@N05\/albums"]},{"@type":"Person","@id":"https:\/\/wucwo.org\/fr\/#\/schema\/person\/36e189b76cc2f081eb3458e9a1f81183","name":"communication","image":{"@type":"ImageObject","inLanguage":"fr-FR","@id":"https:\/\/secure.gravatar.com\/avatar\/3db542db39feebb0fd43b726aab1c33917436e5f5a9e88f2295c0f1c34c59b48?s=96&d=mm&r=g","url":"https:\/\/secure.gravatar.com\/avatar\/3db542db39feebb0fd43b726aab1c33917436e5f5a9e88f2295c0f1c34c59b48?s=96&d=mm&r=g","contentUrl":"https:\/\/secure.gravatar.com\/avatar\/3db542db39feebb0fd43b726aab1c33917436e5f5a9e88f2295c0f1c34c59b48?s=96&d=mm&r=g","caption":"communication"},"url":"https:\/\/wucwo.org\/fr\/author\/communication\/"}]}},"_links":{"self":[{"href":"https:\/\/wucwo.org\/fr\/wp-json\/wp\/v2\/posts\/17461","targetHints":{"allow":["GET"]}}],"collection":[{"href":"https:\/\/wucwo.org\/fr\/wp-json\/wp\/v2\/posts"}],"about":[{"href":"https:\/\/wucwo.org\/fr\/wp-json\/wp\/v2\/types\/post"}],"author":[{"embeddable":true,"href":"https:\/\/wucwo.org\/fr\/wp-json\/wp\/v2\/users\/3"}],"replies":[{"embeddable":true,"href":"https:\/\/wucwo.org\/fr\/wp-json\/wp\/v2\/comments?post=17461"}],"version-history":[{"count":0,"href":"https:\/\/wucwo.org\/fr\/wp-json\/wp\/v2\/posts\/17461\/revisions"}],"wp:featuredmedia":[{"embeddable":true,"href":"https:\/\/wucwo.org\/fr\/wp-json\/wp\/v2\/media\/17451"}],"wp:attachment":[{"href":"https:\/\/wucwo.org\/fr\/wp-json\/wp\/v2\/media?parent=17461"}],"wp:term":[{"taxonomy":"category","embeddable":true,"href":"https:\/\/wucwo.org\/fr\/wp-json\/wp\/v2\/categories?post=17461"},{"taxonomy":"post_tag","embeddable":true,"href":"https:\/\/wucwo.org\/fr\/wp-json\/wp\/v2\/tags?post=17461"}],"curies":[{"name":"wp","href":"https:\/\/api.w.org\/{rel}","templated":true}]}}