{"id":17525,"date":"2025-12-09T13:25:36","date_gmt":"2025-12-09T12:25:36","guid":{"rendered":"https:\/\/wucwo.org\/un-regard-sur-la-migration\/"},"modified":"2025-12-10T10:58:46","modified_gmt":"2025-12-10T09:58:46","slug":"un-regard-sur-la-migration","status":"publish","type":"post","link":"https:\/\/wucwo.org\/fr\/un-regard-sur-la-migration\/","title":{"rendered":"Un regard sur la migration"},"content":{"rendered":"\n<p class=\"has-text-align-center wp-block-paragraph\"><strong>Un regard sur la migration: Ouvreir les coeurs et les consciences<\/strong><\/p>\n\n\n\n<p class=\"wp-block-paragraph\">\u00c0 l\u2019occasion de la Journ\u00e9e internationale des migrants, nous vous invitons \u00e0 participer au webinaire, organis\u00e9 par le groupe de travail de l\u2019UMOFC Migrants et R\u00e9fugi\u00e9s, qui cherche \u00e0 offrir une vision g\u00e9n\u00e9rale de la migration du point de vue des migrants eux-m\u00eames, mais aussi de ceux qui les accueillent. Comment, \u00e0 travers ces diverses exp\u00e9riences, nous pouvons favoriser l\u2019acceptation de l\u2019autre et encourager l\u2019action individuelle et collective. Sortir des statistiques pour parler uniquement de l\u2019\u00eatre humain.<\/p>\n\n\n\n<p class=\"wp-block-paragraph\">Ensemble, nous \u00e9couterons les voix des migrants et de ceux qui les accompagnent, en explorant comment la foi, l\u2019humanit\u00e9 et la solidarit\u00e9 peuvent transformer nos communaut\u00e9s. \u00c0 travers des t\u00e9moignages et des r\u00e9flexions venues d\u2019Afrique, d\u2019Europe et d\u2019Am\u00e9rique latine, cet \u00e9v\u00e9nement mettra en lumi\u00e8re \u00e0 la fois les d\u00e9fis et les esp\u00e9rances que la migration apporte. <\/p>\n\n\n\n<p class=\"wp-block-paragraph\">Ce webinaire est une occasion <strong>d\u2019ouvrir nos c\u0153urs et nos consciences<\/strong>, de reconna\u00eetre notre humanit\u00e9 partag\u00e9e et de nous engager \u00e0 construire un monde o\u00f9 la dignit\u00e9 et la paix soient possibles pour tous.<\/p>\n\n\n\n<p class=\"wp-block-paragraph\">\ud83d\udcc5 <strong>Date <\/strong>: 18 d\u00e9cembre<br>\ud83d\udd52 <strong>Heure <\/strong>: 15.30-17 (heure de Rome)<br>\ud83c\udf10 <strong>En ligne<\/strong><\/p>\n\n\n\n<p class=\"wp-block-paragraph\"><strong>Orateurs :<\/strong><\/p>\n\n\n\n<p class=\"wp-block-paragraph\"><strong>B\u00e9atrice Badiane<\/strong> &#8211; Directrice du centre KAYAM, S\u00e9n\u00e9gal<br><strong>Juan Rognoni Escario<\/strong> &#8211; Directeur de la Caritas Dioc\u00e9saine de Tenerife, Espagne<br><strong>Alma Ram\u00edrez<\/strong> &#8211; Directrice de projets et Coordinatrice de la collecte de fonds, Institut Madre Asunta, Mexique<br><strong>Sr. Lidia Mara Silva de Souza <\/strong> &#8211; Directrice g\u00e9n\u00e9rale de la Mission Scalabrinienne aupr\u00e8s des Migrants et R\u00e9fugi\u00e9s (SMR), Mexique<\/p>\n\n\n\n<p class=\"wp-block-paragraph\"><strong>T\u00e9moignages :<\/strong><\/p>\n\n\n\n<p class=\"wp-block-paragraph\"><strong>Adja<\/strong> &#8211; Migrante du Mali<br><strong>Camundina <\/strong>&#8211; Migrante ha\u00eftienne au Mexique<br><strong>Hazel <\/strong>&#8211; Migrante v\u00e9n\u00e9zu\u00e9lienne au Mexique<\/p>\n\n\n\n<p class=\"wp-block-paragraph\"><\/p>\n\n\n\n<div class=\"wp-block-buttons is-content-justification-left is-layout-flex wp-container-core-buttons-is-layout-9cdb7320 wp-block-buttons-is-layout-flex\">\n<div class=\"wp-block-button\"><a class=\"wp-block-button__link has-background has-text-align-center wp-element-button\" href=\"https:\/\/wucwo.org\/wp-content\/uploads\/2025\/12\/Flyer-18-december-FRA.pdf\" style=\"background-color:#00486e\" target=\"_blank\" rel=\"noreferrer noopener\">Invitation<\/a><\/div>\n\n\n\n<div class=\"wp-block-button\"><a class=\"wp-block-button__link has-background wp-element-button\" href=\"https:\/\/us02web.zoom.us\/webinar\/register\/WN_UNRUKv8EQ1iMRxIEu7Mw5A#\/registration\" style=\"background-color:#00486e\" target=\"_blank\" rel=\"noreferrer noopener\">Inscription<\/a><\/div>\n<\/div>\n","protected":false},"excerpt":{"rendered":"<p>Un regard sur la migration: Ouvreir les coeurs et les consciences \u00c0 l\u2019occasion de la Journ\u00e9e internationale des migrants, nous vous invitons \u00e0 participer au webinaire, organis\u00e9 par le groupe de travail de l\u2019UMOFC Migrants et R\u00e9fugi\u00e9s, qui cherche \u00e0 offrir une vision g\u00e9n\u00e9rale de la migration du point de vue des migrants eux-m\u00eames, mais [&hellip;]<\/p>\n","protected":false},"author":2,"featured_media":17517,"comment_status":"open","ping_status":"open","sticky":false,"template":"","format":"standard","meta":{"_et_pb_use_builder":"off","_et_pb_old_content":"<!-- wp:paragraph {\"align\":\"center\",\"translatedWithWPMLTM\":\"1\"} -->\n<p class=\"has-text-align-center\"><strong>Un regard sur la migration: Ouvreir les coeurs et les consciences<\/strong><\/p>\n<!-- \/wp:paragraph --><!-- wp:paragraph {\"translatedWithWPMLTM\":\"1\"} -->\n<p>Participez au webinaire, organis\u00e9 par le groupe de travail de l\u2019UMOFC Migrants et R\u00e9fugi\u00e9s, qui cherche \u00e0 offrir une vision g\u00e9n\u00e9rale de la migration du point de vue des migrants eux-m\u00eames, mais aussi de ceux qui les accueillent. Comment, \u00e0 travers ces diverses exp\u00e9riences, nous pouvons favoriser l\u2019acceptation de l\u2019autre et encourager l\u2019action individuelle et collective. Sortir des statistiques pour parler uniquement de l\u2019\u00eatre humain.  <\/p>\n<!-- \/wp:paragraph --><!-- wp:paragraph {\"translatedWithWPMLTM\":\"1\"} -->\n<p>Ensemble, nous \u00e9couterons les voix des migrants et de ceux qui les accompagnent, en explorant comment la foi, l\u2019humanit\u00e9 et la solidarit\u00e9 peuvent transformer nos communaut\u00e9s. \u00c0 travers des t\u00e9moignages et des r\u00e9flexions venues d\u2019Afrique, d\u2019Europe et d\u2019Am\u00e9rique latine, cet \u00e9v\u00e9nement mettra en lumi\u00e8re \u00e0 la fois les d\u00e9fis et les esp\u00e9rances que la migration apporte. <\/p>\n<!-- \/wp:paragraph --><!-- wp:paragraph {\"translatedWithWPMLTM\":\"1\"} -->\n<p>Ce webinaire est une occasion <strong>d\u2019ouvrir nos c\u0153urs et nos consciences<\/strong>, de reconna\u00eetre notre humanit\u00e9 partag\u00e9e et de nous engager \u00e0 construire un monde o\u00f9 la dignit\u00e9 et la paix soient possibles pour tous.<\/p>\n<!-- \/wp:paragraph --><!-- wp:paragraph {\"translatedWithWPMLTM\":\"1\"} -->\n<p>\ud83d\udcc5 <strong>Date <\/strong>: 18 d\u00e9cembre<br\/>\ud83d\udd52 <strong>Heure <\/strong>: 15.30-17 (heure de Rome)<br\/>\ud83c\udf10 <strong>En ligne<\/strong><\/p>\n<!-- \/wp:paragraph --><!-- wp:paragraph {\"translatedWithWPMLTM\":\"1\"} -->\n<p><strong>Orateurs :<\/strong><\/p>\n<!-- \/wp:paragraph --><!-- wp:paragraph {\"translatedWithWPMLTM\":\"1\"} -->\n<p><strong>B\u00e9atrice Badiane<\/strong> - Directrice du centre KAYAM, S\u00e9n\u00e9gal<br\/><strong>Juan Rognoni Escario<\/strong> - Directeur de la Caritas Dioc\u00e9saine de Tenerife, Espagne<br\/><strong>Alma Ram\u00edrez<\/strong> - Directrice de projets et Coordinatrice de la collecte de fonds, Institut Madre Asunta, Mexique<br\/><strong>Sr. Lidia Mara Silva de Souza <\/strong> - Directrice g\u00e9n\u00e9rale de la Mission Scalabrinienne aupr\u00e8s des Migrants et R\u00e9fugi\u00e9s (SMR), Mexique<\/p>\n<!-- \/wp:paragraph --><!-- wp:paragraph {\"translatedWithWPMLTM\":\"1\"} -->\n<p><strong>T\u00e9moignages :<\/strong><\/p>\n<!-- \/wp:paragraph --><!-- wp:paragraph {\"translatedWithWPMLTM\":\"1\"} -->\n<p><strong>Adja<\/strong> - Migrante du Mali<br\/><strong>Camundina <\/strong>- Migrante ha\u00eftienne au Mexique<br\/><strong>Hazel <\/strong>- Migrante v\u00e9n\u00e9zu\u00e9lienne au Mexique<\/p>\n<!-- \/wp:paragraph --><!-- wp:paragraph -->\n<p><\/p>\n<!-- \/wp:paragraph --><!-- wp:buttons {\"layout\":{\"type\":\"flex\",\"justifyContent\":\"left\",\"flexWrap\":\"wrap\"}} -->\n<div class=\"wp-block-buttons\"><!-- wp:button {\"textAlign\":\"center\",\"style\":{\"color\":{\"background\":\"#00486e\"}},\"translatedWithWPMLTM\":\"1\"} -->\n<div class=\"wp-block-button\"><a class=\"wp-block-button__link has-background has-text-align-center wp-element-button\" href=\"https:\/\/wucwo.org\/wp-content\/uploads\/2025\/12\/Flyer-18-december-FRA.pdf\" style=\"background-color:#00486e\">Invitation<\/a><\/div>\n<!-- \/wp:button -->\n\n<!-- wp:button {\"style\":{\"color\":{\"background\":\"#00486e\"}},\"translatedWithWPMLTM\":\"1\"} -->\n<div class=\"wp-block-button\"><a class=\"wp-block-button__link has-background wp-element-button\" href=\"https:\/\/us02web.zoom.us\/webinar\/register\/WN_UNRUKv8EQ1iMRxIEu7Mw5A#\/registration\" style=\"background-color:#00486e\">Inscription<\/a><\/div>\n<!-- \/wp:button --><\/div>\n<!-- \/wp:buttons -->","_et_gb_content_width":"","footnotes":""},"categories":[168,172],"tags":[],"class_list":["post-17525","post","type-post","status-publish","format-standard","has-post-thumbnail","hentry","category-evenements-migrants-refugies","category-evenements-umofc"],"yoast_head":"<!-- This site is optimized with the Yoast SEO plugin v27.8 - https:\/\/yoast.com\/product\/yoast-seo-wordpress\/ -->\n<title>Un regard sur la migration - WUCWO - UMOFC<\/title>\n<meta name=\"description\" content=\"Webinaire sur les migrations le 18 d\u00e9cembre 2025. T\u00e9moignages et r\u00e9flexions d&#039;Afrique, d&#039;Europe et d&#039;Am\u00e9rique latine.\" \/>\n<meta name=\"robots\" content=\"index, follow, max-snippet:-1, max-image-preview:large, max-video-preview:-1\" \/>\n<link rel=\"canonical\" href=\"https:\/\/wucwo.org\/fr\/un-regard-sur-la-migration\/\" \/>\n<meta property=\"og:locale\" content=\"fr_FR\" \/>\n<meta property=\"og:type\" content=\"article\" \/>\n<meta property=\"og:title\" content=\"Un regard sur la migration - WUCWO - UMOFC\" \/>\n<meta property=\"og:description\" content=\"Webinaire sur les migrations le 18 d\u00e9cembre 2025. T\u00e9moignages et r\u00e9flexions d&#039;Afrique, d&#039;Europe et d&#039;Am\u00e9rique latine.\" \/>\n<meta property=\"og:url\" content=\"https:\/\/wucwo.org\/fr\/un-regard-sur-la-migration\/\" \/>\n<meta property=\"og:site_name\" content=\"WUCWO - UMOFC\" \/>\n<meta property=\"article:publisher\" content=\"https:\/\/www.facebook.com\/worldunionofcatholicwomensorganisations\/\" \/>\n<meta property=\"article:published_time\" content=\"2025-12-09T12:25:36+00:00\" \/>\n<meta property=\"article:modified_time\" content=\"2025-12-10T09:58:46+00:00\" \/>\n<meta property=\"og:image\" content=\"https:\/\/wucwo.org\/wp-content\/uploads\/2025\/12\/Una-donna-migrante-2-1024x683.png\" \/>\n\t<meta property=\"og:image:width\" content=\"1024\" \/>\n\t<meta property=\"og:image:height\" content=\"683\" \/>\n\t<meta property=\"og:image:type\" content=\"image\/png\" \/>\n<meta name=\"author\" content=\"info\" \/>\n<meta name=\"twitter:card\" content=\"summary_large_image\" \/>\n<meta name=\"twitter:label1\" content=\"\u00c9crit par\" \/>\n\t<meta name=\"twitter:data1\" content=\"info\" \/>\n\t<meta name=\"twitter:label2\" content=\"Dur\u00e9e de lecture estim\u00e9e\" \/>\n\t<meta name=\"twitter:data2\" content=\"2 minutes\" \/>\n<script type=\"application\/ld+json\" class=\"yoast-schema-graph\">{\"@context\":\"https:\\\/\\\/schema.org\",\"@graph\":[{\"@type\":\"Article\",\"@id\":\"https:\\\/\\\/wucwo.org\\\/fr\\\/un-regard-sur-la-migration\\\/#article\",\"isPartOf\":{\"@id\":\"https:\\\/\\\/wucwo.org\\\/fr\\\/un-regard-sur-la-migration\\\/\"},\"author\":{\"name\":\"info\",\"@id\":\"https:\\\/\\\/wucwo.org\\\/fr\\\/#\\\/schema\\\/person\\\/1afc26e4266dd0457a2309d6fb6c9c32\"},\"headline\":\"Un regard sur la migration\",\"datePublished\":\"2025-12-09T12:25:36+00:00\",\"dateModified\":\"2025-12-10T09:58:46+00:00\",\"mainEntityOfPage\":{\"@id\":\"https:\\\/\\\/wucwo.org\\\/fr\\\/un-regard-sur-la-migration\\\/\"},\"wordCount\":308,\"commentCount\":0,\"publisher\":{\"@id\":\"https:\\\/\\\/wucwo.org\\\/fr\\\/#organization\"},\"image\":{\"@id\":\"https:\\\/\\\/wucwo.org\\\/fr\\\/un-regard-sur-la-migration\\\/#primaryimage\"},\"thumbnailUrl\":\"https:\\\/\\\/wucwo.org\\\/wp-content\\\/uploads\\\/2025\\\/12\\\/Una-donna-migrante-2.png\",\"articleSection\":[\"Migrants et r\u00e9fugi\u00e9s\",\"UMOFC\"],\"inLanguage\":\"fr-FR\",\"potentialAction\":[{\"@type\":\"CommentAction\",\"name\":\"Comment\",\"target\":[\"https:\\\/\\\/wucwo.org\\\/fr\\\/un-regard-sur-la-migration\\\/#respond\"]}]},{\"@type\":\"WebPage\",\"@id\":\"https:\\\/\\\/wucwo.org\\\/fr\\\/un-regard-sur-la-migration\\\/\",\"url\":\"https:\\\/\\\/wucwo.org\\\/fr\\\/un-regard-sur-la-migration\\\/\",\"name\":\"Un regard sur la migration - WUCWO - UMOFC\",\"isPartOf\":{\"@id\":\"https:\\\/\\\/wucwo.org\\\/fr\\\/#website\"},\"primaryImageOfPage\":{\"@id\":\"https:\\\/\\\/wucwo.org\\\/fr\\\/un-regard-sur-la-migration\\\/#primaryimage\"},\"image\":{\"@id\":\"https:\\\/\\\/wucwo.org\\\/fr\\\/un-regard-sur-la-migration\\\/#primaryimage\"},\"thumbnailUrl\":\"https:\\\/\\\/wucwo.org\\\/wp-content\\\/uploads\\\/2025\\\/12\\\/Una-donna-migrante-2.png\",\"datePublished\":\"2025-12-09T12:25:36+00:00\",\"dateModified\":\"2025-12-10T09:58:46+00:00\",\"description\":\"Webinaire sur les migrations le 18 d\u00e9cembre 2025. T\u00e9moignages et r\u00e9flexions d'Afrique, d'Europe et d'Am\u00e9rique latine.\",\"breadcrumb\":{\"@id\":\"https:\\\/\\\/wucwo.org\\\/fr\\\/un-regard-sur-la-migration\\\/#breadcrumb\"},\"inLanguage\":\"fr-FR\",\"potentialAction\":[{\"@type\":\"ReadAction\",\"target\":[\"https:\\\/\\\/wucwo.org\\\/fr\\\/un-regard-sur-la-migration\\\/\"]}]},{\"@type\":\"ImageObject\",\"inLanguage\":\"fr-FR\",\"@id\":\"https:\\\/\\\/wucwo.org\\\/fr\\\/un-regard-sur-la-migration\\\/#primaryimage\",\"url\":\"https:\\\/\\\/wucwo.org\\\/wp-content\\\/uploads\\\/2025\\\/12\\\/Una-donna-migrante-2.png\",\"contentUrl\":\"https:\\\/\\\/wucwo.org\\\/wp-content\\\/uploads\\\/2025\\\/12\\\/Una-donna-migrante-2.png\",\"width\":1536,\"height\":1024},{\"@type\":\"BreadcrumbList\",\"@id\":\"https:\\\/\\\/wucwo.org\\\/fr\\\/un-regard-sur-la-migration\\\/#breadcrumb\",\"itemListElement\":[{\"@type\":\"ListItem\",\"position\":1,\"name\":\"Portada\",\"item\":\"https:\\\/\\\/wucwo.org\\\/fr\\\/\"},{\"@type\":\"ListItem\",\"position\":2,\"name\":\"Un regard sur la migration\"}]},{\"@type\":\"WebSite\",\"@id\":\"https:\\\/\\\/wucwo.org\\\/fr\\\/#website\",\"url\":\"https:\\\/\\\/wucwo.org\\\/fr\\\/\",\"name\":\"UMOFC\",\"description\":\"\",\"publisher\":{\"@id\":\"https:\\\/\\\/wucwo.org\\\/fr\\\/#organization\"},\"potentialAction\":[{\"@type\":\"SearchAction\",\"target\":{\"@type\":\"EntryPoint\",\"urlTemplate\":\"https:\\\/\\\/wucwo.org\\\/fr\\\/?s={search_term_string}\"},\"query-input\":{\"@type\":\"PropertyValueSpecification\",\"valueRequired\":true,\"valueName\":\"search_term_string\"}}],\"inLanguage\":\"fr-FR\"},{\"@type\":\"Organization\",\"@id\":\"https:\\\/\\\/wucwo.org\\\/fr\\\/#organization\",\"name\":\"UMOFC\",\"url\":\"https:\\\/\\\/wucwo.org\\\/fr\\\/\",\"logo\":{\"@type\":\"ImageObject\",\"inLanguage\":\"fr-FR\",\"@id\":\"https:\\\/\\\/wucwo.org\\\/fr\\\/#\\\/schema\\\/logo\\\/image\\\/\",\"url\":\"https:\\\/\\\/wucwo.org\\\/wp-content\\\/uploads\\\/2025\\\/08\\\/Final-icono-scaled.png\",\"contentUrl\":\"https:\\\/\\\/wucwo.org\\\/wp-content\\\/uploads\\\/2025\\\/08\\\/Final-icono-scaled.png\",\"width\":2560,\"height\":1811,\"caption\":\"UMOFC\"},\"image\":{\"@id\":\"https:\\\/\\\/wucwo.org\\\/fr\\\/#\\\/schema\\\/logo\\\/image\\\/\"},\"sameAs\":[\"https:\\\/\\\/www.facebook.com\\\/worldunionofcatholicwomensorganisations\\\/\",\"https:\\\/\\\/www.instagram.com\\\/wucwo_umofc\\\/\",\"https:\\\/\\\/www.linkedin.com\\\/company\\\/wucwo\\\/\",\"https:\\\/\\\/www.youtube.com\\\/@WUCWOUMOFC\",\"https:\\\/\\\/www.flickr.com\\\/photos\\\/203210007@N05\\\/albums\"]},{\"@type\":\"Person\",\"@id\":\"https:\\\/\\\/wucwo.org\\\/fr\\\/#\\\/schema\\\/person\\\/1afc26e4266dd0457a2309d6fb6c9c32\",\"name\":\"info\",\"image\":{\"@type\":\"ImageObject\",\"inLanguage\":\"fr-FR\",\"@id\":\"https:\\\/\\\/secure.gravatar.com\\\/avatar\\\/f0b66018d4d4a05d7dacfa9dfae6882ddcb2b385e730d853a4bc3c17c9424ae9?s=96&d=mm&r=g\",\"url\":\"https:\\\/\\\/secure.gravatar.com\\\/avatar\\\/f0b66018d4d4a05d7dacfa9dfae6882ddcb2b385e730d853a4bc3c17c9424ae9?s=96&d=mm&r=g\",\"contentUrl\":\"https:\\\/\\\/secure.gravatar.com\\\/avatar\\\/f0b66018d4d4a05d7dacfa9dfae6882ddcb2b385e730d853a4bc3c17c9424ae9?s=96&d=mm&r=g\",\"caption\":\"info\"},\"url\":\"https:\\\/\\\/wucwo.org\\\/fr\\\/author\\\/info\\\/\"}]}<\/script>\n<!-- \/ Yoast SEO plugin. -->","yoast_head_json":{"title":"Un regard sur la migration - WUCWO - UMOFC","description":"Webinaire sur les migrations le 18 d\u00e9cembre 2025. T\u00e9moignages et r\u00e9flexions d'Afrique, d'Europe et d'Am\u00e9rique latine.","robots":{"index":"index","follow":"follow","max-snippet":"max-snippet:-1","max-image-preview":"max-image-preview:large","max-video-preview":"max-video-preview:-1"},"canonical":"https:\/\/wucwo.org\/fr\/un-regard-sur-la-migration\/","og_locale":"fr_FR","og_type":"article","og_title":"Un regard sur la migration - WUCWO - UMOFC","og_description":"Webinaire sur les migrations le 18 d\u00e9cembre 2025. T\u00e9moignages et r\u00e9flexions d'Afrique, d'Europe et d'Am\u00e9rique latine.","og_url":"https:\/\/wucwo.org\/fr\/un-regard-sur-la-migration\/","og_site_name":"WUCWO - UMOFC","article_publisher":"https:\/\/www.facebook.com\/worldunionofcatholicwomensorganisations\/","article_published_time":"2025-12-09T12:25:36+00:00","article_modified_time":"2025-12-10T09:58:46+00:00","og_image":[{"width":1024,"height":683,"url":"https:\/\/wucwo.org\/wp-content\/uploads\/2025\/12\/Una-donna-migrante-2-1024x683.png","type":"image\/png"}],"author":"info","twitter_card":"summary_large_image","twitter_misc":{"\u00c9crit par":"info","Dur\u00e9e de lecture estim\u00e9e":"2 minutes"},"schema":{"@context":"https:\/\/schema.org","@graph":[{"@type":"Article","@id":"https:\/\/wucwo.org\/fr\/un-regard-sur-la-migration\/#article","isPartOf":{"@id":"https:\/\/wucwo.org\/fr\/un-regard-sur-la-migration\/"},"author":{"name":"info","@id":"https:\/\/wucwo.org\/fr\/#\/schema\/person\/1afc26e4266dd0457a2309d6fb6c9c32"},"headline":"Un regard sur la migration","datePublished":"2025-12-09T12:25:36+00:00","dateModified":"2025-12-10T09:58:46+00:00","mainEntityOfPage":{"@id":"https:\/\/wucwo.org\/fr\/un-regard-sur-la-migration\/"},"wordCount":308,"commentCount":0,"publisher":{"@id":"https:\/\/wucwo.org\/fr\/#organization"},"image":{"@id":"https:\/\/wucwo.org\/fr\/un-regard-sur-la-migration\/#primaryimage"},"thumbnailUrl":"https:\/\/wucwo.org\/wp-content\/uploads\/2025\/12\/Una-donna-migrante-2.png","articleSection":["Migrants et r\u00e9fugi\u00e9s","UMOFC"],"inLanguage":"fr-FR","potentialAction":[{"@type":"CommentAction","name":"Comment","target":["https:\/\/wucwo.org\/fr\/un-regard-sur-la-migration\/#respond"]}]},{"@type":"WebPage","@id":"https:\/\/wucwo.org\/fr\/un-regard-sur-la-migration\/","url":"https:\/\/wucwo.org\/fr\/un-regard-sur-la-migration\/","name":"Un regard sur la migration - WUCWO - UMOFC","isPartOf":{"@id":"https:\/\/wucwo.org\/fr\/#website"},"primaryImageOfPage":{"@id":"https:\/\/wucwo.org\/fr\/un-regard-sur-la-migration\/#primaryimage"},"image":{"@id":"https:\/\/wucwo.org\/fr\/un-regard-sur-la-migration\/#primaryimage"},"thumbnailUrl":"https:\/\/wucwo.org\/wp-content\/uploads\/2025\/12\/Una-donna-migrante-2.png","datePublished":"2025-12-09T12:25:36+00:00","dateModified":"2025-12-10T09:58:46+00:00","description":"Webinaire sur les migrations le 18 d\u00e9cembre 2025. T\u00e9moignages et r\u00e9flexions d'Afrique, d'Europe et d'Am\u00e9rique latine.","breadcrumb":{"@id":"https:\/\/wucwo.org\/fr\/un-regard-sur-la-migration\/#breadcrumb"},"inLanguage":"fr-FR","potentialAction":[{"@type":"ReadAction","target":["https:\/\/wucwo.org\/fr\/un-regard-sur-la-migration\/"]}]},{"@type":"ImageObject","inLanguage":"fr-FR","@id":"https:\/\/wucwo.org\/fr\/un-regard-sur-la-migration\/#primaryimage","url":"https:\/\/wucwo.org\/wp-content\/uploads\/2025\/12\/Una-donna-migrante-2.png","contentUrl":"https:\/\/wucwo.org\/wp-content\/uploads\/2025\/12\/Una-donna-migrante-2.png","width":1536,"height":1024},{"@type":"BreadcrumbList","@id":"https:\/\/wucwo.org\/fr\/un-regard-sur-la-migration\/#breadcrumb","itemListElement":[{"@type":"ListItem","position":1,"name":"Portada","item":"https:\/\/wucwo.org\/fr\/"},{"@type":"ListItem","position":2,"name":"Un regard sur la migration"}]},{"@type":"WebSite","@id":"https:\/\/wucwo.org\/fr\/#website","url":"https:\/\/wucwo.org\/fr\/","name":"UMOFC","description":"","publisher":{"@id":"https:\/\/wucwo.org\/fr\/#organization"},"potentialAction":[{"@type":"SearchAction","target":{"@type":"EntryPoint","urlTemplate":"https:\/\/wucwo.org\/fr\/?s={search_term_string}"},"query-input":{"@type":"PropertyValueSpecification","valueRequired":true,"valueName":"search_term_string"}}],"inLanguage":"fr-FR"},{"@type":"Organization","@id":"https:\/\/wucwo.org\/fr\/#organization","name":"UMOFC","url":"https:\/\/wucwo.org\/fr\/","logo":{"@type":"ImageObject","inLanguage":"fr-FR","@id":"https:\/\/wucwo.org\/fr\/#\/schema\/logo\/image\/","url":"https:\/\/wucwo.org\/wp-content\/uploads\/2025\/08\/Final-icono-scaled.png","contentUrl":"https:\/\/wucwo.org\/wp-content\/uploads\/2025\/08\/Final-icono-scaled.png","width":2560,"height":1811,"caption":"UMOFC"},"image":{"@id":"https:\/\/wucwo.org\/fr\/#\/schema\/logo\/image\/"},"sameAs":["https:\/\/www.facebook.com\/worldunionofcatholicwomensorganisations\/","https:\/\/www.instagram.com\/wucwo_umofc\/","https:\/\/www.linkedin.com\/company\/wucwo\/","https:\/\/www.youtube.com\/@WUCWOUMOFC","https:\/\/www.flickr.com\/photos\/203210007@N05\/albums"]},{"@type":"Person","@id":"https:\/\/wucwo.org\/fr\/#\/schema\/person\/1afc26e4266dd0457a2309d6fb6c9c32","name":"info","image":{"@type":"ImageObject","inLanguage":"fr-FR","@id":"https:\/\/secure.gravatar.com\/avatar\/f0b66018d4d4a05d7dacfa9dfae6882ddcb2b385e730d853a4bc3c17c9424ae9?s=96&d=mm&r=g","url":"https:\/\/secure.gravatar.com\/avatar\/f0b66018d4d4a05d7dacfa9dfae6882ddcb2b385e730d853a4bc3c17c9424ae9?s=96&d=mm&r=g","contentUrl":"https:\/\/secure.gravatar.com\/avatar\/f0b66018d4d4a05d7dacfa9dfae6882ddcb2b385e730d853a4bc3c17c9424ae9?s=96&d=mm&r=g","caption":"info"},"url":"https:\/\/wucwo.org\/fr\/author\/info\/"}]}},"_links":{"self":[{"href":"https:\/\/wucwo.org\/fr\/wp-json\/wp\/v2\/posts\/17525","targetHints":{"allow":["GET"]}}],"collection":[{"href":"https:\/\/wucwo.org\/fr\/wp-json\/wp\/v2\/posts"}],"about":[{"href":"https:\/\/wucwo.org\/fr\/wp-json\/wp\/v2\/types\/post"}],"author":[{"embeddable":true,"href":"https:\/\/wucwo.org\/fr\/wp-json\/wp\/v2\/users\/2"}],"replies":[{"embeddable":true,"href":"https:\/\/wucwo.org\/fr\/wp-json\/wp\/v2\/comments?post=17525"}],"version-history":[{"count":0,"href":"https:\/\/wucwo.org\/fr\/wp-json\/wp\/v2\/posts\/17525\/revisions"}],"wp:featuredmedia":[{"embeddable":true,"href":"https:\/\/wucwo.org\/fr\/wp-json\/wp\/v2\/media\/17517"}],"wp:attachment":[{"href":"https:\/\/wucwo.org\/fr\/wp-json\/wp\/v2\/media?parent=17525"}],"wp:term":[{"taxonomy":"category","embeddable":true,"href":"https:\/\/wucwo.org\/fr\/wp-json\/wp\/v2\/categories?post=17525"},{"taxonomy":"post_tag","embeddable":true,"href":"https:\/\/wucwo.org\/fr\/wp-json\/wp\/v2\/tags?post=17525"}],"curies":[{"name":"wp","href":"https:\/\/api.w.org\/{rel}","templated":true}]}}