{"id":17536,"date":"2025-12-09T12:22:06","date_gmt":"2025-12-09T11:22:06","guid":{"rendered":"https:\/\/wucwo.org\/a-travers-les-yeux-des-femmes-la-visite-du-pape-au-liban\/"},"modified":"2025-12-10T09:39:42","modified_gmt":"2025-12-10T08:39:42","slug":"a-travers-les-yeux-des-femmes-la-visite-du-pape-au-liban","status":"publish","type":"post","link":"https:\/\/wucwo.org\/fr\/a-travers-les-yeux-des-femmes-la-visite-du-pape-au-liban\/","title":{"rendered":"\u00c0 travers les yeux des femmes : la visite du Pape au Liban"},"content":{"rendered":"\n<p class=\"wp-block-paragraph\">Les membres du <strong>Comit\u00e9 pastoral des femmes<\/strong> du dioc\u00e8se de Jounieh avons accueilli la nouvelle de la visite du Pape au Liban avec joie et esp\u00e9rance. Nous avons accompagn\u00e9 le Pape L\u00e9on XIV \u00e0 Harissa, au rassemblement des jeunes \u00e0 Bkerk\u00e9 et \u00e0 la Messe solennelle sur le front de mer de Beyrouth. <\/p>\n\n<h4 class=\"wp-block-heading\"><strong>Un messager de paix dans la patrie de la paix<\/strong><\/h4>\n\n<p class=\"wp-block-paragraph\">Notre amour pour notre pays et notre attachement \u00e0 lui demeurent in\u00e9branlables \u2014 le Liban, petit par sa taille mais grand par sa mission, une patrie de dignit\u00e9 pour tout \u00eatre humain. Le Liban est un message de libert\u00e9 et de pluralit\u00e9 pour l\u2019Occident et l\u2019Orient. Nous ne mourrons pas, nous ne partirons pas, nous ne d\u00e9sesp\u00e9rerons pas, nous ne nous rendrons pas. Nous restons ici \u2014 lumi\u00e8re de l\u2019Orient, enfants d\u2019esp\u00e9rance et de r\u00e9surrection, messagers d\u2019amour et de bont\u00e9.   <\/p>\n\n<figure class=\"wp-block-image size-large\"><img loading=\"lazy\" decoding=\"async\" width=\"1024\" height=\"768\" src=\"https:\/\/wucwo.org\/wp-content\/uploads\/2025\/12\/9.2025-12-01-1024x768.jpeg\" alt=\"\" class=\"wp-image-17470\" srcset=\"https:\/\/wucwo.org\/wp-content\/uploads\/2025\/12\/9.2025-12-01-1024x768.jpeg 1024w, https:\/\/wucwo.org\/wp-content\/uploads\/2025\/12\/9.2025-12-01-980x735.jpeg 980w, https:\/\/wucwo.org\/wp-content\/uploads\/2025\/12\/9.2025-12-01-480x360.jpeg 480w\" sizes=\"(min-width: 0px) and (max-width: 480px) 480px, (min-width: 481px) and (max-width: 980px) 980px, (min-width: 981px) 1024px, 100vw\" \/><\/figure>\n\n<p class=\"wp-block-paragraph\">Une visite historique sous la devise \u00ab <strong>Heureux les artisans de paix<\/strong> \u00bb, ouvrant de nouveaux horizons. Le Pape L\u00e9on a soulign\u00e9 que la paix est \u00e0 la fois un don et un chantier permanent. Ici, la paix est plus qu\u2019un simple mot : l\u2019\u00e9dification de la paix est un commencement renouvel\u00e9 et continu. Celui qui cherche la paix doit accepter et embrasser la r\u00e9alit\u00e9 telle qu\u2019elle est, car la paix consiste \u00e0 apprendre \u00e0 vivre ensemble.   <\/p>\n\n<p class=\"wp-block-paragraph\">Le Liban est un pays diversifi\u00e9 et nous \u0153uvrons pour qu\u2019un langage commun nous unisse : <strong>le langage de l\u2019esp\u00e9rance.<\/strong><\/p>\n\n<h4 class=\"wp-block-heading\"><strong>Le r\u00f4le des femmes dans leur engagement pers\u00e9v\u00e9rant et patient pour pr\u00e9server et construire la paix<\/strong><\/h4>\n\n<p class=\"wp-block-paragraph\">La p\u00e9riode de la pr\u00e9sence du Pape parmi nous a \u00e9t\u00e9 un temps spirituel ; Sa Saintet\u00e9 nous a aid\u00e9s \u00e0 passer de la rive du d\u00e9couragement \u00e0 celle de la foi. Dans la ferveur des pri\u00e8res et des rassemblements unificateurs, nous avons per\u00e7u un appel clair \u00e0 reconstruire la personne humaine de l\u2019int\u00e9rieur. Le Souverain Pontife a sem\u00e9 en nous la certitude que, quelle que soit la longueur de la nuit libanaise, elle doit \u00eatre suivie de l\u2019aube de la r\u00e9surrection. Le Pape a appel\u00e9 l\u2019\u00c9glise et les fid\u00e8les \u00e0 \u00eatre des ponts de rencontre, et non des murs d\u2019isolement. Sur le plan social et humain \u2014 et c\u2019est peut-\u00eatre l\u2019aspect le plus visible \u2014 le Pape est devenu la voix des sans-voix. Nous avons senti sa solidarit\u00e9 avec les larmes des m\u00e8res, l\u2019angoisse des jeunes qui \u00e9migrent et la souffrance des pauvres. Sa Saintet\u00e9 n\u2019est pas venue seulement pour serrer des mains, mais pour parler aux c\u0153urs bris\u00e9s, r\u00e9clamant pour chaque citoyen le droit de vivre dans la dignit\u00e9.      <\/p>\n\n<figure class=\"wp-block-image size-large\"><img loading=\"lazy\" decoding=\"async\" width=\"1024\" height=\"768\" src=\"https:\/\/wucwo.org\/wp-content\/uploads\/2025\/12\/6.2025-12-01-1024x768.jpeg\" alt=\"\" class=\"wp-image-17473\" srcset=\"https:\/\/wucwo.org\/wp-content\/uploads\/2025\/12\/6.2025-12-01-980x735.jpeg 980w, https:\/\/wucwo.org\/wp-content\/uploads\/2025\/12\/6.2025-12-01-480x360.jpeg 480w\" sizes=\"(min-width: 0px) and (max-width: 480px) 480px, (min-width: 481px) and (max-width: 980px) 980px, (min-width: 981px) 1024px, 100vw\" \/><\/figure>\n\n<p class=\"wp-block-paragraph\">Le Pape a soulign\u00e9 le r\u00f4le <strong>essentiel des femmes dans leur engagement patient et pers\u00e9v\u00e9rant pour pr\u00e9server et construire la paix<\/strong>. Il a \u00e9galement affirm\u00e9 que leur participation \u00e0 la vie sociale et politique, ainsi qu\u2019\u00e0 la vie de leurs communaut\u00e9s religieuses \u2014 tenant compte de l\u2019\u00e9nergie propre \u00e0 la jeunesse \u2014 constitue, partout dans le monde, un \u00e9l\u00e9ment de v\u00e9ritable renouveau. <\/p>\n\n<p class=\"wp-block-paragraph\">Le dernier jour, le Pape a rencontr\u00e9 \u00e0 Deir Al-Salib le monde de la souffrance et ceux qui peinent, leur donnant une voix. Il s\u2019est ensuite recueilli devant le Port de Beyrouth, o\u00f9 il a pri\u00e9, salu\u00e9, consol\u00e9, s\u00e9ch\u00e9 des larmes et exprim\u00e9 sa solidarit\u00e9 dans le deuil. <\/p>\n\n<h4 class=\"wp-block-heading\"><strong>\u00ab \u00d4 Liban, l\u00e8ve-toi ! \u00bb<\/strong><\/h4>\n\n<p class=\"wp-block-paragraph\">Le Pape a conclu sa visite par la Divine Liturgie \u00e0 Beyrouth, devant des dizaines de milliers de Libanais. Dans la derni\u00e8re partie de son hom\u00e9lie, il a proclam\u00e9 : \u00ab \u00d4 Liban, l\u00e8ve-toi ! \u00bb, non comme un appel \u00e9motionnel, mais comme une invitation \u00e0 d\u00e9pouiller les c\u0153urs de la haine et des armes, et \u00e0 y r\u00e9veiller le r\u00eave d\u2019un Liban uni, fond\u00e9 sur la justice et la paix. <\/p>\n\n<p class=\"wp-block-paragraph\">Et maintenant, nous disons : <strong>la visite du Pape commence au moment o\u00f9 elle s\u2019ach\u00e8ve ! Alors allons de l\u2019avant et travaillons ! <\/strong><\/p>\n\n<figure class=\"wp-block-gallery has-nested-images columns-default is-cropped wp-block-gallery-1 is-layout-flex wp-block-gallery-is-layout-flex\">\n<figure class=\"wp-block-image size-large\"><img loading=\"lazy\" decoding=\"async\" width=\"1024\" height=\"768\" data-id=\"17477\" src=\"https:\/\/wucwo.org\/wp-content\/uploads\/2025\/12\/3.2025-12-01-1024x768.jpeg\" alt=\"\" class=\"wp-image-17477\" srcset=\"https:\/\/wucwo.org\/wp-content\/uploads\/2025\/12\/3.2025-12-01-1024x768.jpeg 1024w, https:\/\/wucwo.org\/wp-content\/uploads\/2025\/12\/3.2025-12-01-980x735.jpeg 980w, https:\/\/wucwo.org\/wp-content\/uploads\/2025\/12\/3.2025-12-01-480x360.jpeg 480w\" sizes=\"(min-width: 0px) and (max-width: 480px) 480px, (min-width: 481px) and (max-width: 980px) 980px, (min-width: 981px) 1024px, 100vw\" \/><\/figure>\n<\/figure>\n\n<p class=\"wp-block-paragraph\"><\/p>\n\n<h4 class=\"wp-block-heading\"><strong>Voix t\u00e9moignages<\/strong><\/h4>\n\n<blockquote class=\"wp-block-quote is-layout-flow wp-block-quote-is-layout-flow\">\n<p class=\"wp-block-paragraph\">\u00ab Seigneur, je veux Te remercier pour l\u2019unit\u00e9 qui a rassembl\u00e9 toutes les confessions lors de la pr\u00e9sence du Pape L\u00e9on. \u00bb \u2013 <strong>Viviane Azar<\/strong><\/p>\n<\/blockquote>\n\n<blockquote class=\"wp-block-quote is-layout-flow wp-block-quote-is-layout-flow\">\n<p class=\"wp-block-paragraph\">\u00ab Que l\u2019Esprit donne \u00e0 nos mains de femmes la force de reb\u00e2tir, de consoler et d\u2019ouvrir des chemins de paix pour nos familles et notre pays. \u00bb \u2013 <strong>Marcelle Abi Saad Nakhoul<\/strong><\/p>\n<\/blockquote>\n\n<blockquote class=\"wp-block-quote is-layout-flow wp-block-quote-is-layout-flow\">\n<p class=\"wp-block-paragraph\">\u00ab En tant que responsable d\u2019une \u00e9cole maternelle, j\u2019ai senti une voix int\u00e9rieure me rappeler que la mission \u00e9ducative est aussi une mission de l\u2019\u00e2me. [\u2026] Ainsi, depuis deux semaines, j\u2019ai r\u00e9uni l\u2019\u00e9quipe enseignante pour b\u00e2tir, pas \u00e0 pas, un chemin spirituel adapt\u00e9 aux tout-petits. Nous avons recherch\u00e9 des traces de la vie du Pape L\u00e9on, m\u00e9dit\u00e9 ses messages de paix, choisi des pri\u00e8res simples mais profondes, des chants qui \u00e9veillent la joie, et des activit\u00e9s spirituelles qui parlent le langage pur de l\u2019enfance. \u00bb \u2013 <strong>H\u00e9l\u00e8ne Chbeir Hawa<\/strong><\/p>\n<\/blockquote>\n\n<figure class=\"wp-block-gallery has-nested-images columns-default is-cropped wp-block-gallery-2 is-layout-flex wp-block-gallery-is-layout-flex\">\n<figure class=\"wp-block-image size-large\"><img loading=\"lazy\" decoding=\"async\" width=\"1024\" height=\"768\" data-id=\"17483\" src=\"https:\/\/wucwo.org\/wp-content\/uploads\/2025\/12\/16.2025.11.24.Pope_in_Lebanon2025-1024x768.jpg\" alt=\"\" class=\"wp-image-17483\" srcset=\"https:\/\/wucwo.org\/wp-content\/uploads\/2025\/12\/16.2025.11.24.Pope_in_Lebanon2025-1024x768.jpg 1024w, https:\/\/wucwo.org\/wp-content\/uploads\/2025\/12\/16.2025.11.24.Pope_in_Lebanon2025-980x735.jpg 980w, https:\/\/wucwo.org\/wp-content\/uploads\/2025\/12\/16.2025.11.24.Pope_in_Lebanon2025-480x360.jpg 480w\" sizes=\"(min-width: 0px) and (max-width: 480px) 480px, (min-width: 481px) and (max-width: 980px) 980px, (min-width: 981px) 1024px, 100vw\" \/><\/figure>\n\n\n\n<figure class=\"wp-block-image size-large\"><img loading=\"lazy\" decoding=\"async\" width=\"1024\" height=\"473\" data-id=\"17484\" src=\"https:\/\/wucwo.org\/wp-content\/uploads\/2025\/12\/17.2025.11.24.Pope_in_Lebanon2025-1024x473.jpg\" alt=\"\" class=\"wp-image-17484\" srcset=\"https:\/\/wucwo.org\/wp-content\/uploads\/2025\/12\/17.2025.11.24.Pope_in_Lebanon2025-1024x473.jpg 1024w, https:\/\/wucwo.org\/wp-content\/uploads\/2025\/12\/17.2025.11.24.Pope_in_Lebanon2025-980x452.jpg 980w, https:\/\/wucwo.org\/wp-content\/uploads\/2025\/12\/17.2025.11.24.Pope_in_Lebanon2025-480x222.jpg 480w\" sizes=\"(min-width: 0px) and (max-width: 480px) 480px, (min-width: 481px) and (max-width: 980px) 980px, (min-width: 981px) 1024px, 100vw\" \/><\/figure>\n<\/figure>\n\n<blockquote class=\"wp-block-quote is-layout-flow wp-block-quote-is-layout-flow\">\n<p class=\"wp-block-paragraph\">\u00ab Alors que le Liban traverse l\u2019une des p\u00e9riodes les plus sombres de son histoire moderne \u2014 \u00e9touff\u00e9 par une crise \u00e9conomique, paralys\u00e9 par l\u2019instabilit\u00e9 politique et vid\u00e9 par l\u2019exode de sa jeunesse \u2014 la visite du Pape L\u00e9on XIV rev\u00eat une signification exceptionnelle. Elle transcende le cadre c\u00e9r\u00e9moniel et religieux pour devenir un signal d\u2019esp\u00e9rance adress\u00e9 \u00e0 un peuple qui lutte quotidiennement pour sa dignit\u00e9. Dans un contexte d\u2019effondrement institutionnel, de pauvret\u00e9 croissante et de m\u00e9fiance g\u00e9n\u00e9ralis\u00e9e, l\u2019arriv\u00e9e du Saint-P\u00e8re replace le Liban sous les projecteurs de la communaut\u00e9 internationale. \u00bb \u2013 <strong>Marl\u00e8ne Kassouf Abou Sejaan<\/strong><\/p>\n<\/blockquote>\n\n<blockquote class=\"wp-block-quote is-layout-flow wp-block-quote-is-layout-flow\">\n<p class=\"wp-block-paragraph\">\u00ab Seigneur, que cette visite pontificale devienne une source de paix pour le Liban. \u00bb \u2013 <strong>S\u0153ur Rafka el-Kareh<\/strong><\/p>\n<\/blockquote>\n\n<blockquote class=\"wp-block-quote is-layout-flow wp-block-quote-is-layout-flow\">\n<p class=\"wp-block-paragraph\">\u00ab Seigneur, que la venue du Pape L\u00e9on au Liban soit un signe de bonheur, de joie et d\u2019esp\u00e9rance. \u00bb \u2013 <strong>Nawal Jreij Abi Khalil<\/strong><\/p>\n<\/blockquote>\n\n<p class=\"wp-block-paragraph\"><strong>Fadia Hayek, coordinatrice du Comit\u00e9, Le Comit\u00e9 pastoral des femmes<\/strong><\/p>\n\n<p class=\"wp-block-paragraph\"><strong>Viviane Sebrini, Le Comit\u00e9 pastoral des femmes<\/strong><\/p>\n","protected":false},"excerpt":{"rendered":"<p>Les membres du Comit\u00e9 pastoral des femmes du dioc\u00e8se de Jounieh avons accueilli la nouvelle de la visite du Pape au Liban avec joie et esp\u00e9rance. Nous avons accompagn\u00e9 le Pape L\u00e9on XIV \u00e0 Harissa, au rassemblement des jeunes \u00e0 Bkerk\u00e9 et \u00e0 la Messe solennelle sur le front de mer de Beyrouth. Un messager [&hellip;]<\/p>\n","protected":false},"author":3,"featured_media":17466,"comment_status":"open","ping_status":"open","sticky":false,"template":"","format":"standard","meta":{"_et_pb_use_builder":"off","_et_pb_old_content":"","_et_gb_content_width":"","footnotes":""},"categories":[123,125,121],"tags":[],"class_list":["post-17536","post","type-post","status-publish","format-standard","has-post-thumbnail","hentry","category-nouvelles-eglise","category-nouvelles-membres","category-nouvelles-umofc"],"yoast_head":"<!-- This site is optimized with the Yoast SEO plugin v27.8 - https:\/\/yoast.com\/product\/yoast-seo-wordpress\/ -->\n<title>\u00c0 travers les yeux des femmes : la visite du Pape au Liban - WUCWO - UMOFC<\/title>\n<meta name=\"description\" content=\"Les membres du Comit\u00e9 pastoral des femmes du dioc\u00e8se de Jounieh avons accueilli la nouvelle de la visite du Pape au Liban avec joie et esp\u00e9rance.\" \/>\n<meta name=\"robots\" content=\"index, follow, max-snippet:-1, max-image-preview:large, max-video-preview:-1\" \/>\n<link rel=\"canonical\" href=\"https:\/\/wucwo.org\/fr\/a-travers-les-yeux-des-femmes-la-visite-du-pape-au-liban\/\" \/>\n<meta property=\"og:locale\" content=\"fr_FR\" \/>\n<meta property=\"og:type\" content=\"article\" \/>\n<meta property=\"og:title\" content=\"\u00c0 travers les yeux des femmes : la visite du Pape au Liban - WUCWO - UMOFC\" \/>\n<meta property=\"og:description\" content=\"Les membres du Comit\u00e9 pastoral des femmes du dioc\u00e8se de Jounieh avons accueilli la nouvelle de la visite du Pape au Liban avec joie et esp\u00e9rance.\" \/>\n<meta property=\"og:url\" content=\"https:\/\/wucwo.org\/fr\/a-travers-les-yeux-des-femmes-la-visite-du-pape-au-liban\/\" \/>\n<meta property=\"og:site_name\" content=\"WUCWO - UMOFC\" \/>\n<meta property=\"article:publisher\" content=\"https:\/\/www.facebook.com\/worldunionofcatholicwomensorganisations\/\" \/>\n<meta property=\"article:published_time\" content=\"2025-12-09T11:22:06+00:00\" \/>\n<meta property=\"article:modified_time\" content=\"2025-12-10T08:39:42+00:00\" \/>\n<meta property=\"og:image\" content=\"https:\/\/wucwo.org\/wp-content\/uploads\/2025\/12\/4.2025-12-01.jpeg\" \/>\n\t<meta property=\"og:image:width\" content=\"1280\" \/>\n\t<meta property=\"og:image:height\" content=\"960\" \/>\n\t<meta property=\"og:image:type\" content=\"image\/jpeg\" \/>\n<meta name=\"author\" content=\"communication\" \/>\n<meta name=\"twitter:card\" content=\"summary_large_image\" \/>\n<meta name=\"twitter:label1\" content=\"\u00c9crit par\" \/>\n\t<meta name=\"twitter:data1\" content=\"communication\" \/>\n\t<meta name=\"twitter:label2\" content=\"Dur\u00e9e de lecture estim\u00e9e\" \/>\n\t<meta name=\"twitter:data2\" content=\"5 minutes\" \/>\n<script type=\"application\/ld+json\" class=\"yoast-schema-graph\">{\"@context\":\"https:\\\/\\\/schema.org\",\"@graph\":[{\"@type\":\"Article\",\"@id\":\"https:\\\/\\\/wucwo.org\\\/fr\\\/a-travers-les-yeux-des-femmes-la-visite-du-pape-au-liban\\\/#article\",\"isPartOf\":{\"@id\":\"https:\\\/\\\/wucwo.org\\\/fr\\\/a-travers-les-yeux-des-femmes-la-visite-du-pape-au-liban\\\/\"},\"author\":{\"name\":\"communication\",\"@id\":\"https:\\\/\\\/wucwo.org\\\/fr\\\/#\\\/schema\\\/person\\\/36e189b76cc2f081eb3458e9a1f81183\"},\"headline\":\"\u00c0 travers les yeux des femmes : la visite du Pape au Liban\",\"datePublished\":\"2025-12-09T11:22:06+00:00\",\"dateModified\":\"2025-12-10T08:39:42+00:00\",\"mainEntityOfPage\":{\"@id\":\"https:\\\/\\\/wucwo.org\\\/fr\\\/a-travers-les-yeux-des-femmes-la-visite-du-pape-au-liban\\\/\"},\"wordCount\":1006,\"commentCount\":0,\"publisher\":{\"@id\":\"https:\\\/\\\/wucwo.org\\\/fr\\\/#organization\"},\"image\":{\"@id\":\"https:\\\/\\\/wucwo.org\\\/fr\\\/a-travers-les-yeux-des-femmes-la-visite-du-pape-au-liban\\\/#primaryimage\"},\"thumbnailUrl\":\"https:\\\/\\\/wucwo.org\\\/wp-content\\\/uploads\\\/2025\\\/12\\\/4.2025-12-01.jpeg\",\"articleSection\":[\"Eglise\",\"Membres\",\"UMOFC\"],\"inLanguage\":\"fr-FR\",\"potentialAction\":[{\"@type\":\"CommentAction\",\"name\":\"Comment\",\"target\":[\"https:\\\/\\\/wucwo.org\\\/fr\\\/a-travers-les-yeux-des-femmes-la-visite-du-pape-au-liban\\\/#respond\"]}]},{\"@type\":\"WebPage\",\"@id\":\"https:\\\/\\\/wucwo.org\\\/fr\\\/a-travers-les-yeux-des-femmes-la-visite-du-pape-au-liban\\\/\",\"url\":\"https:\\\/\\\/wucwo.org\\\/fr\\\/a-travers-les-yeux-des-femmes-la-visite-du-pape-au-liban\\\/\",\"name\":\"\u00c0 travers les yeux des femmes : la visite du Pape au Liban - WUCWO - UMOFC\",\"isPartOf\":{\"@id\":\"https:\\\/\\\/wucwo.org\\\/fr\\\/#website\"},\"primaryImageOfPage\":{\"@id\":\"https:\\\/\\\/wucwo.org\\\/fr\\\/a-travers-les-yeux-des-femmes-la-visite-du-pape-au-liban\\\/#primaryimage\"},\"image\":{\"@id\":\"https:\\\/\\\/wucwo.org\\\/fr\\\/a-travers-les-yeux-des-femmes-la-visite-du-pape-au-liban\\\/#primaryimage\"},\"thumbnailUrl\":\"https:\\\/\\\/wucwo.org\\\/wp-content\\\/uploads\\\/2025\\\/12\\\/4.2025-12-01.jpeg\",\"datePublished\":\"2025-12-09T11:22:06+00:00\",\"dateModified\":\"2025-12-10T08:39:42+00:00\",\"description\":\"Les membres du Comit\u00e9 pastoral des femmes du dioc\u00e8se de Jounieh avons accueilli la nouvelle de la visite du Pape au Liban avec joie et esp\u00e9rance.\",\"breadcrumb\":{\"@id\":\"https:\\\/\\\/wucwo.org\\\/fr\\\/a-travers-les-yeux-des-femmes-la-visite-du-pape-au-liban\\\/#breadcrumb\"},\"inLanguage\":\"fr-FR\",\"potentialAction\":[{\"@type\":\"ReadAction\",\"target\":[\"https:\\\/\\\/wucwo.org\\\/fr\\\/a-travers-les-yeux-des-femmes-la-visite-du-pape-au-liban\\\/\"]}]},{\"@type\":\"ImageObject\",\"inLanguage\":\"fr-FR\",\"@id\":\"https:\\\/\\\/wucwo.org\\\/fr\\\/a-travers-les-yeux-des-femmes-la-visite-du-pape-au-liban\\\/#primaryimage\",\"url\":\"https:\\\/\\\/wucwo.org\\\/wp-content\\\/uploads\\\/2025\\\/12\\\/4.2025-12-01.jpeg\",\"contentUrl\":\"https:\\\/\\\/wucwo.org\\\/wp-content\\\/uploads\\\/2025\\\/12\\\/4.2025-12-01.jpeg\",\"width\":1280,\"height\":960},{\"@type\":\"BreadcrumbList\",\"@id\":\"https:\\\/\\\/wucwo.org\\\/fr\\\/a-travers-les-yeux-des-femmes-la-visite-du-pape-au-liban\\\/#breadcrumb\",\"itemListElement\":[{\"@type\":\"ListItem\",\"position\":1,\"name\":\"Portada\",\"item\":\"https:\\\/\\\/wucwo.org\\\/fr\\\/\"},{\"@type\":\"ListItem\",\"position\":2,\"name\":\"\u00c0 travers les yeux des femmes : la visite du Pape au Liban\"}]},{\"@type\":\"WebSite\",\"@id\":\"https:\\\/\\\/wucwo.org\\\/fr\\\/#website\",\"url\":\"https:\\\/\\\/wucwo.org\\\/fr\\\/\",\"name\":\"UMOFC\",\"description\":\"\",\"publisher\":{\"@id\":\"https:\\\/\\\/wucwo.org\\\/fr\\\/#organization\"},\"potentialAction\":[{\"@type\":\"SearchAction\",\"target\":{\"@type\":\"EntryPoint\",\"urlTemplate\":\"https:\\\/\\\/wucwo.org\\\/fr\\\/?s={search_term_string}\"},\"query-input\":{\"@type\":\"PropertyValueSpecification\",\"valueRequired\":true,\"valueName\":\"search_term_string\"}}],\"inLanguage\":\"fr-FR\"},{\"@type\":\"Organization\",\"@id\":\"https:\\\/\\\/wucwo.org\\\/fr\\\/#organization\",\"name\":\"UMOFC\",\"url\":\"https:\\\/\\\/wucwo.org\\\/fr\\\/\",\"logo\":{\"@type\":\"ImageObject\",\"inLanguage\":\"fr-FR\",\"@id\":\"https:\\\/\\\/wucwo.org\\\/fr\\\/#\\\/schema\\\/logo\\\/image\\\/\",\"url\":\"https:\\\/\\\/wucwo.org\\\/wp-content\\\/uploads\\\/2025\\\/08\\\/Final-icono-scaled.png\",\"contentUrl\":\"https:\\\/\\\/wucwo.org\\\/wp-content\\\/uploads\\\/2025\\\/08\\\/Final-icono-scaled.png\",\"width\":2560,\"height\":1811,\"caption\":\"UMOFC\"},\"image\":{\"@id\":\"https:\\\/\\\/wucwo.org\\\/fr\\\/#\\\/schema\\\/logo\\\/image\\\/\"},\"sameAs\":[\"https:\\\/\\\/www.facebook.com\\\/worldunionofcatholicwomensorganisations\\\/\",\"https:\\\/\\\/www.instagram.com\\\/wucwo_umofc\\\/\",\"https:\\\/\\\/www.linkedin.com\\\/company\\\/wucwo\\\/\",\"https:\\\/\\\/www.youtube.com\\\/@WUCWOUMOFC\",\"https:\\\/\\\/www.flickr.com\\\/photos\\\/203210007@N05\\\/albums\"]},{\"@type\":\"Person\",\"@id\":\"https:\\\/\\\/wucwo.org\\\/fr\\\/#\\\/schema\\\/person\\\/36e189b76cc2f081eb3458e9a1f81183\",\"name\":\"communication\",\"image\":{\"@type\":\"ImageObject\",\"inLanguage\":\"fr-FR\",\"@id\":\"https:\\\/\\\/secure.gravatar.com\\\/avatar\\\/3db542db39feebb0fd43b726aab1c33917436e5f5a9e88f2295c0f1c34c59b48?s=96&d=mm&r=g\",\"url\":\"https:\\\/\\\/secure.gravatar.com\\\/avatar\\\/3db542db39feebb0fd43b726aab1c33917436e5f5a9e88f2295c0f1c34c59b48?s=96&d=mm&r=g\",\"contentUrl\":\"https:\\\/\\\/secure.gravatar.com\\\/avatar\\\/3db542db39feebb0fd43b726aab1c33917436e5f5a9e88f2295c0f1c34c59b48?s=96&d=mm&r=g\",\"caption\":\"communication\"},\"url\":\"https:\\\/\\\/wucwo.org\\\/fr\\\/author\\\/communication\\\/\"}]}<\/script>\n<!-- \/ Yoast SEO plugin. -->","yoast_head_json":{"title":"\u00c0 travers les yeux des femmes : la visite du Pape au Liban - WUCWO - UMOFC","description":"Les membres du Comit\u00e9 pastoral des femmes du dioc\u00e8se de Jounieh avons accueilli la nouvelle de la visite du Pape au Liban avec joie et esp\u00e9rance.","robots":{"index":"index","follow":"follow","max-snippet":"max-snippet:-1","max-image-preview":"max-image-preview:large","max-video-preview":"max-video-preview:-1"},"canonical":"https:\/\/wucwo.org\/fr\/a-travers-les-yeux-des-femmes-la-visite-du-pape-au-liban\/","og_locale":"fr_FR","og_type":"article","og_title":"\u00c0 travers les yeux des femmes : la visite du Pape au Liban - WUCWO - UMOFC","og_description":"Les membres du Comit\u00e9 pastoral des femmes du dioc\u00e8se de Jounieh avons accueilli la nouvelle de la visite du Pape au Liban avec joie et esp\u00e9rance.","og_url":"https:\/\/wucwo.org\/fr\/a-travers-les-yeux-des-femmes-la-visite-du-pape-au-liban\/","og_site_name":"WUCWO - UMOFC","article_publisher":"https:\/\/www.facebook.com\/worldunionofcatholicwomensorganisations\/","article_published_time":"2025-12-09T11:22:06+00:00","article_modified_time":"2025-12-10T08:39:42+00:00","og_image":[{"width":1280,"height":960,"url":"https:\/\/wucwo.org\/wp-content\/uploads\/2025\/12\/4.2025-12-01.jpeg","type":"image\/jpeg"}],"author":"communication","twitter_card":"summary_large_image","twitter_misc":{"\u00c9crit par":"communication","Dur\u00e9e de lecture estim\u00e9e":"5 minutes"},"schema":{"@context":"https:\/\/schema.org","@graph":[{"@type":"Article","@id":"https:\/\/wucwo.org\/fr\/a-travers-les-yeux-des-femmes-la-visite-du-pape-au-liban\/#article","isPartOf":{"@id":"https:\/\/wucwo.org\/fr\/a-travers-les-yeux-des-femmes-la-visite-du-pape-au-liban\/"},"author":{"name":"communication","@id":"https:\/\/wucwo.org\/fr\/#\/schema\/person\/36e189b76cc2f081eb3458e9a1f81183"},"headline":"\u00c0 travers les yeux des femmes : la visite du Pape au Liban","datePublished":"2025-12-09T11:22:06+00:00","dateModified":"2025-12-10T08:39:42+00:00","mainEntityOfPage":{"@id":"https:\/\/wucwo.org\/fr\/a-travers-les-yeux-des-femmes-la-visite-du-pape-au-liban\/"},"wordCount":1006,"commentCount":0,"publisher":{"@id":"https:\/\/wucwo.org\/fr\/#organization"},"image":{"@id":"https:\/\/wucwo.org\/fr\/a-travers-les-yeux-des-femmes-la-visite-du-pape-au-liban\/#primaryimage"},"thumbnailUrl":"https:\/\/wucwo.org\/wp-content\/uploads\/2025\/12\/4.2025-12-01.jpeg","articleSection":["Eglise","Membres","UMOFC"],"inLanguage":"fr-FR","potentialAction":[{"@type":"CommentAction","name":"Comment","target":["https:\/\/wucwo.org\/fr\/a-travers-les-yeux-des-femmes-la-visite-du-pape-au-liban\/#respond"]}]},{"@type":"WebPage","@id":"https:\/\/wucwo.org\/fr\/a-travers-les-yeux-des-femmes-la-visite-du-pape-au-liban\/","url":"https:\/\/wucwo.org\/fr\/a-travers-les-yeux-des-femmes-la-visite-du-pape-au-liban\/","name":"\u00c0 travers les yeux des femmes : la visite du Pape au Liban - WUCWO - UMOFC","isPartOf":{"@id":"https:\/\/wucwo.org\/fr\/#website"},"primaryImageOfPage":{"@id":"https:\/\/wucwo.org\/fr\/a-travers-les-yeux-des-femmes-la-visite-du-pape-au-liban\/#primaryimage"},"image":{"@id":"https:\/\/wucwo.org\/fr\/a-travers-les-yeux-des-femmes-la-visite-du-pape-au-liban\/#primaryimage"},"thumbnailUrl":"https:\/\/wucwo.org\/wp-content\/uploads\/2025\/12\/4.2025-12-01.jpeg","datePublished":"2025-12-09T11:22:06+00:00","dateModified":"2025-12-10T08:39:42+00:00","description":"Les membres du Comit\u00e9 pastoral des femmes du dioc\u00e8se de Jounieh avons accueilli la nouvelle de la visite du Pape au Liban avec joie et esp\u00e9rance.","breadcrumb":{"@id":"https:\/\/wucwo.org\/fr\/a-travers-les-yeux-des-femmes-la-visite-du-pape-au-liban\/#breadcrumb"},"inLanguage":"fr-FR","potentialAction":[{"@type":"ReadAction","target":["https:\/\/wucwo.org\/fr\/a-travers-les-yeux-des-femmes-la-visite-du-pape-au-liban\/"]}]},{"@type":"ImageObject","inLanguage":"fr-FR","@id":"https:\/\/wucwo.org\/fr\/a-travers-les-yeux-des-femmes-la-visite-du-pape-au-liban\/#primaryimage","url":"https:\/\/wucwo.org\/wp-content\/uploads\/2025\/12\/4.2025-12-01.jpeg","contentUrl":"https:\/\/wucwo.org\/wp-content\/uploads\/2025\/12\/4.2025-12-01.jpeg","width":1280,"height":960},{"@type":"BreadcrumbList","@id":"https:\/\/wucwo.org\/fr\/a-travers-les-yeux-des-femmes-la-visite-du-pape-au-liban\/#breadcrumb","itemListElement":[{"@type":"ListItem","position":1,"name":"Portada","item":"https:\/\/wucwo.org\/fr\/"},{"@type":"ListItem","position":2,"name":"\u00c0 travers les yeux des femmes : la visite du Pape au Liban"}]},{"@type":"WebSite","@id":"https:\/\/wucwo.org\/fr\/#website","url":"https:\/\/wucwo.org\/fr\/","name":"UMOFC","description":"","publisher":{"@id":"https:\/\/wucwo.org\/fr\/#organization"},"potentialAction":[{"@type":"SearchAction","target":{"@type":"EntryPoint","urlTemplate":"https:\/\/wucwo.org\/fr\/?s={search_term_string}"},"query-input":{"@type":"PropertyValueSpecification","valueRequired":true,"valueName":"search_term_string"}}],"inLanguage":"fr-FR"},{"@type":"Organization","@id":"https:\/\/wucwo.org\/fr\/#organization","name":"UMOFC","url":"https:\/\/wucwo.org\/fr\/","logo":{"@type":"ImageObject","inLanguage":"fr-FR","@id":"https:\/\/wucwo.org\/fr\/#\/schema\/logo\/image\/","url":"https:\/\/wucwo.org\/wp-content\/uploads\/2025\/08\/Final-icono-scaled.png","contentUrl":"https:\/\/wucwo.org\/wp-content\/uploads\/2025\/08\/Final-icono-scaled.png","width":2560,"height":1811,"caption":"UMOFC"},"image":{"@id":"https:\/\/wucwo.org\/fr\/#\/schema\/logo\/image\/"},"sameAs":["https:\/\/www.facebook.com\/worldunionofcatholicwomensorganisations\/","https:\/\/www.instagram.com\/wucwo_umofc\/","https:\/\/www.linkedin.com\/company\/wucwo\/","https:\/\/www.youtube.com\/@WUCWOUMOFC","https:\/\/www.flickr.com\/photos\/203210007@N05\/albums"]},{"@type":"Person","@id":"https:\/\/wucwo.org\/fr\/#\/schema\/person\/36e189b76cc2f081eb3458e9a1f81183","name":"communication","image":{"@type":"ImageObject","inLanguage":"fr-FR","@id":"https:\/\/secure.gravatar.com\/avatar\/3db542db39feebb0fd43b726aab1c33917436e5f5a9e88f2295c0f1c34c59b48?s=96&d=mm&r=g","url":"https:\/\/secure.gravatar.com\/avatar\/3db542db39feebb0fd43b726aab1c33917436e5f5a9e88f2295c0f1c34c59b48?s=96&d=mm&r=g","contentUrl":"https:\/\/secure.gravatar.com\/avatar\/3db542db39feebb0fd43b726aab1c33917436e5f5a9e88f2295c0f1c34c59b48?s=96&d=mm&r=g","caption":"communication"},"url":"https:\/\/wucwo.org\/fr\/author\/communication\/"}]}},"_links":{"self":[{"href":"https:\/\/wucwo.org\/fr\/wp-json\/wp\/v2\/posts\/17536","targetHints":{"allow":["GET"]}}],"collection":[{"href":"https:\/\/wucwo.org\/fr\/wp-json\/wp\/v2\/posts"}],"about":[{"href":"https:\/\/wucwo.org\/fr\/wp-json\/wp\/v2\/types\/post"}],"author":[{"embeddable":true,"href":"https:\/\/wucwo.org\/fr\/wp-json\/wp\/v2\/users\/3"}],"replies":[{"embeddable":true,"href":"https:\/\/wucwo.org\/fr\/wp-json\/wp\/v2\/comments?post=17536"}],"version-history":[{"count":0,"href":"https:\/\/wucwo.org\/fr\/wp-json\/wp\/v2\/posts\/17536\/revisions"}],"wp:featuredmedia":[{"embeddable":true,"href":"https:\/\/wucwo.org\/fr\/wp-json\/wp\/v2\/media\/17466"}],"wp:attachment":[{"href":"https:\/\/wucwo.org\/fr\/wp-json\/wp\/v2\/media?parent=17536"}],"wp:term":[{"taxonomy":"category","embeddable":true,"href":"https:\/\/wucwo.org\/fr\/wp-json\/wp\/v2\/categories?post=17536"},{"taxonomy":"post_tag","embeddable":true,"href":"https:\/\/wucwo.org\/fr\/wp-json\/wp\/v2\/tags?post=17536"}],"curies":[{"name":"wp","href":"https:\/\/api.w.org\/{rel}","templated":true}]}}