{"id":17672,"date":"2026-01-07T15:08:38","date_gmt":"2026-01-07T14:08:38","guid":{"rendered":"https:\/\/wucwo.org\/priere-et-esperance-pour-le-peuple-venezuelien\/"},"modified":"2026-01-07T15:15:21","modified_gmt":"2026-01-07T14:15:21","slug":"venezuela","status":"publish","type":"post","link":"https:\/\/wucwo.org\/fr\/venezuela\/","title":{"rendered":"Pri\u00e8re et esp\u00e9rance pour le peuple v\u00e9n\u00e9zu\u00e9lien"},"content":{"rendered":"\n<p class=\"wp-block-paragraph\"><em>Message de la Pr\u00e9sidente au Venezuela<\/em><\/p>\n\n<p class=\"wp-block-paragraph\">En ces moments d\u00e9licats que traverse le Venezuela, les femmes de l\u2019UMOFC dans le monde entier nous unissons de tout c\u0153ur et avec nos pri\u00e8res confiantes au Seigneur, afin que la crise actuelle soit bient\u00f4t surmont\u00e9e et que la paix, la justice et la d\u00e9mocratie, tant d\u00e9sir\u00e9es, puissent s\u2019\u00e9tablir dans ce grand pays.<\/p>\n\n<p class=\"wp-block-paragraph\">Nous rappelons ici les paroles d\u2019encouragement du Pape L\u00e9on XIV dans son Message pour la Paix du 1er janvier :<br\/>\u00ab Que nous ayons le don de la foi ou que nous ayons l\u2019impression de ne pas l\u2019avoir, chers fr\u00e8res et s\u0153urs, ouvrons\u2011nous \u00e0 la paix ! Accueillons\u2011la et reconnaissons\u2011la, au lieu de la consid\u00e9rer comme lointaine et impossible. Avant d\u2019\u00eatre un objectif, la paix est une pr\u00e9sence et un chemin. M\u00eame si elle est combattue en nous et autour de nous, comme une petite flamme menac\u00e9e par la temp\u00eate, prenons-en soin sans oublier les noms et les histoires de ceux qui en ont t\u00e9moign\u00e9\u2026 Que cela soit un fruit du Jubil\u00e9 de l\u2019Esp\u00e9rance, qui a pouss\u00e9 des millions d\u2019\u00eatres humains \u00e0 se red\u00e9couvrir p\u00e8lerins et \u00e0 commencer en eux-m\u00eames ce d\u00e9sarmement du c\u0153ur, de l\u2019esprit et de la vie auquel Dieu ne tardera pas \u00e0 r\u00e9pondre en accomplissant ses promesses. \u00bb<\/p>\n\n<p class=\"wp-block-paragraph\">Nous invitons toutes les organisations \u00e0 accompagner le peuple du Venezuela par la pri\u00e8re.<\/p>\n","protected":false},"excerpt":{"rendered":"<p>Message de la Pr\u00e9sidente au Venezuela En ces moments d\u00e9licats que traverse le Venezuela, les femmes de l\u2019UMOFC dans le monde entier nous unissons de tout c\u0153ur et avec nos pri\u00e8res confiantes au Seigneur, afin que la crise actuelle soit bient\u00f4t surmont\u00e9e et que la paix, la justice et la d\u00e9mocratie, tant d\u00e9sir\u00e9es, puissent s\u2019\u00e9tablir [&hellip;]<\/p>\n","protected":false},"author":2,"featured_media":17668,"comment_status":"open","ping_status":"open","sticky":false,"template":"","format":"standard","meta":{"_et_pb_use_builder":"off","_et_pb_old_content":"","_et_gb_content_width":"","footnotes":""},"categories":[125,121],"tags":[],"class_list":["post-17672","post","type-post","status-publish","format-standard","has-post-thumbnail","hentry","category-nouvelles-membres","category-nouvelles-umofc"],"yoast_head":"<!-- This site is optimized with the Yoast SEO plugin v27.8 - https:\/\/yoast.com\/product\/yoast-seo-wordpress\/ -->\n<title>Pri\u00e8re et esp\u00e9rance pour le peuple v\u00e9n\u00e9zu\u00e9lien - WUCWO - UMOFC<\/title>\n<meta name=\"robots\" content=\"index, follow, max-snippet:-1, max-image-preview:large, max-video-preview:-1\" \/>\n<link rel=\"canonical\" href=\"https:\/\/wucwo.org\/fr\/venezuela\/\" \/>\n<meta property=\"og:locale\" content=\"fr_FR\" \/>\n<meta property=\"og:type\" content=\"article\" \/>\n<meta property=\"og:title\" content=\"Pri\u00e8re et esp\u00e9rance pour le peuple v\u00e9n\u00e9zu\u00e9lien - WUCWO - UMOFC\" \/>\n<meta property=\"og:description\" content=\"Message de la Pr\u00e9sidente au Venezuela En ces moments d\u00e9licats que traverse le Venezuela, les femmes de l\u2019UMOFC dans le monde entier nous unissons de tout c\u0153ur et avec nos pri\u00e8res confiantes au Seigneur, afin que la crise actuelle soit bient\u00f4t surmont\u00e9e et que la paix, la justice et la d\u00e9mocratie, tant d\u00e9sir\u00e9es, puissent s\u2019\u00e9tablir [&hellip;]\" \/>\n<meta property=\"og:url\" content=\"https:\/\/wucwo.org\/fr\/venezuela\/\" \/>\n<meta property=\"og:site_name\" content=\"WUCWO - UMOFC\" \/>\n<meta property=\"article:publisher\" content=\"https:\/\/www.facebook.com\/worldunionofcatholicwomensorganisations\/\" \/>\n<meta property=\"article:published_time\" content=\"2026-01-07T14:08:38+00:00\" \/>\n<meta property=\"article:modified_time\" content=\"2026-01-07T14:15:21+00:00\" \/>\n<meta property=\"og:image\" content=\"https:\/\/wucwo.org\/wp-content\/uploads\/2026\/01\/andres-silva-BcDO3m3oJI-unsplash-scaled.jpg\" \/>\n\t<meta property=\"og:image:width\" content=\"2560\" \/>\n\t<meta property=\"og:image:height\" content=\"2376\" \/>\n\t<meta property=\"og:image:type\" content=\"image\/jpeg\" \/>\n<meta name=\"author\" content=\"info\" \/>\n<meta name=\"twitter:card\" content=\"summary_large_image\" \/>\n<meta name=\"twitter:label1\" content=\"\u00c9crit par\" \/>\n\t<meta name=\"twitter:data1\" content=\"info\" \/>\n\t<meta name=\"twitter:label2\" content=\"Dur\u00e9e de lecture estim\u00e9e\" \/>\n\t<meta name=\"twitter:data2\" content=\"1 minute\" \/>\n<script type=\"application\/ld+json\" class=\"yoast-schema-graph\">{\"@context\":\"https:\\\/\\\/schema.org\",\"@graph\":[{\"@type\":\"Article\",\"@id\":\"https:\\\/\\\/wucwo.org\\\/fr\\\/venezuela\\\/#article\",\"isPartOf\":{\"@id\":\"https:\\\/\\\/wucwo.org\\\/fr\\\/venezuela\\\/\"},\"author\":{\"name\":\"info\",\"@id\":\"https:\\\/\\\/wucwo.org\\\/fr\\\/#\\\/schema\\\/person\\\/1afc26e4266dd0457a2309d6fb6c9c32\"},\"headline\":\"Pri\u00e8re et esp\u00e9rance pour le peuple v\u00e9n\u00e9zu\u00e9lien\",\"datePublished\":\"2026-01-07T14:08:38+00:00\",\"dateModified\":\"2026-01-07T14:15:21+00:00\",\"mainEntityOfPage\":{\"@id\":\"https:\\\/\\\/wucwo.org\\\/fr\\\/venezuela\\\/\"},\"wordCount\":266,\"commentCount\":0,\"publisher\":{\"@id\":\"https:\\\/\\\/wucwo.org\\\/fr\\\/#organization\"},\"image\":{\"@id\":\"https:\\\/\\\/wucwo.org\\\/fr\\\/venezuela\\\/#primaryimage\"},\"thumbnailUrl\":\"https:\\\/\\\/wucwo.org\\\/wp-content\\\/uploads\\\/2026\\\/01\\\/andres-silva-BcDO3m3oJI-unsplash-scaled.jpg\",\"articleSection\":[\"Membres\",\"UMOFC\"],\"inLanguage\":\"fr-FR\",\"potentialAction\":[{\"@type\":\"CommentAction\",\"name\":\"Comment\",\"target\":[\"https:\\\/\\\/wucwo.org\\\/fr\\\/venezuela\\\/#respond\"]}]},{\"@type\":\"WebPage\",\"@id\":\"https:\\\/\\\/wucwo.org\\\/fr\\\/venezuela\\\/\",\"url\":\"https:\\\/\\\/wucwo.org\\\/fr\\\/venezuela\\\/\",\"name\":\"Pri\u00e8re et esp\u00e9rance pour le peuple v\u00e9n\u00e9zu\u00e9lien - WUCWO - UMOFC\",\"isPartOf\":{\"@id\":\"https:\\\/\\\/wucwo.org\\\/fr\\\/#website\"},\"primaryImageOfPage\":{\"@id\":\"https:\\\/\\\/wucwo.org\\\/fr\\\/venezuela\\\/#primaryimage\"},\"image\":{\"@id\":\"https:\\\/\\\/wucwo.org\\\/fr\\\/venezuela\\\/#primaryimage\"},\"thumbnailUrl\":\"https:\\\/\\\/wucwo.org\\\/wp-content\\\/uploads\\\/2026\\\/01\\\/andres-silva-BcDO3m3oJI-unsplash-scaled.jpg\",\"datePublished\":\"2026-01-07T14:08:38+00:00\",\"dateModified\":\"2026-01-07T14:15:21+00:00\",\"breadcrumb\":{\"@id\":\"https:\\\/\\\/wucwo.org\\\/fr\\\/venezuela\\\/#breadcrumb\"},\"inLanguage\":\"fr-FR\",\"potentialAction\":[{\"@type\":\"ReadAction\",\"target\":[\"https:\\\/\\\/wucwo.org\\\/fr\\\/venezuela\\\/\"]}]},{\"@type\":\"ImageObject\",\"inLanguage\":\"fr-FR\",\"@id\":\"https:\\\/\\\/wucwo.org\\\/fr\\\/venezuela\\\/#primaryimage\",\"url\":\"https:\\\/\\\/wucwo.org\\\/wp-content\\\/uploads\\\/2026\\\/01\\\/andres-silva-BcDO3m3oJI-unsplash-scaled.jpg\",\"contentUrl\":\"https:\\\/\\\/wucwo.org\\\/wp-content\\\/uploads\\\/2026\\\/01\\\/andres-silva-BcDO3m3oJI-unsplash-scaled.jpg\",\"width\":2560,\"height\":2376},{\"@type\":\"BreadcrumbList\",\"@id\":\"https:\\\/\\\/wucwo.org\\\/fr\\\/venezuela\\\/#breadcrumb\",\"itemListElement\":[{\"@type\":\"ListItem\",\"position\":1,\"name\":\"Portada\",\"item\":\"https:\\\/\\\/wucwo.org\\\/fr\\\/\"},{\"@type\":\"ListItem\",\"position\":2,\"name\":\"Pri\u00e8re et esp\u00e9rance pour le peuple v\u00e9n\u00e9zu\u00e9lien\"}]},{\"@type\":\"WebSite\",\"@id\":\"https:\\\/\\\/wucwo.org\\\/fr\\\/#website\",\"url\":\"https:\\\/\\\/wucwo.org\\\/fr\\\/\",\"name\":\"UMOFC\",\"description\":\"\",\"publisher\":{\"@id\":\"https:\\\/\\\/wucwo.org\\\/fr\\\/#organization\"},\"potentialAction\":[{\"@type\":\"SearchAction\",\"target\":{\"@type\":\"EntryPoint\",\"urlTemplate\":\"https:\\\/\\\/wucwo.org\\\/fr\\\/?s={search_term_string}\"},\"query-input\":{\"@type\":\"PropertyValueSpecification\",\"valueRequired\":true,\"valueName\":\"search_term_string\"}}],\"inLanguage\":\"fr-FR\"},{\"@type\":\"Organization\",\"@id\":\"https:\\\/\\\/wucwo.org\\\/fr\\\/#organization\",\"name\":\"UMOFC\",\"url\":\"https:\\\/\\\/wucwo.org\\\/fr\\\/\",\"logo\":{\"@type\":\"ImageObject\",\"inLanguage\":\"fr-FR\",\"@id\":\"https:\\\/\\\/wucwo.org\\\/fr\\\/#\\\/schema\\\/logo\\\/image\\\/\",\"url\":\"https:\\\/\\\/wucwo.org\\\/wp-content\\\/uploads\\\/2025\\\/08\\\/Final-icono-scaled.png\",\"contentUrl\":\"https:\\\/\\\/wucwo.org\\\/wp-content\\\/uploads\\\/2025\\\/08\\\/Final-icono-scaled.png\",\"width\":2560,\"height\":1811,\"caption\":\"UMOFC\"},\"image\":{\"@id\":\"https:\\\/\\\/wucwo.org\\\/fr\\\/#\\\/schema\\\/logo\\\/image\\\/\"},\"sameAs\":[\"https:\\\/\\\/www.facebook.com\\\/worldunionofcatholicwomensorganisations\\\/\",\"https:\\\/\\\/www.instagram.com\\\/wucwo_umofc\\\/\",\"https:\\\/\\\/www.linkedin.com\\\/company\\\/wucwo\\\/\",\"https:\\\/\\\/www.youtube.com\\\/@WUCWOUMOFC\",\"https:\\\/\\\/www.flickr.com\\\/photos\\\/203210007@N05\\\/albums\"]},{\"@type\":\"Person\",\"@id\":\"https:\\\/\\\/wucwo.org\\\/fr\\\/#\\\/schema\\\/person\\\/1afc26e4266dd0457a2309d6fb6c9c32\",\"name\":\"info\",\"image\":{\"@type\":\"ImageObject\",\"inLanguage\":\"fr-FR\",\"@id\":\"https:\\\/\\\/secure.gravatar.com\\\/avatar\\\/f0b66018d4d4a05d7dacfa9dfae6882ddcb2b385e730d853a4bc3c17c9424ae9?s=96&d=mm&r=g\",\"url\":\"https:\\\/\\\/secure.gravatar.com\\\/avatar\\\/f0b66018d4d4a05d7dacfa9dfae6882ddcb2b385e730d853a4bc3c17c9424ae9?s=96&d=mm&r=g\",\"contentUrl\":\"https:\\\/\\\/secure.gravatar.com\\\/avatar\\\/f0b66018d4d4a05d7dacfa9dfae6882ddcb2b385e730d853a4bc3c17c9424ae9?s=96&d=mm&r=g\",\"caption\":\"info\"},\"url\":\"https:\\\/\\\/wucwo.org\\\/fr\\\/author\\\/info\\\/\"}]}<\/script>\n<!-- \/ Yoast SEO plugin. -->","yoast_head_json":{"title":"Pri\u00e8re et esp\u00e9rance pour le peuple v\u00e9n\u00e9zu\u00e9lien - WUCWO - UMOFC","robots":{"index":"index","follow":"follow","max-snippet":"max-snippet:-1","max-image-preview":"max-image-preview:large","max-video-preview":"max-video-preview:-1"},"canonical":"https:\/\/wucwo.org\/fr\/venezuela\/","og_locale":"fr_FR","og_type":"article","og_title":"Pri\u00e8re et esp\u00e9rance pour le peuple v\u00e9n\u00e9zu\u00e9lien - WUCWO - UMOFC","og_description":"Message de la Pr\u00e9sidente au Venezuela En ces moments d\u00e9licats que traverse le Venezuela, les femmes de l\u2019UMOFC dans le monde entier nous unissons de tout c\u0153ur et avec nos pri\u00e8res confiantes au Seigneur, afin que la crise actuelle soit bient\u00f4t surmont\u00e9e et que la paix, la justice et la d\u00e9mocratie, tant d\u00e9sir\u00e9es, puissent s\u2019\u00e9tablir [&hellip;]","og_url":"https:\/\/wucwo.org\/fr\/venezuela\/","og_site_name":"WUCWO - UMOFC","article_publisher":"https:\/\/www.facebook.com\/worldunionofcatholicwomensorganisations\/","article_published_time":"2026-01-07T14:08:38+00:00","article_modified_time":"2026-01-07T14:15:21+00:00","og_image":[{"width":2560,"height":2376,"url":"https:\/\/wucwo.org\/wp-content\/uploads\/2026\/01\/andres-silva-BcDO3m3oJI-unsplash-scaled.jpg","type":"image\/jpeg"}],"author":"info","twitter_card":"summary_large_image","twitter_misc":{"\u00c9crit par":"info","Dur\u00e9e de lecture estim\u00e9e":"1 minute"},"schema":{"@context":"https:\/\/schema.org","@graph":[{"@type":"Article","@id":"https:\/\/wucwo.org\/fr\/venezuela\/#article","isPartOf":{"@id":"https:\/\/wucwo.org\/fr\/venezuela\/"},"author":{"name":"info","@id":"https:\/\/wucwo.org\/fr\/#\/schema\/person\/1afc26e4266dd0457a2309d6fb6c9c32"},"headline":"Pri\u00e8re et esp\u00e9rance pour le peuple v\u00e9n\u00e9zu\u00e9lien","datePublished":"2026-01-07T14:08:38+00:00","dateModified":"2026-01-07T14:15:21+00:00","mainEntityOfPage":{"@id":"https:\/\/wucwo.org\/fr\/venezuela\/"},"wordCount":266,"commentCount":0,"publisher":{"@id":"https:\/\/wucwo.org\/fr\/#organization"},"image":{"@id":"https:\/\/wucwo.org\/fr\/venezuela\/#primaryimage"},"thumbnailUrl":"https:\/\/wucwo.org\/wp-content\/uploads\/2026\/01\/andres-silva-BcDO3m3oJI-unsplash-scaled.jpg","articleSection":["Membres","UMOFC"],"inLanguage":"fr-FR","potentialAction":[{"@type":"CommentAction","name":"Comment","target":["https:\/\/wucwo.org\/fr\/venezuela\/#respond"]}]},{"@type":"WebPage","@id":"https:\/\/wucwo.org\/fr\/venezuela\/","url":"https:\/\/wucwo.org\/fr\/venezuela\/","name":"Pri\u00e8re et esp\u00e9rance pour le peuple v\u00e9n\u00e9zu\u00e9lien - WUCWO - UMOFC","isPartOf":{"@id":"https:\/\/wucwo.org\/fr\/#website"},"primaryImageOfPage":{"@id":"https:\/\/wucwo.org\/fr\/venezuela\/#primaryimage"},"image":{"@id":"https:\/\/wucwo.org\/fr\/venezuela\/#primaryimage"},"thumbnailUrl":"https:\/\/wucwo.org\/wp-content\/uploads\/2026\/01\/andres-silva-BcDO3m3oJI-unsplash-scaled.jpg","datePublished":"2026-01-07T14:08:38+00:00","dateModified":"2026-01-07T14:15:21+00:00","breadcrumb":{"@id":"https:\/\/wucwo.org\/fr\/venezuela\/#breadcrumb"},"inLanguage":"fr-FR","potentialAction":[{"@type":"ReadAction","target":["https:\/\/wucwo.org\/fr\/venezuela\/"]}]},{"@type":"ImageObject","inLanguage":"fr-FR","@id":"https:\/\/wucwo.org\/fr\/venezuela\/#primaryimage","url":"https:\/\/wucwo.org\/wp-content\/uploads\/2026\/01\/andres-silva-BcDO3m3oJI-unsplash-scaled.jpg","contentUrl":"https:\/\/wucwo.org\/wp-content\/uploads\/2026\/01\/andres-silva-BcDO3m3oJI-unsplash-scaled.jpg","width":2560,"height":2376},{"@type":"BreadcrumbList","@id":"https:\/\/wucwo.org\/fr\/venezuela\/#breadcrumb","itemListElement":[{"@type":"ListItem","position":1,"name":"Portada","item":"https:\/\/wucwo.org\/fr\/"},{"@type":"ListItem","position":2,"name":"Pri\u00e8re et esp\u00e9rance pour le peuple v\u00e9n\u00e9zu\u00e9lien"}]},{"@type":"WebSite","@id":"https:\/\/wucwo.org\/fr\/#website","url":"https:\/\/wucwo.org\/fr\/","name":"UMOFC","description":"","publisher":{"@id":"https:\/\/wucwo.org\/fr\/#organization"},"potentialAction":[{"@type":"SearchAction","target":{"@type":"EntryPoint","urlTemplate":"https:\/\/wucwo.org\/fr\/?s={search_term_string}"},"query-input":{"@type":"PropertyValueSpecification","valueRequired":true,"valueName":"search_term_string"}}],"inLanguage":"fr-FR"},{"@type":"Organization","@id":"https:\/\/wucwo.org\/fr\/#organization","name":"UMOFC","url":"https:\/\/wucwo.org\/fr\/","logo":{"@type":"ImageObject","inLanguage":"fr-FR","@id":"https:\/\/wucwo.org\/fr\/#\/schema\/logo\/image\/","url":"https:\/\/wucwo.org\/wp-content\/uploads\/2025\/08\/Final-icono-scaled.png","contentUrl":"https:\/\/wucwo.org\/wp-content\/uploads\/2025\/08\/Final-icono-scaled.png","width":2560,"height":1811,"caption":"UMOFC"},"image":{"@id":"https:\/\/wucwo.org\/fr\/#\/schema\/logo\/image\/"},"sameAs":["https:\/\/www.facebook.com\/worldunionofcatholicwomensorganisations\/","https:\/\/www.instagram.com\/wucwo_umofc\/","https:\/\/www.linkedin.com\/company\/wucwo\/","https:\/\/www.youtube.com\/@WUCWOUMOFC","https:\/\/www.flickr.com\/photos\/203210007@N05\/albums"]},{"@type":"Person","@id":"https:\/\/wucwo.org\/fr\/#\/schema\/person\/1afc26e4266dd0457a2309d6fb6c9c32","name":"info","image":{"@type":"ImageObject","inLanguage":"fr-FR","@id":"https:\/\/secure.gravatar.com\/avatar\/f0b66018d4d4a05d7dacfa9dfae6882ddcb2b385e730d853a4bc3c17c9424ae9?s=96&d=mm&r=g","url":"https:\/\/secure.gravatar.com\/avatar\/f0b66018d4d4a05d7dacfa9dfae6882ddcb2b385e730d853a4bc3c17c9424ae9?s=96&d=mm&r=g","contentUrl":"https:\/\/secure.gravatar.com\/avatar\/f0b66018d4d4a05d7dacfa9dfae6882ddcb2b385e730d853a4bc3c17c9424ae9?s=96&d=mm&r=g","caption":"info"},"url":"https:\/\/wucwo.org\/fr\/author\/info\/"}]}},"_links":{"self":[{"href":"https:\/\/wucwo.org\/fr\/wp-json\/wp\/v2\/posts\/17672","targetHints":{"allow":["GET"]}}],"collection":[{"href":"https:\/\/wucwo.org\/fr\/wp-json\/wp\/v2\/posts"}],"about":[{"href":"https:\/\/wucwo.org\/fr\/wp-json\/wp\/v2\/types\/post"}],"author":[{"embeddable":true,"href":"https:\/\/wucwo.org\/fr\/wp-json\/wp\/v2\/users\/2"}],"replies":[{"embeddable":true,"href":"https:\/\/wucwo.org\/fr\/wp-json\/wp\/v2\/comments?post=17672"}],"version-history":[{"count":0,"href":"https:\/\/wucwo.org\/fr\/wp-json\/wp\/v2\/posts\/17672\/revisions"}],"wp:featuredmedia":[{"embeddable":true,"href":"https:\/\/wucwo.org\/fr\/wp-json\/wp\/v2\/media\/17668"}],"wp:attachment":[{"href":"https:\/\/wucwo.org\/fr\/wp-json\/wp\/v2\/media?parent=17672"}],"wp:term":[{"taxonomy":"category","embeddable":true,"href":"https:\/\/wucwo.org\/fr\/wp-json\/wp\/v2\/categories?post=17672"},{"taxonomy":"post_tag","embeddable":true,"href":"https:\/\/wucwo.org\/fr\/wp-json\/wp\/v2\/tags?post=17672"}],"curies":[{"name":"wp","href":"https:\/\/api.w.org\/{rel}","templated":true}]}}