{"id":17792,"date":"2026-01-22T09:33:24","date_gmt":"2026-01-22T08:33:24","guid":{"rendered":"https:\/\/wucwo.org\/semaine-de-priere-pour-lunite-des-chretiens-un-appel-a-la-liberte-religieuse\/"},"modified":"2026-01-22T10:25:32","modified_gmt":"2026-01-22T09:25:32","slug":"semaine-de-priere-pour-lunite-des-chretiens-un-appel-a-la-liberte-religieuse","status":"publish","type":"post","link":"https:\/\/wucwo.org\/fr\/semaine-de-priere-pour-lunite-des-chretiens-un-appel-a-la-liberte-religieuse\/","title":{"rendered":"Semaine de pri\u00e8re pour l\u2019unit\u00e9 des chr\u00e9tiens : un appel \u00e0 la libert\u00e9 religieuse"},"content":{"rendered":"\n<p class=\"wp-block-paragraph\">Du 18 au 25 janvier se c\u00e9l\u00e8bre la <strong>Semaine de pri\u00e8re pour l\u2019unit\u00e9 des chr\u00e9tiens<\/strong>, un temps au cours duquel les communaut\u00e9s chr\u00e9tiennes du monde entier s\u2019unissent dans la pri\u00e8re, la r\u00e9flexion et l\u2019engagement en faveur de la fraternit\u00e9 et de la paix. Cette semaine veut rappeler qu\u2019au-del\u00e0 des diff\u00e9rences, la foi peut \u00eatre un pont qui nous rapproche comme fr\u00e8res et s\u0153urs dans le Christ. <\/p>\n\n<p class=\"wp-block-paragraph\">Dans ce contexte, l\u2019UMOFC souhaite souligner que la libert\u00e9 religieuse est un droit humain fondamental, qui fait partie de la dignit\u00e9 de chaque personne et de la culture de chaque peuple. Il s\u2019agit d\u2019ailleurs de l\u2019une des R\u00e9solutions \u2014 axes d\u2019action \u2014 pour la p\u00e9riode 2023-2027. Nous nous engageons \u00e0 promouvoir le respect de la diversit\u00e9, \u00e0 d\u00e9fendre la libert\u00e9 religieuse, \u00e0 lutter contre la discrimination, \u00e0 d\u00e9noncer les violations de ce droit et \u00e0 encourager le dialogue interconfessionnel et interreligieux comme chemin de fraternit\u00e9 et de paix.  <\/p>\n\n<h4 class=\"wp-block-heading\">M\u00f3nica Santamarina, Pr\u00e9sidente de l\u2019UMOFC, d\u00e9clare \u00e0 cette occasion :<\/h4>\n\n<blockquote class=\"wp-block-quote is-layout-flow wp-block-quote-is-layout-flow\">\n<p class=\"wp-block-paragraph\"><em>\u00ab\u00a0En cette Semaine de pri\u00e8re pour l\u2019unit\u00e9 des chr\u00e9tiens, je vous invite \u00e0 renforcer notre pri\u00e8re, conscientes que, comme nous le demande le Pape L\u00e9on XIV, \u00ab notre engagement pour l\u2019unit\u00e9 doit s\u2019accompagner de mani\u00e8re coh\u00e9rente d\u2019un engagement pour la paix et la justice dans le monde \u00bb. Sachant cela, au sein de l\u2019UMOFC, nous nous sommes engag\u00e9es en faveur de la libert\u00e9 religieuse, du dialogue interreligieux et de l\u2019\u0153cum\u00e9nisme.<br\/>Dans un monde marqu\u00e9 par la diversit\u00e9, nous promouvons, \u00e0 tous les niveaux, une culture d\u2019inclusion et de paix, o\u00f9 la foi soit un pont de rencontre entre les personnes et les peuples, et o\u00f9 l\u2019on reconnaisse la richesse d\u2019accueillir et de valoriser les diff\u00e9rences. Renfor\u00e7ons notre action, en regardant toujours ce qui nous unit au-del\u00e0 de ce qui nous s\u00e9pare, et en faisant du dialogue une mani\u00e8re de vivre qui nous transforme du plus profond du c\u0153ur !\u00a0\u00bb<\/em><\/p>\n<\/blockquote>\n\n<p class=\"wp-block-paragraph\">Cette Semaine de pri\u00e8re pour l\u2019unit\u00e9 des chr\u00e9tiens est une occasion de r\u00e9fl\u00e9chir \u00e0 l\u2019importance du respect mutuel, de la fraternit\u00e9 et de la paix, en rappelant que la libert\u00e9 religieuse et le dialogue interconfessionnel sont des piliers essentiels de la coexistence dans un monde divers.<\/p>\n\n<p class=\"wp-block-paragraph\"><\/p>\n\n<h4 class=\"wp-block-heading\"><strong><em>Bureau de Communication de l&rsquo;UMOFC<\/em><\/strong><\/h4>\n","protected":false},"excerpt":{"rendered":"<p>Du 18 au 25 janvier se c\u00e9l\u00e8bre la Semaine de pri\u00e8re pour l\u2019unit\u00e9 des chr\u00e9tiens, un temps au cours duquel les communaut\u00e9s chr\u00e9tiennes du monde entier s\u2019unissent dans la pri\u00e8re, la r\u00e9flexion et l\u2019engagement en faveur de la fraternit\u00e9 et de la paix. Cette semaine veut rappeler qu\u2019au-del\u00e0 des diff\u00e9rences, la foi peut \u00eatre un [&hellip;]<\/p>\n","protected":false},"author":3,"featured_media":17784,"comment_status":"open","ping_status":"open","sticky":false,"template":"","format":"standard","meta":{"_et_pb_use_builder":"off","_et_pb_old_content":"","_et_gb_content_width":"","footnotes":""},"categories":[123,131],"tags":[],"class_list":["post-17792","post","type-post","status-publish","format-standard","has-post-thumbnail","hentry","category-nouvelles-eglise","category-nouvelles-liberte-religieuse"],"yoast_head":"<!-- This site is optimized with the Yoast SEO plugin v27.8 - https:\/\/yoast.com\/product\/yoast-seo-wordpress\/ -->\n<title>Semaine de pri\u00e8re pour l\u2019unit\u00e9 des chr\u00e9tiens : un appel \u00e0 la libert\u00e9 religieuse - WUCWO - UMOFC<\/title>\n<meta name=\"description\" content=\"Du 18 au 25 janvier se c\u00e9l\u00e8bre la Semaine de pri\u00e8re pour l\u2019unit\u00e9 des chr\u00e9tiens.\" \/>\n<meta name=\"robots\" content=\"index, follow, max-snippet:-1, max-image-preview:large, max-video-preview:-1\" \/>\n<link rel=\"canonical\" href=\"https:\/\/wucwo.org\/fr\/semaine-de-priere-pour-lunite-des-chretiens-un-appel-a-la-liberte-religieuse\/\" \/>\n<meta property=\"og:locale\" content=\"fr_FR\" \/>\n<meta property=\"og:type\" content=\"article\" \/>\n<meta property=\"og:title\" content=\"Semaine de pri\u00e8re pour l\u2019unit\u00e9 des chr\u00e9tiens : un appel \u00e0 la libert\u00e9 religieuse - WUCWO - UMOFC\" \/>\n<meta property=\"og:description\" content=\"Du 18 au 25 janvier se c\u00e9l\u00e8bre la Semaine de pri\u00e8re pour l\u2019unit\u00e9 des chr\u00e9tiens.\" \/>\n<meta property=\"og:url\" content=\"https:\/\/wucwo.org\/fr\/semaine-de-priere-pour-lunite-des-chretiens-un-appel-a-la-liberte-religieuse\/\" \/>\n<meta property=\"og:site_name\" content=\"WUCWO - UMOFC\" \/>\n<meta property=\"article:publisher\" content=\"https:\/\/www.facebook.com\/worldunionofcatholicwomensorganisations\/\" \/>\n<meta property=\"article:published_time\" content=\"2026-01-22T08:33:24+00:00\" \/>\n<meta property=\"article:modified_time\" content=\"2026-01-22T09:25:32+00:00\" \/>\n<meta property=\"og:image\" content=\"https:\/\/wucwo.org\/wp-content\/uploads\/2026\/01\/WhatsApp-Image-2026-01-21-at-16.00.44-1024x706.jpeg\" \/>\n\t<meta property=\"og:image:width\" content=\"1024\" \/>\n\t<meta property=\"og:image:height\" content=\"706\" \/>\n\t<meta property=\"og:image:type\" content=\"image\/jpeg\" \/>\n<meta name=\"author\" content=\"communication\" \/>\n<meta name=\"twitter:card\" content=\"summary_large_image\" \/>\n<meta name=\"twitter:label1\" content=\"\u00c9crit par\" \/>\n\t<meta name=\"twitter:data1\" content=\"communication\" \/>\n\t<meta name=\"twitter:label2\" content=\"Dur\u00e9e de lecture estim\u00e9e\" \/>\n\t<meta name=\"twitter:data2\" content=\"2 minutes\" \/>\n<script type=\"application\/ld+json\" class=\"yoast-schema-graph\">{\"@context\":\"https:\\\/\\\/schema.org\",\"@graph\":[{\"@type\":\"Article\",\"@id\":\"https:\\\/\\\/wucwo.org\\\/fr\\\/semaine-de-priere-pour-lunite-des-chretiens-un-appel-a-la-liberte-religieuse\\\/#article\",\"isPartOf\":{\"@id\":\"https:\\\/\\\/wucwo.org\\\/fr\\\/semaine-de-priere-pour-lunite-des-chretiens-un-appel-a-la-liberte-religieuse\\\/\"},\"author\":{\"name\":\"communication\",\"@id\":\"https:\\\/\\\/wucwo.org\\\/fr\\\/#\\\/schema\\\/person\\\/36e189b76cc2f081eb3458e9a1f81183\"},\"headline\":\"Semaine de pri\u00e8re pour l\u2019unit\u00e9 des chr\u00e9tiens : un appel \u00e0 la libert\u00e9 religieuse\",\"datePublished\":\"2026-01-22T08:33:24+00:00\",\"dateModified\":\"2026-01-22T09:25:32+00:00\",\"mainEntityOfPage\":{\"@id\":\"https:\\\/\\\/wucwo.org\\\/fr\\\/semaine-de-priere-pour-lunite-des-chretiens-un-appel-a-la-liberte-religieuse\\\/\"},\"wordCount\":419,\"commentCount\":0,\"publisher\":{\"@id\":\"https:\\\/\\\/wucwo.org\\\/fr\\\/#organization\"},\"image\":{\"@id\":\"https:\\\/\\\/wucwo.org\\\/fr\\\/semaine-de-priere-pour-lunite-des-chretiens-un-appel-a-la-liberte-religieuse\\\/#primaryimage\"},\"thumbnailUrl\":\"https:\\\/\\\/wucwo.org\\\/wp-content\\\/uploads\\\/2026\\\/01\\\/WhatsApp-Image-2026-01-21-at-16.00.44.jpeg\",\"articleSection\":[\"Eglise\",\"Libert\u00e9 Religieuse\"],\"inLanguage\":\"fr-FR\",\"potentialAction\":[{\"@type\":\"CommentAction\",\"name\":\"Comment\",\"target\":[\"https:\\\/\\\/wucwo.org\\\/fr\\\/semaine-de-priere-pour-lunite-des-chretiens-un-appel-a-la-liberte-religieuse\\\/#respond\"]}]},{\"@type\":\"WebPage\",\"@id\":\"https:\\\/\\\/wucwo.org\\\/fr\\\/semaine-de-priere-pour-lunite-des-chretiens-un-appel-a-la-liberte-religieuse\\\/\",\"url\":\"https:\\\/\\\/wucwo.org\\\/fr\\\/semaine-de-priere-pour-lunite-des-chretiens-un-appel-a-la-liberte-religieuse\\\/\",\"name\":\"Semaine de pri\u00e8re pour l\u2019unit\u00e9 des chr\u00e9tiens : un appel \u00e0 la libert\u00e9 religieuse - WUCWO - UMOFC\",\"isPartOf\":{\"@id\":\"https:\\\/\\\/wucwo.org\\\/fr\\\/#website\"},\"primaryImageOfPage\":{\"@id\":\"https:\\\/\\\/wucwo.org\\\/fr\\\/semaine-de-priere-pour-lunite-des-chretiens-un-appel-a-la-liberte-religieuse\\\/#primaryimage\"},\"image\":{\"@id\":\"https:\\\/\\\/wucwo.org\\\/fr\\\/semaine-de-priere-pour-lunite-des-chretiens-un-appel-a-la-liberte-religieuse\\\/#primaryimage\"},\"thumbnailUrl\":\"https:\\\/\\\/wucwo.org\\\/wp-content\\\/uploads\\\/2026\\\/01\\\/WhatsApp-Image-2026-01-21-at-16.00.44.jpeg\",\"datePublished\":\"2026-01-22T08:33:24+00:00\",\"dateModified\":\"2026-01-22T09:25:32+00:00\",\"description\":\"Du 18 au 25 janvier se c\u00e9l\u00e8bre la Semaine de pri\u00e8re pour l\u2019unit\u00e9 des chr\u00e9tiens.\",\"breadcrumb\":{\"@id\":\"https:\\\/\\\/wucwo.org\\\/fr\\\/semaine-de-priere-pour-lunite-des-chretiens-un-appel-a-la-liberte-religieuse\\\/#breadcrumb\"},\"inLanguage\":\"fr-FR\",\"potentialAction\":[{\"@type\":\"ReadAction\",\"target\":[\"https:\\\/\\\/wucwo.org\\\/fr\\\/semaine-de-priere-pour-lunite-des-chretiens-un-appel-a-la-liberte-religieuse\\\/\"]}]},{\"@type\":\"ImageObject\",\"inLanguage\":\"fr-FR\",\"@id\":\"https:\\\/\\\/wucwo.org\\\/fr\\\/semaine-de-priere-pour-lunite-des-chretiens-un-appel-a-la-liberte-religieuse\\\/#primaryimage\",\"url\":\"https:\\\/\\\/wucwo.org\\\/wp-content\\\/uploads\\\/2026\\\/01\\\/WhatsApp-Image-2026-01-21-at-16.00.44.jpeg\",\"contentUrl\":\"https:\\\/\\\/wucwo.org\\\/wp-content\\\/uploads\\\/2026\\\/01\\\/WhatsApp-Image-2026-01-21-at-16.00.44.jpeg\",\"width\":2560,\"height\":1764},{\"@type\":\"BreadcrumbList\",\"@id\":\"https:\\\/\\\/wucwo.org\\\/fr\\\/semaine-de-priere-pour-lunite-des-chretiens-un-appel-a-la-liberte-religieuse\\\/#breadcrumb\",\"itemListElement\":[{\"@type\":\"ListItem\",\"position\":1,\"name\":\"Portada\",\"item\":\"https:\\\/\\\/wucwo.org\\\/fr\\\/\"},{\"@type\":\"ListItem\",\"position\":2,\"name\":\"Semaine de pri\u00e8re pour l\u2019unit\u00e9 des chr\u00e9tiens : un appel \u00e0 la libert\u00e9 religieuse\"}]},{\"@type\":\"WebSite\",\"@id\":\"https:\\\/\\\/wucwo.org\\\/fr\\\/#website\",\"url\":\"https:\\\/\\\/wucwo.org\\\/fr\\\/\",\"name\":\"UMOFC\",\"description\":\"\",\"publisher\":{\"@id\":\"https:\\\/\\\/wucwo.org\\\/fr\\\/#organization\"},\"potentialAction\":[{\"@type\":\"SearchAction\",\"target\":{\"@type\":\"EntryPoint\",\"urlTemplate\":\"https:\\\/\\\/wucwo.org\\\/fr\\\/?s={search_term_string}\"},\"query-input\":{\"@type\":\"PropertyValueSpecification\",\"valueRequired\":true,\"valueName\":\"search_term_string\"}}],\"inLanguage\":\"fr-FR\"},{\"@type\":\"Organization\",\"@id\":\"https:\\\/\\\/wucwo.org\\\/fr\\\/#organization\",\"name\":\"UMOFC\",\"url\":\"https:\\\/\\\/wucwo.org\\\/fr\\\/\",\"logo\":{\"@type\":\"ImageObject\",\"inLanguage\":\"fr-FR\",\"@id\":\"https:\\\/\\\/wucwo.org\\\/fr\\\/#\\\/schema\\\/logo\\\/image\\\/\",\"url\":\"https:\\\/\\\/wucwo.org\\\/wp-content\\\/uploads\\\/2025\\\/08\\\/Final-icono-scaled.png\",\"contentUrl\":\"https:\\\/\\\/wucwo.org\\\/wp-content\\\/uploads\\\/2025\\\/08\\\/Final-icono-scaled.png\",\"width\":2560,\"height\":1811,\"caption\":\"UMOFC\"},\"image\":{\"@id\":\"https:\\\/\\\/wucwo.org\\\/fr\\\/#\\\/schema\\\/logo\\\/image\\\/\"},\"sameAs\":[\"https:\\\/\\\/www.facebook.com\\\/worldunionofcatholicwomensorganisations\\\/\",\"https:\\\/\\\/www.instagram.com\\\/wucwo_umofc\\\/\",\"https:\\\/\\\/www.linkedin.com\\\/company\\\/wucwo\\\/\",\"https:\\\/\\\/www.youtube.com\\\/@WUCWOUMOFC\",\"https:\\\/\\\/www.flickr.com\\\/photos\\\/203210007@N05\\\/albums\"]},{\"@type\":\"Person\",\"@id\":\"https:\\\/\\\/wucwo.org\\\/fr\\\/#\\\/schema\\\/person\\\/36e189b76cc2f081eb3458e9a1f81183\",\"name\":\"communication\",\"image\":{\"@type\":\"ImageObject\",\"inLanguage\":\"fr-FR\",\"@id\":\"https:\\\/\\\/secure.gravatar.com\\\/avatar\\\/3db542db39feebb0fd43b726aab1c33917436e5f5a9e88f2295c0f1c34c59b48?s=96&d=mm&r=g\",\"url\":\"https:\\\/\\\/secure.gravatar.com\\\/avatar\\\/3db542db39feebb0fd43b726aab1c33917436e5f5a9e88f2295c0f1c34c59b48?s=96&d=mm&r=g\",\"contentUrl\":\"https:\\\/\\\/secure.gravatar.com\\\/avatar\\\/3db542db39feebb0fd43b726aab1c33917436e5f5a9e88f2295c0f1c34c59b48?s=96&d=mm&r=g\",\"caption\":\"communication\"},\"url\":\"https:\\\/\\\/wucwo.org\\\/fr\\\/author\\\/communication\\\/\"}]}<\/script>\n<!-- \/ Yoast SEO plugin. -->","yoast_head_json":{"title":"Semaine de pri\u00e8re pour l\u2019unit\u00e9 des chr\u00e9tiens : un appel \u00e0 la libert\u00e9 religieuse - WUCWO - UMOFC","description":"Du 18 au 25 janvier se c\u00e9l\u00e8bre la Semaine de pri\u00e8re pour l\u2019unit\u00e9 des chr\u00e9tiens.","robots":{"index":"index","follow":"follow","max-snippet":"max-snippet:-1","max-image-preview":"max-image-preview:large","max-video-preview":"max-video-preview:-1"},"canonical":"https:\/\/wucwo.org\/fr\/semaine-de-priere-pour-lunite-des-chretiens-un-appel-a-la-liberte-religieuse\/","og_locale":"fr_FR","og_type":"article","og_title":"Semaine de pri\u00e8re pour l\u2019unit\u00e9 des chr\u00e9tiens : un appel \u00e0 la libert\u00e9 religieuse - WUCWO - UMOFC","og_description":"Du 18 au 25 janvier se c\u00e9l\u00e8bre la Semaine de pri\u00e8re pour l\u2019unit\u00e9 des chr\u00e9tiens.","og_url":"https:\/\/wucwo.org\/fr\/semaine-de-priere-pour-lunite-des-chretiens-un-appel-a-la-liberte-religieuse\/","og_site_name":"WUCWO - UMOFC","article_publisher":"https:\/\/www.facebook.com\/worldunionofcatholicwomensorganisations\/","article_published_time":"2026-01-22T08:33:24+00:00","article_modified_time":"2026-01-22T09:25:32+00:00","og_image":[{"width":1024,"height":706,"url":"https:\/\/wucwo.org\/wp-content\/uploads\/2026\/01\/WhatsApp-Image-2026-01-21-at-16.00.44-1024x706.jpeg","type":"image\/jpeg"}],"author":"communication","twitter_card":"summary_large_image","twitter_misc":{"\u00c9crit par":"communication","Dur\u00e9e de lecture estim\u00e9e":"2 minutes"},"schema":{"@context":"https:\/\/schema.org","@graph":[{"@type":"Article","@id":"https:\/\/wucwo.org\/fr\/semaine-de-priere-pour-lunite-des-chretiens-un-appel-a-la-liberte-religieuse\/#article","isPartOf":{"@id":"https:\/\/wucwo.org\/fr\/semaine-de-priere-pour-lunite-des-chretiens-un-appel-a-la-liberte-religieuse\/"},"author":{"name":"communication","@id":"https:\/\/wucwo.org\/fr\/#\/schema\/person\/36e189b76cc2f081eb3458e9a1f81183"},"headline":"Semaine de pri\u00e8re pour l\u2019unit\u00e9 des chr\u00e9tiens : un appel \u00e0 la libert\u00e9 religieuse","datePublished":"2026-01-22T08:33:24+00:00","dateModified":"2026-01-22T09:25:32+00:00","mainEntityOfPage":{"@id":"https:\/\/wucwo.org\/fr\/semaine-de-priere-pour-lunite-des-chretiens-un-appel-a-la-liberte-religieuse\/"},"wordCount":419,"commentCount":0,"publisher":{"@id":"https:\/\/wucwo.org\/fr\/#organization"},"image":{"@id":"https:\/\/wucwo.org\/fr\/semaine-de-priere-pour-lunite-des-chretiens-un-appel-a-la-liberte-religieuse\/#primaryimage"},"thumbnailUrl":"https:\/\/wucwo.org\/wp-content\/uploads\/2026\/01\/WhatsApp-Image-2026-01-21-at-16.00.44.jpeg","articleSection":["Eglise","Libert\u00e9 Religieuse"],"inLanguage":"fr-FR","potentialAction":[{"@type":"CommentAction","name":"Comment","target":["https:\/\/wucwo.org\/fr\/semaine-de-priere-pour-lunite-des-chretiens-un-appel-a-la-liberte-religieuse\/#respond"]}]},{"@type":"WebPage","@id":"https:\/\/wucwo.org\/fr\/semaine-de-priere-pour-lunite-des-chretiens-un-appel-a-la-liberte-religieuse\/","url":"https:\/\/wucwo.org\/fr\/semaine-de-priere-pour-lunite-des-chretiens-un-appel-a-la-liberte-religieuse\/","name":"Semaine de pri\u00e8re pour l\u2019unit\u00e9 des chr\u00e9tiens : un appel \u00e0 la libert\u00e9 religieuse - WUCWO - UMOFC","isPartOf":{"@id":"https:\/\/wucwo.org\/fr\/#website"},"primaryImageOfPage":{"@id":"https:\/\/wucwo.org\/fr\/semaine-de-priere-pour-lunite-des-chretiens-un-appel-a-la-liberte-religieuse\/#primaryimage"},"image":{"@id":"https:\/\/wucwo.org\/fr\/semaine-de-priere-pour-lunite-des-chretiens-un-appel-a-la-liberte-religieuse\/#primaryimage"},"thumbnailUrl":"https:\/\/wucwo.org\/wp-content\/uploads\/2026\/01\/WhatsApp-Image-2026-01-21-at-16.00.44.jpeg","datePublished":"2026-01-22T08:33:24+00:00","dateModified":"2026-01-22T09:25:32+00:00","description":"Du 18 au 25 janvier se c\u00e9l\u00e8bre la Semaine de pri\u00e8re pour l\u2019unit\u00e9 des chr\u00e9tiens.","breadcrumb":{"@id":"https:\/\/wucwo.org\/fr\/semaine-de-priere-pour-lunite-des-chretiens-un-appel-a-la-liberte-religieuse\/#breadcrumb"},"inLanguage":"fr-FR","potentialAction":[{"@type":"ReadAction","target":["https:\/\/wucwo.org\/fr\/semaine-de-priere-pour-lunite-des-chretiens-un-appel-a-la-liberte-religieuse\/"]}]},{"@type":"ImageObject","inLanguage":"fr-FR","@id":"https:\/\/wucwo.org\/fr\/semaine-de-priere-pour-lunite-des-chretiens-un-appel-a-la-liberte-religieuse\/#primaryimage","url":"https:\/\/wucwo.org\/wp-content\/uploads\/2026\/01\/WhatsApp-Image-2026-01-21-at-16.00.44.jpeg","contentUrl":"https:\/\/wucwo.org\/wp-content\/uploads\/2026\/01\/WhatsApp-Image-2026-01-21-at-16.00.44.jpeg","width":2560,"height":1764},{"@type":"BreadcrumbList","@id":"https:\/\/wucwo.org\/fr\/semaine-de-priere-pour-lunite-des-chretiens-un-appel-a-la-liberte-religieuse\/#breadcrumb","itemListElement":[{"@type":"ListItem","position":1,"name":"Portada","item":"https:\/\/wucwo.org\/fr\/"},{"@type":"ListItem","position":2,"name":"Semaine de pri\u00e8re pour l\u2019unit\u00e9 des chr\u00e9tiens : un appel \u00e0 la libert\u00e9 religieuse"}]},{"@type":"WebSite","@id":"https:\/\/wucwo.org\/fr\/#website","url":"https:\/\/wucwo.org\/fr\/","name":"UMOFC","description":"","publisher":{"@id":"https:\/\/wucwo.org\/fr\/#organization"},"potentialAction":[{"@type":"SearchAction","target":{"@type":"EntryPoint","urlTemplate":"https:\/\/wucwo.org\/fr\/?s={search_term_string}"},"query-input":{"@type":"PropertyValueSpecification","valueRequired":true,"valueName":"search_term_string"}}],"inLanguage":"fr-FR"},{"@type":"Organization","@id":"https:\/\/wucwo.org\/fr\/#organization","name":"UMOFC","url":"https:\/\/wucwo.org\/fr\/","logo":{"@type":"ImageObject","inLanguage":"fr-FR","@id":"https:\/\/wucwo.org\/fr\/#\/schema\/logo\/image\/","url":"https:\/\/wucwo.org\/wp-content\/uploads\/2025\/08\/Final-icono-scaled.png","contentUrl":"https:\/\/wucwo.org\/wp-content\/uploads\/2025\/08\/Final-icono-scaled.png","width":2560,"height":1811,"caption":"UMOFC"},"image":{"@id":"https:\/\/wucwo.org\/fr\/#\/schema\/logo\/image\/"},"sameAs":["https:\/\/www.facebook.com\/worldunionofcatholicwomensorganisations\/","https:\/\/www.instagram.com\/wucwo_umofc\/","https:\/\/www.linkedin.com\/company\/wucwo\/","https:\/\/www.youtube.com\/@WUCWOUMOFC","https:\/\/www.flickr.com\/photos\/203210007@N05\/albums"]},{"@type":"Person","@id":"https:\/\/wucwo.org\/fr\/#\/schema\/person\/36e189b76cc2f081eb3458e9a1f81183","name":"communication","image":{"@type":"ImageObject","inLanguage":"fr-FR","@id":"https:\/\/secure.gravatar.com\/avatar\/3db542db39feebb0fd43b726aab1c33917436e5f5a9e88f2295c0f1c34c59b48?s=96&d=mm&r=g","url":"https:\/\/secure.gravatar.com\/avatar\/3db542db39feebb0fd43b726aab1c33917436e5f5a9e88f2295c0f1c34c59b48?s=96&d=mm&r=g","contentUrl":"https:\/\/secure.gravatar.com\/avatar\/3db542db39feebb0fd43b726aab1c33917436e5f5a9e88f2295c0f1c34c59b48?s=96&d=mm&r=g","caption":"communication"},"url":"https:\/\/wucwo.org\/fr\/author\/communication\/"}]}},"_links":{"self":[{"href":"https:\/\/wucwo.org\/fr\/wp-json\/wp\/v2\/posts\/17792","targetHints":{"allow":["GET"]}}],"collection":[{"href":"https:\/\/wucwo.org\/fr\/wp-json\/wp\/v2\/posts"}],"about":[{"href":"https:\/\/wucwo.org\/fr\/wp-json\/wp\/v2\/types\/post"}],"author":[{"embeddable":true,"href":"https:\/\/wucwo.org\/fr\/wp-json\/wp\/v2\/users\/3"}],"replies":[{"embeddable":true,"href":"https:\/\/wucwo.org\/fr\/wp-json\/wp\/v2\/comments?post=17792"}],"version-history":[{"count":0,"href":"https:\/\/wucwo.org\/fr\/wp-json\/wp\/v2\/posts\/17792\/revisions"}],"wp:featuredmedia":[{"embeddable":true,"href":"https:\/\/wucwo.org\/fr\/wp-json\/wp\/v2\/media\/17784"}],"wp:attachment":[{"href":"https:\/\/wucwo.org\/fr\/wp-json\/wp\/v2\/media?parent=17792"}],"wp:term":[{"taxonomy":"category","embeddable":true,"href":"https:\/\/wucwo.org\/fr\/wp-json\/wp\/v2\/categories?post=17792"},{"taxonomy":"post_tag","embeddable":true,"href":"https:\/\/wucwo.org\/fr\/wp-json\/wp\/v2\/tags?post=17792"}],"curies":[{"name":"wp","href":"https:\/\/api.w.org\/{rel}","templated":true}]}}