{"id":18029,"date":"2024-12-12T14:25:26","date_gmt":"2024-12-12T13:25:26","guid":{"rendered":"https:\/\/wucwo.org\/campagne-repas-en-famille-sans-appareils\/"},"modified":"2026-01-26T14:06:47","modified_gmt":"2026-01-26T13:06:47","slug":"campagne-repas-en-famille-sans-appareils","status":"publish","type":"post","link":"https:\/\/wucwo.org\/fr\/campagne-repas-en-famille-sans-appareils\/","title":{"rendered":"Campagne \u00ab\u00a0Repas en famille sans appareils\u00a0\u00bb"},"content":{"rendered":"<p>Comme l&rsquo;a d\u00e9clar\u00e9 l&rsquo;archev\u00eaque Ivan Jurkovic, repr\u00e9sentant permanent du Saint-Si\u00e8ge aupr\u00e8s des Nations unies et d&rsquo;autres organisations internationales \u00e0 Gen\u00e8ve, \u00ab\u00a0La famille, apr\u00e8s tout, est, \u00e0 bien des \u00e9gards, la premi\u00e8re \u00e9cole de l&rsquo;humanit\u00e9 et, en m\u00eame temps, la famille est le centre et le c\u0153ur de ce que Paul VI a appel\u00e9\u00a0<em>la civilisation de l&rsquo;amour\u00a0\u00bb<\/em>. Lors de la derni\u00e8re Assembl\u00e9e g\u00e9n\u00e9rale \u00e0 Assise, nous nous sommes engag\u00e9es, en tant que femmes de l&rsquo;UMOFC, \u00e0 \u00ab\u00a0prendre, avec une conviction renouvel\u00e9e, le chemin joyeux de l&rsquo;amour familial, de la maternit\u00e9 et de la paternit\u00e9\u00a0\u00bb. Nous reconnaissons que la famille est le lieu d&rsquo;apprentissage de valeurs essentielles telles que l&rsquo;amour fraternel, la g\u00e9n\u00e9rosit\u00e9 et le service aux autres, et nous sommes certainement toutes d&rsquo;accord pour dire que le r\u00f4le fondamental de la famille pour une civilisation pacifique est de plus en plus remis\u00a0en question.<\/p>\n<p>La rupture des liens familiaux laisse des millions d&rsquo;enfants et de jeunes sans l&rsquo;encadrement ad\u00e9quat et n\u00e9cessaire. Ils sont de plus en plus expos\u00e9s \u00e0 des risques car ils utilisent les m\u00e9dias sociaux et les connexions num\u00e9riques pour leur d\u00e9veloppement personnel et moral.<\/p>\n<p><strong>C&rsquo;est pourquoi nous vous invitons \u00e0 participer \u00e0 notre nouvelle campagne :<\/strong><\/p>\n<p><strong>Repas\u00a0en\u00a0famille sans appareils<br \/><em>(Device-free family meals)\u00a0 <\/em><\/strong><\/p>\n<p>\u00ab\u00a0<strong>Profitons d&rsquo;un moment en famille une fois par semaine<\/strong>\u00a0\u00bb\u00a0avec un repas sans appareils. Nous vous encourageons \u00e0 prendre le temps de r\u00e9unir votre famille autour de la table.\u00a0<strong>\u00c9teignez vos t\u00e9l\u00e9phones, tablettes, ordinateurs et \u00e9couteurs<\/strong>, et profitez de ces moments pour\u00a0<strong>\u00e9couter, parler et vous reconnecter<\/strong>. Id\u00e9alement, ces repas devraient avoir lieu le dimanche, le jour du Seigneur, mais n&rsquo;importe quel autre jour est tout aussi bien. Ce petit geste, r\u00e9p\u00e9t\u00e9 une fois par semaine, peut renforcer les liens familiaux et enrichir vos vies.<\/p>\n<p>Si vous avez d\u00e9j\u00e0 cette tradition, remerciez\u00a0le Seigneur\u00a0pour cette b\u00e9n\u00e9diction et rejoignez notre campagne en promouvant une pratique que tant de familles ont oubli\u00e9e.<\/p>\n<p><strong>Nous serions ravies de conna\u00eetre vos exp\u00e9riences<\/strong> :<\/p>\n<ul>\n<li>Qu&rsquo;avez-vous ressenti en partageant un repas sans aucun appareil \u00e9lectronique ? Quelle a \u00e9t\u00e9 la partie la plus significative de cette exp\u00e9rience pour vous ?<\/li>\n<li>Quels changements cette pratique a-t-elle apport\u00e9s \u00e0 votre famille ? Quels sont les fruits que vous avez constat\u00e9s ?<\/li>\n<\/ul>\n<p>Partagez avec nous, en seulement 3 lignes, vos exp\u00e9riences, vos commentaires et, si vous le souhaitez, une photo de l&rsquo;un de vos repas de famille, en indiquant express\u00e9ment que vous donnez votre accord pour que l&rsquo;UMOFC la publie sur notre site web, dans les m\u00e9dias sociaux ou dans tout autre mat\u00e9riel de promotion de la vie familiale. Envoyez le tout \u00e0<\/p>\n<ul>\n<li><strong>Courriel<\/strong> : info@wucwo.org (copie \u00e0 vadnai.borbala@gmail.com)<\/li>\n<li><strong>WhatsApp<\/strong>\u00a0: +36 30 9228 531<\/li>\n<\/ul>\n<p>Nous partagerons vos exp\u00e9riences avec les membres de l&rsquo;UMOFC et \u00e0 travers nos m\u00e9dias sociaux. Cette campagne lanc\u00e9e aujourd&rsquo;hui durera toute l&rsquo;ann\u00e9e du Jubil\u00e9. Au bout d&rsquo;un an, elle aura cr\u00e9\u00e9 une bonne habitude. Nous serions ravies de partager nos premi\u00e8res exp\u00e9riences avec les familles du monde entier \u00e0 l&rsquo;occasion du Jubil\u00e9 des familles \u00e0 la fin du mois de mai !<\/p>\n<p>\u00cates-vous pr\u00eat \u00e0 relever ce d\u00e9fi ? Ensemble, nous pouvons red\u00e9couvrir la joie des repas en famille et renforcer la civilisation de l&rsquo;amour !<\/p>\n<p><em>Borb\u00e1la Vadnai, rresponsable du groupe de travail sur la famille de l&rsquo;UMOFC<\/em><\/p>\n<p><em>M\u00f3nica Santamarina, pr\u00e9sidente g\u00e9n\u00e9rale de l&rsquo;UMOFC<\/em><\/p>\n","protected":false},"excerpt":{"rendered":"<p>Comme l&rsquo;a d\u00e9clar\u00e9 l&rsquo;archev\u00eaque Ivan Jurkovic, repr\u00e9sentant permanent du Saint-Si\u00e8ge aupr\u00e8s des Nations unies et d&rsquo;autres organisations internationales \u00e0 Gen\u00e8ve, \u00ab\u00a0La famille, apr\u00e8s tout, est, \u00e0 bien des \u00e9gards, la premi\u00e8re \u00e9cole de l&rsquo;humanit\u00e9 et, en m\u00eame temps, la famille est le centre et le c\u0153ur de ce que Paul VI a appel\u00e9\u00a0la civilisation de [&hellip;]<\/p>\n","protected":false},"author":1,"featured_media":16056,"comment_status":"open","ping_status":"open","sticky":false,"template":"","format":"standard","meta":{"_et_pb_use_builder":"","_et_pb_old_content":"","_et_gb_content_width":"","footnotes":""},"categories":[140,121],"tags":[],"class_list":["post-18029","post","type-post","status-publish","format-standard","has-post-thumbnail","hentry","category-nouvelles-famille","category-nouvelles-umofc"],"yoast_head":"<!-- This site is optimized with the Yoast SEO plugin v27.8 - https:\/\/yoast.com\/product\/yoast-seo-wordpress\/ -->\n<title>Campagne &quot;Repas en famille sans appareils&quot; - WUCWO - UMOFC<\/title>\n<meta name=\"description\" content=\"Prenons le temps de partager un repas en famille une fois par semaine. Nous vous encourageons \u00e0 participer \u00e0 cette campagne sans appareils \u00e9lectroniques.\" \/>\n<meta name=\"robots\" content=\"index, follow, max-snippet:-1, max-image-preview:large, max-video-preview:-1\" \/>\n<link rel=\"canonical\" href=\"https:\/\/wucwo.org\/fr\/campagne-repas-en-famille-sans-appareils\/\" \/>\n<meta property=\"og:locale\" content=\"fr_FR\" \/>\n<meta property=\"og:type\" content=\"article\" \/>\n<meta property=\"og:title\" content=\"Campagne &quot;Repas en famille sans appareils&quot; - WUCWO - UMOFC\" \/>\n<meta property=\"og:description\" content=\"Prenons le temps de partager un repas en famille une fois par semaine. Nous vous encourageons \u00e0 participer \u00e0 cette campagne sans appareils \u00e9lectroniques.\" \/>\n<meta property=\"og:url\" content=\"https:\/\/wucwo.org\/fr\/campagne-repas-en-famille-sans-appareils\/\" \/>\n<meta property=\"og:site_name\" content=\"WUCWO - UMOFC\" \/>\n<meta property=\"article:publisher\" content=\"https:\/\/www.facebook.com\/worldunionofcatholicwomensorganisations\/\" \/>\n<meta property=\"article:published_time\" content=\"2024-12-12T13:25:26+00:00\" \/>\n<meta property=\"article:modified_time\" content=\"2026-01-26T13:06:47+00:00\" \/>\n<meta property=\"og:image\" content=\"https:\/\/wucwo.org\/wp-content\/uploads\/2024\/12\/WhatsApp-Image-2025-09-08-at-11.57.07.jpeg\" \/>\n\t<meta property=\"og:image:width\" content=\"2560\" \/>\n\t<meta property=\"og:image:height\" content=\"1280\" \/>\n\t<meta property=\"og:image:type\" content=\"image\/jpeg\" \/>\n<meta name=\"author\" content=\"sercatol\" \/>\n<meta name=\"twitter:card\" content=\"summary_large_image\" \/>\n<meta name=\"twitter:label1\" content=\"\u00c9crit par\" \/>\n\t<meta name=\"twitter:data1\" content=\"sercatol\" \/>\n\t<meta name=\"twitter:label2\" content=\"Dur\u00e9e de lecture estim\u00e9e\" \/>\n\t<meta name=\"twitter:data2\" content=\"3 minutes\" \/>\n<script type=\"application\/ld+json\" class=\"yoast-schema-graph\">{\"@context\":\"https:\\\/\\\/schema.org\",\"@graph\":[{\"@type\":\"Article\",\"@id\":\"https:\\\/\\\/wucwo.org\\\/fr\\\/campagne-repas-en-famille-sans-appareils\\\/#article\",\"isPartOf\":{\"@id\":\"https:\\\/\\\/wucwo.org\\\/fr\\\/campagne-repas-en-famille-sans-appareils\\\/\"},\"author\":{\"name\":\"sercatol\",\"@id\":\"https:\\\/\\\/wucwo.org\\\/fr\\\/#\\\/schema\\\/person\\\/08e9f0484d99df98b7b5a2da57e48536\"},\"headline\":\"Campagne \u00ab\u00a0Repas en famille sans appareils\u00a0\u00bb\",\"datePublished\":\"2024-12-12T13:25:26+00:00\",\"dateModified\":\"2026-01-26T13:06:47+00:00\",\"mainEntityOfPage\":{\"@id\":\"https:\\\/\\\/wucwo.org\\\/fr\\\/campagne-repas-en-famille-sans-appareils\\\/\"},\"wordCount\":611,\"commentCount\":0,\"publisher\":{\"@id\":\"https:\\\/\\\/wucwo.org\\\/fr\\\/#organization\"},\"image\":{\"@id\":\"https:\\\/\\\/wucwo.org\\\/fr\\\/campagne-repas-en-famille-sans-appareils\\\/#primaryimage\"},\"thumbnailUrl\":\"https:\\\/\\\/wucwo.org\\\/wp-content\\\/uploads\\\/2024\\\/12\\\/WhatsApp-Image-2025-09-08-at-11.57.07.jpeg\",\"articleSection\":[\"Famille\",\"UMOFC\"],\"inLanguage\":\"fr-FR\",\"potentialAction\":[{\"@type\":\"CommentAction\",\"name\":\"Comment\",\"target\":[\"https:\\\/\\\/wucwo.org\\\/fr\\\/campagne-repas-en-famille-sans-appareils\\\/#respond\"]}]},{\"@type\":\"WebPage\",\"@id\":\"https:\\\/\\\/wucwo.org\\\/fr\\\/campagne-repas-en-famille-sans-appareils\\\/\",\"url\":\"https:\\\/\\\/wucwo.org\\\/fr\\\/campagne-repas-en-famille-sans-appareils\\\/\",\"name\":\"Campagne \\\"Repas en famille sans appareils\\\" - WUCWO - UMOFC\",\"isPartOf\":{\"@id\":\"https:\\\/\\\/wucwo.org\\\/fr\\\/#website\"},\"primaryImageOfPage\":{\"@id\":\"https:\\\/\\\/wucwo.org\\\/fr\\\/campagne-repas-en-famille-sans-appareils\\\/#primaryimage\"},\"image\":{\"@id\":\"https:\\\/\\\/wucwo.org\\\/fr\\\/campagne-repas-en-famille-sans-appareils\\\/#primaryimage\"},\"thumbnailUrl\":\"https:\\\/\\\/wucwo.org\\\/wp-content\\\/uploads\\\/2024\\\/12\\\/WhatsApp-Image-2025-09-08-at-11.57.07.jpeg\",\"datePublished\":\"2024-12-12T13:25:26+00:00\",\"dateModified\":\"2026-01-26T13:06:47+00:00\",\"description\":\"Prenons le temps de partager un repas en famille une fois par semaine. Nous vous encourageons \u00e0 participer \u00e0 cette campagne sans appareils \u00e9lectroniques.\",\"breadcrumb\":{\"@id\":\"https:\\\/\\\/wucwo.org\\\/fr\\\/campagne-repas-en-famille-sans-appareils\\\/#breadcrumb\"},\"inLanguage\":\"fr-FR\",\"potentialAction\":[{\"@type\":\"ReadAction\",\"target\":[\"https:\\\/\\\/wucwo.org\\\/fr\\\/campagne-repas-en-famille-sans-appareils\\\/\"]}]},{\"@type\":\"ImageObject\",\"inLanguage\":\"fr-FR\",\"@id\":\"https:\\\/\\\/wucwo.org\\\/fr\\\/campagne-repas-en-famille-sans-appareils\\\/#primaryimage\",\"url\":\"https:\\\/\\\/wucwo.org\\\/wp-content\\\/uploads\\\/2024\\\/12\\\/WhatsApp-Image-2025-09-08-at-11.57.07.jpeg\",\"contentUrl\":\"https:\\\/\\\/wucwo.org\\\/wp-content\\\/uploads\\\/2024\\\/12\\\/WhatsApp-Image-2025-09-08-at-11.57.07.jpeg\",\"width\":2560,\"height\":1280},{\"@type\":\"BreadcrumbList\",\"@id\":\"https:\\\/\\\/wucwo.org\\\/fr\\\/campagne-repas-en-famille-sans-appareils\\\/#breadcrumb\",\"itemListElement\":[{\"@type\":\"ListItem\",\"position\":1,\"name\":\"Portada\",\"item\":\"https:\\\/\\\/wucwo.org\\\/fr\\\/\"},{\"@type\":\"ListItem\",\"position\":2,\"name\":\"Campagne \u00abRepas en famille sans appareils\u00bb\"}]},{\"@type\":\"WebSite\",\"@id\":\"https:\\\/\\\/wucwo.org\\\/fr\\\/#website\",\"url\":\"https:\\\/\\\/wucwo.org\\\/fr\\\/\",\"name\":\"UMOFC\",\"description\":\"\",\"publisher\":{\"@id\":\"https:\\\/\\\/wucwo.org\\\/fr\\\/#organization\"},\"potentialAction\":[{\"@type\":\"SearchAction\",\"target\":{\"@type\":\"EntryPoint\",\"urlTemplate\":\"https:\\\/\\\/wucwo.org\\\/fr\\\/?s={search_term_string}\"},\"query-input\":{\"@type\":\"PropertyValueSpecification\",\"valueRequired\":true,\"valueName\":\"search_term_string\"}}],\"inLanguage\":\"fr-FR\"},{\"@type\":\"Organization\",\"@id\":\"https:\\\/\\\/wucwo.org\\\/fr\\\/#organization\",\"name\":\"UMOFC\",\"url\":\"https:\\\/\\\/wucwo.org\\\/fr\\\/\",\"logo\":{\"@type\":\"ImageObject\",\"inLanguage\":\"fr-FR\",\"@id\":\"https:\\\/\\\/wucwo.org\\\/fr\\\/#\\\/schema\\\/logo\\\/image\\\/\",\"url\":\"https:\\\/\\\/wucwo.org\\\/wp-content\\\/uploads\\\/2025\\\/08\\\/Final-icono-scaled.png\",\"contentUrl\":\"https:\\\/\\\/wucwo.org\\\/wp-content\\\/uploads\\\/2025\\\/08\\\/Final-icono-scaled.png\",\"width\":2560,\"height\":1811,\"caption\":\"UMOFC\"},\"image\":{\"@id\":\"https:\\\/\\\/wucwo.org\\\/fr\\\/#\\\/schema\\\/logo\\\/image\\\/\"},\"sameAs\":[\"https:\\\/\\\/www.facebook.com\\\/worldunionofcatholicwomensorganisations\\\/\",\"https:\\\/\\\/www.instagram.com\\\/wucwo_umofc\\\/\",\"https:\\\/\\\/www.linkedin.com\\\/company\\\/wucwo\\\/\",\"https:\\\/\\\/www.youtube.com\\\/@WUCWOUMOFC\",\"https:\\\/\\\/www.flickr.com\\\/photos\\\/203210007@N05\\\/albums\"]},{\"@type\":\"Person\",\"@id\":\"https:\\\/\\\/wucwo.org\\\/fr\\\/#\\\/schema\\\/person\\\/08e9f0484d99df98b7b5a2da57e48536\",\"name\":\"sercatol\",\"image\":{\"@type\":\"ImageObject\",\"inLanguage\":\"fr-FR\",\"@id\":\"https:\\\/\\\/secure.gravatar.com\\\/avatar\\\/37d08368077c561bd440f25a25b44dffc8a49dd03ed8ac3d36eb9c07857d333e?s=96&d=mm&r=g\",\"url\":\"https:\\\/\\\/secure.gravatar.com\\\/avatar\\\/37d08368077c561bd440f25a25b44dffc8a49dd03ed8ac3d36eb9c07857d333e?s=96&d=mm&r=g\",\"contentUrl\":\"https:\\\/\\\/secure.gravatar.com\\\/avatar\\\/37d08368077c561bd440f25a25b44dffc8a49dd03ed8ac3d36eb9c07857d333e?s=96&d=mm&r=g\",\"caption\":\"sercatol\"},\"url\":\"https:\\\/\\\/wucwo.org\\\/fr\\\/author\\\/sercatol\\\/\"}]}<\/script>\n<!-- \/ Yoast SEO plugin. -->","yoast_head_json":{"title":"Campagne \"Repas en famille sans appareils\" - WUCWO - UMOFC","description":"Prenons le temps de partager un repas en famille une fois par semaine. Nous vous encourageons \u00e0 participer \u00e0 cette campagne sans appareils \u00e9lectroniques.","robots":{"index":"index","follow":"follow","max-snippet":"max-snippet:-1","max-image-preview":"max-image-preview:large","max-video-preview":"max-video-preview:-1"},"canonical":"https:\/\/wucwo.org\/fr\/campagne-repas-en-famille-sans-appareils\/","og_locale":"fr_FR","og_type":"article","og_title":"Campagne \"Repas en famille sans appareils\" - WUCWO - UMOFC","og_description":"Prenons le temps de partager un repas en famille une fois par semaine. Nous vous encourageons \u00e0 participer \u00e0 cette campagne sans appareils \u00e9lectroniques.","og_url":"https:\/\/wucwo.org\/fr\/campagne-repas-en-famille-sans-appareils\/","og_site_name":"WUCWO - UMOFC","article_publisher":"https:\/\/www.facebook.com\/worldunionofcatholicwomensorganisations\/","article_published_time":"2024-12-12T13:25:26+00:00","article_modified_time":"2026-01-26T13:06:47+00:00","og_image":[{"width":2560,"height":1280,"url":"https:\/\/wucwo.org\/wp-content\/uploads\/2024\/12\/WhatsApp-Image-2025-09-08-at-11.57.07.jpeg","type":"image\/jpeg"}],"author":"sercatol","twitter_card":"summary_large_image","twitter_misc":{"\u00c9crit par":"sercatol","Dur\u00e9e de lecture estim\u00e9e":"3 minutes"},"schema":{"@context":"https:\/\/schema.org","@graph":[{"@type":"Article","@id":"https:\/\/wucwo.org\/fr\/campagne-repas-en-famille-sans-appareils\/#article","isPartOf":{"@id":"https:\/\/wucwo.org\/fr\/campagne-repas-en-famille-sans-appareils\/"},"author":{"name":"sercatol","@id":"https:\/\/wucwo.org\/fr\/#\/schema\/person\/08e9f0484d99df98b7b5a2da57e48536"},"headline":"Campagne \u00ab\u00a0Repas en famille sans appareils\u00a0\u00bb","datePublished":"2024-12-12T13:25:26+00:00","dateModified":"2026-01-26T13:06:47+00:00","mainEntityOfPage":{"@id":"https:\/\/wucwo.org\/fr\/campagne-repas-en-famille-sans-appareils\/"},"wordCount":611,"commentCount":0,"publisher":{"@id":"https:\/\/wucwo.org\/fr\/#organization"},"image":{"@id":"https:\/\/wucwo.org\/fr\/campagne-repas-en-famille-sans-appareils\/#primaryimage"},"thumbnailUrl":"https:\/\/wucwo.org\/wp-content\/uploads\/2024\/12\/WhatsApp-Image-2025-09-08-at-11.57.07.jpeg","articleSection":["Famille","UMOFC"],"inLanguage":"fr-FR","potentialAction":[{"@type":"CommentAction","name":"Comment","target":["https:\/\/wucwo.org\/fr\/campagne-repas-en-famille-sans-appareils\/#respond"]}]},{"@type":"WebPage","@id":"https:\/\/wucwo.org\/fr\/campagne-repas-en-famille-sans-appareils\/","url":"https:\/\/wucwo.org\/fr\/campagne-repas-en-famille-sans-appareils\/","name":"Campagne \"Repas en famille sans appareils\" - WUCWO - UMOFC","isPartOf":{"@id":"https:\/\/wucwo.org\/fr\/#website"},"primaryImageOfPage":{"@id":"https:\/\/wucwo.org\/fr\/campagne-repas-en-famille-sans-appareils\/#primaryimage"},"image":{"@id":"https:\/\/wucwo.org\/fr\/campagne-repas-en-famille-sans-appareils\/#primaryimage"},"thumbnailUrl":"https:\/\/wucwo.org\/wp-content\/uploads\/2024\/12\/WhatsApp-Image-2025-09-08-at-11.57.07.jpeg","datePublished":"2024-12-12T13:25:26+00:00","dateModified":"2026-01-26T13:06:47+00:00","description":"Prenons le temps de partager un repas en famille une fois par semaine. Nous vous encourageons \u00e0 participer \u00e0 cette campagne sans appareils \u00e9lectroniques.","breadcrumb":{"@id":"https:\/\/wucwo.org\/fr\/campagne-repas-en-famille-sans-appareils\/#breadcrumb"},"inLanguage":"fr-FR","potentialAction":[{"@type":"ReadAction","target":["https:\/\/wucwo.org\/fr\/campagne-repas-en-famille-sans-appareils\/"]}]},{"@type":"ImageObject","inLanguage":"fr-FR","@id":"https:\/\/wucwo.org\/fr\/campagne-repas-en-famille-sans-appareils\/#primaryimage","url":"https:\/\/wucwo.org\/wp-content\/uploads\/2024\/12\/WhatsApp-Image-2025-09-08-at-11.57.07.jpeg","contentUrl":"https:\/\/wucwo.org\/wp-content\/uploads\/2024\/12\/WhatsApp-Image-2025-09-08-at-11.57.07.jpeg","width":2560,"height":1280},{"@type":"BreadcrumbList","@id":"https:\/\/wucwo.org\/fr\/campagne-repas-en-famille-sans-appareils\/#breadcrumb","itemListElement":[{"@type":"ListItem","position":1,"name":"Portada","item":"https:\/\/wucwo.org\/fr\/"},{"@type":"ListItem","position":2,"name":"Campagne \u00abRepas en famille sans appareils\u00bb"}]},{"@type":"WebSite","@id":"https:\/\/wucwo.org\/fr\/#website","url":"https:\/\/wucwo.org\/fr\/","name":"UMOFC","description":"","publisher":{"@id":"https:\/\/wucwo.org\/fr\/#organization"},"potentialAction":[{"@type":"SearchAction","target":{"@type":"EntryPoint","urlTemplate":"https:\/\/wucwo.org\/fr\/?s={search_term_string}"},"query-input":{"@type":"PropertyValueSpecification","valueRequired":true,"valueName":"search_term_string"}}],"inLanguage":"fr-FR"},{"@type":"Organization","@id":"https:\/\/wucwo.org\/fr\/#organization","name":"UMOFC","url":"https:\/\/wucwo.org\/fr\/","logo":{"@type":"ImageObject","inLanguage":"fr-FR","@id":"https:\/\/wucwo.org\/fr\/#\/schema\/logo\/image\/","url":"https:\/\/wucwo.org\/wp-content\/uploads\/2025\/08\/Final-icono-scaled.png","contentUrl":"https:\/\/wucwo.org\/wp-content\/uploads\/2025\/08\/Final-icono-scaled.png","width":2560,"height":1811,"caption":"UMOFC"},"image":{"@id":"https:\/\/wucwo.org\/fr\/#\/schema\/logo\/image\/"},"sameAs":["https:\/\/www.facebook.com\/worldunionofcatholicwomensorganisations\/","https:\/\/www.instagram.com\/wucwo_umofc\/","https:\/\/www.linkedin.com\/company\/wucwo\/","https:\/\/www.youtube.com\/@WUCWOUMOFC","https:\/\/www.flickr.com\/photos\/203210007@N05\/albums"]},{"@type":"Person","@id":"https:\/\/wucwo.org\/fr\/#\/schema\/person\/08e9f0484d99df98b7b5a2da57e48536","name":"sercatol","image":{"@type":"ImageObject","inLanguage":"fr-FR","@id":"https:\/\/secure.gravatar.com\/avatar\/37d08368077c561bd440f25a25b44dffc8a49dd03ed8ac3d36eb9c07857d333e?s=96&d=mm&r=g","url":"https:\/\/secure.gravatar.com\/avatar\/37d08368077c561bd440f25a25b44dffc8a49dd03ed8ac3d36eb9c07857d333e?s=96&d=mm&r=g","contentUrl":"https:\/\/secure.gravatar.com\/avatar\/37d08368077c561bd440f25a25b44dffc8a49dd03ed8ac3d36eb9c07857d333e?s=96&d=mm&r=g","caption":"sercatol"},"url":"https:\/\/wucwo.org\/fr\/author\/sercatol\/"}]}},"_links":{"self":[{"href":"https:\/\/wucwo.org\/fr\/wp-json\/wp\/v2\/posts\/18029","targetHints":{"allow":["GET"]}}],"collection":[{"href":"https:\/\/wucwo.org\/fr\/wp-json\/wp\/v2\/posts"}],"about":[{"href":"https:\/\/wucwo.org\/fr\/wp-json\/wp\/v2\/types\/post"}],"author":[{"embeddable":true,"href":"https:\/\/wucwo.org\/fr\/wp-json\/wp\/v2\/users\/1"}],"replies":[{"embeddable":true,"href":"https:\/\/wucwo.org\/fr\/wp-json\/wp\/v2\/comments?post=18029"}],"version-history":[{"count":0,"href":"https:\/\/wucwo.org\/fr\/wp-json\/wp\/v2\/posts\/18029\/revisions"}],"wp:featuredmedia":[{"embeddable":true,"href":"https:\/\/wucwo.org\/fr\/wp-json\/wp\/v2\/media\/16056"}],"wp:attachment":[{"href":"https:\/\/wucwo.org\/fr\/wp-json\/wp\/v2\/media?parent=18029"}],"wp:term":[{"taxonomy":"category","embeddable":true,"href":"https:\/\/wucwo.org\/fr\/wp-json\/wp\/v2\/categories?post=18029"},{"taxonomy":"post_tag","embeddable":true,"href":"https:\/\/wucwo.org\/fr\/wp-json\/wp\/v2\/tags?post=18029"}],"curies":[{"name":"wp","href":"https:\/\/api.w.org\/{rel}","templated":true}]}}