{"id":18618,"date":"2026-02-24T18:23:22","date_gmt":"2026-02-24T17:23:22","guid":{"rendered":"https:\/\/wucwo.org\/des-femmes-de-foi-porteuses-de-paix-et-esperance\/"},"modified":"2026-02-26T14:34:27","modified_gmt":"2026-02-26T13:34:27","slug":"des-femmes-de-foi","status":"publish","type":"post","link":"https:\/\/wucwo.org\/fr\/des-femmes-de-foi\/","title":{"rendered":"Des femmes de foi : porteuses de paix et esp\u00e9rance"},"content":{"rendered":"\n<p class=\"wp-block-paragraph\"><strong>La Journ\u00e9e internationale des femme 2026 sera c\u00e9l\u00e9br\u00e9e par l&rsquo;Union Mondiale des Organisations F\u00e9minines Catholiques (UMOFC), en collaboration avec le Dicast\u00e8re pour le dialogue interreligieux, lors d&rsquo;une rencontre \u0153cum\u00e9nique et interreligieuse en ligne, avec la participation de femmes de foi appartenant aux principales traditions religieuses du monde.<\/strong><\/p>\n\n\n\n<p class=\"wp-block-paragraph\">Cet \u00e9v\u00e9nement s&rsquo;inspire du pape L\u00e9on et de son discours prononc\u00e9 lors de la c\u00e9l\u00e9bration du soixanti\u00e8me anniversaire de <em>Nostra Aetate<\/em>, \u00ab Marcher ensemble dans l&rsquo;espoir \u00bb, le 28 octobre 2025 : \u00ab En tant que chefs religieux, guid\u00e9s par la sagesse de nos traditions respectives, nous partageons une responsabilit\u00e9 sacr\u00e9e : aider nos peuples \u00e0 se lib\u00e9rer des cha\u00eenes des pr\u00e9jug\u00e9s, de la col\u00e8re et de la haine ; les aider \u00e0 d\u00e9passer l&rsquo;\u00e9go\u00efsme et l&rsquo;\u00e9gocentrisme ; les aider \u00e0 surmonter la cupidit\u00e9 qui d\u00e9truit \u00e0 la fois l&rsquo;esprit humain et la terre. De cette mani\u00e8re, nous pouvons conduire nos peuples \u00e0 devenir les proph\u00e8tes de notre temps, des voix qui d\u00e9noncent la violence et l&rsquo;injustice, gu\u00e9rissent les divisions et proclament la paix pour tous nos fr\u00e8res et s\u0153urs \u00bb. Elle est \u00e9galement motiv\u00e9e par son pr\u00e9d\u00e9cesseur, le pape Fran\u00e7ois : \u00ab Le besoin de paix nous interpelle tous et exige que des mesures concr\u00e8tes soient prises \u00bb (<em>Spes Non Confundit<\/em>). <\/p>\n\n\n\n<p class=\"wp-block-paragraph\"><strong>Nous souhaitons nous r\u00e9unir pour comm\u00e9morer la Journ\u00e9e internationale de la femme, en r\u00e9fl\u00e9chissant et en discernant, en tant que femmes de foi, sur la mani\u00e8re de promouvoir une culture de paix, de rencontre et d&rsquo;espoir ; sur la mani\u00e8re dont les religions peuvent s&rsquo;engager \u00e0 les cr\u00e9er.<\/strong><\/p>\n\n\n\n<p class=\"wp-block-paragraph\">Nous ne pouvons ignorer le fait que, dans les situations de conflit, ce sont souvent les femmes et les enfants qui subissent les cons\u00e9quences les plus graves de la violence. Comment pouvons-nous r\u00e9ellement \u0153uvrer et pr\u00e9parer la voie vers la paix dans notre monde ? \u00catre porteuses d&rsquo;espoir est l&rsquo;une des premi\u00e8res \u00e9tapes ; faire des pas modestes mais concrets en tant que femmes, en tant que communaut\u00e9s, en nous engageant \u00e0 \u00ab rem\u00e9dier aux causes lointaines de l&rsquo;injustice \u00bb (<em>Spes Non Condunfit<\/em>). <strong>Dans ce processus, la coresponsabilit\u00e9 et le leadership des femmes, chacune \u00e0 partir de sa propre r\u00e9alit\u00e9, culture, foi et mission, peuvent contribuer \u00e0 l&rsquo;espoir et aux relations de paix dont le monde a besoin aujourd&rsquo;hui. <\/strong>   <\/p>\n\n\n\n<p class=\"wp-block-paragraph\">\ud83d\udcc5 <strong>Date <\/strong>: 5 mars<\/p>\n\n\n\n<p class=\"wp-block-paragraph\">\ud83d\udd52 <strong>Heure <\/strong>: 15.00 \u2013 16.30 (heure de Rome)<\/p>\n\n\n\n<p class=\"wp-block-paragraph\">\ud83c\udf10 <strong>En ligne<\/strong><\/p>\n\n\n\n<p class=\"wp-block-paragraph\"><strong>\ud83c\udfa7EN-ES-FR<\/strong><\/p>\n\n\n\n<p class=\"wp-block-paragraph\"><\/p>\n\n\n\n<h3 class=\"wp-block-heading\"><strong>Intervenants<\/strong><\/h3>\n\n\n\n<p class=\"wp-block-paragraph\"><strong>Ouverture<\/strong><br><strong>Card. George Jacob Koovakad  <\/strong> &#8211; Pr\u00e9fet du Dicast\u00e8re pour le dialogue interreligieux<br><strong>M\u00f3nica Santamarina<\/strong> &#8211; Pr\u00e9sidente G\u00e9n\u00e9rale de l&rsquo;UMOFC<\/p>\n\n\n\n<p class=\"wp-block-paragraph\"><strong>Panel<\/strong><br>Perspective islamique : <strong>Mme Dunya Elemenler<\/strong> (Allemagne)<br>Perspective bouddhiste : <strong>Dra. Samya Charika Marasinghe <\/strong> (Sri Lanka)<br>Perspective hindoue : <strong>Svamini Shuddhananda Ghiri<\/strong> (Italie)<br>Perspective juive : <strong>Rabbin Allyson Zacharoff<\/strong> (\u00c9tats-Unis)<br>Perspective catholique : <strong>Dra. Stephanie Wong <\/strong> (\u00c9tats-Unis)<br>Perspective \u0153cum\u00e9nique : <strong>Mme Carla Khijoyan<\/strong> (Liban\/Arm\u00e9nie)<\/p>\n\n\n\n<p class=\"wp-block-paragraph\"><\/p>\n\n\n\n<div class=\"wp-block-buttons is-layout-flex wp-block-buttons-is-layout-flex\">\n<div class=\"wp-block-button\"><a class=\"wp-block-button__link has-background wp-element-button\" href=\"https:\/\/us02web.zoom.us\/webinar\/register\/WN_V4RxmV6-RtCwbERrd1cXtQ#\/registration\" style=\"background-color:#ec6386\" target=\"_blank\" rel=\"noreferrer noopener\">Inscription<\/a><\/div>\n\n\n\n<div class=\"wp-block-button\"><a class=\"wp-block-button__link has-background wp-element-button\" href=\"https:\/\/wucwo.org\/wp-content\/uploads\/2026\/02\/Flyer-5-marzo-FRA-2.pdf\" style=\"background-color:#ec6386\" target=\"_blank\" rel=\"noreferrer noopener\">Invitation<\/a><\/div>\n<\/div>\n","protected":false},"excerpt":{"rendered":"<p>La Journ\u00e9e internationale des femme 2026 sera c\u00e9l\u00e9br\u00e9e par l&rsquo;Union Mondiale des Organisations F\u00e9minines Catholiques (UMOFC), en collaboration avec le Dicast\u00e8re pour le dialogue interreligieux, lors d&rsquo;une rencontre \u0153cum\u00e9nique et interreligieuse en ligne, avec la participation de femmes de foi appartenant aux principales traditions religieuses du monde. Cet \u00e9v\u00e9nement s&rsquo;inspire du pape L\u00e9on et de [&hellip;]<\/p>\n","protected":false},"author":2,"featured_media":18572,"comment_status":"open","ping_status":"open","sticky":false,"template":"","format":"standard","meta":{"_et_pb_use_builder":"off","_et_pb_old_content":"","_et_gb_content_width":"","footnotes":""},"categories":[166,172],"tags":[],"class_list":["post-18618","post","type-post","status-publish","format-standard","has-post-thumbnail","hentry","category-evenements-liberte-religieuse","category-evenements-umofc"],"yoast_head":"<!-- This site is optimized with the Yoast SEO plugin v27.8 - https:\/\/yoast.com\/product\/yoast-seo-wordpress\/ -->\n<title>Des femmes de foi : porteuses de paix et esp\u00e9rance - WUCWO - UMOFC<\/title>\n<meta name=\"description\" content=\"\u00c0 l&#039;occasion de la Journ\u00e9e internationale de la femme, la WUCWO, en collaboration avec le Dicast\u00e8re pour le dialogue interreligieux, vous invite \u00e0 une rencontre \u0153cum\u00e9nique et interreligieuse, avec la participation de femmes de foi appartenant \u00e0 diff\u00e9rentes traditions religieuses.\" \/>\n<meta name=\"robots\" content=\"index, follow, max-snippet:-1, max-image-preview:large, max-video-preview:-1\" \/>\n<link rel=\"canonical\" href=\"https:\/\/wucwo.org\/fr\/des-femmes-de-foi\/\" \/>\n<meta property=\"og:locale\" content=\"fr_FR\" \/>\n<meta property=\"og:type\" content=\"article\" \/>\n<meta property=\"og:title\" content=\"Des femmes de foi : porteuses de paix et esp\u00e9rance - WUCWO - UMOFC\" \/>\n<meta property=\"og:description\" content=\"\u00c0 l&#039;occasion de la Journ\u00e9e internationale de la femme, la WUCWO, en collaboration avec le Dicast\u00e8re pour le dialogue interreligieux, vous invite \u00e0 une rencontre \u0153cum\u00e9nique et interreligieuse, avec la participation de femmes de foi appartenant \u00e0 diff\u00e9rentes traditions religieuses.\" \/>\n<meta property=\"og:url\" content=\"https:\/\/wucwo.org\/fr\/des-femmes-de-foi\/\" \/>\n<meta property=\"og:site_name\" content=\"WUCWO - UMOFC\" \/>\n<meta property=\"article:publisher\" content=\"https:\/\/www.facebook.com\/worldunionofcatholicwomensorganisations\/\" \/>\n<meta property=\"article:published_time\" content=\"2026-02-24T17:23:22+00:00\" \/>\n<meta property=\"article:modified_time\" content=\"2026-02-26T13:34:27+00:00\" \/>\n<meta property=\"og:image\" content=\"https:\/\/wucwo.org\/wp-content\/uploads\/2026\/02\/5-marzo.png\" \/>\n\t<meta property=\"og:image:width\" content=\"1252\" \/>\n\t<meta property=\"og:image:height\" content=\"672\" \/>\n\t<meta property=\"og:image:type\" content=\"image\/png\" \/>\n<meta name=\"author\" content=\"info\" \/>\n<meta name=\"twitter:card\" content=\"summary_large_image\" \/>\n<meta name=\"twitter:label1\" content=\"\u00c9crit par\" \/>\n\t<meta name=\"twitter:data1\" content=\"info\" \/>\n\t<meta name=\"twitter:label2\" content=\"Dur\u00e9e de lecture estim\u00e9e\" \/>\n\t<meta name=\"twitter:data2\" content=\"3 minutes\" \/>\n<script type=\"application\/ld+json\" class=\"yoast-schema-graph\">{\"@context\":\"https:\\\/\\\/schema.org\",\"@graph\":[{\"@type\":\"Article\",\"@id\":\"https:\\\/\\\/wucwo.org\\\/fr\\\/des-femmes-de-foi\\\/#article\",\"isPartOf\":{\"@id\":\"https:\\\/\\\/wucwo.org\\\/fr\\\/des-femmes-de-foi\\\/\"},\"author\":{\"name\":\"info\",\"@id\":\"https:\\\/\\\/wucwo.org\\\/fr\\\/#\\\/schema\\\/person\\\/1afc26e4266dd0457a2309d6fb6c9c32\"},\"headline\":\"Des femmes de foi : porteuses de paix et esp\u00e9rance\",\"datePublished\":\"2026-02-24T17:23:22+00:00\",\"dateModified\":\"2026-02-26T13:34:27+00:00\",\"mainEntityOfPage\":{\"@id\":\"https:\\\/\\\/wucwo.org\\\/fr\\\/des-femmes-de-foi\\\/\"},\"wordCount\":502,\"commentCount\":0,\"publisher\":{\"@id\":\"https:\\\/\\\/wucwo.org\\\/fr\\\/#organization\"},\"image\":{\"@id\":\"https:\\\/\\\/wucwo.org\\\/fr\\\/des-femmes-de-foi\\\/#primaryimage\"},\"thumbnailUrl\":\"https:\\\/\\\/wucwo.org\\\/wp-content\\\/uploads\\\/2026\\\/02\\\/5-marzo.png\",\"articleSection\":[\"Libert\u00e9 religieuse\",\"UMOFC\"],\"inLanguage\":\"fr-FR\",\"potentialAction\":[{\"@type\":\"CommentAction\",\"name\":\"Comment\",\"target\":[\"https:\\\/\\\/wucwo.org\\\/fr\\\/des-femmes-de-foi\\\/#respond\"]}]},{\"@type\":\"WebPage\",\"@id\":\"https:\\\/\\\/wucwo.org\\\/fr\\\/des-femmes-de-foi\\\/\",\"url\":\"https:\\\/\\\/wucwo.org\\\/fr\\\/des-femmes-de-foi\\\/\",\"name\":\"Des femmes de foi : porteuses de paix et esp\u00e9rance - WUCWO - UMOFC\",\"isPartOf\":{\"@id\":\"https:\\\/\\\/wucwo.org\\\/fr\\\/#website\"},\"primaryImageOfPage\":{\"@id\":\"https:\\\/\\\/wucwo.org\\\/fr\\\/des-femmes-de-foi\\\/#primaryimage\"},\"image\":{\"@id\":\"https:\\\/\\\/wucwo.org\\\/fr\\\/des-femmes-de-foi\\\/#primaryimage\"},\"thumbnailUrl\":\"https:\\\/\\\/wucwo.org\\\/wp-content\\\/uploads\\\/2026\\\/02\\\/5-marzo.png\",\"datePublished\":\"2026-02-24T17:23:22+00:00\",\"dateModified\":\"2026-02-26T13:34:27+00:00\",\"description\":\"\u00c0 l'occasion de la Journ\u00e9e internationale de la femme, la WUCWO, en collaboration avec le Dicast\u00e8re pour le dialogue interreligieux, vous invite \u00e0 une rencontre \u0153cum\u00e9nique et interreligieuse, avec la participation de femmes de foi appartenant \u00e0 diff\u00e9rentes traditions religieuses.\",\"breadcrumb\":{\"@id\":\"https:\\\/\\\/wucwo.org\\\/fr\\\/des-femmes-de-foi\\\/#breadcrumb\"},\"inLanguage\":\"fr-FR\",\"potentialAction\":[{\"@type\":\"ReadAction\",\"target\":[\"https:\\\/\\\/wucwo.org\\\/fr\\\/des-femmes-de-foi\\\/\"]}]},{\"@type\":\"ImageObject\",\"inLanguage\":\"fr-FR\",\"@id\":\"https:\\\/\\\/wucwo.org\\\/fr\\\/des-femmes-de-foi\\\/#primaryimage\",\"url\":\"https:\\\/\\\/wucwo.org\\\/wp-content\\\/uploads\\\/2026\\\/02\\\/5-marzo.png\",\"contentUrl\":\"https:\\\/\\\/wucwo.org\\\/wp-content\\\/uploads\\\/2026\\\/02\\\/5-marzo.png\",\"width\":1252,\"height\":672},{\"@type\":\"BreadcrumbList\",\"@id\":\"https:\\\/\\\/wucwo.org\\\/fr\\\/des-femmes-de-foi\\\/#breadcrumb\",\"itemListElement\":[{\"@type\":\"ListItem\",\"position\":1,\"name\":\"Portada\",\"item\":\"https:\\\/\\\/wucwo.org\\\/fr\\\/\"},{\"@type\":\"ListItem\",\"position\":2,\"name\":\"Des femmes de foi : porteuses de paix et esp\u00e9rance\"}]},{\"@type\":\"WebSite\",\"@id\":\"https:\\\/\\\/wucwo.org\\\/fr\\\/#website\",\"url\":\"https:\\\/\\\/wucwo.org\\\/fr\\\/\",\"name\":\"UMOFC\",\"description\":\"\",\"publisher\":{\"@id\":\"https:\\\/\\\/wucwo.org\\\/fr\\\/#organization\"},\"potentialAction\":[{\"@type\":\"SearchAction\",\"target\":{\"@type\":\"EntryPoint\",\"urlTemplate\":\"https:\\\/\\\/wucwo.org\\\/fr\\\/?s={search_term_string}\"},\"query-input\":{\"@type\":\"PropertyValueSpecification\",\"valueRequired\":true,\"valueName\":\"search_term_string\"}}],\"inLanguage\":\"fr-FR\"},{\"@type\":\"Organization\",\"@id\":\"https:\\\/\\\/wucwo.org\\\/fr\\\/#organization\",\"name\":\"UMOFC\",\"url\":\"https:\\\/\\\/wucwo.org\\\/fr\\\/\",\"logo\":{\"@type\":\"ImageObject\",\"inLanguage\":\"fr-FR\",\"@id\":\"https:\\\/\\\/wucwo.org\\\/fr\\\/#\\\/schema\\\/logo\\\/image\\\/\",\"url\":\"https:\\\/\\\/wucwo.org\\\/wp-content\\\/uploads\\\/2025\\\/08\\\/Final-icono-scaled.png\",\"contentUrl\":\"https:\\\/\\\/wucwo.org\\\/wp-content\\\/uploads\\\/2025\\\/08\\\/Final-icono-scaled.png\",\"width\":2560,\"height\":1811,\"caption\":\"UMOFC\"},\"image\":{\"@id\":\"https:\\\/\\\/wucwo.org\\\/fr\\\/#\\\/schema\\\/logo\\\/image\\\/\"},\"sameAs\":[\"https:\\\/\\\/www.facebook.com\\\/worldunionofcatholicwomensorganisations\\\/\",\"https:\\\/\\\/www.instagram.com\\\/wucwo_umofc\\\/\",\"https:\\\/\\\/www.linkedin.com\\\/company\\\/wucwo\\\/\",\"https:\\\/\\\/www.youtube.com\\\/@WUCWOUMOFC\",\"https:\\\/\\\/www.flickr.com\\\/photos\\\/203210007@N05\\\/albums\"]},{\"@type\":\"Person\",\"@id\":\"https:\\\/\\\/wucwo.org\\\/fr\\\/#\\\/schema\\\/person\\\/1afc26e4266dd0457a2309d6fb6c9c32\",\"name\":\"info\",\"image\":{\"@type\":\"ImageObject\",\"inLanguage\":\"fr-FR\",\"@id\":\"https:\\\/\\\/secure.gravatar.com\\\/avatar\\\/f0b66018d4d4a05d7dacfa9dfae6882ddcb2b385e730d853a4bc3c17c9424ae9?s=96&d=mm&r=g\",\"url\":\"https:\\\/\\\/secure.gravatar.com\\\/avatar\\\/f0b66018d4d4a05d7dacfa9dfae6882ddcb2b385e730d853a4bc3c17c9424ae9?s=96&d=mm&r=g\",\"contentUrl\":\"https:\\\/\\\/secure.gravatar.com\\\/avatar\\\/f0b66018d4d4a05d7dacfa9dfae6882ddcb2b385e730d853a4bc3c17c9424ae9?s=96&d=mm&r=g\",\"caption\":\"info\"},\"url\":\"https:\\\/\\\/wucwo.org\\\/fr\\\/author\\\/info\\\/\"}]}<\/script>\n<!-- \/ Yoast SEO plugin. -->","yoast_head_json":{"title":"Des femmes de foi : porteuses de paix et esp\u00e9rance - WUCWO - UMOFC","description":"\u00c0 l'occasion de la Journ\u00e9e internationale de la femme, la WUCWO, en collaboration avec le Dicast\u00e8re pour le dialogue interreligieux, vous invite \u00e0 une rencontre \u0153cum\u00e9nique et interreligieuse, avec la participation de femmes de foi appartenant \u00e0 diff\u00e9rentes traditions religieuses.","robots":{"index":"index","follow":"follow","max-snippet":"max-snippet:-1","max-image-preview":"max-image-preview:large","max-video-preview":"max-video-preview:-1"},"canonical":"https:\/\/wucwo.org\/fr\/des-femmes-de-foi\/","og_locale":"fr_FR","og_type":"article","og_title":"Des femmes de foi : porteuses de paix et esp\u00e9rance - WUCWO - UMOFC","og_description":"\u00c0 l'occasion de la Journ\u00e9e internationale de la femme, la WUCWO, en collaboration avec le Dicast\u00e8re pour le dialogue interreligieux, vous invite \u00e0 une rencontre \u0153cum\u00e9nique et interreligieuse, avec la participation de femmes de foi appartenant \u00e0 diff\u00e9rentes traditions religieuses.","og_url":"https:\/\/wucwo.org\/fr\/des-femmes-de-foi\/","og_site_name":"WUCWO - UMOFC","article_publisher":"https:\/\/www.facebook.com\/worldunionofcatholicwomensorganisations\/","article_published_time":"2026-02-24T17:23:22+00:00","article_modified_time":"2026-02-26T13:34:27+00:00","og_image":[{"width":1252,"height":672,"url":"https:\/\/wucwo.org\/wp-content\/uploads\/2026\/02\/5-marzo.png","type":"image\/png"}],"author":"info","twitter_card":"summary_large_image","twitter_misc":{"\u00c9crit par":"info","Dur\u00e9e de lecture estim\u00e9e":"3 minutes"},"schema":{"@context":"https:\/\/schema.org","@graph":[{"@type":"Article","@id":"https:\/\/wucwo.org\/fr\/des-femmes-de-foi\/#article","isPartOf":{"@id":"https:\/\/wucwo.org\/fr\/des-femmes-de-foi\/"},"author":{"name":"info","@id":"https:\/\/wucwo.org\/fr\/#\/schema\/person\/1afc26e4266dd0457a2309d6fb6c9c32"},"headline":"Des femmes de foi : porteuses de paix et esp\u00e9rance","datePublished":"2026-02-24T17:23:22+00:00","dateModified":"2026-02-26T13:34:27+00:00","mainEntityOfPage":{"@id":"https:\/\/wucwo.org\/fr\/des-femmes-de-foi\/"},"wordCount":502,"commentCount":0,"publisher":{"@id":"https:\/\/wucwo.org\/fr\/#organization"},"image":{"@id":"https:\/\/wucwo.org\/fr\/des-femmes-de-foi\/#primaryimage"},"thumbnailUrl":"https:\/\/wucwo.org\/wp-content\/uploads\/2026\/02\/5-marzo.png","articleSection":["Libert\u00e9 religieuse","UMOFC"],"inLanguage":"fr-FR","potentialAction":[{"@type":"CommentAction","name":"Comment","target":["https:\/\/wucwo.org\/fr\/des-femmes-de-foi\/#respond"]}]},{"@type":"WebPage","@id":"https:\/\/wucwo.org\/fr\/des-femmes-de-foi\/","url":"https:\/\/wucwo.org\/fr\/des-femmes-de-foi\/","name":"Des femmes de foi : porteuses de paix et esp\u00e9rance - WUCWO - UMOFC","isPartOf":{"@id":"https:\/\/wucwo.org\/fr\/#website"},"primaryImageOfPage":{"@id":"https:\/\/wucwo.org\/fr\/des-femmes-de-foi\/#primaryimage"},"image":{"@id":"https:\/\/wucwo.org\/fr\/des-femmes-de-foi\/#primaryimage"},"thumbnailUrl":"https:\/\/wucwo.org\/wp-content\/uploads\/2026\/02\/5-marzo.png","datePublished":"2026-02-24T17:23:22+00:00","dateModified":"2026-02-26T13:34:27+00:00","description":"\u00c0 l'occasion de la Journ\u00e9e internationale de la femme, la WUCWO, en collaboration avec le Dicast\u00e8re pour le dialogue interreligieux, vous invite \u00e0 une rencontre \u0153cum\u00e9nique et interreligieuse, avec la participation de femmes de foi appartenant \u00e0 diff\u00e9rentes traditions religieuses.","breadcrumb":{"@id":"https:\/\/wucwo.org\/fr\/des-femmes-de-foi\/#breadcrumb"},"inLanguage":"fr-FR","potentialAction":[{"@type":"ReadAction","target":["https:\/\/wucwo.org\/fr\/des-femmes-de-foi\/"]}]},{"@type":"ImageObject","inLanguage":"fr-FR","@id":"https:\/\/wucwo.org\/fr\/des-femmes-de-foi\/#primaryimage","url":"https:\/\/wucwo.org\/wp-content\/uploads\/2026\/02\/5-marzo.png","contentUrl":"https:\/\/wucwo.org\/wp-content\/uploads\/2026\/02\/5-marzo.png","width":1252,"height":672},{"@type":"BreadcrumbList","@id":"https:\/\/wucwo.org\/fr\/des-femmes-de-foi\/#breadcrumb","itemListElement":[{"@type":"ListItem","position":1,"name":"Portada","item":"https:\/\/wucwo.org\/fr\/"},{"@type":"ListItem","position":2,"name":"Des femmes de foi : porteuses de paix et esp\u00e9rance"}]},{"@type":"WebSite","@id":"https:\/\/wucwo.org\/fr\/#website","url":"https:\/\/wucwo.org\/fr\/","name":"UMOFC","description":"","publisher":{"@id":"https:\/\/wucwo.org\/fr\/#organization"},"potentialAction":[{"@type":"SearchAction","target":{"@type":"EntryPoint","urlTemplate":"https:\/\/wucwo.org\/fr\/?s={search_term_string}"},"query-input":{"@type":"PropertyValueSpecification","valueRequired":true,"valueName":"search_term_string"}}],"inLanguage":"fr-FR"},{"@type":"Organization","@id":"https:\/\/wucwo.org\/fr\/#organization","name":"UMOFC","url":"https:\/\/wucwo.org\/fr\/","logo":{"@type":"ImageObject","inLanguage":"fr-FR","@id":"https:\/\/wucwo.org\/fr\/#\/schema\/logo\/image\/","url":"https:\/\/wucwo.org\/wp-content\/uploads\/2025\/08\/Final-icono-scaled.png","contentUrl":"https:\/\/wucwo.org\/wp-content\/uploads\/2025\/08\/Final-icono-scaled.png","width":2560,"height":1811,"caption":"UMOFC"},"image":{"@id":"https:\/\/wucwo.org\/fr\/#\/schema\/logo\/image\/"},"sameAs":["https:\/\/www.facebook.com\/worldunionofcatholicwomensorganisations\/","https:\/\/www.instagram.com\/wucwo_umofc\/","https:\/\/www.linkedin.com\/company\/wucwo\/","https:\/\/www.youtube.com\/@WUCWOUMOFC","https:\/\/www.flickr.com\/photos\/203210007@N05\/albums"]},{"@type":"Person","@id":"https:\/\/wucwo.org\/fr\/#\/schema\/person\/1afc26e4266dd0457a2309d6fb6c9c32","name":"info","image":{"@type":"ImageObject","inLanguage":"fr-FR","@id":"https:\/\/secure.gravatar.com\/avatar\/f0b66018d4d4a05d7dacfa9dfae6882ddcb2b385e730d853a4bc3c17c9424ae9?s=96&d=mm&r=g","url":"https:\/\/secure.gravatar.com\/avatar\/f0b66018d4d4a05d7dacfa9dfae6882ddcb2b385e730d853a4bc3c17c9424ae9?s=96&d=mm&r=g","contentUrl":"https:\/\/secure.gravatar.com\/avatar\/f0b66018d4d4a05d7dacfa9dfae6882ddcb2b385e730d853a4bc3c17c9424ae9?s=96&d=mm&r=g","caption":"info"},"url":"https:\/\/wucwo.org\/fr\/author\/info\/"}]}},"_links":{"self":[{"href":"https:\/\/wucwo.org\/fr\/wp-json\/wp\/v2\/posts\/18618","targetHints":{"allow":["GET"]}}],"collection":[{"href":"https:\/\/wucwo.org\/fr\/wp-json\/wp\/v2\/posts"}],"about":[{"href":"https:\/\/wucwo.org\/fr\/wp-json\/wp\/v2\/types\/post"}],"author":[{"embeddable":true,"href":"https:\/\/wucwo.org\/fr\/wp-json\/wp\/v2\/users\/2"}],"replies":[{"embeddable":true,"href":"https:\/\/wucwo.org\/fr\/wp-json\/wp\/v2\/comments?post=18618"}],"version-history":[{"count":4,"href":"https:\/\/wucwo.org\/fr\/wp-json\/wp\/v2\/posts\/18618\/revisions"}],"predecessor-version":[{"id":18631,"href":"https:\/\/wucwo.org\/fr\/wp-json\/wp\/v2\/posts\/18618\/revisions\/18631"}],"wp:featuredmedia":[{"embeddable":true,"href":"https:\/\/wucwo.org\/fr\/wp-json\/wp\/v2\/media\/18572"}],"wp:attachment":[{"href":"https:\/\/wucwo.org\/fr\/wp-json\/wp\/v2\/media?parent=18618"}],"wp:term":[{"taxonomy":"category","embeddable":true,"href":"https:\/\/wucwo.org\/fr\/wp-json\/wp\/v2\/categories?post=18618"},{"taxonomy":"post_tag","embeddable":true,"href":"https:\/\/wucwo.org\/fr\/wp-json\/wp\/v2\/tags?post=18618"}],"curies":[{"name":"wp","href":"https:\/\/api.w.org\/{rel}","templated":true}]}}