{"id":18776,"date":"2026-03-06T12:20:43","date_gmt":"2026-03-06T11:20:43","guid":{"rendered":"https:\/\/wucwo.org\/des-femmes-de-foi-porteuses-de-paix-et-esperance\/"},"modified":"2026-03-10T16:08:12","modified_gmt":"2026-03-10T15:08:12","slug":"des-femmes-de-foi-porteuses-de-paix-et-esperance","status":"publish","type":"post","link":"https:\/\/wucwo.org\/fr\/des-femmes-de-foi-porteuses-de-paix-et-esperance\/","title":{"rendered":"Des femmes de foi : porteuses de paix et esp\u00e9rance"},"content":{"rendered":"\n<h3 class=\"wp-block-heading\">\u00ab L\u00e0 o\u00f9 la politique voit un ennemi, la foi voit un voisin \u00bb<\/h3>\n\n\n\n<p class=\"wp-block-paragraph\">Rome, 5 mars 2026 \u2013 \u00c0 l\u2019occasion de la Journ\u00e9e internationale des femmes 2026, l\u2019Union Mondiale des Organisations F\u00e9minines Catholiques (UMOFC), en collaboration avec le Dicast\u00e8re pour le Dialogue interreligieux, a organis\u00e9 la rencontre \u0153cum\u00e9nique et interreligieuse virtuelle <strong>\u00ab Des femmes de foi : porteuses de paix et esp\u00e9rance \u00bb<\/strong>, \u00e0 laquelle ont particip\u00e9 plus de 250 personnes ainsi que six femmes leaders, repr\u00e9sentantes des principales traditions religieuses. <\/p>\n\n\n\n<p class=\"wp-block-paragraph\">Les intervenantes ont partag\u00e9 leurs r\u00e9flexions sur le r\u00f4le des femmes dans la promotion de la paix, du dialogue et de la coop\u00e9ration interreligieuse dans des contextes marqu\u00e9s par des d\u00e9fis sociaux : Mme Dunya Elemenler, perspective islamique ; Dr Samya Charika Marasinghe, perspective bouddhiste ; Svamini Shuddhananda Ghiri, perspective hindoue ; la Rabbin Allyson Zacharoff, perspective juive ; Dr Stephanie Wong, perspective catholique ; et <strong>Mme Carla Khijoyan<\/strong>, perspective \u0153cum\u00e9nique. <\/p>\n\n\n\n<p class=\"wp-block-paragraph\">La rencontre a \u00e9t\u00e9 inaugur\u00e9e par le Cardinal George Jacob Koovakad, Pr\u00e9fet du Dicast\u00e8re pour le Dialogue interreligieux, et par <strong>M\u00f3nica Santamarina<\/strong>, Pr\u00e9sidente g\u00e9n\u00e9rale de l\u2019UMOFC. <\/p>\n\n\n\n<p class=\"wp-block-paragraph\">Le Cardinal George Jacob Koovakad a soulign\u00e9 que \u00ab le d\u00e9sarmement commence dans le c\u0153ur humain. Les femmes de foi le comprennent intuitivement : la paix ne se maintient pas seulement par des trait\u00e9s, mais par le travail quotidien de gu\u00e9rir les m\u00e9moires, de restaurer la dignit\u00e9 et de r\u00e9sister \u00e0 la logique de la peur. Dans un monde o\u00f9 nous nous trouvons souvent \u00e0 la crois\u00e9e des chemins entre conflit et r\u00e9conciliation, nous sommes invit\u00e9s \u00e0 choisir le chemin de la rencontre, de la compassion et de la v\u00e9rit\u00e9. La paix n\u2019est pas passive ; c\u2019est un engagement actif, courageux et parfois co\u00fbteux, qui exige dialogue, solidarit\u00e9 et protection de la dignit\u00e9 humaine \u00bb. <\/p>\n\n\n\n<p class=\"wp-block-paragraph\">La Pr\u00e9sidente g\u00e9n\u00e9rale de l\u2019UMOFC, <strong>M\u00f3nica Santamarina<\/strong>, a soulign\u00e9 que, comme femmes de foi et protagonistes dans le monde, \u00ab la paix n\u2019est pas un mot ni un d\u00e9sir vague. C\u2019est une mission concr\u00e8te, un acte d\u2019amour que nous devons accomplir chaque jour et dans tous les domaines. Nous sommes appel\u00e9es \u00e0 construire des ponts, \u00e0 \u00e9duquer \u00e0 la paix, \u00e0 promouvoir le dialogue interreligieux et \u0153cum\u00e9nique, \u00e0 prendre soin de la cr\u00e9ation, \u00e0 d\u00e9fendre la vie et la dignit\u00e9 de chaque personne et \u00e0 prot\u00e9ger particuli\u00e8rement les plus vuln\u00e9rables. Notre service, souvent silencieux mais pers\u00e9v\u00e9rant et courageux, est d\u00e9j\u00e0 une mani\u00e8re concr\u00e8te de construire cette paix d\u00e9sarm\u00e9e et d\u00e9sarmante dont parle le Pape L\u00e9on \u00bb. <\/p>\n\n\n\n<figure class=\"wp-block-image size-large\"><img loading=\"lazy\" decoding=\"async\" width=\"1024\" height=\"725\" src=\"https:\/\/wucwo.org\/wp-content\/uploads\/2026\/03\/5-marzo-WUCWO-1024x725.png\" alt=\"\" class=\"wp-image-18834\" srcset=\"https:\/\/wucwo.org\/wp-content\/uploads\/2026\/03\/5-marzo-WUCWO-980x693.png 980w, https:\/\/wucwo.org\/wp-content\/uploads\/2026\/03\/5-marzo-WUCWO-480x340.png 480w\" sizes=\"(min-width: 0px) and (max-width: 480px) 480px, (min-width: 481px) and (max-width: 980px) 980px, (min-width: 981px) 1024px, 100vw\" \/><\/figure>\n\n\n\n<p class=\"wp-block-paragraph\">Parmi les intervenantes, <strong>Mme Carla Khijoyan<\/strong> a exprim\u00e9 son esp\u00e9rance en \u00ab un monde o\u00f9 des femmes premi\u00e8res ministres et des femmes de foi contribueront \u00e0 fa\u00e7onner le destin de nos soci\u00e9t\u00e9s ; un monde o\u00f9 le leadership se mesurera non seulement au pouvoir, mais \u00e0 la sagesse ; non seulement \u00e0 la force, mais \u00e0 la compassion ; et non seulement \u00e0 la strat\u00e9gie, mais \u00e0 la conscience \u00bb.<\/p>\n\n\n\n<p class=\"wp-block-paragraph\">Pour sa part, la <strong>Rabbin Allyson Zacharoff<\/strong> a soulign\u00e9 : \u00ab Tous les \u00eatres humains sont \u00e0 l\u2019image de Dieu ; nous sommes invit\u00e9s \u00e0 d\u00e9passer nos propres limites pour aller \u00e0 la rencontre des autres, en d\u00e9passant st\u00e9r\u00e9otypes et pr\u00e9jug\u00e9s. La foi et le dialogue peuvent \u00eatre des ponts entre les personnes. \u00bb<\/p>\n\n\n\n<p class=\"wp-block-paragraph\">Depuis 2019, l\u2019UMOFC c\u00e9l\u00e8bre la Journ\u00e9e internationale des femmes de mani\u00e8re \u0153cum\u00e9nique et interreligieuse \u00e0 travers un dialogue avec des femmes leaders de diff\u00e9rentes traditions religieuses. Depuis 2020, cette initiative est r\u00e9alis\u00e9e en collaboration avec le <strong>Dicast\u00e8re pour le Dialogue interreligieux<\/strong>, renfor\u00e7ant ce chemin de dialogue et de r\u00e9flexion. Chaque ann\u00e9e, la rencontre aborde une approche diff\u00e9rente. L\u2019objectif a \u00e9t\u00e9 d\u2019offrir une perspective interreligieuse \u00e0 partir des exp\u00e9riences de femmes leaders issues de communaut\u00e9s musulmanes, hindoues, bouddhistes, juives, \u0153cum\u00e9niques et catholiques.   <\/p>\n\n\n\n<p class=\"wp-block-paragraph\">En g\u00e9n\u00e9ral, dans les situations de conflit, ce sont les femmes et les enfants qui souffrent le plus intens\u00e9ment des cons\u00e9quences de la violence. Comment peut-on travailler et pr\u00e9parer un chemin vers la paix dans notre monde ? \u00catre porteuses d\u2019esp\u00e9rance est l\u2019un des premiers pas, \u00e0 travers de petites mais concr\u00e8tes actions en tant que femmes. Dans ce processus, <strong>la coresponsabilit\u00e9 et le leadership de chaque femme<\/strong>, \u00e0 partir de sa propre r\u00e9alit\u00e9, culture, foi et mission, peuvent contribuer aux relations d\u2019esp\u00e9rance et de paix dont le monde a aujourd\u2019hui besoin.   <\/p>\n\n\n\n<p class=\"wp-block-paragraph\"><\/p>\n\n\n\n<p class=\"wp-block-paragraph\"><em>Bureau de communication de l\u2019UMOFC<\/em><\/p>\n\n\n\n<p class=\"wp-block-paragraph\"><\/p>\n\n\n\n<p class=\"has-text-align-right has-small-font-size wp-block-paragraph\"><em>Traduit avec IA<\/em><\/p>\n\n\n\n<p class=\"wp-block-paragraph\"><\/p>\n\n\n\n<figure class=\"wp-block-embed is-type-video is-provider-youtube wp-block-embed-youtube wp-embed-aspect-4-3 wp-has-aspect-ratio\"><div class=\"wp-block-embed__wrapper\">\n<iframe loading=\"lazy\" title=\"Journ\u00e9e internationale des femmes - Des femmes de foi : porteuses de paix et esp\u00e9rance\" width=\"1080\" height=\"810\" src=\"https:\/\/www.youtube.com\/embed\/7kpYf3ZJVYs?feature=oembed\"  allow=\"accelerometer; autoplay; clipboard-write; encrypted-media; gyroscope; picture-in-picture; web-share\" referrerpolicy=\"strict-origin-when-cross-origin\" allowfullscreen><\/iframe>\n<\/div><\/figure>\n","protected":false},"excerpt":{"rendered":"<p>\u00ab L\u00e0 o\u00f9 la politique voit un ennemi, la foi voit un voisin \u00bb Rome, 5 mars 2026 \u2013 \u00c0 l\u2019occasion de la Journ\u00e9e internationale des femmes 2026, l\u2019Union Mondiale des Organisations F\u00e9minines Catholiques (UMOFC), en collaboration avec le Dicast\u00e8re pour le Dialogue interreligieux, a organis\u00e9 la rencontre \u0153cum\u00e9nique et interreligieuse virtuelle \u00ab Des femmes [&hellip;]<\/p>\n","protected":false},"author":2,"featured_media":18572,"comment_status":"open","ping_status":"open","sticky":false,"template":"","format":"standard","meta":{"_et_pb_use_builder":"off","_et_pb_old_content":"","_et_gb_content_width":"","footnotes":""},"categories":[131,121],"tags":[],"class_list":["post-18776","post","type-post","status-publish","format-standard","has-post-thumbnail","hentry","category-nouvelles-liberte-religieuse","category-nouvelles-umofc"],"yoast_head":"<!-- This site is optimized with the Yoast SEO plugin v27.8 - https:\/\/yoast.com\/product\/yoast-seo-wordpress\/ -->\n<title>Des femmes de foi : porteuses de paix et esp\u00e9rance - WUCWO - UMOFC<\/title>\n<meta name=\"description\" content=\"\u00ab L\u00e0 o\u00f9 la politique voit un ennemi, la foi voit un voisin \u00bb\" \/>\n<meta name=\"robots\" content=\"index, follow, max-snippet:-1, max-image-preview:large, max-video-preview:-1\" \/>\n<link rel=\"canonical\" href=\"https:\/\/wucwo.org\/fr\/des-femmes-de-foi-porteuses-de-paix-et-esperance\/\" \/>\n<meta property=\"og:locale\" content=\"fr_FR\" \/>\n<meta property=\"og:type\" content=\"article\" \/>\n<meta property=\"og:title\" content=\"Des femmes de foi : porteuses de paix et esp\u00e9rance - WUCWO - UMOFC\" \/>\n<meta property=\"og:description\" content=\"\u00ab L\u00e0 o\u00f9 la politique voit un ennemi, la foi voit un voisin \u00bb\" \/>\n<meta property=\"og:url\" content=\"https:\/\/wucwo.org\/fr\/des-femmes-de-foi-porteuses-de-paix-et-esperance\/\" \/>\n<meta property=\"og:site_name\" content=\"WUCWO - UMOFC\" \/>\n<meta property=\"article:publisher\" content=\"https:\/\/www.facebook.com\/worldunionofcatholicwomensorganisations\/\" \/>\n<meta property=\"article:published_time\" content=\"2026-03-06T11:20:43+00:00\" \/>\n<meta property=\"article:modified_time\" content=\"2026-03-10T15:08:12+00:00\" \/>\n<meta property=\"og:image\" content=\"https:\/\/wucwo.org\/wp-content\/uploads\/2026\/02\/5-marzo.png\" \/>\n\t<meta property=\"og:image:width\" content=\"1252\" \/>\n\t<meta property=\"og:image:height\" content=\"672\" \/>\n\t<meta property=\"og:image:type\" content=\"image\/png\" \/>\n<meta name=\"author\" content=\"info\" \/>\n<meta name=\"twitter:card\" content=\"summary_large_image\" \/>\n<meta name=\"twitter:label1\" content=\"\u00c9crit par\" \/>\n\t<meta name=\"twitter:data1\" content=\"info\" \/>\n\t<meta name=\"twitter:label2\" content=\"Dur\u00e9e de lecture estim\u00e9e\" \/>\n\t<meta name=\"twitter:data2\" content=\"4 minutes\" \/>\n<script type=\"application\/ld+json\" class=\"yoast-schema-graph\">{\"@context\":\"https:\\\/\\\/schema.org\",\"@graph\":[{\"@type\":\"Article\",\"@id\":\"https:\\\/\\\/wucwo.org\\\/fr\\\/des-femmes-de-foi-porteuses-de-paix-et-esperance\\\/#article\",\"isPartOf\":{\"@id\":\"https:\\\/\\\/wucwo.org\\\/fr\\\/des-femmes-de-foi-porteuses-de-paix-et-esperance\\\/\"},\"author\":{\"name\":\"info\",\"@id\":\"https:\\\/\\\/wucwo.org\\\/fr\\\/#\\\/schema\\\/person\\\/1afc26e4266dd0457a2309d6fb6c9c32\"},\"headline\":\"Des femmes de foi : porteuses de paix et esp\u00e9rance\",\"datePublished\":\"2026-03-06T11:20:43+00:00\",\"dateModified\":\"2026-03-10T15:08:12+00:00\",\"mainEntityOfPage\":{\"@id\":\"https:\\\/\\\/wucwo.org\\\/fr\\\/des-femmes-de-foi-porteuses-de-paix-et-esperance\\\/\"},\"wordCount\":779,\"commentCount\":0,\"publisher\":{\"@id\":\"https:\\\/\\\/wucwo.org\\\/fr\\\/#organization\"},\"image\":{\"@id\":\"https:\\\/\\\/wucwo.org\\\/fr\\\/des-femmes-de-foi-porteuses-de-paix-et-esperance\\\/#primaryimage\"},\"thumbnailUrl\":\"https:\\\/\\\/wucwo.org\\\/wp-content\\\/uploads\\\/2026\\\/02\\\/5-marzo.png\",\"articleSection\":[\"Libert\u00e9 Religieuse\",\"UMOFC\"],\"inLanguage\":\"fr-FR\",\"potentialAction\":[{\"@type\":\"CommentAction\",\"name\":\"Comment\",\"target\":[\"https:\\\/\\\/wucwo.org\\\/fr\\\/des-femmes-de-foi-porteuses-de-paix-et-esperance\\\/#respond\"]}]},{\"@type\":\"WebPage\",\"@id\":\"https:\\\/\\\/wucwo.org\\\/fr\\\/des-femmes-de-foi-porteuses-de-paix-et-esperance\\\/\",\"url\":\"https:\\\/\\\/wucwo.org\\\/fr\\\/des-femmes-de-foi-porteuses-de-paix-et-esperance\\\/\",\"name\":\"Des femmes de foi : porteuses de paix et esp\u00e9rance - WUCWO - UMOFC\",\"isPartOf\":{\"@id\":\"https:\\\/\\\/wucwo.org\\\/fr\\\/#website\"},\"primaryImageOfPage\":{\"@id\":\"https:\\\/\\\/wucwo.org\\\/fr\\\/des-femmes-de-foi-porteuses-de-paix-et-esperance\\\/#primaryimage\"},\"image\":{\"@id\":\"https:\\\/\\\/wucwo.org\\\/fr\\\/des-femmes-de-foi-porteuses-de-paix-et-esperance\\\/#primaryimage\"},\"thumbnailUrl\":\"https:\\\/\\\/wucwo.org\\\/wp-content\\\/uploads\\\/2026\\\/02\\\/5-marzo.png\",\"datePublished\":\"2026-03-06T11:20:43+00:00\",\"dateModified\":\"2026-03-10T15:08:12+00:00\",\"description\":\"\u00ab L\u00e0 o\u00f9 la politique voit un ennemi, la foi voit un voisin \u00bb\",\"breadcrumb\":{\"@id\":\"https:\\\/\\\/wucwo.org\\\/fr\\\/des-femmes-de-foi-porteuses-de-paix-et-esperance\\\/#breadcrumb\"},\"inLanguage\":\"fr-FR\",\"potentialAction\":[{\"@type\":\"ReadAction\",\"target\":[\"https:\\\/\\\/wucwo.org\\\/fr\\\/des-femmes-de-foi-porteuses-de-paix-et-esperance\\\/\"]}]},{\"@type\":\"ImageObject\",\"inLanguage\":\"fr-FR\",\"@id\":\"https:\\\/\\\/wucwo.org\\\/fr\\\/des-femmes-de-foi-porteuses-de-paix-et-esperance\\\/#primaryimage\",\"url\":\"https:\\\/\\\/wucwo.org\\\/wp-content\\\/uploads\\\/2026\\\/02\\\/5-marzo.png\",\"contentUrl\":\"https:\\\/\\\/wucwo.org\\\/wp-content\\\/uploads\\\/2026\\\/02\\\/5-marzo.png\",\"width\":1252,\"height\":672},{\"@type\":\"BreadcrumbList\",\"@id\":\"https:\\\/\\\/wucwo.org\\\/fr\\\/des-femmes-de-foi-porteuses-de-paix-et-esperance\\\/#breadcrumb\",\"itemListElement\":[{\"@type\":\"ListItem\",\"position\":1,\"name\":\"Portada\",\"item\":\"https:\\\/\\\/wucwo.org\\\/fr\\\/\"},{\"@type\":\"ListItem\",\"position\":2,\"name\":\"Des femmes de foi : porteuses de paix et esp\u00e9rance\"}]},{\"@type\":\"WebSite\",\"@id\":\"https:\\\/\\\/wucwo.org\\\/fr\\\/#website\",\"url\":\"https:\\\/\\\/wucwo.org\\\/fr\\\/\",\"name\":\"UMOFC\",\"description\":\"\",\"publisher\":{\"@id\":\"https:\\\/\\\/wucwo.org\\\/fr\\\/#organization\"},\"potentialAction\":[{\"@type\":\"SearchAction\",\"target\":{\"@type\":\"EntryPoint\",\"urlTemplate\":\"https:\\\/\\\/wucwo.org\\\/fr\\\/?s={search_term_string}\"},\"query-input\":{\"@type\":\"PropertyValueSpecification\",\"valueRequired\":true,\"valueName\":\"search_term_string\"}}],\"inLanguage\":\"fr-FR\"},{\"@type\":\"Organization\",\"@id\":\"https:\\\/\\\/wucwo.org\\\/fr\\\/#organization\",\"name\":\"UMOFC\",\"url\":\"https:\\\/\\\/wucwo.org\\\/fr\\\/\",\"logo\":{\"@type\":\"ImageObject\",\"inLanguage\":\"fr-FR\",\"@id\":\"https:\\\/\\\/wucwo.org\\\/fr\\\/#\\\/schema\\\/logo\\\/image\\\/\",\"url\":\"https:\\\/\\\/wucwo.org\\\/wp-content\\\/uploads\\\/2025\\\/08\\\/Final-icono-scaled.png\",\"contentUrl\":\"https:\\\/\\\/wucwo.org\\\/wp-content\\\/uploads\\\/2025\\\/08\\\/Final-icono-scaled.png\",\"width\":2560,\"height\":1811,\"caption\":\"UMOFC\"},\"image\":{\"@id\":\"https:\\\/\\\/wucwo.org\\\/fr\\\/#\\\/schema\\\/logo\\\/image\\\/\"},\"sameAs\":[\"https:\\\/\\\/www.facebook.com\\\/worldunionofcatholicwomensorganisations\\\/\",\"https:\\\/\\\/www.instagram.com\\\/wucwo_umofc\\\/\",\"https:\\\/\\\/www.linkedin.com\\\/company\\\/wucwo\\\/\",\"https:\\\/\\\/www.youtube.com\\\/@WUCWOUMOFC\",\"https:\\\/\\\/www.flickr.com\\\/photos\\\/203210007@N05\\\/albums\"]},{\"@type\":\"Person\",\"@id\":\"https:\\\/\\\/wucwo.org\\\/fr\\\/#\\\/schema\\\/person\\\/1afc26e4266dd0457a2309d6fb6c9c32\",\"name\":\"info\",\"image\":{\"@type\":\"ImageObject\",\"inLanguage\":\"fr-FR\",\"@id\":\"https:\\\/\\\/secure.gravatar.com\\\/avatar\\\/f0b66018d4d4a05d7dacfa9dfae6882ddcb2b385e730d853a4bc3c17c9424ae9?s=96&d=mm&r=g\",\"url\":\"https:\\\/\\\/secure.gravatar.com\\\/avatar\\\/f0b66018d4d4a05d7dacfa9dfae6882ddcb2b385e730d853a4bc3c17c9424ae9?s=96&d=mm&r=g\",\"contentUrl\":\"https:\\\/\\\/secure.gravatar.com\\\/avatar\\\/f0b66018d4d4a05d7dacfa9dfae6882ddcb2b385e730d853a4bc3c17c9424ae9?s=96&d=mm&r=g\",\"caption\":\"info\"},\"url\":\"https:\\\/\\\/wucwo.org\\\/fr\\\/author\\\/info\\\/\"}]}<\/script>\n<!-- \/ Yoast SEO plugin. -->","yoast_head_json":{"title":"Des femmes de foi : porteuses de paix et esp\u00e9rance - WUCWO - UMOFC","description":"\u00ab L\u00e0 o\u00f9 la politique voit un ennemi, la foi voit un voisin \u00bb","robots":{"index":"index","follow":"follow","max-snippet":"max-snippet:-1","max-image-preview":"max-image-preview:large","max-video-preview":"max-video-preview:-1"},"canonical":"https:\/\/wucwo.org\/fr\/des-femmes-de-foi-porteuses-de-paix-et-esperance\/","og_locale":"fr_FR","og_type":"article","og_title":"Des femmes de foi : porteuses de paix et esp\u00e9rance - WUCWO - UMOFC","og_description":"\u00ab L\u00e0 o\u00f9 la politique voit un ennemi, la foi voit un voisin \u00bb","og_url":"https:\/\/wucwo.org\/fr\/des-femmes-de-foi-porteuses-de-paix-et-esperance\/","og_site_name":"WUCWO - UMOFC","article_publisher":"https:\/\/www.facebook.com\/worldunionofcatholicwomensorganisations\/","article_published_time":"2026-03-06T11:20:43+00:00","article_modified_time":"2026-03-10T15:08:12+00:00","og_image":[{"width":1252,"height":672,"url":"https:\/\/wucwo.org\/wp-content\/uploads\/2026\/02\/5-marzo.png","type":"image\/png"}],"author":"info","twitter_card":"summary_large_image","twitter_misc":{"\u00c9crit par":"info","Dur\u00e9e de lecture estim\u00e9e":"4 minutes"},"schema":{"@context":"https:\/\/schema.org","@graph":[{"@type":"Article","@id":"https:\/\/wucwo.org\/fr\/des-femmes-de-foi-porteuses-de-paix-et-esperance\/#article","isPartOf":{"@id":"https:\/\/wucwo.org\/fr\/des-femmes-de-foi-porteuses-de-paix-et-esperance\/"},"author":{"name":"info","@id":"https:\/\/wucwo.org\/fr\/#\/schema\/person\/1afc26e4266dd0457a2309d6fb6c9c32"},"headline":"Des femmes de foi : porteuses de paix et esp\u00e9rance","datePublished":"2026-03-06T11:20:43+00:00","dateModified":"2026-03-10T15:08:12+00:00","mainEntityOfPage":{"@id":"https:\/\/wucwo.org\/fr\/des-femmes-de-foi-porteuses-de-paix-et-esperance\/"},"wordCount":779,"commentCount":0,"publisher":{"@id":"https:\/\/wucwo.org\/fr\/#organization"},"image":{"@id":"https:\/\/wucwo.org\/fr\/des-femmes-de-foi-porteuses-de-paix-et-esperance\/#primaryimage"},"thumbnailUrl":"https:\/\/wucwo.org\/wp-content\/uploads\/2026\/02\/5-marzo.png","articleSection":["Libert\u00e9 Religieuse","UMOFC"],"inLanguage":"fr-FR","potentialAction":[{"@type":"CommentAction","name":"Comment","target":["https:\/\/wucwo.org\/fr\/des-femmes-de-foi-porteuses-de-paix-et-esperance\/#respond"]}]},{"@type":"WebPage","@id":"https:\/\/wucwo.org\/fr\/des-femmes-de-foi-porteuses-de-paix-et-esperance\/","url":"https:\/\/wucwo.org\/fr\/des-femmes-de-foi-porteuses-de-paix-et-esperance\/","name":"Des femmes de foi : porteuses de paix et esp\u00e9rance - WUCWO - UMOFC","isPartOf":{"@id":"https:\/\/wucwo.org\/fr\/#website"},"primaryImageOfPage":{"@id":"https:\/\/wucwo.org\/fr\/des-femmes-de-foi-porteuses-de-paix-et-esperance\/#primaryimage"},"image":{"@id":"https:\/\/wucwo.org\/fr\/des-femmes-de-foi-porteuses-de-paix-et-esperance\/#primaryimage"},"thumbnailUrl":"https:\/\/wucwo.org\/wp-content\/uploads\/2026\/02\/5-marzo.png","datePublished":"2026-03-06T11:20:43+00:00","dateModified":"2026-03-10T15:08:12+00:00","description":"\u00ab L\u00e0 o\u00f9 la politique voit un ennemi, la foi voit un voisin \u00bb","breadcrumb":{"@id":"https:\/\/wucwo.org\/fr\/des-femmes-de-foi-porteuses-de-paix-et-esperance\/#breadcrumb"},"inLanguage":"fr-FR","potentialAction":[{"@type":"ReadAction","target":["https:\/\/wucwo.org\/fr\/des-femmes-de-foi-porteuses-de-paix-et-esperance\/"]}]},{"@type":"ImageObject","inLanguage":"fr-FR","@id":"https:\/\/wucwo.org\/fr\/des-femmes-de-foi-porteuses-de-paix-et-esperance\/#primaryimage","url":"https:\/\/wucwo.org\/wp-content\/uploads\/2026\/02\/5-marzo.png","contentUrl":"https:\/\/wucwo.org\/wp-content\/uploads\/2026\/02\/5-marzo.png","width":1252,"height":672},{"@type":"BreadcrumbList","@id":"https:\/\/wucwo.org\/fr\/des-femmes-de-foi-porteuses-de-paix-et-esperance\/#breadcrumb","itemListElement":[{"@type":"ListItem","position":1,"name":"Portada","item":"https:\/\/wucwo.org\/fr\/"},{"@type":"ListItem","position":2,"name":"Des femmes de foi : porteuses de paix et esp\u00e9rance"}]},{"@type":"WebSite","@id":"https:\/\/wucwo.org\/fr\/#website","url":"https:\/\/wucwo.org\/fr\/","name":"UMOFC","description":"","publisher":{"@id":"https:\/\/wucwo.org\/fr\/#organization"},"potentialAction":[{"@type":"SearchAction","target":{"@type":"EntryPoint","urlTemplate":"https:\/\/wucwo.org\/fr\/?s={search_term_string}"},"query-input":{"@type":"PropertyValueSpecification","valueRequired":true,"valueName":"search_term_string"}}],"inLanguage":"fr-FR"},{"@type":"Organization","@id":"https:\/\/wucwo.org\/fr\/#organization","name":"UMOFC","url":"https:\/\/wucwo.org\/fr\/","logo":{"@type":"ImageObject","inLanguage":"fr-FR","@id":"https:\/\/wucwo.org\/fr\/#\/schema\/logo\/image\/","url":"https:\/\/wucwo.org\/wp-content\/uploads\/2025\/08\/Final-icono-scaled.png","contentUrl":"https:\/\/wucwo.org\/wp-content\/uploads\/2025\/08\/Final-icono-scaled.png","width":2560,"height":1811,"caption":"UMOFC"},"image":{"@id":"https:\/\/wucwo.org\/fr\/#\/schema\/logo\/image\/"},"sameAs":["https:\/\/www.facebook.com\/worldunionofcatholicwomensorganisations\/","https:\/\/www.instagram.com\/wucwo_umofc\/","https:\/\/www.linkedin.com\/company\/wucwo\/","https:\/\/www.youtube.com\/@WUCWOUMOFC","https:\/\/www.flickr.com\/photos\/203210007@N05\/albums"]},{"@type":"Person","@id":"https:\/\/wucwo.org\/fr\/#\/schema\/person\/1afc26e4266dd0457a2309d6fb6c9c32","name":"info","image":{"@type":"ImageObject","inLanguage":"fr-FR","@id":"https:\/\/secure.gravatar.com\/avatar\/f0b66018d4d4a05d7dacfa9dfae6882ddcb2b385e730d853a4bc3c17c9424ae9?s=96&d=mm&r=g","url":"https:\/\/secure.gravatar.com\/avatar\/f0b66018d4d4a05d7dacfa9dfae6882ddcb2b385e730d853a4bc3c17c9424ae9?s=96&d=mm&r=g","contentUrl":"https:\/\/secure.gravatar.com\/avatar\/f0b66018d4d4a05d7dacfa9dfae6882ddcb2b385e730d853a4bc3c17c9424ae9?s=96&d=mm&r=g","caption":"info"},"url":"https:\/\/wucwo.org\/fr\/author\/info\/"}]}},"_links":{"self":[{"href":"https:\/\/wucwo.org\/fr\/wp-json\/wp\/v2\/posts\/18776","targetHints":{"allow":["GET"]}}],"collection":[{"href":"https:\/\/wucwo.org\/fr\/wp-json\/wp\/v2\/posts"}],"about":[{"href":"https:\/\/wucwo.org\/fr\/wp-json\/wp\/v2\/types\/post"}],"author":[{"embeddable":true,"href":"https:\/\/wucwo.org\/fr\/wp-json\/wp\/v2\/users\/2"}],"replies":[{"embeddable":true,"href":"https:\/\/wucwo.org\/fr\/wp-json\/wp\/v2\/comments?post=18776"}],"version-history":[{"count":6,"href":"https:\/\/wucwo.org\/fr\/wp-json\/wp\/v2\/posts\/18776\/revisions"}],"predecessor-version":[{"id":18837,"href":"https:\/\/wucwo.org\/fr\/wp-json\/wp\/v2\/posts\/18776\/revisions\/18837"}],"wp:featuredmedia":[{"embeddable":true,"href":"https:\/\/wucwo.org\/fr\/wp-json\/wp\/v2\/media\/18572"}],"wp:attachment":[{"href":"https:\/\/wucwo.org\/fr\/wp-json\/wp\/v2\/media?parent=18776"}],"wp:term":[{"taxonomy":"category","embeddable":true,"href":"https:\/\/wucwo.org\/fr\/wp-json\/wp\/v2\/categories?post=18776"},{"taxonomy":"post_tag","embeddable":true,"href":"https:\/\/wucwo.org\/fr\/wp-json\/wp\/v2\/tags?post=18776"}],"curies":[{"name":"wp","href":"https:\/\/api.w.org\/{rel}","templated":true}]}}