{"id":19183,"date":"2026-04-16T17:34:20","date_gmt":"2026-04-16T15:34:20","guid":{"rendered":"https:\/\/wucwo.org\/xxe-assemblee-nationale-de-lassociation-espagnole-de-ladoration-nocturne-feminine-anfe\/"},"modified":"2026-04-27T17:45:58","modified_gmt":"2026-04-27T15:45:58","slug":"xxe-assemblee-nationale-de-lassociation-espagnole-de-ladoration-nocturne-feminine-anfe","status":"publish","type":"post","link":"https:\/\/wucwo.org\/fr\/xxe-assemblee-nationale-de-lassociation-espagnole-de-ladoration-nocturne-feminine-anfe\/","title":{"rendered":"XXe Assembl\u00e9e nationale de l\u2019Association espagnole de l\u2019Adoration Nocturne F\u00e9minine (ANFE)"},"content":{"rendered":"\n<p class=\"wp-block-paragraph\">L\u2019Association espagnole de l\u2019Adoration Nocturne F\u00e9minine (ANFE) a tenu sa XXe Assembl\u00e9e nationale le 11 avril \u00e0 Cordoue. La rencontre a r\u00e9uni environ 175 adoratrices de 26 dioc\u00e8ses, dans un climat de participation, de r\u00e9flexion et d\u2019engagement, sous le th\u00e8me \u00ab <strong><em>ANFE, une fid\u00e9lit\u00e9 qui construit<\/em><\/strong> \u00bb.<\/p>\n\n<p class=\"wp-block-paragraph\">Au cours de l\u2019assembl\u00e9e, les participantes ont fait le bilan des activit\u00e9s r\u00e9alis\u00e9es et ont planifi\u00e9 les actions futures, r\u00e9affirmant leur engagement commun \u00e0 poursuivre le chemin ensemble. Une conf\u00e9rence a \u00e9galement \u00e9t\u00e9 donn\u00e9e par le conseiller national, le P. Alfonso L\u00f3pez, intitul\u00e9e \u00ab<em><strong> La nuit qui nous rassemble<\/strong><\/em> \u00bb, sur le sens spirituel, humain et th\u00e9ologique de l\u2019Adoration Nocturne. <\/p>\n\n<p class=\"wp-block-paragraph\">L\u2019un des moments forts de la rencontre a \u00e9t\u00e9 le processus d\u2019\u00e9lection \u00e0 la pr\u00e9sidence de l\u2019association. \u00c0 l\u2019issue du vote, la pr\u00e9sidente actuelle, Araceli Prades Felip, a \u00e9t\u00e9 r\u00e9\u00e9lue, renouvelant ainsi la confiance des adoratrices dans son service au sein de l\u2019ANFE. <\/p>\n\n<p class=\"wp-block-paragraph\">L\u2019assembl\u00e9e s\u2019est conclue par une <strong>Veill\u00e9e d\u2019action de gr\u00e2ce<\/strong> \u00e0 la Sainte Cath\u00e9drale de Cordoue, pr\u00e9sid\u00e9e par l\u2019\u00e9v\u00eaque de Cordoue, Mgr Jes\u00fas Fern\u00e1ndez Gonz\u00e1lez, marquant la fin d\u2019une journ\u00e9e plac\u00e9e sous le signe de l\u2019unit\u00e9, de la r\u00e9flexion et de l\u2019engagement partag\u00e9, et soulignant l\u2019importance de continuer \u00e0 avancer dans une fid\u00e9lit\u00e9 qui construit chaque jour.<\/p>\n\n<figure class=\"wp-block-image size-large\"><img loading=\"lazy\" decoding=\"async\" width=\"1024\" height=\"576\" src=\"https:\/\/wucwo.org\/wp-content\/uploads\/2026\/04\/FOTO-VIGILIA-edited-1024x576.jpg\" alt=\"\" class=\"wp-image-19174\" srcset=\"https:\/\/wucwo.org\/wp-content\/uploads\/2026\/04\/FOTO-VIGILIA-edited-1024x576.jpg 1024w, https:\/\/wucwo.org\/wp-content\/uploads\/2026\/04\/FOTO-VIGILIA-edited-980x552.jpg 980w, https:\/\/wucwo.org\/wp-content\/uploads\/2026\/04\/FOTO-VIGILIA-edited-480x270.jpg 480w\" sizes=\"(min-width: 0px) and (max-width: 480px) 480px, (min-width: 481px) and (max-width: 980px) 980px, (min-width: 981px) 1024px, 100vw\" \/><\/figure>\n\n<p class=\"wp-block-paragraph\"><\/p>\n\n<p class=\"wp-block-paragraph\">Susana Fern\u00e1ndez, <em><em style=\"font-weight: bold;\"><strong>ANFE<\/strong><\/em><\/em><\/p>\n","protected":false},"excerpt":{"rendered":"<p>L\u2019Association espagnole de l\u2019Adoration Nocturne F\u00e9minine (ANFE) a tenu sa XXe Assembl\u00e9e nationale le 11 avril \u00e0 Cordoue. La rencontre a r\u00e9uni environ 175 adoratrices de 26 dioc\u00e8ses, dans un climat de participation, de r\u00e9flexion et d\u2019engagement, sous le th\u00e8me \u00ab ANFE, une fid\u00e9lit\u00e9 qui construit \u00bb. Au cours de l\u2019assembl\u00e9e, les participantes ont fait [&hellip;]<\/p>\n","protected":false},"author":3,"featured_media":19170,"comment_status":"open","ping_status":"open","sticky":false,"template":"","format":"standard","meta":{"_et_pb_use_builder":"off","_et_pb_old_content":"","_et_gb_content_width":"","footnotes":""},"categories":[125],"tags":[],"class_list":["post-19183","post","type-post","status-publish","format-standard","has-post-thumbnail","hentry","category-nouvelles-membres"],"yoast_head":"<!-- This site is optimized with the Yoast SEO plugin v27.8 - https:\/\/yoast.com\/product\/yoast-seo-wordpress\/ -->\n<title>XXe Assembl\u00e9e nationale de l\u2019Association espagnole de l\u2019Adoration Nocturne F\u00e9minine (ANFE) - WUCWO - UMOFC<\/title>\n<meta name=\"robots\" content=\"index, follow, max-snippet:-1, max-image-preview:large, max-video-preview:-1\" \/>\n<link rel=\"canonical\" href=\"https:\/\/wucwo.org\/fr\/xxe-assemblee-nationale-de-lassociation-espagnole-de-ladoration-nocturne-feminine-anfe\/\" \/>\n<meta property=\"og:locale\" content=\"fr_FR\" \/>\n<meta property=\"og:type\" content=\"article\" \/>\n<meta property=\"og:title\" content=\"XXe Assembl\u00e9e nationale de l\u2019Association espagnole de l\u2019Adoration Nocturne F\u00e9minine (ANFE) - WUCWO - UMOFC\" \/>\n<meta property=\"og:description\" content=\"L\u2019Association espagnole de l\u2019Adoration Nocturne F\u00e9minine (ANFE) a tenu sa XXe Assembl\u00e9e nationale le 11 avril \u00e0 Cordoue. La rencontre a r\u00e9uni environ 175 adoratrices de 26 dioc\u00e8ses, dans un climat de participation, de r\u00e9flexion et d\u2019engagement, sous le th\u00e8me \u00ab ANFE, une fid\u00e9lit\u00e9 qui construit \u00bb. Au cours de l\u2019assembl\u00e9e, les participantes ont fait [&hellip;]\" \/>\n<meta property=\"og:url\" content=\"https:\/\/wucwo.org\/fr\/xxe-assemblee-nationale-de-lassociation-espagnole-de-ladoration-nocturne-feminine-anfe\/\" \/>\n<meta property=\"og:site_name\" content=\"WUCWO - UMOFC\" \/>\n<meta property=\"article:publisher\" content=\"https:\/\/www.facebook.com\/worldunionofcatholicwomensorganisations\/\" \/>\n<meta property=\"article:published_time\" content=\"2026-04-16T15:34:20+00:00\" \/>\n<meta property=\"article:modified_time\" content=\"2026-04-27T15:45:58+00:00\" \/>\n<meta property=\"og:image\" content=\"https:\/\/wucwo.org\/wp-content\/uploads\/2026\/04\/IMG_3564-scaled.jpeg\" \/>\n\t<meta property=\"og:image:width\" content=\"2560\" \/>\n\t<meta property=\"og:image:height\" content=\"1920\" \/>\n\t<meta property=\"og:image:type\" content=\"image\/jpeg\" \/>\n<meta name=\"author\" content=\"communication\" \/>\n<meta name=\"twitter:card\" content=\"summary_large_image\" \/>\n<meta name=\"twitter:label1\" content=\"\u00c9crit par\" \/>\n\t<meta name=\"twitter:data1\" content=\"communication\" \/>\n\t<meta name=\"twitter:label2\" content=\"Dur\u00e9e de lecture estim\u00e9e\" \/>\n\t<meta name=\"twitter:data2\" content=\"1 minute\" \/>\n<script type=\"application\/ld+json\" class=\"yoast-schema-graph\">{\"@context\":\"https:\\\/\\\/schema.org\",\"@graph\":[{\"@type\":\"Article\",\"@id\":\"https:\\\/\\\/wucwo.org\\\/fr\\\/xxe-assemblee-nationale-de-lassociation-espagnole-de-ladoration-nocturne-feminine-anfe\\\/#article\",\"isPartOf\":{\"@id\":\"https:\\\/\\\/wucwo.org\\\/fr\\\/xxe-assemblee-nationale-de-lassociation-espagnole-de-ladoration-nocturne-feminine-anfe\\\/\"},\"author\":{\"name\":\"communication\",\"@id\":\"https:\\\/\\\/wucwo.org\\\/fr\\\/#\\\/schema\\\/person\\\/36e189b76cc2f081eb3458e9a1f81183\"},\"headline\":\"XXe Assembl\u00e9e nationale de l\u2019Association espagnole de l\u2019Adoration Nocturne F\u00e9minine (ANFE)\",\"datePublished\":\"2026-04-16T15:34:20+00:00\",\"dateModified\":\"2026-04-27T15:45:58+00:00\",\"mainEntityOfPage\":{\"@id\":\"https:\\\/\\\/wucwo.org\\\/fr\\\/xxe-assemblee-nationale-de-lassociation-espagnole-de-ladoration-nocturne-feminine-anfe\\\/\"},\"wordCount\":264,\"commentCount\":0,\"publisher\":{\"@id\":\"https:\\\/\\\/wucwo.org\\\/fr\\\/#organization\"},\"image\":{\"@id\":\"https:\\\/\\\/wucwo.org\\\/fr\\\/xxe-assemblee-nationale-de-lassociation-espagnole-de-ladoration-nocturne-feminine-anfe\\\/#primaryimage\"},\"thumbnailUrl\":\"https:\\\/\\\/wucwo.org\\\/wp-content\\\/uploads\\\/2026\\\/04\\\/IMG_3564-scaled.jpeg\",\"articleSection\":[\"Membres\"],\"inLanguage\":\"fr-FR\",\"potentialAction\":[{\"@type\":\"CommentAction\",\"name\":\"Comment\",\"target\":[\"https:\\\/\\\/wucwo.org\\\/fr\\\/xxe-assemblee-nationale-de-lassociation-espagnole-de-ladoration-nocturne-feminine-anfe\\\/#respond\"]}]},{\"@type\":\"WebPage\",\"@id\":\"https:\\\/\\\/wucwo.org\\\/fr\\\/xxe-assemblee-nationale-de-lassociation-espagnole-de-ladoration-nocturne-feminine-anfe\\\/\",\"url\":\"https:\\\/\\\/wucwo.org\\\/fr\\\/xxe-assemblee-nationale-de-lassociation-espagnole-de-ladoration-nocturne-feminine-anfe\\\/\",\"name\":\"XXe Assembl\u00e9e nationale de l\u2019Association espagnole de l\u2019Adoration Nocturne F\u00e9minine (ANFE) - WUCWO - UMOFC\",\"isPartOf\":{\"@id\":\"https:\\\/\\\/wucwo.org\\\/fr\\\/#website\"},\"primaryImageOfPage\":{\"@id\":\"https:\\\/\\\/wucwo.org\\\/fr\\\/xxe-assemblee-nationale-de-lassociation-espagnole-de-ladoration-nocturne-feminine-anfe\\\/#primaryimage\"},\"image\":{\"@id\":\"https:\\\/\\\/wucwo.org\\\/fr\\\/xxe-assemblee-nationale-de-lassociation-espagnole-de-ladoration-nocturne-feminine-anfe\\\/#primaryimage\"},\"thumbnailUrl\":\"https:\\\/\\\/wucwo.org\\\/wp-content\\\/uploads\\\/2026\\\/04\\\/IMG_3564-scaled.jpeg\",\"datePublished\":\"2026-04-16T15:34:20+00:00\",\"dateModified\":\"2026-04-27T15:45:58+00:00\",\"breadcrumb\":{\"@id\":\"https:\\\/\\\/wucwo.org\\\/fr\\\/xxe-assemblee-nationale-de-lassociation-espagnole-de-ladoration-nocturne-feminine-anfe\\\/#breadcrumb\"},\"inLanguage\":\"fr-FR\",\"potentialAction\":[{\"@type\":\"ReadAction\",\"target\":[\"https:\\\/\\\/wucwo.org\\\/fr\\\/xxe-assemblee-nationale-de-lassociation-espagnole-de-ladoration-nocturne-feminine-anfe\\\/\"]}]},{\"@type\":\"ImageObject\",\"inLanguage\":\"fr-FR\",\"@id\":\"https:\\\/\\\/wucwo.org\\\/fr\\\/xxe-assemblee-nationale-de-lassociation-espagnole-de-ladoration-nocturne-feminine-anfe\\\/#primaryimage\",\"url\":\"https:\\\/\\\/wucwo.org\\\/wp-content\\\/uploads\\\/2026\\\/04\\\/IMG_3564-scaled.jpeg\",\"contentUrl\":\"https:\\\/\\\/wucwo.org\\\/wp-content\\\/uploads\\\/2026\\\/04\\\/IMG_3564-scaled.jpeg\",\"width\":2560,\"height\":1920},{\"@type\":\"BreadcrumbList\",\"@id\":\"https:\\\/\\\/wucwo.org\\\/fr\\\/xxe-assemblee-nationale-de-lassociation-espagnole-de-ladoration-nocturne-feminine-anfe\\\/#breadcrumb\",\"itemListElement\":[{\"@type\":\"ListItem\",\"position\":1,\"name\":\"Portada\",\"item\":\"https:\\\/\\\/wucwo.org\\\/fr\\\/\"},{\"@type\":\"ListItem\",\"position\":2,\"name\":\"XXe Assembl\u00e9e nationale de l\u2019Association espagnole de l\u2019Adoration Nocturne F\u00e9minine (ANFE)\"}]},{\"@type\":\"WebSite\",\"@id\":\"https:\\\/\\\/wucwo.org\\\/fr\\\/#website\",\"url\":\"https:\\\/\\\/wucwo.org\\\/fr\\\/\",\"name\":\"UMOFC\",\"description\":\"\",\"publisher\":{\"@id\":\"https:\\\/\\\/wucwo.org\\\/fr\\\/#organization\"},\"potentialAction\":[{\"@type\":\"SearchAction\",\"target\":{\"@type\":\"EntryPoint\",\"urlTemplate\":\"https:\\\/\\\/wucwo.org\\\/fr\\\/?s={search_term_string}\"},\"query-input\":{\"@type\":\"PropertyValueSpecification\",\"valueRequired\":true,\"valueName\":\"search_term_string\"}}],\"inLanguage\":\"fr-FR\"},{\"@type\":\"Organization\",\"@id\":\"https:\\\/\\\/wucwo.org\\\/fr\\\/#organization\",\"name\":\"UMOFC\",\"url\":\"https:\\\/\\\/wucwo.org\\\/fr\\\/\",\"logo\":{\"@type\":\"ImageObject\",\"inLanguage\":\"fr-FR\",\"@id\":\"https:\\\/\\\/wucwo.org\\\/fr\\\/#\\\/schema\\\/logo\\\/image\\\/\",\"url\":\"https:\\\/\\\/wucwo.org\\\/wp-content\\\/uploads\\\/2025\\\/08\\\/Final-icono-scaled.png\",\"contentUrl\":\"https:\\\/\\\/wucwo.org\\\/wp-content\\\/uploads\\\/2025\\\/08\\\/Final-icono-scaled.png\",\"width\":2560,\"height\":1811,\"caption\":\"UMOFC\"},\"image\":{\"@id\":\"https:\\\/\\\/wucwo.org\\\/fr\\\/#\\\/schema\\\/logo\\\/image\\\/\"},\"sameAs\":[\"https:\\\/\\\/www.facebook.com\\\/worldunionofcatholicwomensorganisations\\\/\",\"https:\\\/\\\/www.instagram.com\\\/wucwo_umofc\\\/\",\"https:\\\/\\\/www.linkedin.com\\\/company\\\/wucwo\\\/\",\"https:\\\/\\\/www.youtube.com\\\/@WUCWOUMOFC\",\"https:\\\/\\\/www.flickr.com\\\/photos\\\/203210007@N05\\\/albums\"]},{\"@type\":\"Person\",\"@id\":\"https:\\\/\\\/wucwo.org\\\/fr\\\/#\\\/schema\\\/person\\\/36e189b76cc2f081eb3458e9a1f81183\",\"name\":\"communication\",\"image\":{\"@type\":\"ImageObject\",\"inLanguage\":\"fr-FR\",\"@id\":\"https:\\\/\\\/secure.gravatar.com\\\/avatar\\\/3db542db39feebb0fd43b726aab1c33917436e5f5a9e88f2295c0f1c34c59b48?s=96&d=mm&r=g\",\"url\":\"https:\\\/\\\/secure.gravatar.com\\\/avatar\\\/3db542db39feebb0fd43b726aab1c33917436e5f5a9e88f2295c0f1c34c59b48?s=96&d=mm&r=g\",\"contentUrl\":\"https:\\\/\\\/secure.gravatar.com\\\/avatar\\\/3db542db39feebb0fd43b726aab1c33917436e5f5a9e88f2295c0f1c34c59b48?s=96&d=mm&r=g\",\"caption\":\"communication\"},\"url\":\"https:\\\/\\\/wucwo.org\\\/fr\\\/author\\\/communication\\\/\"}]}<\/script>\n<!-- \/ Yoast SEO plugin. -->","yoast_head_json":{"title":"XXe Assembl\u00e9e nationale de l\u2019Association espagnole de l\u2019Adoration Nocturne F\u00e9minine (ANFE) - WUCWO - UMOFC","robots":{"index":"index","follow":"follow","max-snippet":"max-snippet:-1","max-image-preview":"max-image-preview:large","max-video-preview":"max-video-preview:-1"},"canonical":"https:\/\/wucwo.org\/fr\/xxe-assemblee-nationale-de-lassociation-espagnole-de-ladoration-nocturne-feminine-anfe\/","og_locale":"fr_FR","og_type":"article","og_title":"XXe Assembl\u00e9e nationale de l\u2019Association espagnole de l\u2019Adoration Nocturne F\u00e9minine (ANFE) - WUCWO - UMOFC","og_description":"L\u2019Association espagnole de l\u2019Adoration Nocturne F\u00e9minine (ANFE) a tenu sa XXe Assembl\u00e9e nationale le 11 avril \u00e0 Cordoue. La rencontre a r\u00e9uni environ 175 adoratrices de 26 dioc\u00e8ses, dans un climat de participation, de r\u00e9flexion et d\u2019engagement, sous le th\u00e8me \u00ab ANFE, une fid\u00e9lit\u00e9 qui construit \u00bb. Au cours de l\u2019assembl\u00e9e, les participantes ont fait [&hellip;]","og_url":"https:\/\/wucwo.org\/fr\/xxe-assemblee-nationale-de-lassociation-espagnole-de-ladoration-nocturne-feminine-anfe\/","og_site_name":"WUCWO - UMOFC","article_publisher":"https:\/\/www.facebook.com\/worldunionofcatholicwomensorganisations\/","article_published_time":"2026-04-16T15:34:20+00:00","article_modified_time":"2026-04-27T15:45:58+00:00","og_image":[{"width":2560,"height":1920,"url":"https:\/\/wucwo.org\/wp-content\/uploads\/2026\/04\/IMG_3564-scaled.jpeg","type":"image\/jpeg"}],"author":"communication","twitter_card":"summary_large_image","twitter_misc":{"\u00c9crit par":"communication","Dur\u00e9e de lecture estim\u00e9e":"1 minute"},"schema":{"@context":"https:\/\/schema.org","@graph":[{"@type":"Article","@id":"https:\/\/wucwo.org\/fr\/xxe-assemblee-nationale-de-lassociation-espagnole-de-ladoration-nocturne-feminine-anfe\/#article","isPartOf":{"@id":"https:\/\/wucwo.org\/fr\/xxe-assemblee-nationale-de-lassociation-espagnole-de-ladoration-nocturne-feminine-anfe\/"},"author":{"name":"communication","@id":"https:\/\/wucwo.org\/fr\/#\/schema\/person\/36e189b76cc2f081eb3458e9a1f81183"},"headline":"XXe Assembl\u00e9e nationale de l\u2019Association espagnole de l\u2019Adoration Nocturne F\u00e9minine (ANFE)","datePublished":"2026-04-16T15:34:20+00:00","dateModified":"2026-04-27T15:45:58+00:00","mainEntityOfPage":{"@id":"https:\/\/wucwo.org\/fr\/xxe-assemblee-nationale-de-lassociation-espagnole-de-ladoration-nocturne-feminine-anfe\/"},"wordCount":264,"commentCount":0,"publisher":{"@id":"https:\/\/wucwo.org\/fr\/#organization"},"image":{"@id":"https:\/\/wucwo.org\/fr\/xxe-assemblee-nationale-de-lassociation-espagnole-de-ladoration-nocturne-feminine-anfe\/#primaryimage"},"thumbnailUrl":"https:\/\/wucwo.org\/wp-content\/uploads\/2026\/04\/IMG_3564-scaled.jpeg","articleSection":["Membres"],"inLanguage":"fr-FR","potentialAction":[{"@type":"CommentAction","name":"Comment","target":["https:\/\/wucwo.org\/fr\/xxe-assemblee-nationale-de-lassociation-espagnole-de-ladoration-nocturne-feminine-anfe\/#respond"]}]},{"@type":"WebPage","@id":"https:\/\/wucwo.org\/fr\/xxe-assemblee-nationale-de-lassociation-espagnole-de-ladoration-nocturne-feminine-anfe\/","url":"https:\/\/wucwo.org\/fr\/xxe-assemblee-nationale-de-lassociation-espagnole-de-ladoration-nocturne-feminine-anfe\/","name":"XXe Assembl\u00e9e nationale de l\u2019Association espagnole de l\u2019Adoration Nocturne F\u00e9minine (ANFE) - WUCWO - UMOFC","isPartOf":{"@id":"https:\/\/wucwo.org\/fr\/#website"},"primaryImageOfPage":{"@id":"https:\/\/wucwo.org\/fr\/xxe-assemblee-nationale-de-lassociation-espagnole-de-ladoration-nocturne-feminine-anfe\/#primaryimage"},"image":{"@id":"https:\/\/wucwo.org\/fr\/xxe-assemblee-nationale-de-lassociation-espagnole-de-ladoration-nocturne-feminine-anfe\/#primaryimage"},"thumbnailUrl":"https:\/\/wucwo.org\/wp-content\/uploads\/2026\/04\/IMG_3564-scaled.jpeg","datePublished":"2026-04-16T15:34:20+00:00","dateModified":"2026-04-27T15:45:58+00:00","breadcrumb":{"@id":"https:\/\/wucwo.org\/fr\/xxe-assemblee-nationale-de-lassociation-espagnole-de-ladoration-nocturne-feminine-anfe\/#breadcrumb"},"inLanguage":"fr-FR","potentialAction":[{"@type":"ReadAction","target":["https:\/\/wucwo.org\/fr\/xxe-assemblee-nationale-de-lassociation-espagnole-de-ladoration-nocturne-feminine-anfe\/"]}]},{"@type":"ImageObject","inLanguage":"fr-FR","@id":"https:\/\/wucwo.org\/fr\/xxe-assemblee-nationale-de-lassociation-espagnole-de-ladoration-nocturne-feminine-anfe\/#primaryimage","url":"https:\/\/wucwo.org\/wp-content\/uploads\/2026\/04\/IMG_3564-scaled.jpeg","contentUrl":"https:\/\/wucwo.org\/wp-content\/uploads\/2026\/04\/IMG_3564-scaled.jpeg","width":2560,"height":1920},{"@type":"BreadcrumbList","@id":"https:\/\/wucwo.org\/fr\/xxe-assemblee-nationale-de-lassociation-espagnole-de-ladoration-nocturne-feminine-anfe\/#breadcrumb","itemListElement":[{"@type":"ListItem","position":1,"name":"Portada","item":"https:\/\/wucwo.org\/fr\/"},{"@type":"ListItem","position":2,"name":"XXe Assembl\u00e9e nationale de l\u2019Association espagnole de l\u2019Adoration Nocturne F\u00e9minine (ANFE)"}]},{"@type":"WebSite","@id":"https:\/\/wucwo.org\/fr\/#website","url":"https:\/\/wucwo.org\/fr\/","name":"UMOFC","description":"","publisher":{"@id":"https:\/\/wucwo.org\/fr\/#organization"},"potentialAction":[{"@type":"SearchAction","target":{"@type":"EntryPoint","urlTemplate":"https:\/\/wucwo.org\/fr\/?s={search_term_string}"},"query-input":{"@type":"PropertyValueSpecification","valueRequired":true,"valueName":"search_term_string"}}],"inLanguage":"fr-FR"},{"@type":"Organization","@id":"https:\/\/wucwo.org\/fr\/#organization","name":"UMOFC","url":"https:\/\/wucwo.org\/fr\/","logo":{"@type":"ImageObject","inLanguage":"fr-FR","@id":"https:\/\/wucwo.org\/fr\/#\/schema\/logo\/image\/","url":"https:\/\/wucwo.org\/wp-content\/uploads\/2025\/08\/Final-icono-scaled.png","contentUrl":"https:\/\/wucwo.org\/wp-content\/uploads\/2025\/08\/Final-icono-scaled.png","width":2560,"height":1811,"caption":"UMOFC"},"image":{"@id":"https:\/\/wucwo.org\/fr\/#\/schema\/logo\/image\/"},"sameAs":["https:\/\/www.facebook.com\/worldunionofcatholicwomensorganisations\/","https:\/\/www.instagram.com\/wucwo_umofc\/","https:\/\/www.linkedin.com\/company\/wucwo\/","https:\/\/www.youtube.com\/@WUCWOUMOFC","https:\/\/www.flickr.com\/photos\/203210007@N05\/albums"]},{"@type":"Person","@id":"https:\/\/wucwo.org\/fr\/#\/schema\/person\/36e189b76cc2f081eb3458e9a1f81183","name":"communication","image":{"@type":"ImageObject","inLanguage":"fr-FR","@id":"https:\/\/secure.gravatar.com\/avatar\/3db542db39feebb0fd43b726aab1c33917436e5f5a9e88f2295c0f1c34c59b48?s=96&d=mm&r=g","url":"https:\/\/secure.gravatar.com\/avatar\/3db542db39feebb0fd43b726aab1c33917436e5f5a9e88f2295c0f1c34c59b48?s=96&d=mm&r=g","contentUrl":"https:\/\/secure.gravatar.com\/avatar\/3db542db39feebb0fd43b726aab1c33917436e5f5a9e88f2295c0f1c34c59b48?s=96&d=mm&r=g","caption":"communication"},"url":"https:\/\/wucwo.org\/fr\/author\/communication\/"}]}},"_links":{"self":[{"href":"https:\/\/wucwo.org\/fr\/wp-json\/wp\/v2\/posts\/19183","targetHints":{"allow":["GET"]}}],"collection":[{"href":"https:\/\/wucwo.org\/fr\/wp-json\/wp\/v2\/posts"}],"about":[{"href":"https:\/\/wucwo.org\/fr\/wp-json\/wp\/v2\/types\/post"}],"author":[{"embeddable":true,"href":"https:\/\/wucwo.org\/fr\/wp-json\/wp\/v2\/users\/3"}],"replies":[{"embeddable":true,"href":"https:\/\/wucwo.org\/fr\/wp-json\/wp\/v2\/comments?post=19183"}],"version-history":[{"count":1,"href":"https:\/\/wucwo.org\/fr\/wp-json\/wp\/v2\/posts\/19183\/revisions"}],"predecessor-version":[{"id":19184,"href":"https:\/\/wucwo.org\/fr\/wp-json\/wp\/v2\/posts\/19183\/revisions\/19184"}],"wp:featuredmedia":[{"embeddable":true,"href":"https:\/\/wucwo.org\/fr\/wp-json\/wp\/v2\/media\/19170"}],"wp:attachment":[{"href":"https:\/\/wucwo.org\/fr\/wp-json\/wp\/v2\/media?parent=19183"}],"wp:term":[{"taxonomy":"category","embeddable":true,"href":"https:\/\/wucwo.org\/fr\/wp-json\/wp\/v2\/categories?post=19183"},{"taxonomy":"post_tag","embeddable":true,"href":"https:\/\/wucwo.org\/fr\/wp-json\/wp\/v2\/tags?post=19183"}],"curies":[{"name":"wp","href":"https:\/\/api.w.org\/{rel}","templated":true}]}}