{"id":19563,"date":"2026-05-20T15:58:13","date_gmt":"2026-05-20T13:58:13","guid":{"rendered":"https:\/\/wucwo.org\/les-femmes-pour-la-paix-journee-de-lumofc-italia-2026\/"},"modified":"2026-05-25T12:53:24","modified_gmt":"2026-05-25T10:53:24","slug":"les-femmes-pour-la-paix-journee-de-lumofc-italia-2026","status":"publish","type":"post","link":"https:\/\/wucwo.org\/fr\/les-femmes-pour-la-paix-journee-de-lumofc-italia-2026\/","title":{"rendered":"Les femmes pour la paix: Journ\u00e9e de l\u2019UMOFC Italia 2026"},"content":{"rendered":"\n<p class=\"wp-block-paragraph\">\u00c0 l\u2019occasion de la <strong>c\u00e9l\u00e9bration de la Journ\u00e9e de l\u2019UMOFC<\/strong>, au cours de laquelle nous c\u00e9l\u00e9brons cette ann\u00e9e <strong>116 ans d\u2019engagement pour la paix<\/strong>, les associations italiennes adh\u00e9rentes lancent un message commun pour r\u00e9affirmer le r\u00f4le fondamental des femmes dans la construction d\u2019une soci\u00e9t\u00e9 plus juste, inclusive et pacifique.<\/p>\n\n<h4 class=\"wp-block-heading\">Ci-dessous, le message officiel : <\/h4>\n\n<p class=\"wp-block-paragraph\">Nous adh\u00e9rons \u00e0 cette journ\u00e9e non seulement de mani\u00e8re symbolique, mais aussi en pratiquant la paix au quotidien et en diffusant une culture qui la reconna\u00eet comme un choix concret, quotidien et profond\u00e9ment politique.<\/p>\n\n<p class=\"wp-block-paragraph\">La paix, en effet, n\u2019est pas simplement l\u2019absence de guerre : c\u2019est un processus dynamique et participatif qui exige le dialogue, la justice sociale, la libert\u00e9 et le respect de la dignit\u00e9 humaine. La paix est l\u2019expression supr\u00eame du \u00ab bien commun \u00bb. <\/p>\n\n<p class=\"wp-block-paragraph\">Au cours de l\u2019histoire, de nombreuses femmes \u2013 souvent de mani\u00e8re silencieuse et invisible \u2013 ont trac\u00e9 des chemins de paix \u00e0 travers des vies marqu\u00e9es par la r\u00e9sistance et l\u2019esp\u00e9rance. M\u00eame lorsqu\u2019elles \u00e9taient exclues des r\u00f4les officiels, elles ont su influencer les processus de r\u00e9conciliation, gr\u00e2ce \u00e0 la solidarit\u00e9 f\u00e9minine et \u00e0 leur capacit\u00e9 d\u2019agir dans les contextes sociaux et civils. <\/p>\n\n<p class=\"wp-block-paragraph\">Pourtant, les chiffres restent alarmants.<\/p>\n\n<p class=\"wp-block-paragraph\">Vingt-cinq ans apr\u00e8s la proposition des Nations unies, la r\u00e9solution 1325 du Conseil de s\u00e9curit\u00e9 des Nations unies sur \u00ab Les femmes, la paix et la s\u00e9curit\u00e9 \u00bb, qui a consacr\u00e9 le r\u00f4le des femmes dans les processus de paix en introduisant les priorit\u00e9s de participation, de pr\u00e9vention, de protection et de consolidation de la paix, leur pr\u00e9sence reste marginale : en 2025, neuf processus de paix sur dix n\u2019ont inclus aucune n\u00e9gociatrice ; les femmes ne repr\u00e9sentent que 7 % des n\u00e9gociateurs et 14 % des m\u00e9diateurs \u00e0 l\u2019\u00e9chelle mondiale.<\/p>\n\n<p class=\"wp-block-paragraph\">Cette exclusion prive les processus de paix d\u2019une ressource vitale : un regard capable de g\u00e9n\u00e9rer des solutions plus inclusives, cr\u00e9atives et durables. <strong>l ne peut y avoir de paix universelle sans la pleine participation des femmes aux processus d\u00e9cisionnels, aux institutions et \u00e0 la vie sociale.<\/strong><\/p>\n\n<p class=\"wp-block-paragraph\">Promouvoir les droits des femmes, leur libert\u00e9 et leur participation, c&rsquo;est construire les fondements m\u00eames de la paix. La libert\u00e9 des femmes est un indicateur essentiel de la qualit\u00e9 d\u00e9mocratique d&rsquo;une soci\u00e9t\u00e9. <\/p>\n\n<p class=\"wp-block-paragraph\">Attribuer aux femmes un r\u00f4le sp\u00e9cifique dans la construction de la paix ne signifie pas r\u00e9duire ou simplifier, mais <strong>reconna\u00eetre des comp\u00e9tences acquises notamment \u00e0 travers des exp\u00e9riences de soins, de m\u00e9diation, d\u2019\u00e9coute et de relations.<\/strong> Des capacit\u00e9s qui favorisent une culture de la rencontre, de l\u2019accueil et de la r\u00e9solution des conflits.<\/p>\n\n<p class=\"wp-block-paragraph\">La paix ne na\u00eet pas d\u2019une id\u00e9e abstraite, mais de vies concr\u00e8tes, travers\u00e9es et transform\u00e9es. Il ne s\u2019agit pas de \u00ab bons sentiments \u00bb, mais d\u2019une responsabilit\u00e9 politique : cela signifie \u0153uvrer pour la justice sociale, pour les droits, pour la dignit\u00e9 de chaque personne. <\/p>\n\n<p class=\"wp-block-paragraph\">En tant qu\u2019associations, nous imaginons nos espaces comme des lieux o\u00f9 pratiquer la paix : <strong>dans les paroles, dans les relations, dans les conflits quotidiens.<\/strong> Des lieux de dialogue, d\u2019\u00e9change et de sororit\u00e9, o\u00f9 \u00eatre pr\u00e9sentes sur le terrain, face aux probl\u00e8mes, aux difficult\u00e9s. C\u2019est l\u00e0 que la paix prend forme. <\/p>\n\n<p class=\"wp-block-paragraph\"><em>Comme le rappelle le pape Fran\u00e7ois, le monde \u00ab le monde a aussi besoin de regarder les m\u00e8res et les femmes pour trouver la paix, pour sortir des spirales de la violence et de la haine \u00bb et, dans son exhortation Gaudete et exsultate, il souligne la valeur du \u00ab g\u00e9nie f\u00e9minin \u00bb comme ressource indispensable pour notre temps. Le pape L\u00e9on XIV lui-m\u00eame, le 30 novembre 2025, lors de son voyage au Liban, souligne \u00ab le r\u00f4le indispensable des femmes dans l\u2019effort laborieux et patient pour pr\u00e9server et construire la paix (&#8230;) les femmes ont une capacit\u00e9 particuli\u00e8re \u00e0 \u0153uvrer pour la paix, car elles savent pr\u00e9server et d\u00e9velopper des liens profonds avec la vie, les personnes et les lieux. Leur participation \u00e0 la vie sociale et politique, ainsi qu\u2019\u00e0 celle de leurs propres communaut\u00e9s religieuses, tout comme l\u2019\u00e9nergie qui \u00e9mane des jeunes, repr\u00e9sente dans le monde entier un facteur de v\u00e9ritable renouveau \u00bb. <\/em><\/p>\n\n<p class=\"wp-block-paragraph\">Aujourd\u2019hui plus que jamais, nous ressentons l\u2019urgence de construire une culture capable de d\u00e9passer les logiques de division entre \u00ab nous \u00bb et \u00ab eux \u00bb, en favorisant des appartenances communes, mais en m\u00eame temps plurielles.<\/p>\n\n<p class=\"wp-block-paragraph\">Ce n\u2019est qu\u2019ainsi qu\u2019il sera possible de r\u00e9duire les tensions et de cr\u00e9er des relations authentiques.<\/p>\n\n<p class=\"wp-block-paragraph\">La paix est fragile et invisible, mais profond\u00e9ment concr\u00e8te : elle se manifeste dans les corps, dans les \u00e9motions, dans les visages d\u00e9tendus de ceux qui vivent des relations r\u00e9concili\u00e9es.<\/p>\n\n<p class=\"wp-block-paragraph\"><strong>En tant que femmes, en tant qu\u2019associations, nous choisissons d\u2019\u00eatre pr\u00e9sentes. Car la paix n\u2019est pas une utopie lointaine, mais une responsabilit\u00e9 pr\u00e9sente. <\/strong><\/p>\n\n<p class=\"wp-block-paragraph\"><strong>Les associations italiennes adh\u00e9rentes \u00e0 l\u2019UMOFC :<\/strong><\/p>\n\n<p class=\"wp-block-paragraph\">ACLI-Coordinamento Donne<\/p>\n\n<p class=\"wp-block-paragraph\">Azione Cattolica Italiana<\/p>\n\n<p class=\"wp-block-paragraph\">Centro Italiano Femminile<\/p>\n\n<p class=\"wp-block-paragraph\">Convegni di Cultura Maria Cristina di Savoia<\/p>\n\n<p class=\"wp-block-paragraph\">Associazione Donne in Vaticano<\/p>\n\n<p class=\"wp-block-paragraph\">Movimento Donne UCID<\/p>\n","protected":false},"excerpt":{"rendered":"<p>\u00c0 l\u2019occasion de la c\u00e9l\u00e9bration de la Journ\u00e9e de l\u2019UMOFC, au cours de laquelle nous c\u00e9l\u00e9brons cette ann\u00e9e 116 ans d\u2019engagement pour la paix, les associations italiennes adh\u00e9rentes lancent un message commun pour r\u00e9affirmer le r\u00f4le fondamental des femmes dans la construction d\u2019une soci\u00e9t\u00e9 plus juste, inclusive et pacifique. Ci-dessous, le message officiel : Nous [&hellip;]<\/p>\n","protected":false},"author":3,"featured_media":19552,"comment_status":"open","ping_status":"open","sticky":false,"template":"","format":"standard","meta":{"_et_pb_use_builder":"off","_et_pb_old_content":"","_et_gb_content_width":"","footnotes":""},"categories":[125,121],"tags":[],"class_list":["post-19563","post","type-post","status-publish","format-standard","has-post-thumbnail","hentry","category-nouvelles-membres","category-nouvelles-umofc"],"yoast_head":"<!-- This site is optimized with the Yoast SEO plugin v27.8 - https:\/\/yoast.com\/product\/yoast-seo-wordpress\/ -->\n<title>Les femmes pour la paix: Journ\u00e9e de l\u2019UMOFC Italia 2026 - WUCWO - UMOFC<\/title>\n<meta name=\"robots\" content=\"index, follow, max-snippet:-1, max-image-preview:large, max-video-preview:-1\" \/>\n<link rel=\"canonical\" href=\"https:\/\/wucwo.org\/fr\/les-femmes-pour-la-paix-journee-de-lumofc-italia-2026\/\" \/>\n<meta property=\"og:locale\" content=\"fr_FR\" \/>\n<meta property=\"og:type\" content=\"article\" \/>\n<meta property=\"og:title\" content=\"Les femmes pour la paix: Journ\u00e9e de l\u2019UMOFC Italia 2026 - WUCWO - UMOFC\" \/>\n<meta property=\"og:description\" content=\"\u00c0 l\u2019occasion de la c\u00e9l\u00e9bration de la Journ\u00e9e de l\u2019UMOFC, au cours de laquelle nous c\u00e9l\u00e9brons cette ann\u00e9e 116 ans d\u2019engagement pour la paix, les associations italiennes adh\u00e9rentes lancent un message commun pour r\u00e9affirmer le r\u00f4le fondamental des femmes dans la construction d\u2019une soci\u00e9t\u00e9 plus juste, inclusive et pacifique. Ci-dessous, le message officiel : Nous [&hellip;]\" \/>\n<meta property=\"og:url\" content=\"https:\/\/wucwo.org\/fr\/les-femmes-pour-la-paix-journee-de-lumofc-italia-2026\/\" \/>\n<meta property=\"og:site_name\" content=\"WUCWO - UMOFC\" \/>\n<meta property=\"article:publisher\" content=\"https:\/\/www.facebook.com\/worldunionofcatholicwomensorganisations\/\" \/>\n<meta property=\"article:published_time\" content=\"2026-05-20T13:58:13+00:00\" \/>\n<meta property=\"article:modified_time\" content=\"2026-05-25T10:53:24+00:00\" \/>\n<meta property=\"og:image\" content=\"https:\/\/wucwo.org\/wp-content\/uploads\/2026\/05\/19-May-event-Armida-Barelli-horizontal.jpeg\" \/>\n\t<meta property=\"og:image:width\" content=\"1600\" \/>\n\t<meta property=\"og:image:height\" content=\"1200\" \/>\n\t<meta property=\"og:image:type\" content=\"image\/jpeg\" \/>\n<meta name=\"author\" content=\"communication\" \/>\n<meta name=\"twitter:card\" content=\"summary_large_image\" \/>\n<meta name=\"twitter:label1\" content=\"\u00c9crit par\" \/>\n\t<meta name=\"twitter:data1\" content=\"communication\" \/>\n\t<meta name=\"twitter:label2\" content=\"Dur\u00e9e de lecture estim\u00e9e\" \/>\n\t<meta name=\"twitter:data2\" content=\"4 minutes\" \/>\n<script type=\"application\/ld+json\" class=\"yoast-schema-graph\">{\"@context\":\"https:\\\/\\\/schema.org\",\"@graph\":[{\"@type\":\"Article\",\"@id\":\"https:\\\/\\\/wucwo.org\\\/fr\\\/les-femmes-pour-la-paix-journee-de-lumofc-italia-2026\\\/#article\",\"isPartOf\":{\"@id\":\"https:\\\/\\\/wucwo.org\\\/fr\\\/les-femmes-pour-la-paix-journee-de-lumofc-italia-2026\\\/\"},\"author\":{\"name\":\"communication\",\"@id\":\"https:\\\/\\\/wucwo.org\\\/fr\\\/#\\\/schema\\\/person\\\/36e189b76cc2f081eb3458e9a1f81183\"},\"headline\":\"Les femmes pour la paix: Journ\u00e9e de l\u2019UMOFC Italia 2026\",\"datePublished\":\"2026-05-20T13:58:13+00:00\",\"dateModified\":\"2026-05-25T10:53:24+00:00\",\"mainEntityOfPage\":{\"@id\":\"https:\\\/\\\/wucwo.org\\\/fr\\\/les-femmes-pour-la-paix-journee-de-lumofc-italia-2026\\\/\"},\"wordCount\":892,\"commentCount\":0,\"publisher\":{\"@id\":\"https:\\\/\\\/wucwo.org\\\/fr\\\/#organization\"},\"image\":{\"@id\":\"https:\\\/\\\/wucwo.org\\\/fr\\\/les-femmes-pour-la-paix-journee-de-lumofc-italia-2026\\\/#primaryimage\"},\"thumbnailUrl\":\"https:\\\/\\\/wucwo.org\\\/wp-content\\\/uploads\\\/2026\\\/05\\\/19-May-event-Armida-Barelli-horizontal.jpeg\",\"articleSection\":[\"Membres\",\"UMOFC\"],\"inLanguage\":\"fr-FR\",\"potentialAction\":[{\"@type\":\"CommentAction\",\"name\":\"Comment\",\"target\":[\"https:\\\/\\\/wucwo.org\\\/fr\\\/les-femmes-pour-la-paix-journee-de-lumofc-italia-2026\\\/#respond\"]}]},{\"@type\":\"WebPage\",\"@id\":\"https:\\\/\\\/wucwo.org\\\/fr\\\/les-femmes-pour-la-paix-journee-de-lumofc-italia-2026\\\/\",\"url\":\"https:\\\/\\\/wucwo.org\\\/fr\\\/les-femmes-pour-la-paix-journee-de-lumofc-italia-2026\\\/\",\"name\":\"Les femmes pour la paix: Journ\u00e9e de l\u2019UMOFC Italia 2026 - WUCWO - UMOFC\",\"isPartOf\":{\"@id\":\"https:\\\/\\\/wucwo.org\\\/fr\\\/#website\"},\"primaryImageOfPage\":{\"@id\":\"https:\\\/\\\/wucwo.org\\\/fr\\\/les-femmes-pour-la-paix-journee-de-lumofc-italia-2026\\\/#primaryimage\"},\"image\":{\"@id\":\"https:\\\/\\\/wucwo.org\\\/fr\\\/les-femmes-pour-la-paix-journee-de-lumofc-italia-2026\\\/#primaryimage\"},\"thumbnailUrl\":\"https:\\\/\\\/wucwo.org\\\/wp-content\\\/uploads\\\/2026\\\/05\\\/19-May-event-Armida-Barelli-horizontal.jpeg\",\"datePublished\":\"2026-05-20T13:58:13+00:00\",\"dateModified\":\"2026-05-25T10:53:24+00:00\",\"breadcrumb\":{\"@id\":\"https:\\\/\\\/wucwo.org\\\/fr\\\/les-femmes-pour-la-paix-journee-de-lumofc-italia-2026\\\/#breadcrumb\"},\"inLanguage\":\"fr-FR\",\"potentialAction\":[{\"@type\":\"ReadAction\",\"target\":[\"https:\\\/\\\/wucwo.org\\\/fr\\\/les-femmes-pour-la-paix-journee-de-lumofc-italia-2026\\\/\"]}]},{\"@type\":\"ImageObject\",\"inLanguage\":\"fr-FR\",\"@id\":\"https:\\\/\\\/wucwo.org\\\/fr\\\/les-femmes-pour-la-paix-journee-de-lumofc-italia-2026\\\/#primaryimage\",\"url\":\"https:\\\/\\\/wucwo.org\\\/wp-content\\\/uploads\\\/2026\\\/05\\\/19-May-event-Armida-Barelli-horizontal.jpeg\",\"contentUrl\":\"https:\\\/\\\/wucwo.org\\\/wp-content\\\/uploads\\\/2026\\\/05\\\/19-May-event-Armida-Barelli-horizontal.jpeg\",\"width\":1600,\"height\":1200},{\"@type\":\"BreadcrumbList\",\"@id\":\"https:\\\/\\\/wucwo.org\\\/fr\\\/les-femmes-pour-la-paix-journee-de-lumofc-italia-2026\\\/#breadcrumb\",\"itemListElement\":[{\"@type\":\"ListItem\",\"position\":1,\"name\":\"Portada\",\"item\":\"https:\\\/\\\/wucwo.org\\\/fr\\\/\"},{\"@type\":\"ListItem\",\"position\":2,\"name\":\"Les femmes pour la paix: Journ\u00e9e de l\u2019UMOFC Italia 2026\"}]},{\"@type\":\"WebSite\",\"@id\":\"https:\\\/\\\/wucwo.org\\\/fr\\\/#website\",\"url\":\"https:\\\/\\\/wucwo.org\\\/fr\\\/\",\"name\":\"UMOFC\",\"description\":\"\",\"publisher\":{\"@id\":\"https:\\\/\\\/wucwo.org\\\/fr\\\/#organization\"},\"potentialAction\":[{\"@type\":\"SearchAction\",\"target\":{\"@type\":\"EntryPoint\",\"urlTemplate\":\"https:\\\/\\\/wucwo.org\\\/fr\\\/?s={search_term_string}\"},\"query-input\":{\"@type\":\"PropertyValueSpecification\",\"valueRequired\":true,\"valueName\":\"search_term_string\"}}],\"inLanguage\":\"fr-FR\"},{\"@type\":\"Organization\",\"@id\":\"https:\\\/\\\/wucwo.org\\\/fr\\\/#organization\",\"name\":\"UMOFC\",\"url\":\"https:\\\/\\\/wucwo.org\\\/fr\\\/\",\"logo\":{\"@type\":\"ImageObject\",\"inLanguage\":\"fr-FR\",\"@id\":\"https:\\\/\\\/wucwo.org\\\/fr\\\/#\\\/schema\\\/logo\\\/image\\\/\",\"url\":\"https:\\\/\\\/wucwo.org\\\/wp-content\\\/uploads\\\/2025\\\/08\\\/Final-icono-scaled.png\",\"contentUrl\":\"https:\\\/\\\/wucwo.org\\\/wp-content\\\/uploads\\\/2025\\\/08\\\/Final-icono-scaled.png\",\"width\":2560,\"height\":1811,\"caption\":\"UMOFC\"},\"image\":{\"@id\":\"https:\\\/\\\/wucwo.org\\\/fr\\\/#\\\/schema\\\/logo\\\/image\\\/\"},\"sameAs\":[\"https:\\\/\\\/www.facebook.com\\\/worldunionofcatholicwomensorganisations\\\/\",\"https:\\\/\\\/www.instagram.com\\\/wucwo_umofc\\\/\",\"https:\\\/\\\/www.linkedin.com\\\/company\\\/wucwo\\\/\",\"https:\\\/\\\/www.youtube.com\\\/@WUCWOUMOFC\",\"https:\\\/\\\/www.flickr.com\\\/photos\\\/203210007@N05\\\/albums\"]},{\"@type\":\"Person\",\"@id\":\"https:\\\/\\\/wucwo.org\\\/fr\\\/#\\\/schema\\\/person\\\/36e189b76cc2f081eb3458e9a1f81183\",\"name\":\"communication\",\"image\":{\"@type\":\"ImageObject\",\"inLanguage\":\"fr-FR\",\"@id\":\"https:\\\/\\\/secure.gravatar.com\\\/avatar\\\/3db542db39feebb0fd43b726aab1c33917436e5f5a9e88f2295c0f1c34c59b48?s=96&d=mm&r=g\",\"url\":\"https:\\\/\\\/secure.gravatar.com\\\/avatar\\\/3db542db39feebb0fd43b726aab1c33917436e5f5a9e88f2295c0f1c34c59b48?s=96&d=mm&r=g\",\"contentUrl\":\"https:\\\/\\\/secure.gravatar.com\\\/avatar\\\/3db542db39feebb0fd43b726aab1c33917436e5f5a9e88f2295c0f1c34c59b48?s=96&d=mm&r=g\",\"caption\":\"communication\"},\"url\":\"https:\\\/\\\/wucwo.org\\\/fr\\\/author\\\/communication\\\/\"}]}<\/script>\n<!-- \/ Yoast SEO plugin. -->","yoast_head_json":{"title":"Les femmes pour la paix: Journ\u00e9e de l\u2019UMOFC Italia 2026 - WUCWO - UMOFC","robots":{"index":"index","follow":"follow","max-snippet":"max-snippet:-1","max-image-preview":"max-image-preview:large","max-video-preview":"max-video-preview:-1"},"canonical":"https:\/\/wucwo.org\/fr\/les-femmes-pour-la-paix-journee-de-lumofc-italia-2026\/","og_locale":"fr_FR","og_type":"article","og_title":"Les femmes pour la paix: Journ\u00e9e de l\u2019UMOFC Italia 2026 - WUCWO - UMOFC","og_description":"\u00c0 l\u2019occasion de la c\u00e9l\u00e9bration de la Journ\u00e9e de l\u2019UMOFC, au cours de laquelle nous c\u00e9l\u00e9brons cette ann\u00e9e 116 ans d\u2019engagement pour la paix, les associations italiennes adh\u00e9rentes lancent un message commun pour r\u00e9affirmer le r\u00f4le fondamental des femmes dans la construction d\u2019une soci\u00e9t\u00e9 plus juste, inclusive et pacifique. Ci-dessous, le message officiel : Nous [&hellip;]","og_url":"https:\/\/wucwo.org\/fr\/les-femmes-pour-la-paix-journee-de-lumofc-italia-2026\/","og_site_name":"WUCWO - UMOFC","article_publisher":"https:\/\/www.facebook.com\/worldunionofcatholicwomensorganisations\/","article_published_time":"2026-05-20T13:58:13+00:00","article_modified_time":"2026-05-25T10:53:24+00:00","og_image":[{"width":1600,"height":1200,"url":"https:\/\/wucwo.org\/wp-content\/uploads\/2026\/05\/19-May-event-Armida-Barelli-horizontal.jpeg","type":"image\/jpeg"}],"author":"communication","twitter_card":"summary_large_image","twitter_misc":{"\u00c9crit par":"communication","Dur\u00e9e de lecture estim\u00e9e":"4 minutes"},"schema":{"@context":"https:\/\/schema.org","@graph":[{"@type":"Article","@id":"https:\/\/wucwo.org\/fr\/les-femmes-pour-la-paix-journee-de-lumofc-italia-2026\/#article","isPartOf":{"@id":"https:\/\/wucwo.org\/fr\/les-femmes-pour-la-paix-journee-de-lumofc-italia-2026\/"},"author":{"name":"communication","@id":"https:\/\/wucwo.org\/fr\/#\/schema\/person\/36e189b76cc2f081eb3458e9a1f81183"},"headline":"Les femmes pour la paix: Journ\u00e9e de l\u2019UMOFC Italia 2026","datePublished":"2026-05-20T13:58:13+00:00","dateModified":"2026-05-25T10:53:24+00:00","mainEntityOfPage":{"@id":"https:\/\/wucwo.org\/fr\/les-femmes-pour-la-paix-journee-de-lumofc-italia-2026\/"},"wordCount":892,"commentCount":0,"publisher":{"@id":"https:\/\/wucwo.org\/fr\/#organization"},"image":{"@id":"https:\/\/wucwo.org\/fr\/les-femmes-pour-la-paix-journee-de-lumofc-italia-2026\/#primaryimage"},"thumbnailUrl":"https:\/\/wucwo.org\/wp-content\/uploads\/2026\/05\/19-May-event-Armida-Barelli-horizontal.jpeg","articleSection":["Membres","UMOFC"],"inLanguage":"fr-FR","potentialAction":[{"@type":"CommentAction","name":"Comment","target":["https:\/\/wucwo.org\/fr\/les-femmes-pour-la-paix-journee-de-lumofc-italia-2026\/#respond"]}]},{"@type":"WebPage","@id":"https:\/\/wucwo.org\/fr\/les-femmes-pour-la-paix-journee-de-lumofc-italia-2026\/","url":"https:\/\/wucwo.org\/fr\/les-femmes-pour-la-paix-journee-de-lumofc-italia-2026\/","name":"Les femmes pour la paix: Journ\u00e9e de l\u2019UMOFC Italia 2026 - WUCWO - UMOFC","isPartOf":{"@id":"https:\/\/wucwo.org\/fr\/#website"},"primaryImageOfPage":{"@id":"https:\/\/wucwo.org\/fr\/les-femmes-pour-la-paix-journee-de-lumofc-italia-2026\/#primaryimage"},"image":{"@id":"https:\/\/wucwo.org\/fr\/les-femmes-pour-la-paix-journee-de-lumofc-italia-2026\/#primaryimage"},"thumbnailUrl":"https:\/\/wucwo.org\/wp-content\/uploads\/2026\/05\/19-May-event-Armida-Barelli-horizontal.jpeg","datePublished":"2026-05-20T13:58:13+00:00","dateModified":"2026-05-25T10:53:24+00:00","breadcrumb":{"@id":"https:\/\/wucwo.org\/fr\/les-femmes-pour-la-paix-journee-de-lumofc-italia-2026\/#breadcrumb"},"inLanguage":"fr-FR","potentialAction":[{"@type":"ReadAction","target":["https:\/\/wucwo.org\/fr\/les-femmes-pour-la-paix-journee-de-lumofc-italia-2026\/"]}]},{"@type":"ImageObject","inLanguage":"fr-FR","@id":"https:\/\/wucwo.org\/fr\/les-femmes-pour-la-paix-journee-de-lumofc-italia-2026\/#primaryimage","url":"https:\/\/wucwo.org\/wp-content\/uploads\/2026\/05\/19-May-event-Armida-Barelli-horizontal.jpeg","contentUrl":"https:\/\/wucwo.org\/wp-content\/uploads\/2026\/05\/19-May-event-Armida-Barelli-horizontal.jpeg","width":1600,"height":1200},{"@type":"BreadcrumbList","@id":"https:\/\/wucwo.org\/fr\/les-femmes-pour-la-paix-journee-de-lumofc-italia-2026\/#breadcrumb","itemListElement":[{"@type":"ListItem","position":1,"name":"Portada","item":"https:\/\/wucwo.org\/fr\/"},{"@type":"ListItem","position":2,"name":"Les femmes pour la paix: Journ\u00e9e de l\u2019UMOFC Italia 2026"}]},{"@type":"WebSite","@id":"https:\/\/wucwo.org\/fr\/#website","url":"https:\/\/wucwo.org\/fr\/","name":"UMOFC","description":"","publisher":{"@id":"https:\/\/wucwo.org\/fr\/#organization"},"potentialAction":[{"@type":"SearchAction","target":{"@type":"EntryPoint","urlTemplate":"https:\/\/wucwo.org\/fr\/?s={search_term_string}"},"query-input":{"@type":"PropertyValueSpecification","valueRequired":true,"valueName":"search_term_string"}}],"inLanguage":"fr-FR"},{"@type":"Organization","@id":"https:\/\/wucwo.org\/fr\/#organization","name":"UMOFC","url":"https:\/\/wucwo.org\/fr\/","logo":{"@type":"ImageObject","inLanguage":"fr-FR","@id":"https:\/\/wucwo.org\/fr\/#\/schema\/logo\/image\/","url":"https:\/\/wucwo.org\/wp-content\/uploads\/2025\/08\/Final-icono-scaled.png","contentUrl":"https:\/\/wucwo.org\/wp-content\/uploads\/2025\/08\/Final-icono-scaled.png","width":2560,"height":1811,"caption":"UMOFC"},"image":{"@id":"https:\/\/wucwo.org\/fr\/#\/schema\/logo\/image\/"},"sameAs":["https:\/\/www.facebook.com\/worldunionofcatholicwomensorganisations\/","https:\/\/www.instagram.com\/wucwo_umofc\/","https:\/\/www.linkedin.com\/company\/wucwo\/","https:\/\/www.youtube.com\/@WUCWOUMOFC","https:\/\/www.flickr.com\/photos\/203210007@N05\/albums"]},{"@type":"Person","@id":"https:\/\/wucwo.org\/fr\/#\/schema\/person\/36e189b76cc2f081eb3458e9a1f81183","name":"communication","image":{"@type":"ImageObject","inLanguage":"fr-FR","@id":"https:\/\/secure.gravatar.com\/avatar\/3db542db39feebb0fd43b726aab1c33917436e5f5a9e88f2295c0f1c34c59b48?s=96&d=mm&r=g","url":"https:\/\/secure.gravatar.com\/avatar\/3db542db39feebb0fd43b726aab1c33917436e5f5a9e88f2295c0f1c34c59b48?s=96&d=mm&r=g","contentUrl":"https:\/\/secure.gravatar.com\/avatar\/3db542db39feebb0fd43b726aab1c33917436e5f5a9e88f2295c0f1c34c59b48?s=96&d=mm&r=g","caption":"communication"},"url":"https:\/\/wucwo.org\/fr\/author\/communication\/"}]}},"_links":{"self":[{"href":"https:\/\/wucwo.org\/fr\/wp-json\/wp\/v2\/posts\/19563","targetHints":{"allow":["GET"]}}],"collection":[{"href":"https:\/\/wucwo.org\/fr\/wp-json\/wp\/v2\/posts"}],"about":[{"href":"https:\/\/wucwo.org\/fr\/wp-json\/wp\/v2\/types\/post"}],"author":[{"embeddable":true,"href":"https:\/\/wucwo.org\/fr\/wp-json\/wp\/v2\/users\/3"}],"replies":[{"embeddable":true,"href":"https:\/\/wucwo.org\/fr\/wp-json\/wp\/v2\/comments?post=19563"}],"version-history":[{"count":1,"href":"https:\/\/wucwo.org\/fr\/wp-json\/wp\/v2\/posts\/19563\/revisions"}],"predecessor-version":[{"id":19564,"href":"https:\/\/wucwo.org\/fr\/wp-json\/wp\/v2\/posts\/19563\/revisions\/19564"}],"wp:featuredmedia":[{"embeddable":true,"href":"https:\/\/wucwo.org\/fr\/wp-json\/wp\/v2\/media\/19552"}],"wp:attachment":[{"href":"https:\/\/wucwo.org\/fr\/wp-json\/wp\/v2\/media?parent=19563"}],"wp:term":[{"taxonomy":"category","embeddable":true,"href":"https:\/\/wucwo.org\/fr\/wp-json\/wp\/v2\/categories?post=19563"},{"taxonomy":"post_tag","embeddable":true,"href":"https:\/\/wucwo.org\/fr\/wp-json\/wp\/v2\/tags?post=19563"}],"curies":[{"name":"wp","href":"https:\/\/api.w.org\/{rel}","templated":true}]}}