{"id":19575,"date":"2026-05-19T12:22:09","date_gmt":"2026-05-19T10:22:09","guid":{"rendered":"https:\/\/wucwo.org\/semaine-laudato-si-2026\/"},"modified":"2026-06-03T09:23:22","modified_gmt":"2026-06-03T07:23:22","slug":"semaine-laudato-si-2026","status":"publish","type":"post","link":"https:\/\/wucwo.org\/fr\/semaine-laudato-si-2026\/","title":{"rendered":"Semaine Laudato Si\u2019 2026"},"content":{"rendered":"\n<h3 class=\"wp-block-heading has-text-align-center\"><em>De l\u2019esp\u00e9rance \u00e0 l\u2019action<\/em><\/h3>\n\n<p class=\"wp-block-paragraph\">Cette semaine, nous c\u00e9l\u00e9brons <strong>la Semaine Laudato Si\u2019 2026<\/strong>, du 17 au 24 mai, sous le th\u00e8me <strong>\u00ab De l\u2019esp\u00e9rance \u00e0 l\u2019action \u00bb<\/strong> \u2013 un appel mondial \u00e0 transformer l\u2019esp\u00e9rance en engagement concret. Il s\u2019agit d\u2019une c\u00e9l\u00e9bration mondiale de pri\u00e8re, de r\u00e9flexion et d\u2019action en faveur de notre maison commune. <\/p>\n\n<p class=\"wp-block-paragraph\">L\u2019esp\u00e9rance n\u2019est pas passive ; elle se vit et se partage \u00e0 travers nos choix quotidiens, la vie en communaut\u00e9, la pri\u00e8re et des actions concr\u00e8tes pour prendre soin de notre maison commune.<\/p>\n\n<p class=\"wp-block-paragraph\">Depuis l\u2019UMOFC, nous vous invitons \u00e0 utiliser <strong>l\u2019Examen \u00e9cologique<\/strong>, un outil de r\u00e9flexion inspir\u00e9 par l\u2019appel du pape Fran\u00e7ois dans <em>Laudato Si\u2019 <\/em>\u00e0 prendre soin de la cr\u00e9ation et \u00e0 r\u00e9concilier notre relation avec Dieu, avec la cr\u00e9ation et entre nous. Vous pouvez l\u2019utiliser comme pri\u00e8re lors de vos r\u00e9unions ou dans votre vie personnelle. Nous vous invitons \u00e9galement \u00e0 partager cet outil avec d\u2019autres.  <\/p>\n\n<h3 class=\"wp-block-heading\">Examen \u00e9cologique<\/h3>\n\n<p class=\"wp-block-paragraph\"><\/p>\n\n<h4 class=\"wp-block-heading\">Je rends gr\u00e2ce \u00e0 Dieu pour la cr\u00e9ation et pour le fait d\u2019avoir \u00e9t\u00e9 merveilleusement cr\u00e9\u00e9.<\/h4>\n\n<p class=\"wp-block-paragraph\"><em>O\u00f9 ai-je ressenti la pr\u00e9sence de Dieu dans la cr\u00e9ation aujourd\u2019hui ?<\/em><\/p>\n\n<h4 class=\"wp-block-heading\">Je demande la gr\u00e2ce de voir la cr\u00e9ation comme Dieu la voit \u2013 dans toute sa splendeur et sa souffrance.<\/h4>\n\n<p class=\"wp-block-paragraph\"><em>Est-ce que je vois la beaut\u00e9 de la cr\u00e9ation et entends les cris de la terre et des pauvres ?<\/em><\/p>\n\n<h4 class=\"wp-block-heading\">Je demande la gr\u00e2ce de regarder de pr\u00e8s pour voir comment mes choix de vie ont un impact sur la cr\u00e9ation, les pauvres et les personnes vuln\u00e9rables.<\/h4>\n\n<p class=\"wp-block-paragraph\"><em>Quels d\u00e9fis ou quelles joies est-ce que je vis lorsque je repense \u00e0 ma mani\u00e8re de prendre soin de la cr\u00e9ation ? Comment puis-je me d\u00e9tourner d\u2019une culture du d\u00e9chet et, au contraire, me tenir solidaire de la cr\u00e9ation et des pauvres ? <\/em><\/p>\n\n<h4 class=\"wp-block-heading\">Je demande la gr\u00e2ce de la conversion vers la justice \u00e9cologique et la r\u00e9conciliation. <\/h4>\n\n<p class=\"wp-block-paragraph\"><em>O\u00f9 ai-je failli dans le soin de la cr\u00e9ation et de mes fr\u00e8res et s\u0153urs ? Comment puis-je demander une conversion du c\u0153ur ? <\/em><\/p>\n\n<h4 class=\"wp-block-heading\">Je demande la gr\u00e2ce de r\u00e9concilier ma relation avec Dieu, la cr\u00e9ation et l\u2019humanit\u00e9, et de me montrer solidaire \u00e0 travers mes actions. <\/h4>\n\n<p class=\"wp-block-paragraph\"><em>Comment puis-je r\u00e9parer ma relation avec la cr\u00e9ation et faire des choix coh\u00e9rents avec mon d\u00e9sir de r\u00e9conciliation avec la cr\u00e9ation ?<\/em><\/p>\n\n<h4 class=\"wp-block-heading\">Je propose une pri\u00e8re de cl\u00f4ture pour la terre et les personnes vuln\u00e9rables de notre soci\u00e9t\u00e9.<\/h4>\n\n<p class=\"wp-block-paragraph\"><\/p>\n\n<h3 class=\"wp-block-heading\">WUCWO Planting Hope<\/h3>\n\n<p class=\"wp-block-paragraph\">Depuis le Groupe de travail sur l\u2019\u00e9cologie de l\u2019UMOFC, nous continuons \u00e0 promouvoir la campagne <strong>\u00ab WUCWO Planting Hope \u00bb<\/strong> . Nous avons encore le temps d\u2019avoir un grand impact avant notre prochaine <strong>Assembl\u00e9e g\u00e9n\u00e9rale<\/strong>. Nous sommes plus de 8 millions de femmes \u00e0 travers le monde et, ensemble, nous pouvons contribuer \u00e0 prendre soin de notre plan\u00e8te.   <\/p>\n\n<p class=\"wp-block-paragraph\">\u00c0 ce jour, le total s\u2019\u00e9l\u00e8ve \u00e0 36 615 arbres plant\u00e9s. <\/p>\n\n<p class=\"wp-block-paragraph\">Si chaque <strong>organisation membre invite ses femmes \u00e0 participer<\/strong>, alors ensemble, nous pouvons y arriver. Rejoignez-nous d\u00e8s maintenant.<\/p>\n\n<div class=\"wp-block-buttons is-layout-flex wp-block-buttons-is-layout-flex\">\n<div class=\"wp-block-button\"><a class=\"wp-block-button__link has-text-align-center wp-element-button\" href=\"https:\/\/wucwo.org\/fr\/ecologie\/\">En savoir plus sur la campagne<\/a><\/div>\n<\/div>\n\n<p class=\"wp-block-paragraph\"><\/p>\n\n<p class=\"wp-block-paragraph\"><em><strong>Que cette semaine nous aide \u00e0 prendre davantage conscience de l\u2019importance de prendre soin de notre plan\u00e8te et \u00e0 utiliser nos voix pour continuer \u00e0 r\u00e9pandre l\u2019esp\u00e9rance.<\/strong><\/em><\/p>\n","protected":false},"excerpt":{"rendered":"<p>De l\u2019esp\u00e9rance \u00e0 l\u2019action Cette semaine, nous c\u00e9l\u00e9brons la Semaine Laudato Si\u2019 2026, du 17 au 24 mai, sous le th\u00e8me \u00ab De l\u2019esp\u00e9rance \u00e0 l\u2019action \u00bb \u2013 un appel mondial \u00e0 transformer l\u2019esp\u00e9rance en engagement concret. Il s\u2019agit d\u2019une c\u00e9l\u00e9bration mondiale de pri\u00e8re, de r\u00e9flexion et d\u2019action en faveur de notre maison commune. L\u2019esp\u00e9rance [&hellip;]<\/p>\n","protected":false},"author":3,"featured_media":19536,"comment_status":"open","ping_status":"open","sticky":false,"template":"","format":"standard","meta":{"_et_pb_use_builder":"","_et_pb_old_content":"","_et_gb_content_width":"","footnotes":""},"categories":[162],"tags":[],"class_list":["post-19575","post","type-post","status-publish","format-standard","has-post-thumbnail","hentry","category-evenements-ecologie"],"yoast_head":"<!-- This site is optimized with the Yoast SEO plugin v27.8 - https:\/\/yoast.com\/product\/yoast-seo-wordpress\/ -->\n<title>Semaine Laudato Si\u2019 2026 - WUCWO - UMOFC<\/title>\n<meta name=\"robots\" content=\"index, follow, max-snippet:-1, max-image-preview:large, max-video-preview:-1\" \/>\n<link rel=\"canonical\" href=\"https:\/\/wucwo.org\/fr\/semaine-laudato-si-2026\/\" \/>\n<meta property=\"og:locale\" content=\"fr_FR\" \/>\n<meta property=\"og:type\" content=\"article\" \/>\n<meta property=\"og:title\" content=\"Semaine Laudato Si\u2019 2026 - WUCWO - UMOFC\" \/>\n<meta property=\"og:description\" content=\"De l\u2019esp\u00e9rance \u00e0 l\u2019action Cette semaine, nous c\u00e9l\u00e9brons la Semaine Laudato Si\u2019 2026, du 17 au 24 mai, sous le th\u00e8me \u00ab De l\u2019esp\u00e9rance \u00e0 l\u2019action \u00bb \u2013 un appel mondial \u00e0 transformer l\u2019esp\u00e9rance en engagement concret. Il s\u2019agit d\u2019une c\u00e9l\u00e9bration mondiale de pri\u00e8re, de r\u00e9flexion et d\u2019action en faveur de notre maison commune. L\u2019esp\u00e9rance [&hellip;]\" \/>\n<meta property=\"og:url\" content=\"https:\/\/wucwo.org\/fr\/semaine-laudato-si-2026\/\" \/>\n<meta property=\"og:site_name\" content=\"WUCWO - UMOFC\" \/>\n<meta property=\"article:publisher\" content=\"https:\/\/www.facebook.com\/worldunionofcatholicwomensorganisations\/\" \/>\n<meta property=\"article:published_time\" content=\"2026-05-19T10:22:09+00:00\" \/>\n<meta property=\"article:modified_time\" content=\"2026-06-03T07:23:22+00:00\" \/>\n<meta property=\"og:image\" content=\"https:\/\/wucwo.org\/wp-content\/uploads\/2026\/05\/1-1.jpg\" \/>\n\t<meta property=\"og:image:width\" content=\"1024\" \/>\n\t<meta property=\"og:image:height\" content=\"573\" \/>\n\t<meta property=\"og:image:type\" content=\"image\/jpeg\" \/>\n<meta name=\"author\" content=\"communication\" \/>\n<meta name=\"twitter:card\" content=\"summary_large_image\" \/>\n<meta name=\"twitter:label1\" content=\"\u00c9crit par\" \/>\n\t<meta name=\"twitter:data1\" content=\"communication\" \/>\n\t<meta name=\"twitter:label2\" content=\"Dur\u00e9e de lecture estim\u00e9e\" \/>\n\t<meta name=\"twitter:data2\" content=\"3 minutes\" \/>\n<script type=\"application\/ld+json\" class=\"yoast-schema-graph\">{\"@context\":\"https:\\\/\\\/schema.org\",\"@graph\":[{\"@type\":\"Article\",\"@id\":\"https:\\\/\\\/wucwo.org\\\/fr\\\/semaine-laudato-si-2026\\\/#article\",\"isPartOf\":{\"@id\":\"https:\\\/\\\/wucwo.org\\\/fr\\\/semaine-laudato-si-2026\\\/\"},\"author\":{\"name\":\"communication\",\"@id\":\"https:\\\/\\\/wucwo.org\\\/fr\\\/#\\\/schema\\\/person\\\/36e189b76cc2f081eb3458e9a1f81183\"},\"headline\":\"Semaine Laudato Si\u2019 2026\",\"datePublished\":\"2026-05-19T10:22:09+00:00\",\"dateModified\":\"2026-06-03T07:23:22+00:00\",\"mainEntityOfPage\":{\"@id\":\"https:\\\/\\\/wucwo.org\\\/fr\\\/semaine-laudato-si-2026\\\/\"},\"wordCount\":567,\"commentCount\":0,\"publisher\":{\"@id\":\"https:\\\/\\\/wucwo.org\\\/fr\\\/#organization\"},\"image\":{\"@id\":\"https:\\\/\\\/wucwo.org\\\/fr\\\/semaine-laudato-si-2026\\\/#primaryimage\"},\"thumbnailUrl\":\"https:\\\/\\\/wucwo.org\\\/wp-content\\\/uploads\\\/2026\\\/05\\\/1-1.jpg\",\"articleSection\":[\"Ecologie\"],\"inLanguage\":\"fr-FR\",\"potentialAction\":[{\"@type\":\"CommentAction\",\"name\":\"Comment\",\"target\":[\"https:\\\/\\\/wucwo.org\\\/fr\\\/semaine-laudato-si-2026\\\/#respond\"]}]},{\"@type\":\"WebPage\",\"@id\":\"https:\\\/\\\/wucwo.org\\\/fr\\\/semaine-laudato-si-2026\\\/\",\"url\":\"https:\\\/\\\/wucwo.org\\\/fr\\\/semaine-laudato-si-2026\\\/\",\"name\":\"Semaine Laudato Si\u2019 2026 - WUCWO - UMOFC\",\"isPartOf\":{\"@id\":\"https:\\\/\\\/wucwo.org\\\/fr\\\/#website\"},\"primaryImageOfPage\":{\"@id\":\"https:\\\/\\\/wucwo.org\\\/fr\\\/semaine-laudato-si-2026\\\/#primaryimage\"},\"image\":{\"@id\":\"https:\\\/\\\/wucwo.org\\\/fr\\\/semaine-laudato-si-2026\\\/#primaryimage\"},\"thumbnailUrl\":\"https:\\\/\\\/wucwo.org\\\/wp-content\\\/uploads\\\/2026\\\/05\\\/1-1.jpg\",\"datePublished\":\"2026-05-19T10:22:09+00:00\",\"dateModified\":\"2026-06-03T07:23:22+00:00\",\"breadcrumb\":{\"@id\":\"https:\\\/\\\/wucwo.org\\\/fr\\\/semaine-laudato-si-2026\\\/#breadcrumb\"},\"inLanguage\":\"fr-FR\",\"potentialAction\":[{\"@type\":\"ReadAction\",\"target\":[\"https:\\\/\\\/wucwo.org\\\/fr\\\/semaine-laudato-si-2026\\\/\"]}]},{\"@type\":\"ImageObject\",\"inLanguage\":\"fr-FR\",\"@id\":\"https:\\\/\\\/wucwo.org\\\/fr\\\/semaine-laudato-si-2026\\\/#primaryimage\",\"url\":\"https:\\\/\\\/wucwo.org\\\/wp-content\\\/uploads\\\/2026\\\/05\\\/1-1.jpg\",\"contentUrl\":\"https:\\\/\\\/wucwo.org\\\/wp-content\\\/uploads\\\/2026\\\/05\\\/1-1.jpg\",\"width\":1024,\"height\":573},{\"@type\":\"BreadcrumbList\",\"@id\":\"https:\\\/\\\/wucwo.org\\\/fr\\\/semaine-laudato-si-2026\\\/#breadcrumb\",\"itemListElement\":[{\"@type\":\"ListItem\",\"position\":1,\"name\":\"Portada\",\"item\":\"https:\\\/\\\/wucwo.org\\\/fr\\\/\"},{\"@type\":\"ListItem\",\"position\":2,\"name\":\"Semaine Laudato Si\u2019 2026\"}]},{\"@type\":\"WebSite\",\"@id\":\"https:\\\/\\\/wucwo.org\\\/fr\\\/#website\",\"url\":\"https:\\\/\\\/wucwo.org\\\/fr\\\/\",\"name\":\"UMOFC\",\"description\":\"\",\"publisher\":{\"@id\":\"https:\\\/\\\/wucwo.org\\\/fr\\\/#organization\"},\"potentialAction\":[{\"@type\":\"SearchAction\",\"target\":{\"@type\":\"EntryPoint\",\"urlTemplate\":\"https:\\\/\\\/wucwo.org\\\/fr\\\/?s={search_term_string}\"},\"query-input\":{\"@type\":\"PropertyValueSpecification\",\"valueRequired\":true,\"valueName\":\"search_term_string\"}}],\"inLanguage\":\"fr-FR\"},{\"@type\":\"Organization\",\"@id\":\"https:\\\/\\\/wucwo.org\\\/fr\\\/#organization\",\"name\":\"UMOFC\",\"url\":\"https:\\\/\\\/wucwo.org\\\/fr\\\/\",\"logo\":{\"@type\":\"ImageObject\",\"inLanguage\":\"fr-FR\",\"@id\":\"https:\\\/\\\/wucwo.org\\\/fr\\\/#\\\/schema\\\/logo\\\/image\\\/\",\"url\":\"https:\\\/\\\/wucwo.org\\\/wp-content\\\/uploads\\\/2025\\\/08\\\/Final-icono-scaled.png\",\"contentUrl\":\"https:\\\/\\\/wucwo.org\\\/wp-content\\\/uploads\\\/2025\\\/08\\\/Final-icono-scaled.png\",\"width\":2560,\"height\":1811,\"caption\":\"UMOFC\"},\"image\":{\"@id\":\"https:\\\/\\\/wucwo.org\\\/fr\\\/#\\\/schema\\\/logo\\\/image\\\/\"},\"sameAs\":[\"https:\\\/\\\/www.facebook.com\\\/worldunionofcatholicwomensorganisations\\\/\",\"https:\\\/\\\/www.instagram.com\\\/wucwo_umofc\\\/\",\"https:\\\/\\\/www.linkedin.com\\\/company\\\/wucwo\\\/\",\"https:\\\/\\\/www.youtube.com\\\/@WUCWOUMOFC\",\"https:\\\/\\\/www.flickr.com\\\/photos\\\/203210007@N05\\\/albums\"]},{\"@type\":\"Person\",\"@id\":\"https:\\\/\\\/wucwo.org\\\/fr\\\/#\\\/schema\\\/person\\\/36e189b76cc2f081eb3458e9a1f81183\",\"name\":\"communication\",\"image\":{\"@type\":\"ImageObject\",\"inLanguage\":\"fr-FR\",\"@id\":\"https:\\\/\\\/secure.gravatar.com\\\/avatar\\\/3db542db39feebb0fd43b726aab1c33917436e5f5a9e88f2295c0f1c34c59b48?s=96&d=mm&r=g\",\"url\":\"https:\\\/\\\/secure.gravatar.com\\\/avatar\\\/3db542db39feebb0fd43b726aab1c33917436e5f5a9e88f2295c0f1c34c59b48?s=96&d=mm&r=g\",\"contentUrl\":\"https:\\\/\\\/secure.gravatar.com\\\/avatar\\\/3db542db39feebb0fd43b726aab1c33917436e5f5a9e88f2295c0f1c34c59b48?s=96&d=mm&r=g\",\"caption\":\"communication\"},\"url\":\"https:\\\/\\\/wucwo.org\\\/fr\\\/author\\\/communication\\\/\"}]}<\/script>\n<!-- \/ Yoast SEO plugin. -->","yoast_head_json":{"title":"Semaine Laudato Si\u2019 2026 - WUCWO - UMOFC","robots":{"index":"index","follow":"follow","max-snippet":"max-snippet:-1","max-image-preview":"max-image-preview:large","max-video-preview":"max-video-preview:-1"},"canonical":"https:\/\/wucwo.org\/fr\/semaine-laudato-si-2026\/","og_locale":"fr_FR","og_type":"article","og_title":"Semaine Laudato Si\u2019 2026 - WUCWO - UMOFC","og_description":"De l\u2019esp\u00e9rance \u00e0 l\u2019action Cette semaine, nous c\u00e9l\u00e9brons la Semaine Laudato Si\u2019 2026, du 17 au 24 mai, sous le th\u00e8me \u00ab De l\u2019esp\u00e9rance \u00e0 l\u2019action \u00bb \u2013 un appel mondial \u00e0 transformer l\u2019esp\u00e9rance en engagement concret. Il s\u2019agit d\u2019une c\u00e9l\u00e9bration mondiale de pri\u00e8re, de r\u00e9flexion et d\u2019action en faveur de notre maison commune. L\u2019esp\u00e9rance [&hellip;]","og_url":"https:\/\/wucwo.org\/fr\/semaine-laudato-si-2026\/","og_site_name":"WUCWO - UMOFC","article_publisher":"https:\/\/www.facebook.com\/worldunionofcatholicwomensorganisations\/","article_published_time":"2026-05-19T10:22:09+00:00","article_modified_time":"2026-06-03T07:23:22+00:00","og_image":[{"width":1024,"height":573,"url":"https:\/\/wucwo.org\/wp-content\/uploads\/2026\/05\/1-1.jpg","type":"image\/jpeg"}],"author":"communication","twitter_card":"summary_large_image","twitter_misc":{"\u00c9crit par":"communication","Dur\u00e9e de lecture estim\u00e9e":"3 minutes"},"schema":{"@context":"https:\/\/schema.org","@graph":[{"@type":"Article","@id":"https:\/\/wucwo.org\/fr\/semaine-laudato-si-2026\/#article","isPartOf":{"@id":"https:\/\/wucwo.org\/fr\/semaine-laudato-si-2026\/"},"author":{"name":"communication","@id":"https:\/\/wucwo.org\/fr\/#\/schema\/person\/36e189b76cc2f081eb3458e9a1f81183"},"headline":"Semaine Laudato Si\u2019 2026","datePublished":"2026-05-19T10:22:09+00:00","dateModified":"2026-06-03T07:23:22+00:00","mainEntityOfPage":{"@id":"https:\/\/wucwo.org\/fr\/semaine-laudato-si-2026\/"},"wordCount":567,"commentCount":0,"publisher":{"@id":"https:\/\/wucwo.org\/fr\/#organization"},"image":{"@id":"https:\/\/wucwo.org\/fr\/semaine-laudato-si-2026\/#primaryimage"},"thumbnailUrl":"https:\/\/wucwo.org\/wp-content\/uploads\/2026\/05\/1-1.jpg","articleSection":["Ecologie"],"inLanguage":"fr-FR","potentialAction":[{"@type":"CommentAction","name":"Comment","target":["https:\/\/wucwo.org\/fr\/semaine-laudato-si-2026\/#respond"]}]},{"@type":"WebPage","@id":"https:\/\/wucwo.org\/fr\/semaine-laudato-si-2026\/","url":"https:\/\/wucwo.org\/fr\/semaine-laudato-si-2026\/","name":"Semaine Laudato Si\u2019 2026 - WUCWO - UMOFC","isPartOf":{"@id":"https:\/\/wucwo.org\/fr\/#website"},"primaryImageOfPage":{"@id":"https:\/\/wucwo.org\/fr\/semaine-laudato-si-2026\/#primaryimage"},"image":{"@id":"https:\/\/wucwo.org\/fr\/semaine-laudato-si-2026\/#primaryimage"},"thumbnailUrl":"https:\/\/wucwo.org\/wp-content\/uploads\/2026\/05\/1-1.jpg","datePublished":"2026-05-19T10:22:09+00:00","dateModified":"2026-06-03T07:23:22+00:00","breadcrumb":{"@id":"https:\/\/wucwo.org\/fr\/semaine-laudato-si-2026\/#breadcrumb"},"inLanguage":"fr-FR","potentialAction":[{"@type":"ReadAction","target":["https:\/\/wucwo.org\/fr\/semaine-laudato-si-2026\/"]}]},{"@type":"ImageObject","inLanguage":"fr-FR","@id":"https:\/\/wucwo.org\/fr\/semaine-laudato-si-2026\/#primaryimage","url":"https:\/\/wucwo.org\/wp-content\/uploads\/2026\/05\/1-1.jpg","contentUrl":"https:\/\/wucwo.org\/wp-content\/uploads\/2026\/05\/1-1.jpg","width":1024,"height":573},{"@type":"BreadcrumbList","@id":"https:\/\/wucwo.org\/fr\/semaine-laudato-si-2026\/#breadcrumb","itemListElement":[{"@type":"ListItem","position":1,"name":"Portada","item":"https:\/\/wucwo.org\/fr\/"},{"@type":"ListItem","position":2,"name":"Semaine Laudato Si\u2019 2026"}]},{"@type":"WebSite","@id":"https:\/\/wucwo.org\/fr\/#website","url":"https:\/\/wucwo.org\/fr\/","name":"UMOFC","description":"","publisher":{"@id":"https:\/\/wucwo.org\/fr\/#organization"},"potentialAction":[{"@type":"SearchAction","target":{"@type":"EntryPoint","urlTemplate":"https:\/\/wucwo.org\/fr\/?s={search_term_string}"},"query-input":{"@type":"PropertyValueSpecification","valueRequired":true,"valueName":"search_term_string"}}],"inLanguage":"fr-FR"},{"@type":"Organization","@id":"https:\/\/wucwo.org\/fr\/#organization","name":"UMOFC","url":"https:\/\/wucwo.org\/fr\/","logo":{"@type":"ImageObject","inLanguage":"fr-FR","@id":"https:\/\/wucwo.org\/fr\/#\/schema\/logo\/image\/","url":"https:\/\/wucwo.org\/wp-content\/uploads\/2025\/08\/Final-icono-scaled.png","contentUrl":"https:\/\/wucwo.org\/wp-content\/uploads\/2025\/08\/Final-icono-scaled.png","width":2560,"height":1811,"caption":"UMOFC"},"image":{"@id":"https:\/\/wucwo.org\/fr\/#\/schema\/logo\/image\/"},"sameAs":["https:\/\/www.facebook.com\/worldunionofcatholicwomensorganisations\/","https:\/\/www.instagram.com\/wucwo_umofc\/","https:\/\/www.linkedin.com\/company\/wucwo\/","https:\/\/www.youtube.com\/@WUCWOUMOFC","https:\/\/www.flickr.com\/photos\/203210007@N05\/albums"]},{"@type":"Person","@id":"https:\/\/wucwo.org\/fr\/#\/schema\/person\/36e189b76cc2f081eb3458e9a1f81183","name":"communication","image":{"@type":"ImageObject","inLanguage":"fr-FR","@id":"https:\/\/secure.gravatar.com\/avatar\/3db542db39feebb0fd43b726aab1c33917436e5f5a9e88f2295c0f1c34c59b48?s=96&d=mm&r=g","url":"https:\/\/secure.gravatar.com\/avatar\/3db542db39feebb0fd43b726aab1c33917436e5f5a9e88f2295c0f1c34c59b48?s=96&d=mm&r=g","contentUrl":"https:\/\/secure.gravatar.com\/avatar\/3db542db39feebb0fd43b726aab1c33917436e5f5a9e88f2295c0f1c34c59b48?s=96&d=mm&r=g","caption":"communication"},"url":"https:\/\/wucwo.org\/fr\/author\/communication\/"}]}},"_links":{"self":[{"href":"https:\/\/wucwo.org\/fr\/wp-json\/wp\/v2\/posts\/19575","targetHints":{"allow":["GET"]}}],"collection":[{"href":"https:\/\/wucwo.org\/fr\/wp-json\/wp\/v2\/posts"}],"about":[{"href":"https:\/\/wucwo.org\/fr\/wp-json\/wp\/v2\/types\/post"}],"author":[{"embeddable":true,"href":"https:\/\/wucwo.org\/fr\/wp-json\/wp\/v2\/users\/3"}],"replies":[{"embeddable":true,"href":"https:\/\/wucwo.org\/fr\/wp-json\/wp\/v2\/comments?post=19575"}],"version-history":[{"count":1,"href":"https:\/\/wucwo.org\/fr\/wp-json\/wp\/v2\/posts\/19575\/revisions"}],"predecessor-version":[{"id":19576,"href":"https:\/\/wucwo.org\/fr\/wp-json\/wp\/v2\/posts\/19575\/revisions\/19576"}],"wp:featuredmedia":[{"embeddable":true,"href":"https:\/\/wucwo.org\/fr\/wp-json\/wp\/v2\/media\/19536"}],"wp:attachment":[{"href":"https:\/\/wucwo.org\/fr\/wp-json\/wp\/v2\/media?parent=19575"}],"wp:term":[{"taxonomy":"category","embeddable":true,"href":"https:\/\/wucwo.org\/fr\/wp-json\/wp\/v2\/categories?post=19575"},{"taxonomy":"post_tag","embeddable":true,"href":"https:\/\/wucwo.org\/fr\/wp-json\/wp\/v2\/tags?post=19575"}],"curies":[{"name":"wp","href":"https:\/\/api.w.org\/{rel}","templated":true}]}}