{"id":19609,"date":"2026-06-03T09:44:45","date_gmt":"2026-06-03T07:44:45","guid":{"rendered":"https:\/\/wucwo.org\/habiter-les-reseaux\/"},"modified":"2026-06-11T15:14:58","modified_gmt":"2026-06-11T13:14:58","slug":"habiter-les-reseaux","status":"publish","type":"post","link":"https:\/\/wucwo.org\/fr\/habiter-les-reseaux\/","title":{"rendered":"Habiter les r\u00e9seaux"},"content":{"rendered":"\n<p class=\"wp-block-paragraph\">Ce webinaire est n\u00e9 du d\u00e9sir de <strong>r\u00e9fl\u00e9chir \u00e0 la mani\u00e8re d\u2019habiter les r\u00e9seaux sociaux avec une pr\u00e9sence authentiquement humaine, chr\u00e9tienne et missionnaire.<\/strong> \u00c0 travers trois axes \u2014 habiter les r\u00e9seaux, \u00eatre connect\u00e9s et partager les dons \u2014 <strong>seront abord\u00e9s les opportunit\u00e9s, mais aussi les d\u00e9fis de l\u2019environnement digital.<\/strong> \u00c0 la lumi\u00e8re des r\u00e9flexions propos\u00e9es par la nouvelle encyclique du pape L\u00e9on XIV, <em>Magnifica humanitas<\/em>, sur la dignit\u00e9 humaine \u00e0 l\u2019\u00e8re num\u00e9rique, il est n\u00e9cessaire d\u2019\u00eatre conscients de ces d\u00e9fis afin de pr\u00e9server les visages et les voix humaines. Cela implique de penser \u00e0 la personne qui se trouve derri\u00e8re chaque profil, qu\u2019elle soit \u00e9mettrice ou r\u00e9ceptrice, et de promouvoir une communication capable de favoriser la rencontre et la communion.   <\/p>\n\n<p class=\"wp-block-paragraph\">Les r\u00e9seaux sociaux constituent aujourd\u2019hui un v\u00e9ritable espace de relation, ce \u00ab sixi\u00e8me continent \u00bb dont parlait Beno\u00eet XVI. L\u2019UMOFC, pr\u00e9sente sur les cinq autres continents et dont les femmes participent \u00e9galement \u00e0 cet espace en ligne, a souhait\u00e9, \u00e0<strong> travers son \u00c9cole de la Synodalit\u00e9, partager des cl\u00e9s pour apprendre \u00e0 habiter cet espace dans une attitude d\u2019\u00e9coute, de discernement et de cheminement partag\u00e9, en mettant en commun les dons que chacun peut apporter \u00e0 la mission.<\/strong> <\/p>\n\n<p class=\"wp-block-paragraph\">Pour cela, nous compterons sur la participation d\u2019un expert en communication, d\u2019un th\u00e9ologien et d\u2019un influenceur, qui offriront diff\u00e9rentes perspectives dans le cadre d\u2019un dialogue dynamique et participatif. Par leur g\u00e9n\u00e9reuse disponibilit\u00e9 \u00e0 intervenir comme conf\u00e9renciers, ils ont d\u00e9j\u00e0 donn\u00e9 le coup d\u2019envoi \u00e0 cet \u00e9change de dons en \u00e9cho \u00e0 notre souhait <em>\u00ab d\u2019unir nos forces pour \u00e9difier le bien, afin que l\u2019humanit\u00e9 ne perde jamais sa beaut\u00e9 et que le monde puisse reconna\u00eetre une fois encore au c\u0153ur de l\u2019\u00eatre humain, le lieu o\u00f9 Dieu d\u00e9sire habiter \u00bb<\/em>. Mh 16 <\/p>\n\n<p class=\"wp-block-paragraph\"><\/p>\n\n<p class=\"wp-block-paragraph\">\ud83d\udcc5 <strong>Date: <\/strong>18 juin<\/p>\n\n<p class=\"wp-block-paragraph\">\ud83d\udd52 <strong>Heure:<\/strong> 15.30 \u2013 17.00 (heure de Rome)<\/p>\n\n<p class=\"wp-block-paragraph\"><strong>\ud83c\udf10 En ligne<\/strong><\/p>\n\n<p class=\"wp-block-paragraph\"><strong>\ud83c\udfa7FRA<\/strong><\/p>\n\n<p class=\"wp-block-paragraph\"><\/p>\n\n<h3 class=\"wp-block-heading\">INTERVENANTS<\/h3>\n\n<p class=\"wp-block-paragraph\"><em>Introduction institutionnelle par <strong>Mgr Lucio Adri\u00e1n Ruiz <\/strong>,<\/em> <em>Secr\u00e9taire du <strong>Dicast\u00e8re pour la Communication<\/strong><\/em><\/p>\n\n<p class=\"wp-block-paragraph\"><strong>Thierry Bonaventura :<\/strong> Responsable de la communication de la Secr\u00e9tairerie G\u00e9n\u00e9rale du Synode<\/p>\n\n<p class=\"wp-block-paragraph\"><strong>P. Emmanuel Lwamba Bilonda : <\/strong> Professeur de th\u00e9ologie et Recteur de s\u00e9minaire \u00e0 Lubumbashi (Congo) Auteur de \u00ab Le profil de J\u00e9sus sur les r\u00e9seaux sociaux\u00bb (Prix PPC du jeune essai th\u00e9ologique) <\/p>\n\n<p class=\"wp-block-paragraph\"><strong>Carlota Valenzuela :<\/strong> Missionnaire num\u00e9rique, \u00e9crivaine (\u00ab\u00a0The Way of the Cross with Mary\u00a0\u00bb-Paulist Press) p\u00e8lerine et co-pr\u00e9sentatrice de la s\u00e9rie documentaire \u00ab Hagan L\u00edo \u00bb<\/p>\n\n<p class=\"wp-block-paragraph\"><\/p>\n\n<p class=\"wp-block-paragraph\"><\/p>\n\n<div class=\"wp-block-buttons is-layout-flex wp-block-buttons-is-layout-flex\">\n<div class=\"wp-block-button\"><a class=\"wp-block-button__link has-background wp-element-button\" href=\"https:\/\/wucwo.org\/wp-content\/uploads\/2026\/06\/Flyer-june-2026-FRA.png\" style=\"background-color:#ec6386\" target=\"_blank\" rel=\"noreferrer noopener\">Invitation<\/a><\/div>\n\n\n\n<div class=\"wp-block-button\"><a class=\"wp-block-button__link has-background wp-element-button\" href=\"https:\/\/shorturl.at\/3immz\" style=\"background-color:#ec6386\" target=\"_blank\" rel=\"noreferrer noopener\">Inscription<\/a><\/div>\n<\/div>\n\n<p class=\"wp-block-paragraph\"><\/p>\n","protected":false},"excerpt":{"rendered":"<p>Ce webinaire est n\u00e9 du d\u00e9sir de r\u00e9fl\u00e9chir \u00e0 la mani\u00e8re d\u2019habiter les r\u00e9seaux sociaux avec une pr\u00e9sence authentiquement humaine, chr\u00e9tienne et missionnaire. \u00c0 travers trois axes \u2014 habiter les r\u00e9seaux, \u00eatre connect\u00e9s et partager les dons \u2014 seront abord\u00e9s les opportunit\u00e9s, mais aussi les d\u00e9fis de l\u2019environnement digital. \u00c0 la lumi\u00e8re des r\u00e9flexions propos\u00e9es [&hellip;]<\/p>\n","protected":false},"author":2,"featured_media":19599,"comment_status":"open","ping_status":"open","sticky":false,"template":"","format":"standard","meta":{"_et_pb_use_builder":"off","_et_pb_old_content":"","_et_gb_content_width":"","footnotes":""},"categories":[170,174],"tags":[],"class_list":["post-19609","post","type-post","status-publish","format-standard","has-post-thumbnail","hentry","category-evenements-synodalite","category-evenements-wwo"],"yoast_head":"<!-- This site is optimized with the Yoast SEO plugin v27.8 - https:\/\/yoast.com\/product\/yoast-seo-wordpress\/ -->\n<title>Habiter les r\u00e9seaux - WUCWO - UMOFC<\/title>\n<meta name=\"robots\" content=\"index, follow, max-snippet:-1, max-image-preview:large, max-video-preview:-1\" \/>\n<link rel=\"canonical\" href=\"https:\/\/wucwo.org\/fr\/habiter-les-reseaux\/\" \/>\n<meta property=\"og:locale\" content=\"fr_FR\" \/>\n<meta property=\"og:type\" content=\"article\" \/>\n<meta property=\"og:title\" content=\"Habiter les r\u00e9seaux - WUCWO - UMOFC\" \/>\n<meta property=\"og:description\" content=\"Ce webinaire est n\u00e9 du d\u00e9sir de r\u00e9fl\u00e9chir \u00e0 la mani\u00e8re d\u2019habiter les r\u00e9seaux sociaux avec une pr\u00e9sence authentiquement humaine, chr\u00e9tienne et missionnaire. \u00c0 travers trois axes \u2014 habiter les r\u00e9seaux, \u00eatre connect\u00e9s et partager les dons \u2014 seront abord\u00e9s les opportunit\u00e9s, mais aussi les d\u00e9fis de l\u2019environnement digital. \u00c0 la lumi\u00e8re des r\u00e9flexions propos\u00e9es [&hellip;]\" \/>\n<meta property=\"og:url\" content=\"https:\/\/wucwo.org\/fr\/habiter-les-reseaux\/\" \/>\n<meta property=\"og:site_name\" content=\"WUCWO - UMOFC\" \/>\n<meta property=\"article:publisher\" content=\"https:\/\/www.facebook.com\/worldunionofcatholicwomensorganisations\/\" \/>\n<meta property=\"article:published_time\" content=\"2026-06-03T07:44:45+00:00\" \/>\n<meta property=\"article:modified_time\" content=\"2026-06-11T13:14:58+00:00\" \/>\n<meta property=\"og:image\" content=\"https:\/\/wucwo.org\/wp-content\/uploads\/2026\/06\/Photo-web-1024x555.png\" \/>\n\t<meta property=\"og:image:width\" content=\"1024\" \/>\n\t<meta property=\"og:image:height\" content=\"555\" \/>\n\t<meta property=\"og:image:type\" content=\"image\/png\" \/>\n<meta name=\"author\" content=\"info\" \/>\n<meta name=\"twitter:card\" content=\"summary_large_image\" \/>\n<meta name=\"twitter:label1\" content=\"\u00c9crit par\" \/>\n\t<meta name=\"twitter:data1\" content=\"info\" \/>\n\t<meta name=\"twitter:label2\" content=\"Dur\u00e9e de lecture estim\u00e9e\" \/>\n\t<meta name=\"twitter:data2\" content=\"2 minutes\" \/>\n<script type=\"application\/ld+json\" class=\"yoast-schema-graph\">{\"@context\":\"https:\\\/\\\/schema.org\",\"@graph\":[{\"@type\":\"Article\",\"@id\":\"https:\\\/\\\/wucwo.org\\\/fr\\\/habiter-les-reseaux\\\/#article\",\"isPartOf\":{\"@id\":\"https:\\\/\\\/wucwo.org\\\/fr\\\/habiter-les-reseaux\\\/\"},\"author\":{\"name\":\"info\",\"@id\":\"https:\\\/\\\/wucwo.org\\\/fr\\\/#\\\/schema\\\/person\\\/1afc26e4266dd0457a2309d6fb6c9c32\"},\"headline\":\"Habiter les r\u00e9seaux\",\"datePublished\":\"2026-06-03T07:44:45+00:00\",\"dateModified\":\"2026-06-11T13:14:58+00:00\",\"mainEntityOfPage\":{\"@id\":\"https:\\\/\\\/wucwo.org\\\/fr\\\/habiter-les-reseaux\\\/\"},\"wordCount\":433,\"commentCount\":0,\"publisher\":{\"@id\":\"https:\\\/\\\/wucwo.org\\\/fr\\\/#organization\"},\"image\":{\"@id\":\"https:\\\/\\\/wucwo.org\\\/fr\\\/habiter-les-reseaux\\\/#primaryimage\"},\"thumbnailUrl\":\"https:\\\/\\\/wucwo.org\\\/wp-content\\\/uploads\\\/2026\\\/06\\\/Photo-web-scaled.png\",\"articleSection\":[\"Synodalit\u00e9\",\"WWO\"],\"inLanguage\":\"fr-FR\",\"potentialAction\":[{\"@type\":\"CommentAction\",\"name\":\"Comment\",\"target\":[\"https:\\\/\\\/wucwo.org\\\/fr\\\/habiter-les-reseaux\\\/#respond\"]}]},{\"@type\":\"WebPage\",\"@id\":\"https:\\\/\\\/wucwo.org\\\/fr\\\/habiter-les-reseaux\\\/\",\"url\":\"https:\\\/\\\/wucwo.org\\\/fr\\\/habiter-les-reseaux\\\/\",\"name\":\"Habiter les r\u00e9seaux - WUCWO - UMOFC\",\"isPartOf\":{\"@id\":\"https:\\\/\\\/wucwo.org\\\/fr\\\/#website\"},\"primaryImageOfPage\":{\"@id\":\"https:\\\/\\\/wucwo.org\\\/fr\\\/habiter-les-reseaux\\\/#primaryimage\"},\"image\":{\"@id\":\"https:\\\/\\\/wucwo.org\\\/fr\\\/habiter-les-reseaux\\\/#primaryimage\"},\"thumbnailUrl\":\"https:\\\/\\\/wucwo.org\\\/wp-content\\\/uploads\\\/2026\\\/06\\\/Photo-web-scaled.png\",\"datePublished\":\"2026-06-03T07:44:45+00:00\",\"dateModified\":\"2026-06-11T13:14:58+00:00\",\"breadcrumb\":{\"@id\":\"https:\\\/\\\/wucwo.org\\\/fr\\\/habiter-les-reseaux\\\/#breadcrumb\"},\"inLanguage\":\"fr-FR\",\"potentialAction\":[{\"@type\":\"ReadAction\",\"target\":[\"https:\\\/\\\/wucwo.org\\\/fr\\\/habiter-les-reseaux\\\/\"]}]},{\"@type\":\"ImageObject\",\"inLanguage\":\"fr-FR\",\"@id\":\"https:\\\/\\\/wucwo.org\\\/fr\\\/habiter-les-reseaux\\\/#primaryimage\",\"url\":\"https:\\\/\\\/wucwo.org\\\/wp-content\\\/uploads\\\/2026\\\/06\\\/Photo-web-scaled.png\",\"contentUrl\":\"https:\\\/\\\/wucwo.org\\\/wp-content\\\/uploads\\\/2026\\\/06\\\/Photo-web-scaled.png\",\"width\":2560,\"height\":1386},{\"@type\":\"BreadcrumbList\",\"@id\":\"https:\\\/\\\/wucwo.org\\\/fr\\\/habiter-les-reseaux\\\/#breadcrumb\",\"itemListElement\":[{\"@type\":\"ListItem\",\"position\":1,\"name\":\"Portada\",\"item\":\"https:\\\/\\\/wucwo.org\\\/fr\\\/\"},{\"@type\":\"ListItem\",\"position\":2,\"name\":\"Habiter les r\u00e9seaux\"}]},{\"@type\":\"WebSite\",\"@id\":\"https:\\\/\\\/wucwo.org\\\/fr\\\/#website\",\"url\":\"https:\\\/\\\/wucwo.org\\\/fr\\\/\",\"name\":\"UMOFC\",\"description\":\"\",\"publisher\":{\"@id\":\"https:\\\/\\\/wucwo.org\\\/fr\\\/#organization\"},\"potentialAction\":[{\"@type\":\"SearchAction\",\"target\":{\"@type\":\"EntryPoint\",\"urlTemplate\":\"https:\\\/\\\/wucwo.org\\\/fr\\\/?s={search_term_string}\"},\"query-input\":{\"@type\":\"PropertyValueSpecification\",\"valueRequired\":true,\"valueName\":\"search_term_string\"}}],\"inLanguage\":\"fr-FR\"},{\"@type\":\"Organization\",\"@id\":\"https:\\\/\\\/wucwo.org\\\/fr\\\/#organization\",\"name\":\"UMOFC\",\"url\":\"https:\\\/\\\/wucwo.org\\\/fr\\\/\",\"logo\":{\"@type\":\"ImageObject\",\"inLanguage\":\"fr-FR\",\"@id\":\"https:\\\/\\\/wucwo.org\\\/fr\\\/#\\\/schema\\\/logo\\\/image\\\/\",\"url\":\"https:\\\/\\\/wucwo.org\\\/wp-content\\\/uploads\\\/2025\\\/08\\\/Final-icono-scaled.png\",\"contentUrl\":\"https:\\\/\\\/wucwo.org\\\/wp-content\\\/uploads\\\/2025\\\/08\\\/Final-icono-scaled.png\",\"width\":2560,\"height\":1811,\"caption\":\"UMOFC\"},\"image\":{\"@id\":\"https:\\\/\\\/wucwo.org\\\/fr\\\/#\\\/schema\\\/logo\\\/image\\\/\"},\"sameAs\":[\"https:\\\/\\\/www.facebook.com\\\/worldunionofcatholicwomensorganisations\\\/\",\"https:\\\/\\\/www.instagram.com\\\/wucwo_umofc\\\/\",\"https:\\\/\\\/www.linkedin.com\\\/company\\\/wucwo\\\/\",\"https:\\\/\\\/www.youtube.com\\\/@WUCWOUMOFC\",\"https:\\\/\\\/www.flickr.com\\\/photos\\\/203210007@N05\\\/albums\"]},{\"@type\":\"Person\",\"@id\":\"https:\\\/\\\/wucwo.org\\\/fr\\\/#\\\/schema\\\/person\\\/1afc26e4266dd0457a2309d6fb6c9c32\",\"name\":\"info\",\"image\":{\"@type\":\"ImageObject\",\"inLanguage\":\"fr-FR\",\"@id\":\"https:\\\/\\\/secure.gravatar.com\\\/avatar\\\/f0b66018d4d4a05d7dacfa9dfae6882ddcb2b385e730d853a4bc3c17c9424ae9?s=96&d=mm&r=g\",\"url\":\"https:\\\/\\\/secure.gravatar.com\\\/avatar\\\/f0b66018d4d4a05d7dacfa9dfae6882ddcb2b385e730d853a4bc3c17c9424ae9?s=96&d=mm&r=g\",\"contentUrl\":\"https:\\\/\\\/secure.gravatar.com\\\/avatar\\\/f0b66018d4d4a05d7dacfa9dfae6882ddcb2b385e730d853a4bc3c17c9424ae9?s=96&d=mm&r=g\",\"caption\":\"info\"},\"url\":\"https:\\\/\\\/wucwo.org\\\/fr\\\/author\\\/info\\\/\"}]}<\/script>\n<!-- \/ Yoast SEO plugin. -->","yoast_head_json":{"title":"Habiter les r\u00e9seaux - WUCWO - UMOFC","robots":{"index":"index","follow":"follow","max-snippet":"max-snippet:-1","max-image-preview":"max-image-preview:large","max-video-preview":"max-video-preview:-1"},"canonical":"https:\/\/wucwo.org\/fr\/habiter-les-reseaux\/","og_locale":"fr_FR","og_type":"article","og_title":"Habiter les r\u00e9seaux - WUCWO - UMOFC","og_description":"Ce webinaire est n\u00e9 du d\u00e9sir de r\u00e9fl\u00e9chir \u00e0 la mani\u00e8re d\u2019habiter les r\u00e9seaux sociaux avec une pr\u00e9sence authentiquement humaine, chr\u00e9tienne et missionnaire. \u00c0 travers trois axes \u2014 habiter les r\u00e9seaux, \u00eatre connect\u00e9s et partager les dons \u2014 seront abord\u00e9s les opportunit\u00e9s, mais aussi les d\u00e9fis de l\u2019environnement digital. \u00c0 la lumi\u00e8re des r\u00e9flexions propos\u00e9es [&hellip;]","og_url":"https:\/\/wucwo.org\/fr\/habiter-les-reseaux\/","og_site_name":"WUCWO - UMOFC","article_publisher":"https:\/\/www.facebook.com\/worldunionofcatholicwomensorganisations\/","article_published_time":"2026-06-03T07:44:45+00:00","article_modified_time":"2026-06-11T13:14:58+00:00","og_image":[{"width":1024,"height":555,"url":"https:\/\/wucwo.org\/wp-content\/uploads\/2026\/06\/Photo-web-1024x555.png","type":"image\/png"}],"author":"info","twitter_card":"summary_large_image","twitter_misc":{"\u00c9crit par":"info","Dur\u00e9e de lecture estim\u00e9e":"2 minutes"},"schema":{"@context":"https:\/\/schema.org","@graph":[{"@type":"Article","@id":"https:\/\/wucwo.org\/fr\/habiter-les-reseaux\/#article","isPartOf":{"@id":"https:\/\/wucwo.org\/fr\/habiter-les-reseaux\/"},"author":{"name":"info","@id":"https:\/\/wucwo.org\/fr\/#\/schema\/person\/1afc26e4266dd0457a2309d6fb6c9c32"},"headline":"Habiter les r\u00e9seaux","datePublished":"2026-06-03T07:44:45+00:00","dateModified":"2026-06-11T13:14:58+00:00","mainEntityOfPage":{"@id":"https:\/\/wucwo.org\/fr\/habiter-les-reseaux\/"},"wordCount":433,"commentCount":0,"publisher":{"@id":"https:\/\/wucwo.org\/fr\/#organization"},"image":{"@id":"https:\/\/wucwo.org\/fr\/habiter-les-reseaux\/#primaryimage"},"thumbnailUrl":"https:\/\/wucwo.org\/wp-content\/uploads\/2026\/06\/Photo-web-scaled.png","articleSection":["Synodalit\u00e9","WWO"],"inLanguage":"fr-FR","potentialAction":[{"@type":"CommentAction","name":"Comment","target":["https:\/\/wucwo.org\/fr\/habiter-les-reseaux\/#respond"]}]},{"@type":"WebPage","@id":"https:\/\/wucwo.org\/fr\/habiter-les-reseaux\/","url":"https:\/\/wucwo.org\/fr\/habiter-les-reseaux\/","name":"Habiter les r\u00e9seaux - WUCWO - UMOFC","isPartOf":{"@id":"https:\/\/wucwo.org\/fr\/#website"},"primaryImageOfPage":{"@id":"https:\/\/wucwo.org\/fr\/habiter-les-reseaux\/#primaryimage"},"image":{"@id":"https:\/\/wucwo.org\/fr\/habiter-les-reseaux\/#primaryimage"},"thumbnailUrl":"https:\/\/wucwo.org\/wp-content\/uploads\/2026\/06\/Photo-web-scaled.png","datePublished":"2026-06-03T07:44:45+00:00","dateModified":"2026-06-11T13:14:58+00:00","breadcrumb":{"@id":"https:\/\/wucwo.org\/fr\/habiter-les-reseaux\/#breadcrumb"},"inLanguage":"fr-FR","potentialAction":[{"@type":"ReadAction","target":["https:\/\/wucwo.org\/fr\/habiter-les-reseaux\/"]}]},{"@type":"ImageObject","inLanguage":"fr-FR","@id":"https:\/\/wucwo.org\/fr\/habiter-les-reseaux\/#primaryimage","url":"https:\/\/wucwo.org\/wp-content\/uploads\/2026\/06\/Photo-web-scaled.png","contentUrl":"https:\/\/wucwo.org\/wp-content\/uploads\/2026\/06\/Photo-web-scaled.png","width":2560,"height":1386},{"@type":"BreadcrumbList","@id":"https:\/\/wucwo.org\/fr\/habiter-les-reseaux\/#breadcrumb","itemListElement":[{"@type":"ListItem","position":1,"name":"Portada","item":"https:\/\/wucwo.org\/fr\/"},{"@type":"ListItem","position":2,"name":"Habiter les r\u00e9seaux"}]},{"@type":"WebSite","@id":"https:\/\/wucwo.org\/fr\/#website","url":"https:\/\/wucwo.org\/fr\/","name":"UMOFC","description":"","publisher":{"@id":"https:\/\/wucwo.org\/fr\/#organization"},"potentialAction":[{"@type":"SearchAction","target":{"@type":"EntryPoint","urlTemplate":"https:\/\/wucwo.org\/fr\/?s={search_term_string}"},"query-input":{"@type":"PropertyValueSpecification","valueRequired":true,"valueName":"search_term_string"}}],"inLanguage":"fr-FR"},{"@type":"Organization","@id":"https:\/\/wucwo.org\/fr\/#organization","name":"UMOFC","url":"https:\/\/wucwo.org\/fr\/","logo":{"@type":"ImageObject","inLanguage":"fr-FR","@id":"https:\/\/wucwo.org\/fr\/#\/schema\/logo\/image\/","url":"https:\/\/wucwo.org\/wp-content\/uploads\/2025\/08\/Final-icono-scaled.png","contentUrl":"https:\/\/wucwo.org\/wp-content\/uploads\/2025\/08\/Final-icono-scaled.png","width":2560,"height":1811,"caption":"UMOFC"},"image":{"@id":"https:\/\/wucwo.org\/fr\/#\/schema\/logo\/image\/"},"sameAs":["https:\/\/www.facebook.com\/worldunionofcatholicwomensorganisations\/","https:\/\/www.instagram.com\/wucwo_umofc\/","https:\/\/www.linkedin.com\/company\/wucwo\/","https:\/\/www.youtube.com\/@WUCWOUMOFC","https:\/\/www.flickr.com\/photos\/203210007@N05\/albums"]},{"@type":"Person","@id":"https:\/\/wucwo.org\/fr\/#\/schema\/person\/1afc26e4266dd0457a2309d6fb6c9c32","name":"info","image":{"@type":"ImageObject","inLanguage":"fr-FR","@id":"https:\/\/secure.gravatar.com\/avatar\/f0b66018d4d4a05d7dacfa9dfae6882ddcb2b385e730d853a4bc3c17c9424ae9?s=96&d=mm&r=g","url":"https:\/\/secure.gravatar.com\/avatar\/f0b66018d4d4a05d7dacfa9dfae6882ddcb2b385e730d853a4bc3c17c9424ae9?s=96&d=mm&r=g","contentUrl":"https:\/\/secure.gravatar.com\/avatar\/f0b66018d4d4a05d7dacfa9dfae6882ddcb2b385e730d853a4bc3c17c9424ae9?s=96&d=mm&r=g","caption":"info"},"url":"https:\/\/wucwo.org\/fr\/author\/info\/"}]}},"_links":{"self":[{"href":"https:\/\/wucwo.org\/fr\/wp-json\/wp\/v2\/posts\/19609","targetHints":{"allow":["GET"]}}],"collection":[{"href":"https:\/\/wucwo.org\/fr\/wp-json\/wp\/v2\/posts"}],"about":[{"href":"https:\/\/wucwo.org\/fr\/wp-json\/wp\/v2\/types\/post"}],"author":[{"embeddable":true,"href":"https:\/\/wucwo.org\/fr\/wp-json\/wp\/v2\/users\/2"}],"replies":[{"embeddable":true,"href":"https:\/\/wucwo.org\/fr\/wp-json\/wp\/v2\/comments?post=19609"}],"version-history":[{"count":15,"href":"https:\/\/wucwo.org\/fr\/wp-json\/wp\/v2\/posts\/19609\/revisions"}],"predecessor-version":[{"id":19755,"href":"https:\/\/wucwo.org\/fr\/wp-json\/wp\/v2\/posts\/19609\/revisions\/19755"}],"wp:featuredmedia":[{"embeddable":true,"href":"https:\/\/wucwo.org\/fr\/wp-json\/wp\/v2\/media\/19599"}],"wp:attachment":[{"href":"https:\/\/wucwo.org\/fr\/wp-json\/wp\/v2\/media?parent=19609"}],"wp:term":[{"taxonomy":"category","embeddable":true,"href":"https:\/\/wucwo.org\/fr\/wp-json\/wp\/v2\/categories?post=19609"},{"taxonomy":"post_tag","embeddable":true,"href":"https:\/\/wucwo.org\/fr\/wp-json\/wp\/v2\/tags?post=19609"}],"curies":[{"name":"wp","href":"https:\/\/api.w.org\/{rel}","templated":true}]}}