{"id":19628,"date":"2026-06-01T17:44:50","date_gmt":"2026-06-01T15:44:50","guid":{"rendered":"https:\/\/wucwo.org\/celebration-du-journee-mondiale-de-priere-pour-la-creation-avec-la-nouvelle-messe\/"},"modified":"2026-06-03T11:41:15","modified_gmt":"2026-06-03T09:41:15","slug":"celebration-du-journee-mondiale-de-priere-pour-la-creation-avec-la-nouvelle-messe","status":"publish","type":"post","link":"https:\/\/wucwo.org\/fr\/celebration-du-journee-mondiale-de-priere-pour-la-creation-avec-la-nouvelle-messe\/","title":{"rendered":"C\u00e9l\u00e9bration du \u00ab Journ\u00e9e Mondiale de Pri\u00e8re pour la Cr\u00e9ation \u00bb avec la nouvelle messe"},"content":{"rendered":"\n<p class=\"wp-block-paragraph\">\u00c0 la suite des c\u00e9l\u00e9brations de la <strong>Semaine \u00ab Laudato si\u2019 \u00bb<\/strong> en mai, divers r\u00e9seaux catholiques co-organiseront un <strong>webinaire important le 9 juin<\/strong> afin de soutenir les c\u00e9l\u00e9brations de la prochaine grande \u00e9tape du calendrier : la <strong>\u00ab Journ\u00e9e mondiale de pri\u00e8re pour la cr\u00e9ation \u00bb<\/strong> avec la nouvelle messe que le pape L\u00e9on a ajout\u00e9e au Missel. <\/p>\n\n<p class=\"wp-block-paragraph\">Cet \u00e9v\u00e9nement en ligne r\u00e9unira des leaders catholiques et des sp\u00e9cialistes de la liturgie qui mettront en lumi\u00e8re la grande importance de ces deux dons que les deux derniers papes ont offerts \u00e0 l&rsquo;\u00c9glise universelle.<\/p>\n\n<p class=\"wp-block-paragraph\">D&rsquo;une part, le <strong>\u00ab QUAND \u00bb<\/strong> : la \u00ab Journ\u00e9e mondiale de pri\u00e8re pour la cr\u00e9ation \u00bb est c\u00e9l\u00e9br\u00e9e chaque ann\u00e9e le 1er septembre ou le week-end suivant, inspir\u00e9e d&rsquo;une ancienne tradition orthodoxe comm\u00e9morant la cr\u00e9ation du monde par Dieu. Comme l\u2019a \u00e9crit le pape Fran\u00e7ois dans sa lettre de 2015 instituant cette c\u00e9l\u00e9bration, la journ\u00e9e doit \u00eatre <em>\u00ab d\u00fbment c\u00e9l\u00e9br\u00e9e avec la participation de tout le Peuple de Dieu : pr\u00eatres, religieux et religieuses, et fid\u00e8les la\u00efcs \u00bb<\/em>. De plus, cette journ\u00e9e si particuli\u00e8re a donn\u00e9 lieu \u00e0 un \u00ab Temps de la Cr\u00e9ation \u00bb prolong\u00e9 (du 1er septembre au 4 octobre), \u00e9tendant ainsi la c\u00e9l\u00e9bration.   <\/p>\n\n<p class=\"wp-block-paragraph\">D\u2019autre part, le <strong>\u00ab COMMENT \u00bb<\/strong> : le pape L\u00e9on a rendu possible nos c\u00e9l\u00e9brations liturgiques de cette journ\u00e9e en promulguant la \u00ab Messe pour la sauvegarde de la cr\u00e9ation \u00bb; l&rsquo;ajout d&rsquo;une messe au Missel est sans pr\u00e9c\u00e9dent depuis 2002. Pour la premi\u00e8re fois, nous disposons d&rsquo;une messe avec des lectures bibliques (lectionnaire) et des pri\u00e8res (formulaire) ax\u00e9es sur la cr\u00e9ation, enrichissant ainsi nos c\u00e9l\u00e9brations de septembre pour leur donner beaucoup plus de sens. <\/p>\n\n<p class=\"wp-block-paragraph\">En fin de compte, la c\u00e9l\u00e9bration eucharistique de cette journ\u00e9e particuli\u00e8re est l&rsquo;occasion de rendre gloire \u00e0 <strong>Dieu en tant que Cr\u00e9ateur et d&rsquo;appr\u00e9cier le don sacr\u00e9 de la cr\u00e9ation sous un jour nouveau,<\/strong> tout en nous incitant \u00e0 en prendre soin avec plus de ferveur en cette p\u00e9riode de crise \u00e9cologique sans cesse croissante.<\/p>\n\n<p class=\"wp-block-paragraph\">Nous esp\u00e9rons que vous pourrez vous joindre \u00e0 nous et encourager vos r\u00e9seaux \u00e0 participer, afin de sensibiliser le public \u00e0 l\u2019\u00e9norme opportunit\u00e9 et \u00e0 l\u2019urgence pressante de <strong>c\u00e9l\u00e9brer la Journ\u00e9e mondiale de pri\u00e8re avec la nouvelle messe.<\/strong><br\/><\/p>\n\n<p class=\"wp-block-paragraph\">\ud83d\udcc5<strong>Date: 9 juin<\/strong><\/p>\n\n<p class=\"wp-block-paragraph\">\ud83d\udd52 <strong>Heure:<\/strong> 14.00 (heure de Rome)<\/p>\n\n<p class=\"wp-block-paragraph\"><strong>\ud83c\udf10 En ligne<\/strong><\/p>\n\n<p class=\"wp-block-paragraph\"><strong>\ud83c\udfa7ES-EN-FR-IT-PT<\/strong><\/p>\n\n<p class=\"wp-block-paragraph\"><br\/><\/p>\n\n<div class=\"wp-block-buttons is-layout-flex wp-block-buttons-is-layout-flex\">\n<div class=\"wp-block-button is-style-fill\"><a class=\"wp-block-button__link has-background wp-element-button\" href=\"https:\/\/form.jotform.com\/261384511416049\" style=\"background-color:#ec6386\" target=\"_blank\" rel=\"noreferrer noopener\">Inscription<\/a><\/div>\n<\/div>\n","protected":false},"excerpt":{"rendered":"<p>\u00c0 la suite des c\u00e9l\u00e9brations de la Semaine \u00ab Laudato si\u2019 \u00bb en mai, divers r\u00e9seaux catholiques co-organiseront un webinaire important le 9 juin afin de soutenir les c\u00e9l\u00e9brations de la prochaine grande \u00e9tape du calendrier : la \u00ab Journ\u00e9e mondiale de pri\u00e8re pour la cr\u00e9ation \u00bb avec la nouvelle messe que le pape L\u00e9on [&hellip;]<\/p>\n","protected":false},"author":3,"featured_media":19581,"comment_status":"open","ping_status":"open","sticky":false,"template":"","format":"standard","meta":{"_et_pb_use_builder":"off","_et_pb_old_content":"","_et_gb_content_width":"","footnotes":""},"categories":[162],"tags":[],"class_list":["post-19628","post","type-post","status-publish","format-standard","has-post-thumbnail","hentry","category-evenements-ecologie"],"yoast_head":"<!-- This site is optimized with the Yoast SEO plugin v27.8 - https:\/\/yoast.com\/product\/yoast-seo-wordpress\/ -->\n<title>C\u00e9l\u00e9bration du \u00ab Journ\u00e9e Mondiale de Pri\u00e8re pour la Cr\u00e9ation \u00bb avec la nouvelle messe - WUCWO - UMOFC<\/title>\n<meta name=\"robots\" content=\"index, follow, max-snippet:-1, max-image-preview:large, max-video-preview:-1\" \/>\n<link rel=\"canonical\" href=\"https:\/\/wucwo.org\/fr\/celebration-du-journee-mondiale-de-priere-pour-la-creation-avec-la-nouvelle-messe\/\" \/>\n<meta property=\"og:locale\" content=\"fr_FR\" \/>\n<meta property=\"og:type\" content=\"article\" \/>\n<meta property=\"og:title\" content=\"C\u00e9l\u00e9bration du \u00ab Journ\u00e9e Mondiale de Pri\u00e8re pour la Cr\u00e9ation \u00bb avec la nouvelle messe - WUCWO - UMOFC\" \/>\n<meta property=\"og:description\" content=\"\u00c0 la suite des c\u00e9l\u00e9brations de la Semaine \u00ab Laudato si\u2019 \u00bb en mai, divers r\u00e9seaux catholiques co-organiseront un webinaire important le 9 juin afin de soutenir les c\u00e9l\u00e9brations de la prochaine grande \u00e9tape du calendrier : la \u00ab Journ\u00e9e mondiale de pri\u00e8re pour la cr\u00e9ation \u00bb avec la nouvelle messe que le pape L\u00e9on [&hellip;]\" \/>\n<meta property=\"og:url\" content=\"https:\/\/wucwo.org\/fr\/celebration-du-journee-mondiale-de-priere-pour-la-creation-avec-la-nouvelle-messe\/\" \/>\n<meta property=\"og:site_name\" content=\"WUCWO - UMOFC\" \/>\n<meta property=\"article:publisher\" content=\"https:\/\/www.facebook.com\/worldunionofcatholicwomensorganisations\/\" \/>\n<meta property=\"article:published_time\" content=\"2026-06-01T15:44:50+00:00\" \/>\n<meta property=\"article:modified_time\" content=\"2026-06-03T09:41:15+00:00\" \/>\n<meta property=\"og:image\" content=\"https:\/\/wucwo.org\/wp-content\/uploads\/2026\/06\/Pope-Leo-presides-the-inaugural-Mass-for-the-Care-of-Creation-in-Castel-Gandolfo.-Credit_-Vatican-Media-1024x509.png\" \/>\n\t<meta property=\"og:image:width\" content=\"1024\" \/>\n\t<meta property=\"og:image:height\" content=\"509\" \/>\n\t<meta property=\"og:image:type\" content=\"image\/png\" \/>\n<meta name=\"author\" content=\"communication\" \/>\n<meta name=\"twitter:card\" content=\"summary_large_image\" \/>\n<meta name=\"twitter:label1\" content=\"\u00c9crit par\" \/>\n\t<meta name=\"twitter:data1\" content=\"communication\" \/>\n\t<meta name=\"twitter:label2\" content=\"Dur\u00e9e de lecture estim\u00e9e\" \/>\n\t<meta name=\"twitter:data2\" content=\"2 minutes\" \/>\n<script type=\"application\/ld+json\" class=\"yoast-schema-graph\">{\"@context\":\"https:\\\/\\\/schema.org\",\"@graph\":[{\"@type\":\"Article\",\"@id\":\"https:\\\/\\\/wucwo.org\\\/fr\\\/celebration-du-journee-mondiale-de-priere-pour-la-creation-avec-la-nouvelle-messe\\\/#article\",\"isPartOf\":{\"@id\":\"https:\\\/\\\/wucwo.org\\\/fr\\\/celebration-du-journee-mondiale-de-priere-pour-la-creation-avec-la-nouvelle-messe\\\/\"},\"author\":{\"name\":\"communication\",\"@id\":\"https:\\\/\\\/wucwo.org\\\/fr\\\/#\\\/schema\\\/person\\\/36e189b76cc2f081eb3458e9a1f81183\"},\"headline\":\"C\u00e9l\u00e9bration du \u00ab Journ\u00e9e Mondiale de Pri\u00e8re pour la Cr\u00e9ation \u00bb avec la nouvelle messe\",\"datePublished\":\"2026-06-01T15:44:50+00:00\",\"dateModified\":\"2026-06-03T09:41:15+00:00\",\"mainEntityOfPage\":{\"@id\":\"https:\\\/\\\/wucwo.org\\\/fr\\\/celebration-du-journee-mondiale-de-priere-pour-la-creation-avec-la-nouvelle-messe\\\/\"},\"wordCount\":443,\"commentCount\":0,\"publisher\":{\"@id\":\"https:\\\/\\\/wucwo.org\\\/fr\\\/#organization\"},\"image\":{\"@id\":\"https:\\\/\\\/wucwo.org\\\/fr\\\/celebration-du-journee-mondiale-de-priere-pour-la-creation-avec-la-nouvelle-messe\\\/#primaryimage\"},\"thumbnailUrl\":\"https:\\\/\\\/wucwo.org\\\/wp-content\\\/uploads\\\/2026\\\/06\\\/Pope-Leo-presides-the-inaugural-Mass-for-the-Care-of-Creation-in-Castel-Gandolfo.-Credit_-Vatican-Media.png\",\"articleSection\":[\"Ecologie\"],\"inLanguage\":\"fr-FR\",\"potentialAction\":[{\"@type\":\"CommentAction\",\"name\":\"Comment\",\"target\":[\"https:\\\/\\\/wucwo.org\\\/fr\\\/celebration-du-journee-mondiale-de-priere-pour-la-creation-avec-la-nouvelle-messe\\\/#respond\"]}]},{\"@type\":\"WebPage\",\"@id\":\"https:\\\/\\\/wucwo.org\\\/fr\\\/celebration-du-journee-mondiale-de-priere-pour-la-creation-avec-la-nouvelle-messe\\\/\",\"url\":\"https:\\\/\\\/wucwo.org\\\/fr\\\/celebration-du-journee-mondiale-de-priere-pour-la-creation-avec-la-nouvelle-messe\\\/\",\"name\":\"C\u00e9l\u00e9bration du \u00ab Journ\u00e9e Mondiale de Pri\u00e8re pour la Cr\u00e9ation \u00bb avec la nouvelle messe - WUCWO - UMOFC\",\"isPartOf\":{\"@id\":\"https:\\\/\\\/wucwo.org\\\/fr\\\/#website\"},\"primaryImageOfPage\":{\"@id\":\"https:\\\/\\\/wucwo.org\\\/fr\\\/celebration-du-journee-mondiale-de-priere-pour-la-creation-avec-la-nouvelle-messe\\\/#primaryimage\"},\"image\":{\"@id\":\"https:\\\/\\\/wucwo.org\\\/fr\\\/celebration-du-journee-mondiale-de-priere-pour-la-creation-avec-la-nouvelle-messe\\\/#primaryimage\"},\"thumbnailUrl\":\"https:\\\/\\\/wucwo.org\\\/wp-content\\\/uploads\\\/2026\\\/06\\\/Pope-Leo-presides-the-inaugural-Mass-for-the-Care-of-Creation-in-Castel-Gandolfo.-Credit_-Vatican-Media.png\",\"datePublished\":\"2026-06-01T15:44:50+00:00\",\"dateModified\":\"2026-06-03T09:41:15+00:00\",\"breadcrumb\":{\"@id\":\"https:\\\/\\\/wucwo.org\\\/fr\\\/celebration-du-journee-mondiale-de-priere-pour-la-creation-avec-la-nouvelle-messe\\\/#breadcrumb\"},\"inLanguage\":\"fr-FR\",\"potentialAction\":[{\"@type\":\"ReadAction\",\"target\":[\"https:\\\/\\\/wucwo.org\\\/fr\\\/celebration-du-journee-mondiale-de-priere-pour-la-creation-avec-la-nouvelle-messe\\\/\"]}]},{\"@type\":\"ImageObject\",\"inLanguage\":\"fr-FR\",\"@id\":\"https:\\\/\\\/wucwo.org\\\/fr\\\/celebration-du-journee-mondiale-de-priere-pour-la-creation-avec-la-nouvelle-messe\\\/#primaryimage\",\"url\":\"https:\\\/\\\/wucwo.org\\\/wp-content\\\/uploads\\\/2026\\\/06\\\/Pope-Leo-presides-the-inaugural-Mass-for-the-Care-of-Creation-in-Castel-Gandolfo.-Credit_-Vatican-Media.png\",\"contentUrl\":\"https:\\\/\\\/wucwo.org\\\/wp-content\\\/uploads\\\/2026\\\/06\\\/Pope-Leo-presides-the-inaugural-Mass-for-the-Care-of-Creation-in-Castel-Gandolfo.-Credit_-Vatican-Media.png\",\"width\":1920,\"height\":955},{\"@type\":\"BreadcrumbList\",\"@id\":\"https:\\\/\\\/wucwo.org\\\/fr\\\/celebration-du-journee-mondiale-de-priere-pour-la-creation-avec-la-nouvelle-messe\\\/#breadcrumb\",\"itemListElement\":[{\"@type\":\"ListItem\",\"position\":1,\"name\":\"Portada\",\"item\":\"https:\\\/\\\/wucwo.org\\\/fr\\\/\"},{\"@type\":\"ListItem\",\"position\":2,\"name\":\"C\u00e9l\u00e9bration du \u00ab Journ\u00e9e Mondiale de Pri\u00e8re pour la Cr\u00e9ation \u00bb avec la nouvelle messe\"}]},{\"@type\":\"WebSite\",\"@id\":\"https:\\\/\\\/wucwo.org\\\/fr\\\/#website\",\"url\":\"https:\\\/\\\/wucwo.org\\\/fr\\\/\",\"name\":\"UMOFC\",\"description\":\"\",\"publisher\":{\"@id\":\"https:\\\/\\\/wucwo.org\\\/fr\\\/#organization\"},\"potentialAction\":[{\"@type\":\"SearchAction\",\"target\":{\"@type\":\"EntryPoint\",\"urlTemplate\":\"https:\\\/\\\/wucwo.org\\\/fr\\\/?s={search_term_string}\"},\"query-input\":{\"@type\":\"PropertyValueSpecification\",\"valueRequired\":true,\"valueName\":\"search_term_string\"}}],\"inLanguage\":\"fr-FR\"},{\"@type\":\"Organization\",\"@id\":\"https:\\\/\\\/wucwo.org\\\/fr\\\/#organization\",\"name\":\"UMOFC\",\"url\":\"https:\\\/\\\/wucwo.org\\\/fr\\\/\",\"logo\":{\"@type\":\"ImageObject\",\"inLanguage\":\"fr-FR\",\"@id\":\"https:\\\/\\\/wucwo.org\\\/fr\\\/#\\\/schema\\\/logo\\\/image\\\/\",\"url\":\"https:\\\/\\\/wucwo.org\\\/wp-content\\\/uploads\\\/2025\\\/08\\\/Final-icono-scaled.png\",\"contentUrl\":\"https:\\\/\\\/wucwo.org\\\/wp-content\\\/uploads\\\/2025\\\/08\\\/Final-icono-scaled.png\",\"width\":2560,\"height\":1811,\"caption\":\"UMOFC\"},\"image\":{\"@id\":\"https:\\\/\\\/wucwo.org\\\/fr\\\/#\\\/schema\\\/logo\\\/image\\\/\"},\"sameAs\":[\"https:\\\/\\\/www.facebook.com\\\/worldunionofcatholicwomensorganisations\\\/\",\"https:\\\/\\\/www.instagram.com\\\/wucwo_umofc\\\/\",\"https:\\\/\\\/www.linkedin.com\\\/company\\\/wucwo\\\/\",\"https:\\\/\\\/www.youtube.com\\\/@WUCWOUMOFC\",\"https:\\\/\\\/www.flickr.com\\\/photos\\\/203210007@N05\\\/albums\"]},{\"@type\":\"Person\",\"@id\":\"https:\\\/\\\/wucwo.org\\\/fr\\\/#\\\/schema\\\/person\\\/36e189b76cc2f081eb3458e9a1f81183\",\"name\":\"communication\",\"image\":{\"@type\":\"ImageObject\",\"inLanguage\":\"fr-FR\",\"@id\":\"https:\\\/\\\/secure.gravatar.com\\\/avatar\\\/3db542db39feebb0fd43b726aab1c33917436e5f5a9e88f2295c0f1c34c59b48?s=96&d=mm&r=g\",\"url\":\"https:\\\/\\\/secure.gravatar.com\\\/avatar\\\/3db542db39feebb0fd43b726aab1c33917436e5f5a9e88f2295c0f1c34c59b48?s=96&d=mm&r=g\",\"contentUrl\":\"https:\\\/\\\/secure.gravatar.com\\\/avatar\\\/3db542db39feebb0fd43b726aab1c33917436e5f5a9e88f2295c0f1c34c59b48?s=96&d=mm&r=g\",\"caption\":\"communication\"},\"url\":\"https:\\\/\\\/wucwo.org\\\/fr\\\/author\\\/communication\\\/\"}]}<\/script>\n<!-- \/ Yoast SEO plugin. -->","yoast_head_json":{"title":"C\u00e9l\u00e9bration du \u00ab Journ\u00e9e Mondiale de Pri\u00e8re pour la Cr\u00e9ation \u00bb avec la nouvelle messe - WUCWO - UMOFC","robots":{"index":"index","follow":"follow","max-snippet":"max-snippet:-1","max-image-preview":"max-image-preview:large","max-video-preview":"max-video-preview:-1"},"canonical":"https:\/\/wucwo.org\/fr\/celebration-du-journee-mondiale-de-priere-pour-la-creation-avec-la-nouvelle-messe\/","og_locale":"fr_FR","og_type":"article","og_title":"C\u00e9l\u00e9bration du \u00ab Journ\u00e9e Mondiale de Pri\u00e8re pour la Cr\u00e9ation \u00bb avec la nouvelle messe - WUCWO - UMOFC","og_description":"\u00c0 la suite des c\u00e9l\u00e9brations de la Semaine \u00ab Laudato si\u2019 \u00bb en mai, divers r\u00e9seaux catholiques co-organiseront un webinaire important le 9 juin afin de soutenir les c\u00e9l\u00e9brations de la prochaine grande \u00e9tape du calendrier : la \u00ab Journ\u00e9e mondiale de pri\u00e8re pour la cr\u00e9ation \u00bb avec la nouvelle messe que le pape L\u00e9on [&hellip;]","og_url":"https:\/\/wucwo.org\/fr\/celebration-du-journee-mondiale-de-priere-pour-la-creation-avec-la-nouvelle-messe\/","og_site_name":"WUCWO - UMOFC","article_publisher":"https:\/\/www.facebook.com\/worldunionofcatholicwomensorganisations\/","article_published_time":"2026-06-01T15:44:50+00:00","article_modified_time":"2026-06-03T09:41:15+00:00","og_image":[{"width":1024,"height":509,"url":"https:\/\/wucwo.org\/wp-content\/uploads\/2026\/06\/Pope-Leo-presides-the-inaugural-Mass-for-the-Care-of-Creation-in-Castel-Gandolfo.-Credit_-Vatican-Media-1024x509.png","type":"image\/png"}],"author":"communication","twitter_card":"summary_large_image","twitter_misc":{"\u00c9crit par":"communication","Dur\u00e9e de lecture estim\u00e9e":"2 minutes"},"schema":{"@context":"https:\/\/schema.org","@graph":[{"@type":"Article","@id":"https:\/\/wucwo.org\/fr\/celebration-du-journee-mondiale-de-priere-pour-la-creation-avec-la-nouvelle-messe\/#article","isPartOf":{"@id":"https:\/\/wucwo.org\/fr\/celebration-du-journee-mondiale-de-priere-pour-la-creation-avec-la-nouvelle-messe\/"},"author":{"name":"communication","@id":"https:\/\/wucwo.org\/fr\/#\/schema\/person\/36e189b76cc2f081eb3458e9a1f81183"},"headline":"C\u00e9l\u00e9bration du \u00ab Journ\u00e9e Mondiale de Pri\u00e8re pour la Cr\u00e9ation \u00bb avec la nouvelle messe","datePublished":"2026-06-01T15:44:50+00:00","dateModified":"2026-06-03T09:41:15+00:00","mainEntityOfPage":{"@id":"https:\/\/wucwo.org\/fr\/celebration-du-journee-mondiale-de-priere-pour-la-creation-avec-la-nouvelle-messe\/"},"wordCount":443,"commentCount":0,"publisher":{"@id":"https:\/\/wucwo.org\/fr\/#organization"},"image":{"@id":"https:\/\/wucwo.org\/fr\/celebration-du-journee-mondiale-de-priere-pour-la-creation-avec-la-nouvelle-messe\/#primaryimage"},"thumbnailUrl":"https:\/\/wucwo.org\/wp-content\/uploads\/2026\/06\/Pope-Leo-presides-the-inaugural-Mass-for-the-Care-of-Creation-in-Castel-Gandolfo.-Credit_-Vatican-Media.png","articleSection":["Ecologie"],"inLanguage":"fr-FR","potentialAction":[{"@type":"CommentAction","name":"Comment","target":["https:\/\/wucwo.org\/fr\/celebration-du-journee-mondiale-de-priere-pour-la-creation-avec-la-nouvelle-messe\/#respond"]}]},{"@type":"WebPage","@id":"https:\/\/wucwo.org\/fr\/celebration-du-journee-mondiale-de-priere-pour-la-creation-avec-la-nouvelle-messe\/","url":"https:\/\/wucwo.org\/fr\/celebration-du-journee-mondiale-de-priere-pour-la-creation-avec-la-nouvelle-messe\/","name":"C\u00e9l\u00e9bration du \u00ab Journ\u00e9e Mondiale de Pri\u00e8re pour la Cr\u00e9ation \u00bb avec la nouvelle messe - WUCWO - UMOFC","isPartOf":{"@id":"https:\/\/wucwo.org\/fr\/#website"},"primaryImageOfPage":{"@id":"https:\/\/wucwo.org\/fr\/celebration-du-journee-mondiale-de-priere-pour-la-creation-avec-la-nouvelle-messe\/#primaryimage"},"image":{"@id":"https:\/\/wucwo.org\/fr\/celebration-du-journee-mondiale-de-priere-pour-la-creation-avec-la-nouvelle-messe\/#primaryimage"},"thumbnailUrl":"https:\/\/wucwo.org\/wp-content\/uploads\/2026\/06\/Pope-Leo-presides-the-inaugural-Mass-for-the-Care-of-Creation-in-Castel-Gandolfo.-Credit_-Vatican-Media.png","datePublished":"2026-06-01T15:44:50+00:00","dateModified":"2026-06-03T09:41:15+00:00","breadcrumb":{"@id":"https:\/\/wucwo.org\/fr\/celebration-du-journee-mondiale-de-priere-pour-la-creation-avec-la-nouvelle-messe\/#breadcrumb"},"inLanguage":"fr-FR","potentialAction":[{"@type":"ReadAction","target":["https:\/\/wucwo.org\/fr\/celebration-du-journee-mondiale-de-priere-pour-la-creation-avec-la-nouvelle-messe\/"]}]},{"@type":"ImageObject","inLanguage":"fr-FR","@id":"https:\/\/wucwo.org\/fr\/celebration-du-journee-mondiale-de-priere-pour-la-creation-avec-la-nouvelle-messe\/#primaryimage","url":"https:\/\/wucwo.org\/wp-content\/uploads\/2026\/06\/Pope-Leo-presides-the-inaugural-Mass-for-the-Care-of-Creation-in-Castel-Gandolfo.-Credit_-Vatican-Media.png","contentUrl":"https:\/\/wucwo.org\/wp-content\/uploads\/2026\/06\/Pope-Leo-presides-the-inaugural-Mass-for-the-Care-of-Creation-in-Castel-Gandolfo.-Credit_-Vatican-Media.png","width":1920,"height":955},{"@type":"BreadcrumbList","@id":"https:\/\/wucwo.org\/fr\/celebration-du-journee-mondiale-de-priere-pour-la-creation-avec-la-nouvelle-messe\/#breadcrumb","itemListElement":[{"@type":"ListItem","position":1,"name":"Portada","item":"https:\/\/wucwo.org\/fr\/"},{"@type":"ListItem","position":2,"name":"C\u00e9l\u00e9bration du \u00ab Journ\u00e9e Mondiale de Pri\u00e8re pour la Cr\u00e9ation \u00bb avec la nouvelle messe"}]},{"@type":"WebSite","@id":"https:\/\/wucwo.org\/fr\/#website","url":"https:\/\/wucwo.org\/fr\/","name":"UMOFC","description":"","publisher":{"@id":"https:\/\/wucwo.org\/fr\/#organization"},"potentialAction":[{"@type":"SearchAction","target":{"@type":"EntryPoint","urlTemplate":"https:\/\/wucwo.org\/fr\/?s={search_term_string}"},"query-input":{"@type":"PropertyValueSpecification","valueRequired":true,"valueName":"search_term_string"}}],"inLanguage":"fr-FR"},{"@type":"Organization","@id":"https:\/\/wucwo.org\/fr\/#organization","name":"UMOFC","url":"https:\/\/wucwo.org\/fr\/","logo":{"@type":"ImageObject","inLanguage":"fr-FR","@id":"https:\/\/wucwo.org\/fr\/#\/schema\/logo\/image\/","url":"https:\/\/wucwo.org\/wp-content\/uploads\/2025\/08\/Final-icono-scaled.png","contentUrl":"https:\/\/wucwo.org\/wp-content\/uploads\/2025\/08\/Final-icono-scaled.png","width":2560,"height":1811,"caption":"UMOFC"},"image":{"@id":"https:\/\/wucwo.org\/fr\/#\/schema\/logo\/image\/"},"sameAs":["https:\/\/www.facebook.com\/worldunionofcatholicwomensorganisations\/","https:\/\/www.instagram.com\/wucwo_umofc\/","https:\/\/www.linkedin.com\/company\/wucwo\/","https:\/\/www.youtube.com\/@WUCWOUMOFC","https:\/\/www.flickr.com\/photos\/203210007@N05\/albums"]},{"@type":"Person","@id":"https:\/\/wucwo.org\/fr\/#\/schema\/person\/36e189b76cc2f081eb3458e9a1f81183","name":"communication","image":{"@type":"ImageObject","inLanguage":"fr-FR","@id":"https:\/\/secure.gravatar.com\/avatar\/3db542db39feebb0fd43b726aab1c33917436e5f5a9e88f2295c0f1c34c59b48?s=96&d=mm&r=g","url":"https:\/\/secure.gravatar.com\/avatar\/3db542db39feebb0fd43b726aab1c33917436e5f5a9e88f2295c0f1c34c59b48?s=96&d=mm&r=g","contentUrl":"https:\/\/secure.gravatar.com\/avatar\/3db542db39feebb0fd43b726aab1c33917436e5f5a9e88f2295c0f1c34c59b48?s=96&d=mm&r=g","caption":"communication"},"url":"https:\/\/wucwo.org\/fr\/author\/communication\/"}]}},"_links":{"self":[{"href":"https:\/\/wucwo.org\/fr\/wp-json\/wp\/v2\/posts\/19628","targetHints":{"allow":["GET"]}}],"collection":[{"href":"https:\/\/wucwo.org\/fr\/wp-json\/wp\/v2\/posts"}],"about":[{"href":"https:\/\/wucwo.org\/fr\/wp-json\/wp\/v2\/types\/post"}],"author":[{"embeddable":true,"href":"https:\/\/wucwo.org\/fr\/wp-json\/wp\/v2\/users\/3"}],"replies":[{"embeddable":true,"href":"https:\/\/wucwo.org\/fr\/wp-json\/wp\/v2\/comments?post=19628"}],"version-history":[{"count":1,"href":"https:\/\/wucwo.org\/fr\/wp-json\/wp\/v2\/posts\/19628\/revisions"}],"predecessor-version":[{"id":19629,"href":"https:\/\/wucwo.org\/fr\/wp-json\/wp\/v2\/posts\/19628\/revisions\/19629"}],"wp:featuredmedia":[{"embeddable":true,"href":"https:\/\/wucwo.org\/fr\/wp-json\/wp\/v2\/media\/19581"}],"wp:attachment":[{"href":"https:\/\/wucwo.org\/fr\/wp-json\/wp\/v2\/media?parent=19628"}],"wp:term":[{"taxonomy":"category","embeddable":true,"href":"https:\/\/wucwo.org\/fr\/wp-json\/wp\/v2\/categories?post=19628"},{"taxonomy":"post_tag","embeddable":true,"href":"https:\/\/wucwo.org\/fr\/wp-json\/wp\/v2\/tags?post=19628"}],"curies":[{"name":"wp","href":"https:\/\/api.w.org\/{rel}","templated":true}]}}