{"id":19751,"date":"2026-06-05T10:57:38","date_gmt":"2026-06-05T08:57:38","guid":{"rendered":"https:\/\/wucwo.org\/rencontre-annuelle-du-dicastere-pour-les-laics-la-famille-et-la-vie\/"},"modified":"2026-06-11T11:19:17","modified_gmt":"2026-06-11T09:19:17","slug":"rencontre-annuelle-du-dicastere-pour-les-laics-la-famille-et-la-vie","status":"publish","type":"post","link":"https:\/\/wucwo.org\/fr\/rencontre-annuelle-du-dicastere-pour-les-laics-la-famille-et-la-vie\/","title":{"rendered":"Rencontre annuelle du Dicast\u00e8re pour les La\u00efcs, la Famille et la Vie"},"content":{"rendered":"\n<p class=\"wp-block-paragraph\">Les 21 et 22 mai, dans la Nouvelle Salle du Synode au Vatican, l\u2019Union Mondiale des Organisations F\u00e9minines Catholiques (UMOFC) a particip\u00e9, comme elle le fait depuis plusieurs ann\u00e9es, \u00e0 la rencontre annuelle avec les mod\u00e9rateurs des associations internationales de fid\u00e8les, des mouvements eccl\u00e9siaux et des communaut\u00e9s nouvelles, afin de r\u00e9fl\u00e9chir au th\u00e8me <strong>\u00ab Servir, accompagner, guider. Fondements et pratiques du gouvernement dans les associations \u00bb<\/strong>. Pour cette rencontre, presque la totalit\u00e9 des Associations Internationales de Fid\u00e8les (publiques et priv\u00e9es) reconnues par le <strong>Dicast\u00e8re pour les La\u00efcs, la Famille et la Vie<\/strong> se sont r\u00e9unies \u00e0 Rome. <\/p>\n\n<p class=\"wp-block-paragraph\">Cette rencontre, de nature th\u00e9ologico-pastorale et canonique, \u00e9tait consacr\u00e9e au th\u00e8me du \u00ab gouvernement dans les associations \u00bb. Le Dicast\u00e8re, repr\u00e9sent\u00e9 par son Pr\u00e9fet, la Sous-secr\u00e9taire pour les La\u00efcs et d\u2019autres responsables, a offert des orientations sp\u00e9cifiques aux associations et mouvements eccl\u00e9siaux, et en particulier \u00e0 ceux qui exercent des responsabilit\u00e9s de gouvernement, afin que ce service soit v\u00e9cu conform\u00e9ment \u00e0 l\u2019\u00c9vangile et toujours orient\u00e9 vers le bien authentique des associations et de leurs membres. <\/p>\n\n<p class=\"wp-block-paragraph\">L\u2019UMOFC \u00e9tait repr\u00e9sent\u00e9e par sa <strong>Pr\u00e9sidente G\u00e9n\u00e9rale, M\u00f3nica Santamarina, <\/strong>et sa <strong>Secr\u00e9taire G\u00e9n\u00e9rale, Lavinia Rocchi Carrera, <\/strong>qui ont eu l\u2019occasion d\u2019approfondir les d\u00e9fis et les opportunit\u00e9s li\u00e9s \u00e0 l\u2019exercice de l\u2019autorit\u00e9 dans les associations internationales de fid\u00e8les, ainsi que d\u2019\u00e9changer des exp\u00e9riences et des bonnes pratiques avec les repr\u00e9sentants des autres organisations pr\u00e9sentes. <\/p>\n\n<figure class=\"wp-block-gallery has-nested-images columns-default is-cropped wp-block-gallery-1 is-layout-flex wp-block-gallery-is-layout-flex\">\n<figure class=\"wp-block-image size-large\"><img loading=\"lazy\" decoding=\"async\" width=\"1024\" height=\"683\" data-id=\"19706\" src=\"https:\/\/wucwo.org\/wp-content\/uploads\/2026\/06\/00968_21052026-1024x683.jpg\" alt=\"\" class=\"wp-image-19706\" srcset=\"https:\/\/wucwo.org\/wp-content\/uploads\/2026\/06\/00968_21052026-980x653.jpg 980w, https:\/\/wucwo.org\/wp-content\/uploads\/2026\/06\/00968_21052026-480x320.jpg 480w\" sizes=\"(min-width: 0px) and (max-width: 480px) 480px, (min-width: 481px) and (max-width: 980px) 980px, (min-width: 981px) 1024px, 100vw\" \/><\/figure>\n\n\n\n<figure class=\"wp-block-image size-large\"><img loading=\"lazy\" decoding=\"async\" width=\"1024\" height=\"683\" data-id=\"19707\" src=\"https:\/\/wucwo.org\/wp-content\/uploads\/2026\/06\/00977_21052026-1024x683.jpg\" alt=\"\" class=\"wp-image-19707\" srcset=\"https:\/\/wucwo.org\/wp-content\/uploads\/2026\/06\/00977_21052026-980x653.jpg 980w, https:\/\/wucwo.org\/wp-content\/uploads\/2026\/06\/00977_21052026-480x320.jpg 480w\" sizes=\"(min-width: 0px) and (max-width: 480px) 480px, (min-width: 481px) and (max-width: 980px) 980px, (min-width: 981px) 1024px, 100vw\" \/><\/figure>\n<\/figure>\n\n<p class=\"wp-block-paragraph\"><\/p>\n\n<p class=\"wp-block-paragraph\">Au cours des diff\u00e9rentes sessions, plusieurs aspects du <strong>gouvernement des associations de fid\u00e8les<\/strong> ont \u00e9t\u00e9 abord\u00e9s, notamment la nature sp\u00e9cifique et les finalit\u00e9s de l\u2019autorit\u00e9 d\u2019un mod\u00e9rateur ; les instruments n\u00e9cessaires \u00e0 un exercice coll\u00e9gial du gouvernement et l\u2019\u00e9quilibre entre la <strong>coresponsabilit\u00e9 et la coll\u00e9gialit\u00e9, <\/strong>d\u2019une part, et la responsabilit\u00e9 personnelle, d\u2019autre part ; ainsi que les relations de communion entre l\u2019organe de gouvernement de l\u2019association et l\u2019autorit\u00e9 eccl\u00e9siastique. <\/p>\n\n<p class=\"wp-block-paragraph\">Une r\u00e9flexion a \u00e9galement \u00e9t\u00e9 men\u00e9e sur le r\u00f4le du gouvernement dans la sauvegarde fid\u00e8le du charisme et la r\u00e9alisation des objectifs apostoliques propres, <strong>l\u2019importance de l\u2019autorit\u00e9 morale<\/strong> et de la transparence chez ceux qui exercent des responsabilit\u00e9s de gouvernement, le respect et la protection des droits des fid\u00e8les, la distinction entre le domaine du gouvernement et celui de la conscience, ainsi que la formation des membres. <\/p>\n\n<p class=\"wp-block-paragraph\">La premi\u00e8re journ\u00e9e a \u00e9t\u00e9 marqu\u00e9e par les paroles du Saint-P\u00e8re L\u00e9on XIV, qui a adress\u00e9 un message aux participants et a salu\u00e9 personnellement chacun d\u2019entre eux. La journ\u00e9e a \u00e9galement comport\u00e9 une intervention du Pr\u00e9fet, le cardinal Kevin Farrell, ainsi que deux conf\u00e9rences introductives sur les \u00ab Aspects th\u00e9ologiques du gouvernement dans l\u2019\u00c9glise \u00bb (Prof.\u00aa Gill Goulding) et les \u00ab Principes du gouvernement dans les associations de fid\u00e8les \u00bb (R.P. Paolo Gherri), dans une perspective canonique.  <\/p>\n\n<p class=\"wp-block-paragraph\">Le programme a \u00e9galement inclus une pr\u00e9sentation \u00e0 plusieurs voix du Dicast\u00e8re sur certains \u00ab d\u00e9fis \u00bb li\u00e9s \u00e0 la responsabilit\u00e9 de gouvernement, afin de sensibiliser et de fournir des outils appropri\u00e9s pour y faire face. Ensuite, un travail en groupes a \u00e9t\u00e9 r\u00e9alis\u00e9 sur les aspects du gouvernement n\u00e9cessitant une attention particuli\u00e8re, avec des propositions d\u2019am\u00e9lioration. Ce travail a \u00e9t\u00e9 effectu\u00e9 selon la m\u00e9thodologie du discernement synodal. La journ\u00e9e s\u2019est conclue par la pri\u00e8re communautaire du Rosaire dans les Jardins du Vatican.   <\/p>\n\n<p class=\"wp-block-paragraph\">La deuxi\u00e8me journ\u00e9e a \u00e9t\u00e9 consacr\u00e9e au travail en groupes et au d\u00e9bat en assembl\u00e9e pl\u00e9ni\u00e8re, selon la m\u00e9thode synodale de la conversation dans l\u2019Esprit. Deux t\u00e9moignages, sur la \u00ab relation entre mod\u00e9rateurs et \u00e9v\u00eaques \u00bb (S.E. Jos\u00e9 \u00c1ngel Saiz Meneses) et sur la \u00ab conciliation comme style de gouvernement \u00bb (Dr Giovanni Borgna), ont offert des \u00e9l\u00e9ments de r\u00e9flexion pour recueillir les propositions issues des groupes de travail. Apr\u00e8s un temps d\u2019interventions libres, la rencontre a \u00e9t\u00e9 cl\u00f4tur\u00e9e par le Dicast\u00e8re pour les La\u00efcs, la Famille et la Vie.   <\/p>\n\n<figure class=\"wp-block-gallery has-nested-images columns-default is-cropped wp-block-gallery-2 is-layout-flex wp-block-gallery-is-layout-flex\">\n<figure class=\"wp-block-image size-large\"><img loading=\"lazy\" decoding=\"async\" width=\"1024\" height=\"683\" data-id=\"19733\" src=\"https:\/\/wucwo.org\/wp-content\/uploads\/2026\/06\/55285342389_1f8463700d_o-1-1024x683.jpg\" alt=\"\" class=\"wp-image-19733\" srcset=\"https:\/\/wucwo.org\/wp-content\/uploads\/2026\/06\/55285342389_1f8463700d_o-1-980x653.jpg 980w, https:\/\/wucwo.org\/wp-content\/uploads\/2026\/06\/55285342389_1f8463700d_o-1-480x320.jpg 480w\" sizes=\"(min-width: 0px) and (max-width: 480px) 480px, (min-width: 481px) and (max-width: 980px) 980px, (min-width: 981px) 1024px, 100vw\" \/><\/figure>\n\n\n\n<figure class=\"wp-block-image size-large\"><img loading=\"lazy\" decoding=\"async\" width=\"1024\" height=\"683\" data-id=\"19720\" src=\"https:\/\/wucwo.org\/wp-content\/uploads\/2026\/06\/55285114071_99fdac8247_o-1024x683.jpg\" alt=\"\" class=\"wp-image-19720\" srcset=\"https:\/\/wucwo.org\/wp-content\/uploads\/2026\/06\/55285114071_99fdac8247_o-980x653.jpg 980w, https:\/\/wucwo.org\/wp-content\/uploads\/2026\/06\/55285114071_99fdac8247_o-480x320.jpg 480w\" sizes=\"(min-width: 0px) and (max-width: 480px) 480px, (min-width: 481px) and (max-width: 980px) 980px, (min-width: 981px) 1024px, 100vw\" \/><\/figure>\n\n\n\n<figure class=\"wp-block-image size-large\"><img loading=\"lazy\" decoding=\"async\" width=\"1024\" height=\"683\" data-id=\"19730\" src=\"https:\/\/wucwo.org\/wp-content\/uploads\/2026\/06\/55285257443_8b0d876118_o-1-1024x683.jpg\" alt=\"\" class=\"wp-image-19730\" srcset=\"https:\/\/wucwo.org\/wp-content\/uploads\/2026\/06\/55285257443_8b0d876118_o-1-980x653.jpg 980w, https:\/\/wucwo.org\/wp-content\/uploads\/2026\/06\/55285257443_8b0d876118_o-1-480x320.jpg 480w\" sizes=\"(min-width: 0px) and (max-width: 480px) 480px, (min-width: 481px) and (max-width: 980px) 980px, (min-width: 981px) 1024px, 100vw\" \/><\/figure>\n\n\n\n<figure class=\"wp-block-image size-large\"><img loading=\"lazy\" decoding=\"async\" width=\"1024\" height=\"683\" data-id=\"19723\" src=\"https:\/\/wucwo.org\/wp-content\/uploads\/2026\/06\/55284195132_640fe1cb38_o-1024x683.jpg\" alt=\"\" class=\"wp-image-19723\" srcset=\"https:\/\/wucwo.org\/wp-content\/uploads\/2026\/06\/55284195132_640fe1cb38_o-980x653.jpg 980w, https:\/\/wucwo.org\/wp-content\/uploads\/2026\/06\/55284195132_640fe1cb38_o-480x320.jpg 480w\" sizes=\"(min-width: 0px) and (max-width: 480px) 480px, (min-width: 481px) and (max-width: 980px) 980px, (min-width: 981px) 1024px, 100vw\" \/><\/figure>\n\n\n\n<figure class=\"wp-block-image size-large\"><img loading=\"lazy\" decoding=\"async\" width=\"1024\" height=\"683\" data-id=\"19717\" src=\"https:\/\/wucwo.org\/wp-content\/uploads\/2026\/06\/55285342574_7854776812_o-1024x683.jpg\" alt=\"\" class=\"wp-image-19717\" srcset=\"https:\/\/wucwo.org\/wp-content\/uploads\/2026\/06\/55285342574_7854776812_o-980x653.jpg 980w, https:\/\/wucwo.org\/wp-content\/uploads\/2026\/06\/55285342574_7854776812_o-480x320.jpg 480w\" sizes=\"(min-width: 0px) and (max-width: 480px) 480px, (min-width: 481px) and (max-width: 980px) 980px, (min-width: 981px) 1024px, 100vw\" \/><\/figure>\n\n\n\n<figure class=\"wp-block-image size-large\"><img loading=\"lazy\" decoding=\"async\" width=\"1024\" height=\"683\" data-id=\"19736\" src=\"https:\/\/wucwo.org\/wp-content\/uploads\/2026\/06\/55285112601_ea10b15c68_o-1024x683.jpg\" alt=\"\" class=\"wp-image-19736\" srcset=\"https:\/\/wucwo.org\/wp-content\/uploads\/2026\/06\/55285112601_ea10b15c68_o-980x653.jpg 980w, https:\/\/wucwo.org\/wp-content\/uploads\/2026\/06\/55285112601_ea10b15c68_o-480x320.jpg 480w\" sizes=\"(min-width: 0px) and (max-width: 480px) 480px, (min-width: 481px) and (max-width: 980px) 980px, (min-width: 981px) 1024px, 100vw\" \/><\/figure>\n<\/figure>\n\n<p class=\"wp-block-paragraph\"><\/p>\n\n<div class=\"wp-block-buttons is-content-justification-center is-layout-flex wp-container-core-buttons-is-layout-fe48e5de wp-block-buttons-is-layout-flex\">\n<div class=\"wp-block-button\"><a class=\"wp-block-button__link has-text-align-center wp-element-button\" href=\"&lt;!--[CDATA[https:\/\/flic.kr\/s\/aHBqjCUrXF]]--&gt;\">Voir plus de photos<\/a><\/div>\n<\/div>\n\n<p class=\"wp-block-paragraph\"><\/p>\n\n<p class=\"wp-block-paragraph\">Dans son discours, le pape L\u00e9on XIV a rappel\u00e9 l\u2019importance de la communion dans le gouvernement d\u2019une communaut\u00e9 eccl\u00e9siale : <\/p>\n\n<p class=\"wp-block-paragraph\"><em>\u00ab Ceux qui gouvernent sont appel\u00e9s \u00e0 faire preuve d\u2019une sensibilit\u00e9 particuli\u00e8re pour la sauvegarde, la croissance et la consolidation de la communion. Cela vaut tant pour la vie interne de l\u2019association ou du mouvement que pour la communion avec les autres r\u00e9alit\u00e9s eccl\u00e9siales et avec l\u2019\u00c9glise dans son ensemble. Quiconque exerce une mission de gouvernement dans l\u2019\u00c9glise doit apprendre \u00e0 \u00e9couter et \u00e0 accueillir des opinions diff\u00e9rentes, des orientations culturelles et spirituelles diff\u00e9rentes, des temp\u00e9raments personnels diff\u00e9rents, en cherchant toujours \u00e0 pr\u00e9server, surtout dans les d\u00e9cisions qui s\u2019imposent et qui sont souvent difficiles \u00e0 prendre, le bien sup\u00e9rieur de la communion. \u00bb <\/em><\/p>\n\n<div class=\"wp-block-buttons is-content-justification-center is-layout-flex wp-container-core-buttons-is-layout-fe48e5de wp-block-buttons-is-layout-flex\">\n<div class=\"wp-block-button\"><a class=\"wp-block-button__link has-text-align-center wp-element-button\" href=\"https:\/\/www.vatican.va\/content\/leo-xiv\/fr\/speeches\/2026\/may\/documents\/20260521-moderatori.html\">Voir le discours complet<\/a><\/div>\n<\/div>\n\n<p class=\"wp-block-paragraph\"><\/p>\n\n<p class=\"wp-block-paragraph\"><em>Bureau de Communication de l&rsquo;UMOFC<br\/><\/em><br\/><\/p>\n\n<p class=\"wp-block-paragraph\"><\/p>\n","protected":false},"excerpt":{"rendered":"<p>Les 21 et 22 mai, dans la Nouvelle Salle du Synode au Vatican, l\u2019Union Mondiale des Organisations F\u00e9minines Catholiques (UMOFC) a particip\u00e9, comme elle le fait depuis plusieurs ann\u00e9es, \u00e0 la rencontre annuelle avec les mod\u00e9rateurs des associations internationales de fid\u00e8les, des mouvements eccl\u00e9siaux et des communaut\u00e9s nouvelles, afin de r\u00e9fl\u00e9chir au th\u00e8me \u00ab Servir, [&hellip;]<\/p>\n","protected":false},"author":3,"featured_media":19716,"comment_status":"open","ping_status":"open","sticky":false,"template":"","format":"standard","meta":{"_et_pb_use_builder":"off","_et_pb_old_content":"","_et_gb_content_width":"","footnotes":""},"categories":[123,121],"tags":[],"class_list":["post-19751","post","type-post","status-publish","format-standard","has-post-thumbnail","hentry","category-nouvelles-eglise","category-nouvelles-umofc"],"yoast_head":"<!-- This site is optimized with the Yoast SEO plugin v27.8 - https:\/\/yoast.com\/product\/yoast-seo-wordpress\/ -->\n<title>Rencontre annuelle du Dicast\u00e8re pour les La\u00efcs, la Famille et la Vie - WUCWO - UMOFC<\/title>\n<meta name=\"robots\" content=\"index, follow, max-snippet:-1, max-image-preview:large, max-video-preview:-1\" \/>\n<link rel=\"canonical\" href=\"https:\/\/wucwo.org\/fr\/rencontre-annuelle-du-dicastere-pour-les-laics-la-famille-et-la-vie\/\" \/>\n<meta property=\"og:locale\" content=\"fr_FR\" \/>\n<meta property=\"og:type\" content=\"article\" \/>\n<meta property=\"og:title\" content=\"Rencontre annuelle du Dicast\u00e8re pour les La\u00efcs, la Famille et la Vie - WUCWO - UMOFC\" \/>\n<meta property=\"og:description\" content=\"Les 21 et 22 mai, dans la Nouvelle Salle du Synode au Vatican, l\u2019Union Mondiale des Organisations F\u00e9minines Catholiques (UMOFC) a particip\u00e9, comme elle le fait depuis plusieurs ann\u00e9es, \u00e0 la rencontre annuelle avec les mod\u00e9rateurs des associations internationales de fid\u00e8les, des mouvements eccl\u00e9siaux et des communaut\u00e9s nouvelles, afin de r\u00e9fl\u00e9chir au th\u00e8me \u00ab Servir, [&hellip;]\" \/>\n<meta property=\"og:url\" content=\"https:\/\/wucwo.org\/fr\/rencontre-annuelle-du-dicastere-pour-les-laics-la-famille-et-la-vie\/\" \/>\n<meta property=\"og:site_name\" content=\"WUCWO - UMOFC\" \/>\n<meta property=\"article:publisher\" content=\"https:\/\/www.facebook.com\/worldunionofcatholicwomensorganisations\/\" \/>\n<meta property=\"article:published_time\" content=\"2026-06-05T08:57:38+00:00\" \/>\n<meta property=\"article:modified_time\" content=\"2026-06-11T09:19:17+00:00\" \/>\n<meta property=\"og:image\" content=\"https:\/\/wucwo.org\/wp-content\/uploads\/2026\/06\/55285255668_562383bb82_o-scaled.jpg\" \/>\n\t<meta property=\"og:image:width\" content=\"2560\" \/>\n\t<meta property=\"og:image:height\" content=\"1707\" \/>\n\t<meta property=\"og:image:type\" content=\"image\/jpeg\" \/>\n<meta name=\"author\" content=\"communication\" \/>\n<meta name=\"twitter:card\" content=\"summary_large_image\" \/>\n<meta name=\"twitter:label1\" content=\"\u00c9crit par\" \/>\n\t<meta name=\"twitter:data1\" content=\"communication\" \/>\n\t<meta name=\"twitter:label2\" content=\"Dur\u00e9e de lecture estim\u00e9e\" \/>\n\t<meta name=\"twitter:data2\" content=\"4 minutes\" \/>\n<script type=\"application\/ld+json\" class=\"yoast-schema-graph\">{\"@context\":\"https:\\\/\\\/schema.org\",\"@graph\":[{\"@type\":\"Article\",\"@id\":\"https:\\\/\\\/wucwo.org\\\/fr\\\/rencontre-annuelle-du-dicastere-pour-les-laics-la-famille-et-la-vie\\\/#article\",\"isPartOf\":{\"@id\":\"https:\\\/\\\/wucwo.org\\\/fr\\\/rencontre-annuelle-du-dicastere-pour-les-laics-la-famille-et-la-vie\\\/\"},\"author\":{\"name\":\"communication\",\"@id\":\"https:\\\/\\\/wucwo.org\\\/fr\\\/#\\\/schema\\\/person\\\/36e189b76cc2f081eb3458e9a1f81183\"},\"headline\":\"Rencontre annuelle du Dicast\u00e8re pour les La\u00efcs, la Famille et la Vie\",\"datePublished\":\"2026-06-05T08:57:38+00:00\",\"dateModified\":\"2026-06-11T09:19:17+00:00\",\"mainEntityOfPage\":{\"@id\":\"https:\\\/\\\/wucwo.org\\\/fr\\\/rencontre-annuelle-du-dicastere-pour-les-laics-la-famille-et-la-vie\\\/\"},\"wordCount\":876,\"commentCount\":0,\"publisher\":{\"@id\":\"https:\\\/\\\/wucwo.org\\\/fr\\\/#organization\"},\"image\":{\"@id\":\"https:\\\/\\\/wucwo.org\\\/fr\\\/rencontre-annuelle-du-dicastere-pour-les-laics-la-famille-et-la-vie\\\/#primaryimage\"},\"thumbnailUrl\":\"https:\\\/\\\/wucwo.org\\\/wp-content\\\/uploads\\\/2026\\\/06\\\/55285255668_562383bb82_o-scaled.jpg\",\"articleSection\":[\"Eglise\",\"UMOFC\"],\"inLanguage\":\"fr-FR\",\"potentialAction\":[{\"@type\":\"CommentAction\",\"name\":\"Comment\",\"target\":[\"https:\\\/\\\/wucwo.org\\\/fr\\\/rencontre-annuelle-du-dicastere-pour-les-laics-la-famille-et-la-vie\\\/#respond\"]}]},{\"@type\":\"WebPage\",\"@id\":\"https:\\\/\\\/wucwo.org\\\/fr\\\/rencontre-annuelle-du-dicastere-pour-les-laics-la-famille-et-la-vie\\\/\",\"url\":\"https:\\\/\\\/wucwo.org\\\/fr\\\/rencontre-annuelle-du-dicastere-pour-les-laics-la-famille-et-la-vie\\\/\",\"name\":\"Rencontre annuelle du Dicast\u00e8re pour les La\u00efcs, la Famille et la Vie - WUCWO - UMOFC\",\"isPartOf\":{\"@id\":\"https:\\\/\\\/wucwo.org\\\/fr\\\/#website\"},\"primaryImageOfPage\":{\"@id\":\"https:\\\/\\\/wucwo.org\\\/fr\\\/rencontre-annuelle-du-dicastere-pour-les-laics-la-famille-et-la-vie\\\/#primaryimage\"},\"image\":{\"@id\":\"https:\\\/\\\/wucwo.org\\\/fr\\\/rencontre-annuelle-du-dicastere-pour-les-laics-la-famille-et-la-vie\\\/#primaryimage\"},\"thumbnailUrl\":\"https:\\\/\\\/wucwo.org\\\/wp-content\\\/uploads\\\/2026\\\/06\\\/55285255668_562383bb82_o-scaled.jpg\",\"datePublished\":\"2026-06-05T08:57:38+00:00\",\"dateModified\":\"2026-06-11T09:19:17+00:00\",\"breadcrumb\":{\"@id\":\"https:\\\/\\\/wucwo.org\\\/fr\\\/rencontre-annuelle-du-dicastere-pour-les-laics-la-famille-et-la-vie\\\/#breadcrumb\"},\"inLanguage\":\"fr-FR\",\"potentialAction\":[{\"@type\":\"ReadAction\",\"target\":[\"https:\\\/\\\/wucwo.org\\\/fr\\\/rencontre-annuelle-du-dicastere-pour-les-laics-la-famille-et-la-vie\\\/\"]}]},{\"@type\":\"ImageObject\",\"inLanguage\":\"fr-FR\",\"@id\":\"https:\\\/\\\/wucwo.org\\\/fr\\\/rencontre-annuelle-du-dicastere-pour-les-laics-la-famille-et-la-vie\\\/#primaryimage\",\"url\":\"https:\\\/\\\/wucwo.org\\\/wp-content\\\/uploads\\\/2026\\\/06\\\/55285255668_562383bb82_o-scaled.jpg\",\"contentUrl\":\"https:\\\/\\\/wucwo.org\\\/wp-content\\\/uploads\\\/2026\\\/06\\\/55285255668_562383bb82_o-scaled.jpg\",\"width\":2560,\"height\":1707},{\"@type\":\"BreadcrumbList\",\"@id\":\"https:\\\/\\\/wucwo.org\\\/fr\\\/rencontre-annuelle-du-dicastere-pour-les-laics-la-famille-et-la-vie\\\/#breadcrumb\",\"itemListElement\":[{\"@type\":\"ListItem\",\"position\":1,\"name\":\"Portada\",\"item\":\"https:\\\/\\\/wucwo.org\\\/fr\\\/\"},{\"@type\":\"ListItem\",\"position\":2,\"name\":\"Rencontre annuelle du Dicast\u00e8re pour les La\u00efcs, la Famille et la Vie\"}]},{\"@type\":\"WebSite\",\"@id\":\"https:\\\/\\\/wucwo.org\\\/fr\\\/#website\",\"url\":\"https:\\\/\\\/wucwo.org\\\/fr\\\/\",\"name\":\"UMOFC\",\"description\":\"\",\"publisher\":{\"@id\":\"https:\\\/\\\/wucwo.org\\\/fr\\\/#organization\"},\"potentialAction\":[{\"@type\":\"SearchAction\",\"target\":{\"@type\":\"EntryPoint\",\"urlTemplate\":\"https:\\\/\\\/wucwo.org\\\/fr\\\/?s={search_term_string}\"},\"query-input\":{\"@type\":\"PropertyValueSpecification\",\"valueRequired\":true,\"valueName\":\"search_term_string\"}}],\"inLanguage\":\"fr-FR\"},{\"@type\":\"Organization\",\"@id\":\"https:\\\/\\\/wucwo.org\\\/fr\\\/#organization\",\"name\":\"UMOFC\",\"url\":\"https:\\\/\\\/wucwo.org\\\/fr\\\/\",\"logo\":{\"@type\":\"ImageObject\",\"inLanguage\":\"fr-FR\",\"@id\":\"https:\\\/\\\/wucwo.org\\\/fr\\\/#\\\/schema\\\/logo\\\/image\\\/\",\"url\":\"https:\\\/\\\/wucwo.org\\\/wp-content\\\/uploads\\\/2025\\\/08\\\/Final-icono-scaled.png\",\"contentUrl\":\"https:\\\/\\\/wucwo.org\\\/wp-content\\\/uploads\\\/2025\\\/08\\\/Final-icono-scaled.png\",\"width\":2560,\"height\":1811,\"caption\":\"UMOFC\"},\"image\":{\"@id\":\"https:\\\/\\\/wucwo.org\\\/fr\\\/#\\\/schema\\\/logo\\\/image\\\/\"},\"sameAs\":[\"https:\\\/\\\/www.facebook.com\\\/worldunionofcatholicwomensorganisations\\\/\",\"https:\\\/\\\/www.instagram.com\\\/wucwo_umofc\\\/\",\"https:\\\/\\\/www.linkedin.com\\\/company\\\/wucwo\\\/\",\"https:\\\/\\\/www.youtube.com\\\/@WUCWOUMOFC\",\"https:\\\/\\\/www.flickr.com\\\/photos\\\/203210007@N05\\\/albums\"]},{\"@type\":\"Person\",\"@id\":\"https:\\\/\\\/wucwo.org\\\/fr\\\/#\\\/schema\\\/person\\\/36e189b76cc2f081eb3458e9a1f81183\",\"name\":\"communication\",\"image\":{\"@type\":\"ImageObject\",\"inLanguage\":\"fr-FR\",\"@id\":\"https:\\\/\\\/secure.gravatar.com\\\/avatar\\\/3db542db39feebb0fd43b726aab1c33917436e5f5a9e88f2295c0f1c34c59b48?s=96&d=mm&r=g\",\"url\":\"https:\\\/\\\/secure.gravatar.com\\\/avatar\\\/3db542db39feebb0fd43b726aab1c33917436e5f5a9e88f2295c0f1c34c59b48?s=96&d=mm&r=g\",\"contentUrl\":\"https:\\\/\\\/secure.gravatar.com\\\/avatar\\\/3db542db39feebb0fd43b726aab1c33917436e5f5a9e88f2295c0f1c34c59b48?s=96&d=mm&r=g\",\"caption\":\"communication\"},\"url\":\"https:\\\/\\\/wucwo.org\\\/fr\\\/author\\\/communication\\\/\"}]}<\/script>\n<!-- \/ Yoast SEO plugin. -->","yoast_head_json":{"title":"Rencontre annuelle du Dicast\u00e8re pour les La\u00efcs, la Famille et la Vie - WUCWO - UMOFC","robots":{"index":"index","follow":"follow","max-snippet":"max-snippet:-1","max-image-preview":"max-image-preview:large","max-video-preview":"max-video-preview:-1"},"canonical":"https:\/\/wucwo.org\/fr\/rencontre-annuelle-du-dicastere-pour-les-laics-la-famille-et-la-vie\/","og_locale":"fr_FR","og_type":"article","og_title":"Rencontre annuelle du Dicast\u00e8re pour les La\u00efcs, la Famille et la Vie - WUCWO - UMOFC","og_description":"Les 21 et 22 mai, dans la Nouvelle Salle du Synode au Vatican, l\u2019Union Mondiale des Organisations F\u00e9minines Catholiques (UMOFC) a particip\u00e9, comme elle le fait depuis plusieurs ann\u00e9es, \u00e0 la rencontre annuelle avec les mod\u00e9rateurs des associations internationales de fid\u00e8les, des mouvements eccl\u00e9siaux et des communaut\u00e9s nouvelles, afin de r\u00e9fl\u00e9chir au th\u00e8me \u00ab Servir, [&hellip;]","og_url":"https:\/\/wucwo.org\/fr\/rencontre-annuelle-du-dicastere-pour-les-laics-la-famille-et-la-vie\/","og_site_name":"WUCWO - UMOFC","article_publisher":"https:\/\/www.facebook.com\/worldunionofcatholicwomensorganisations\/","article_published_time":"2026-06-05T08:57:38+00:00","article_modified_time":"2026-06-11T09:19:17+00:00","og_image":[{"width":2560,"height":1707,"url":"https:\/\/wucwo.org\/wp-content\/uploads\/2026\/06\/55285255668_562383bb82_o-scaled.jpg","type":"image\/jpeg"}],"author":"communication","twitter_card":"summary_large_image","twitter_misc":{"\u00c9crit par":"communication","Dur\u00e9e de lecture estim\u00e9e":"4 minutes"},"schema":{"@context":"https:\/\/schema.org","@graph":[{"@type":"Article","@id":"https:\/\/wucwo.org\/fr\/rencontre-annuelle-du-dicastere-pour-les-laics-la-famille-et-la-vie\/#article","isPartOf":{"@id":"https:\/\/wucwo.org\/fr\/rencontre-annuelle-du-dicastere-pour-les-laics-la-famille-et-la-vie\/"},"author":{"name":"communication","@id":"https:\/\/wucwo.org\/fr\/#\/schema\/person\/36e189b76cc2f081eb3458e9a1f81183"},"headline":"Rencontre annuelle du Dicast\u00e8re pour les La\u00efcs, la Famille et la Vie","datePublished":"2026-06-05T08:57:38+00:00","dateModified":"2026-06-11T09:19:17+00:00","mainEntityOfPage":{"@id":"https:\/\/wucwo.org\/fr\/rencontre-annuelle-du-dicastere-pour-les-laics-la-famille-et-la-vie\/"},"wordCount":876,"commentCount":0,"publisher":{"@id":"https:\/\/wucwo.org\/fr\/#organization"},"image":{"@id":"https:\/\/wucwo.org\/fr\/rencontre-annuelle-du-dicastere-pour-les-laics-la-famille-et-la-vie\/#primaryimage"},"thumbnailUrl":"https:\/\/wucwo.org\/wp-content\/uploads\/2026\/06\/55285255668_562383bb82_o-scaled.jpg","articleSection":["Eglise","UMOFC"],"inLanguage":"fr-FR","potentialAction":[{"@type":"CommentAction","name":"Comment","target":["https:\/\/wucwo.org\/fr\/rencontre-annuelle-du-dicastere-pour-les-laics-la-famille-et-la-vie\/#respond"]}]},{"@type":"WebPage","@id":"https:\/\/wucwo.org\/fr\/rencontre-annuelle-du-dicastere-pour-les-laics-la-famille-et-la-vie\/","url":"https:\/\/wucwo.org\/fr\/rencontre-annuelle-du-dicastere-pour-les-laics-la-famille-et-la-vie\/","name":"Rencontre annuelle du Dicast\u00e8re pour les La\u00efcs, la Famille et la Vie - WUCWO - UMOFC","isPartOf":{"@id":"https:\/\/wucwo.org\/fr\/#website"},"primaryImageOfPage":{"@id":"https:\/\/wucwo.org\/fr\/rencontre-annuelle-du-dicastere-pour-les-laics-la-famille-et-la-vie\/#primaryimage"},"image":{"@id":"https:\/\/wucwo.org\/fr\/rencontre-annuelle-du-dicastere-pour-les-laics-la-famille-et-la-vie\/#primaryimage"},"thumbnailUrl":"https:\/\/wucwo.org\/wp-content\/uploads\/2026\/06\/55285255668_562383bb82_o-scaled.jpg","datePublished":"2026-06-05T08:57:38+00:00","dateModified":"2026-06-11T09:19:17+00:00","breadcrumb":{"@id":"https:\/\/wucwo.org\/fr\/rencontre-annuelle-du-dicastere-pour-les-laics-la-famille-et-la-vie\/#breadcrumb"},"inLanguage":"fr-FR","potentialAction":[{"@type":"ReadAction","target":["https:\/\/wucwo.org\/fr\/rencontre-annuelle-du-dicastere-pour-les-laics-la-famille-et-la-vie\/"]}]},{"@type":"ImageObject","inLanguage":"fr-FR","@id":"https:\/\/wucwo.org\/fr\/rencontre-annuelle-du-dicastere-pour-les-laics-la-famille-et-la-vie\/#primaryimage","url":"https:\/\/wucwo.org\/wp-content\/uploads\/2026\/06\/55285255668_562383bb82_o-scaled.jpg","contentUrl":"https:\/\/wucwo.org\/wp-content\/uploads\/2026\/06\/55285255668_562383bb82_o-scaled.jpg","width":2560,"height":1707},{"@type":"BreadcrumbList","@id":"https:\/\/wucwo.org\/fr\/rencontre-annuelle-du-dicastere-pour-les-laics-la-famille-et-la-vie\/#breadcrumb","itemListElement":[{"@type":"ListItem","position":1,"name":"Portada","item":"https:\/\/wucwo.org\/fr\/"},{"@type":"ListItem","position":2,"name":"Rencontre annuelle du Dicast\u00e8re pour les La\u00efcs, la Famille et la Vie"}]},{"@type":"WebSite","@id":"https:\/\/wucwo.org\/fr\/#website","url":"https:\/\/wucwo.org\/fr\/","name":"UMOFC","description":"","publisher":{"@id":"https:\/\/wucwo.org\/fr\/#organization"},"potentialAction":[{"@type":"SearchAction","target":{"@type":"EntryPoint","urlTemplate":"https:\/\/wucwo.org\/fr\/?s={search_term_string}"},"query-input":{"@type":"PropertyValueSpecification","valueRequired":true,"valueName":"search_term_string"}}],"inLanguage":"fr-FR"},{"@type":"Organization","@id":"https:\/\/wucwo.org\/fr\/#organization","name":"UMOFC","url":"https:\/\/wucwo.org\/fr\/","logo":{"@type":"ImageObject","inLanguage":"fr-FR","@id":"https:\/\/wucwo.org\/fr\/#\/schema\/logo\/image\/","url":"https:\/\/wucwo.org\/wp-content\/uploads\/2025\/08\/Final-icono-scaled.png","contentUrl":"https:\/\/wucwo.org\/wp-content\/uploads\/2025\/08\/Final-icono-scaled.png","width":2560,"height":1811,"caption":"UMOFC"},"image":{"@id":"https:\/\/wucwo.org\/fr\/#\/schema\/logo\/image\/"},"sameAs":["https:\/\/www.facebook.com\/worldunionofcatholicwomensorganisations\/","https:\/\/www.instagram.com\/wucwo_umofc\/","https:\/\/www.linkedin.com\/company\/wucwo\/","https:\/\/www.youtube.com\/@WUCWOUMOFC","https:\/\/www.flickr.com\/photos\/203210007@N05\/albums"]},{"@type":"Person","@id":"https:\/\/wucwo.org\/fr\/#\/schema\/person\/36e189b76cc2f081eb3458e9a1f81183","name":"communication","image":{"@type":"ImageObject","inLanguage":"fr-FR","@id":"https:\/\/secure.gravatar.com\/avatar\/3db542db39feebb0fd43b726aab1c33917436e5f5a9e88f2295c0f1c34c59b48?s=96&d=mm&r=g","url":"https:\/\/secure.gravatar.com\/avatar\/3db542db39feebb0fd43b726aab1c33917436e5f5a9e88f2295c0f1c34c59b48?s=96&d=mm&r=g","contentUrl":"https:\/\/secure.gravatar.com\/avatar\/3db542db39feebb0fd43b726aab1c33917436e5f5a9e88f2295c0f1c34c59b48?s=96&d=mm&r=g","caption":"communication"},"url":"https:\/\/wucwo.org\/fr\/author\/communication\/"}]}},"_links":{"self":[{"href":"https:\/\/wucwo.org\/fr\/wp-json\/wp\/v2\/posts\/19751","targetHints":{"allow":["GET"]}}],"collection":[{"href":"https:\/\/wucwo.org\/fr\/wp-json\/wp\/v2\/posts"}],"about":[{"href":"https:\/\/wucwo.org\/fr\/wp-json\/wp\/v2\/types\/post"}],"author":[{"embeddable":true,"href":"https:\/\/wucwo.org\/fr\/wp-json\/wp\/v2\/users\/3"}],"replies":[{"embeddable":true,"href":"https:\/\/wucwo.org\/fr\/wp-json\/wp\/v2\/comments?post=19751"}],"version-history":[{"count":1,"href":"https:\/\/wucwo.org\/fr\/wp-json\/wp\/v2\/posts\/19751\/revisions"}],"predecessor-version":[{"id":19752,"href":"https:\/\/wucwo.org\/fr\/wp-json\/wp\/v2\/posts\/19751\/revisions\/19752"}],"wp:featuredmedia":[{"embeddable":true,"href":"https:\/\/wucwo.org\/fr\/wp-json\/wp\/v2\/media\/19716"}],"wp:attachment":[{"href":"https:\/\/wucwo.org\/fr\/wp-json\/wp\/v2\/media?parent=19751"}],"wp:term":[{"taxonomy":"category","embeddable":true,"href":"https:\/\/wucwo.org\/fr\/wp-json\/wp\/v2\/categories?post=19751"},{"taxonomy":"post_tag","embeddable":true,"href":"https:\/\/wucwo.org\/fr\/wp-json\/wp\/v2\/tags?post=19751"}],"curies":[{"name":"wp","href":"https:\/\/api.w.org\/{rel}","templated":true}]}}