{"id":19874,"date":"2026-05-21T14:54:43","date_gmt":"2026-05-21T12:54:43","guid":{"rendered":"https:\/\/wucwo.org\/?p=19874"},"modified":"2026-06-23T12:45:35","modified_gmt":"2026-06-23T10:45:35","slug":"lambassade-de-suisse-pres-le-saint-siege-organise-une-rencontre-pour-lumofc","status":"publish","type":"post","link":"https:\/\/wucwo.org\/fr\/lambassade-de-suisse-pres-le-saint-siege-organise-une-rencontre-pour-lumofc\/","title":{"rendered":"L\u2019Ambassade de Suisse pr\u00e8s le Saint-Si\u00e8ge organise une rencontre pour l\u2019UMOFC"},"content":{"rendered":"\n<p class=\"wp-block-paragraph\">Le 19 mai 2026, <strong>l\u2019Ambassadrice de Suisse pr\u00e8s le Saint-Si\u00e8ge, Manuela Leimgruber,<\/strong> a organis\u00e9 un \u00e9change suivi d\u2019un d\u00eener en l\u2019honneur de la <strong>Pr\u00e9sidente G\u00e9n\u00e9rale de l\u2019Union Mondiale des Organisations F\u00e9minines Catholiques (UMOFC), M\u00f3nica Santamarina, <\/strong>dans le but de favoriser un dialogue avec plusieurs femmes <strong>ambassadrices pr\u00e8s le Saint-Si\u00e8ge, <\/strong>des femmes responsables d\u2019autres organisations, telles que <em>Donne in Vaticano,<\/em> organisation membre de l\u2019UMOFC, et le<em> Lay Centre.<\/em><br\/>   <\/p>\n\n<p class=\"wp-block-paragraph\"><strong>S\u0153ur Nathalie Becquart, Sous-secr\u00e9taire du Secr\u00e9tariat G\u00e9n\u00e9ral du Synode,<\/strong> \u00e9tait \u00e9galement pr\u00e9sente \u00e0 cette rencontre, qui a donn\u00e9 lieu \u00e0 un \u00e9change riche et fructueux.<\/p>\n\n<p class=\"wp-block-paragraph\">Au cours de la soir\u00e9e, M\u00f3nica Santamarina a pr\u00e9sent\u00e9 la mission, les priorit\u00e9s et les activit\u00e9s actuelles de l\u2019UMOFC, en soulignant l\u2019importance de sa pr\u00e9sence et de son travail en r\u00e9seau au niveau international. Elle a \u00e9galement pr\u00e9sent\u00e9<strong> l\u2019Observatoire Mondial des Femmes <\/strong>et ses projets, ainsi que<strong> l\u2019\u00c9cole de la Synodalit\u00e9 de l\u2019UMOFC.<\/strong> Une s\u00e9ance de questions-r\u00e9ponses a ensuite permis d\u2019approfondir plusieurs th\u00e8mes. <\/p>\n\n<p class=\"wp-block-paragraph\">Le dialogue a suscit\u00e9 un vif int\u00e9r\u00eat parmi les participantes et a permis d\u2019explorer de possibles domaines de collaboration entre l\u2019UMOFC, les ambassades et les organisations pr\u00e9sentes. Pour de nombreuses ambassadrices, notamment celles du <strong>Portugal, du Canada, du Honduras, de la Lituanie, du Chili et de l\u2019Albanie, <\/strong>cette rencontre a \u00e9galement \u00e9t\u00e9 l\u2019occasion de mieux conna\u00eetre l\u2019action internationale de l\u2019UMOFC et d\u2019examiner des formes de coop\u00e9ration concr\u00e8tes en faveur des <strong>femmes, de la paix et du d\u00e9veloppement.<\/strong>  <\/p>\n\n<p class=\"wp-block-paragraph\">La rencontre s\u2019est r\u00e9v\u00e9l\u00e9e tr\u00e8s positive, favorisant l\u2019\u00e9tablissement de nouveaux contacts et de futures collaborations, dont certaines ont d\u00e9j\u00e0 commenc\u00e9 \u00e0 se concr\u00e9tiser.<\/p>\n\n<figure class=\"wp-block-gallery has-nested-images columns-default is-cropped wp-block-gallery-1 is-layout-flex wp-block-gallery-is-layout-flex\">\n<figure class=\"wp-block-image size-large\"><img loading=\"lazy\" decoding=\"async\" width=\"768\" height=\"1024\" data-id=\"19852\" src=\"https:\/\/wucwo.org\/wp-content\/uploads\/2026\/06\/1-768x1024.png\" alt=\"\" class=\"wp-image-19852\"\/><\/figure>\n\n\n\n<figure class=\"wp-block-image size-large\"><img loading=\"lazy\" decoding=\"async\" width=\"768\" height=\"1024\" data-id=\"19847\" src=\"https:\/\/wucwo.org\/wp-content\/uploads\/2026\/06\/2-768x1024.png\" alt=\"\" class=\"wp-image-19847\"\/><\/figure>\n\n\n\n<figure class=\"wp-block-image size-large\"><img loading=\"lazy\" decoding=\"async\" width=\"768\" height=\"1024\" data-id=\"19855\" src=\"https:\/\/wucwo.org\/wp-content\/uploads\/2026\/06\/3-1-768x1024.png\" alt=\"\" class=\"wp-image-19855\" srcset=\"https:\/\/wucwo.org\/wp-content\/uploads\/2026\/06\/3-1-768x1024.png 768w, https:\/\/wucwo.org\/wp-content\/uploads\/2026\/06\/3-1-225x300.png 225w, https:\/\/wucwo.org\/wp-content\/uploads\/2026\/06\/3-1-1152x1536.png 1152w, https:\/\/wucwo.org\/wp-content\/uploads\/2026\/06\/3-1-1536x2048.png 1536w, https:\/\/wucwo.org\/wp-content\/uploads\/2026\/06\/3-1-1080x1440.png 1080w, https:\/\/wucwo.org\/wp-content\/uploads\/2026\/06\/3-1-scaled.png 1920w\" sizes=\"(max-width: 768px) 100vw, 768px\" \/><\/figure>\n<\/figure>\n\n<p class=\"wp-block-paragraph\">Cette r\u00e9union a mis en \u00e9vidence l\u2019importance de renforcer les liens avec le <strong>corps diplomatique accr\u00e9dit\u00e9 pr\u00e8s le Saint-Si\u00e8ge<\/strong> ainsi qu\u2019avec des organisations partageant des objectifs communs, en favorisant des espaces de rencontre qui encouragent <strong>l\u2019\u00e9change, la cr\u00e9ation d\u2019alliances, le leadership f\u00e9minin et l\u2019ouverture de nouvelles opportunit\u00e9s pour la mission de l\u2019UMOFC.<\/strong><\/p>\n\n<p class=\"wp-block-paragraph\">Nous remercions chaleureusement l\u2019Ambassadrice Manuela Leimgruber pour son extraordinaire hospitalit\u00e9 et pour avoir organis\u00e9 une rencontre aussi enrichissante.<\/p>\n\n<p class=\"wp-block-paragraph\"><\/p>\n\n<p class=\"wp-block-paragraph\"><strong>Bureau de Communication de l&rsquo;UMOFC<\/strong><\/p>\n","protected":false},"excerpt":{"rendered":"<p>Le 19 mai 2026, l\u2019Ambassadrice de Suisse pr\u00e8s le Saint-Si\u00e8ge, Manuela Leimgruber, a organis\u00e9 un \u00e9change suivi d\u2019un d\u00eener en l\u2019honneur de la Pr\u00e9sidente G\u00e9n\u00e9rale de l\u2019Union Mondiale des Organisations F\u00e9minines Catholiques (UMOFC), M\u00f3nica Santamarina, dans le but de favoriser un dialogue avec plusieurs femmes ambassadrices pr\u00e8s le Saint-Si\u00e8ge, des femmes responsables d\u2019autres organisations, telles [&hellip;]<\/p>\n","protected":false},"author":3,"featured_media":19845,"comment_status":"open","ping_status":"open","sticky":false,"template":"","format":"standard","meta":{"_et_pb_use_builder":"off","_et_pb_old_content":"","_et_gb_content_width":"","footnotes":""},"categories":[121],"tags":[],"class_list":["post-19874","post","type-post","status-publish","format-standard","has-post-thumbnail","hentry","category-nouvelles-umofc"],"yoast_head":"<!-- This site is optimized with the Yoast SEO plugin v27.8 - https:\/\/yoast.com\/product\/yoast-seo-wordpress\/ -->\n<title>L\u2019Ambassade de Suisse pr\u00e8s le Saint-Si\u00e8ge organise une rencontre pour l\u2019UMOFC - WUCWO - UMOFC<\/title>\n<meta name=\"robots\" content=\"index, follow, max-snippet:-1, max-image-preview:large, max-video-preview:-1\" \/>\n<link rel=\"canonical\" href=\"https:\/\/wucwo.org\/fr\/lambassade-de-suisse-pres-le-saint-siege-organise-une-rencontre-pour-lumofc\/\" \/>\n<meta property=\"og:locale\" content=\"fr_FR\" \/>\n<meta property=\"og:type\" content=\"article\" \/>\n<meta property=\"og:title\" content=\"L\u2019Ambassade de Suisse pr\u00e8s le Saint-Si\u00e8ge organise une rencontre pour l\u2019UMOFC - WUCWO - UMOFC\" \/>\n<meta property=\"og:description\" content=\"Le 19 mai 2026, l\u2019Ambassadrice de Suisse pr\u00e8s le Saint-Si\u00e8ge, Manuela Leimgruber, a organis\u00e9 un \u00e9change suivi d\u2019un d\u00eener en l\u2019honneur de la Pr\u00e9sidente G\u00e9n\u00e9rale de l\u2019Union Mondiale des Organisations F\u00e9minines Catholiques (UMOFC), M\u00f3nica Santamarina, dans le but de favoriser un dialogue avec plusieurs femmes ambassadrices pr\u00e8s le Saint-Si\u00e8ge, des femmes responsables d\u2019autres organisations, telles [&hellip;]\" \/>\n<meta property=\"og:url\" content=\"https:\/\/wucwo.org\/fr\/lambassade-de-suisse-pres-le-saint-siege-organise-une-rencontre-pour-lumofc\/\" \/>\n<meta property=\"og:site_name\" content=\"WUCWO - UMOFC\" \/>\n<meta property=\"article:publisher\" content=\"https:\/\/www.facebook.com\/worldunionofcatholicwomensorganisations\/\" \/>\n<meta property=\"article:published_time\" content=\"2026-05-21T12:54:43+00:00\" \/>\n<meta property=\"article:modified_time\" content=\"2026-06-23T10:45:35+00:00\" \/>\n<meta property=\"og:image\" content=\"https:\/\/wucwo.org\/wp-content\/uploads\/2026\/06\/Encuentro-Embajada-Suiza-ante-la-Santa-Sede-1024x683.png\" \/>\n\t<meta property=\"og:image:width\" content=\"1024\" \/>\n\t<meta property=\"og:image:height\" content=\"683\" \/>\n\t<meta property=\"og:image:type\" content=\"image\/png\" \/>\n<meta name=\"author\" content=\"communication\" \/>\n<meta name=\"twitter:card\" content=\"summary_large_image\" \/>\n<meta name=\"twitter:label1\" content=\"\u00c9crit par\" \/>\n\t<meta name=\"twitter:data1\" content=\"communication\" \/>\n\t<meta name=\"twitter:label2\" content=\"Dur\u00e9e de lecture estim\u00e9e\" \/>\n\t<meta name=\"twitter:data2\" content=\"2 minutes\" \/>\n<script type=\"application\/ld+json\" class=\"yoast-schema-graph\">{\"@context\":\"https:\\\/\\\/schema.org\",\"@graph\":[{\"@type\":\"Article\",\"@id\":\"https:\\\/\\\/wucwo.org\\\/fr\\\/lambassade-de-suisse-pres-le-saint-siege-organise-une-rencontre-pour-lumofc\\\/#article\",\"isPartOf\":{\"@id\":\"https:\\\/\\\/wucwo.org\\\/fr\\\/lambassade-de-suisse-pres-le-saint-siege-organise-une-rencontre-pour-lumofc\\\/\"},\"author\":{\"name\":\"communication\",\"@id\":\"https:\\\/\\\/wucwo.org\\\/fr\\\/#\\\/schema\\\/person\\\/36e189b76cc2f081eb3458e9a1f81183\"},\"headline\":\"L\u2019Ambassade de Suisse pr\u00e8s le Saint-Si\u00e8ge organise une rencontre pour l\u2019UMOFC\",\"datePublished\":\"2026-05-21T12:54:43+00:00\",\"dateModified\":\"2026-06-23T10:45:35+00:00\",\"mainEntityOfPage\":{\"@id\":\"https:\\\/\\\/wucwo.org\\\/fr\\\/lambassade-de-suisse-pres-le-saint-siege-organise-une-rencontre-pour-lumofc\\\/\"},\"wordCount\":416,\"commentCount\":0,\"publisher\":{\"@id\":\"https:\\\/\\\/wucwo.org\\\/fr\\\/#organization\"},\"image\":{\"@id\":\"https:\\\/\\\/wucwo.org\\\/fr\\\/lambassade-de-suisse-pres-le-saint-siege-organise-une-rencontre-pour-lumofc\\\/#primaryimage\"},\"thumbnailUrl\":\"https:\\\/\\\/wucwo.org\\\/wp-content\\\/uploads\\\/2026\\\/06\\\/Encuentro-Embajada-Suiza-ante-la-Santa-Sede-scaled.png\",\"articleSection\":[\"UMOFC\"],\"inLanguage\":\"fr-FR\",\"potentialAction\":[{\"@type\":\"CommentAction\",\"name\":\"Comment\",\"target\":[\"https:\\\/\\\/wucwo.org\\\/fr\\\/lambassade-de-suisse-pres-le-saint-siege-organise-une-rencontre-pour-lumofc\\\/#respond\"]}]},{\"@type\":\"WebPage\",\"@id\":\"https:\\\/\\\/wucwo.org\\\/fr\\\/lambassade-de-suisse-pres-le-saint-siege-organise-une-rencontre-pour-lumofc\\\/\",\"url\":\"https:\\\/\\\/wucwo.org\\\/fr\\\/lambassade-de-suisse-pres-le-saint-siege-organise-une-rencontre-pour-lumofc\\\/\",\"name\":\"L\u2019Ambassade de Suisse pr\u00e8s le Saint-Si\u00e8ge organise une rencontre pour l\u2019UMOFC - WUCWO - UMOFC\",\"isPartOf\":{\"@id\":\"https:\\\/\\\/wucwo.org\\\/fr\\\/#website\"},\"primaryImageOfPage\":{\"@id\":\"https:\\\/\\\/wucwo.org\\\/fr\\\/lambassade-de-suisse-pres-le-saint-siege-organise-une-rencontre-pour-lumofc\\\/#primaryimage\"},\"image\":{\"@id\":\"https:\\\/\\\/wucwo.org\\\/fr\\\/lambassade-de-suisse-pres-le-saint-siege-organise-une-rencontre-pour-lumofc\\\/#primaryimage\"},\"thumbnailUrl\":\"https:\\\/\\\/wucwo.org\\\/wp-content\\\/uploads\\\/2026\\\/06\\\/Encuentro-Embajada-Suiza-ante-la-Santa-Sede-scaled.png\",\"datePublished\":\"2026-05-21T12:54:43+00:00\",\"dateModified\":\"2026-06-23T10:45:35+00:00\",\"breadcrumb\":{\"@id\":\"https:\\\/\\\/wucwo.org\\\/fr\\\/lambassade-de-suisse-pres-le-saint-siege-organise-une-rencontre-pour-lumofc\\\/#breadcrumb\"},\"inLanguage\":\"fr-FR\",\"potentialAction\":[{\"@type\":\"ReadAction\",\"target\":[\"https:\\\/\\\/wucwo.org\\\/fr\\\/lambassade-de-suisse-pres-le-saint-siege-organise-une-rencontre-pour-lumofc\\\/\"]}]},{\"@type\":\"ImageObject\",\"inLanguage\":\"fr-FR\",\"@id\":\"https:\\\/\\\/wucwo.org\\\/fr\\\/lambassade-de-suisse-pres-le-saint-siege-organise-une-rencontre-pour-lumofc\\\/#primaryimage\",\"url\":\"https:\\\/\\\/wucwo.org\\\/wp-content\\\/uploads\\\/2026\\\/06\\\/Encuentro-Embajada-Suiza-ante-la-Santa-Sede-scaled.png\",\"contentUrl\":\"https:\\\/\\\/wucwo.org\\\/wp-content\\\/uploads\\\/2026\\\/06\\\/Encuentro-Embajada-Suiza-ante-la-Santa-Sede-scaled.png\",\"width\":2560,\"height\":1707},{\"@type\":\"BreadcrumbList\",\"@id\":\"https:\\\/\\\/wucwo.org\\\/fr\\\/lambassade-de-suisse-pres-le-saint-siege-organise-une-rencontre-pour-lumofc\\\/#breadcrumb\",\"itemListElement\":[{\"@type\":\"ListItem\",\"position\":1,\"name\":\"Portada\",\"item\":\"https:\\\/\\\/wucwo.org\\\/fr\\\/\"},{\"@type\":\"ListItem\",\"position\":2,\"name\":\"L\u2019Ambassade de Suisse pr\u00e8s le Saint-Si\u00e8ge organise une rencontre pour l\u2019UMOFC\"}]},{\"@type\":\"WebSite\",\"@id\":\"https:\\\/\\\/wucwo.org\\\/fr\\\/#website\",\"url\":\"https:\\\/\\\/wucwo.org\\\/fr\\\/\",\"name\":\"UMOFC\",\"description\":\"\",\"publisher\":{\"@id\":\"https:\\\/\\\/wucwo.org\\\/fr\\\/#organization\"},\"potentialAction\":[{\"@type\":\"SearchAction\",\"target\":{\"@type\":\"EntryPoint\",\"urlTemplate\":\"https:\\\/\\\/wucwo.org\\\/fr\\\/?s={search_term_string}\"},\"query-input\":{\"@type\":\"PropertyValueSpecification\",\"valueRequired\":true,\"valueName\":\"search_term_string\"}}],\"inLanguage\":\"fr-FR\"},{\"@type\":\"Organization\",\"@id\":\"https:\\\/\\\/wucwo.org\\\/fr\\\/#organization\",\"name\":\"UMOFC\",\"url\":\"https:\\\/\\\/wucwo.org\\\/fr\\\/\",\"logo\":{\"@type\":\"ImageObject\",\"inLanguage\":\"fr-FR\",\"@id\":\"https:\\\/\\\/wucwo.org\\\/fr\\\/#\\\/schema\\\/logo\\\/image\\\/\",\"url\":\"https:\\\/\\\/wucwo.org\\\/wp-content\\\/uploads\\\/2025\\\/08\\\/Final-icono-scaled.png\",\"contentUrl\":\"https:\\\/\\\/wucwo.org\\\/wp-content\\\/uploads\\\/2025\\\/08\\\/Final-icono-scaled.png\",\"width\":2560,\"height\":1811,\"caption\":\"UMOFC\"},\"image\":{\"@id\":\"https:\\\/\\\/wucwo.org\\\/fr\\\/#\\\/schema\\\/logo\\\/image\\\/\"},\"sameAs\":[\"https:\\\/\\\/www.facebook.com\\\/worldunionofcatholicwomensorganisations\\\/\",\"https:\\\/\\\/www.instagram.com\\\/wucwo_umofc\\\/\",\"https:\\\/\\\/www.linkedin.com\\\/company\\\/wucwo\\\/\",\"https:\\\/\\\/www.youtube.com\\\/@WUCWOUMOFC\",\"https:\\\/\\\/www.flickr.com\\\/photos\\\/203210007@N05\\\/albums\"]},{\"@type\":\"Person\",\"@id\":\"https:\\\/\\\/wucwo.org\\\/fr\\\/#\\\/schema\\\/person\\\/36e189b76cc2f081eb3458e9a1f81183\",\"name\":\"communication\",\"image\":{\"@type\":\"ImageObject\",\"inLanguage\":\"fr-FR\",\"@id\":\"https:\\\/\\\/secure.gravatar.com\\\/avatar\\\/3db542db39feebb0fd43b726aab1c33917436e5f5a9e88f2295c0f1c34c59b48?s=96&d=mm&r=g\",\"url\":\"https:\\\/\\\/secure.gravatar.com\\\/avatar\\\/3db542db39feebb0fd43b726aab1c33917436e5f5a9e88f2295c0f1c34c59b48?s=96&d=mm&r=g\",\"contentUrl\":\"https:\\\/\\\/secure.gravatar.com\\\/avatar\\\/3db542db39feebb0fd43b726aab1c33917436e5f5a9e88f2295c0f1c34c59b48?s=96&d=mm&r=g\",\"caption\":\"communication\"},\"url\":\"https:\\\/\\\/wucwo.org\\\/fr\\\/author\\\/communication\\\/\"}]}<\/script>\n<!-- \/ Yoast SEO plugin. -->","yoast_head_json":{"title":"L\u2019Ambassade de Suisse pr\u00e8s le Saint-Si\u00e8ge organise une rencontre pour l\u2019UMOFC - WUCWO - UMOFC","robots":{"index":"index","follow":"follow","max-snippet":"max-snippet:-1","max-image-preview":"max-image-preview:large","max-video-preview":"max-video-preview:-1"},"canonical":"https:\/\/wucwo.org\/fr\/lambassade-de-suisse-pres-le-saint-siege-organise-une-rencontre-pour-lumofc\/","og_locale":"fr_FR","og_type":"article","og_title":"L\u2019Ambassade de Suisse pr\u00e8s le Saint-Si\u00e8ge organise une rencontre pour l\u2019UMOFC - WUCWO - UMOFC","og_description":"Le 19 mai 2026, l\u2019Ambassadrice de Suisse pr\u00e8s le Saint-Si\u00e8ge, Manuela Leimgruber, a organis\u00e9 un \u00e9change suivi d\u2019un d\u00eener en l\u2019honneur de la Pr\u00e9sidente G\u00e9n\u00e9rale de l\u2019Union Mondiale des Organisations F\u00e9minines Catholiques (UMOFC), M\u00f3nica Santamarina, dans le but de favoriser un dialogue avec plusieurs femmes ambassadrices pr\u00e8s le Saint-Si\u00e8ge, des femmes responsables d\u2019autres organisations, telles [&hellip;]","og_url":"https:\/\/wucwo.org\/fr\/lambassade-de-suisse-pres-le-saint-siege-organise-une-rencontre-pour-lumofc\/","og_site_name":"WUCWO - UMOFC","article_publisher":"https:\/\/www.facebook.com\/worldunionofcatholicwomensorganisations\/","article_published_time":"2026-05-21T12:54:43+00:00","article_modified_time":"2026-06-23T10:45:35+00:00","og_image":[{"width":1024,"height":683,"url":"https:\/\/wucwo.org\/wp-content\/uploads\/2026\/06\/Encuentro-Embajada-Suiza-ante-la-Santa-Sede-1024x683.png","type":"image\/png"}],"author":"communication","twitter_card":"summary_large_image","twitter_misc":{"\u00c9crit par":"communication","Dur\u00e9e de lecture estim\u00e9e":"2 minutes"},"schema":{"@context":"https:\/\/schema.org","@graph":[{"@type":"Article","@id":"https:\/\/wucwo.org\/fr\/lambassade-de-suisse-pres-le-saint-siege-organise-une-rencontre-pour-lumofc\/#article","isPartOf":{"@id":"https:\/\/wucwo.org\/fr\/lambassade-de-suisse-pres-le-saint-siege-organise-une-rencontre-pour-lumofc\/"},"author":{"name":"communication","@id":"https:\/\/wucwo.org\/fr\/#\/schema\/person\/36e189b76cc2f081eb3458e9a1f81183"},"headline":"L\u2019Ambassade de Suisse pr\u00e8s le Saint-Si\u00e8ge organise une rencontre pour l\u2019UMOFC","datePublished":"2026-05-21T12:54:43+00:00","dateModified":"2026-06-23T10:45:35+00:00","mainEntityOfPage":{"@id":"https:\/\/wucwo.org\/fr\/lambassade-de-suisse-pres-le-saint-siege-organise-une-rencontre-pour-lumofc\/"},"wordCount":416,"commentCount":0,"publisher":{"@id":"https:\/\/wucwo.org\/fr\/#organization"},"image":{"@id":"https:\/\/wucwo.org\/fr\/lambassade-de-suisse-pres-le-saint-siege-organise-une-rencontre-pour-lumofc\/#primaryimage"},"thumbnailUrl":"https:\/\/wucwo.org\/wp-content\/uploads\/2026\/06\/Encuentro-Embajada-Suiza-ante-la-Santa-Sede-scaled.png","articleSection":["UMOFC"],"inLanguage":"fr-FR","potentialAction":[{"@type":"CommentAction","name":"Comment","target":["https:\/\/wucwo.org\/fr\/lambassade-de-suisse-pres-le-saint-siege-organise-une-rencontre-pour-lumofc\/#respond"]}]},{"@type":"WebPage","@id":"https:\/\/wucwo.org\/fr\/lambassade-de-suisse-pres-le-saint-siege-organise-une-rencontre-pour-lumofc\/","url":"https:\/\/wucwo.org\/fr\/lambassade-de-suisse-pres-le-saint-siege-organise-une-rencontre-pour-lumofc\/","name":"L\u2019Ambassade de Suisse pr\u00e8s le Saint-Si\u00e8ge organise une rencontre pour l\u2019UMOFC - WUCWO - UMOFC","isPartOf":{"@id":"https:\/\/wucwo.org\/fr\/#website"},"primaryImageOfPage":{"@id":"https:\/\/wucwo.org\/fr\/lambassade-de-suisse-pres-le-saint-siege-organise-une-rencontre-pour-lumofc\/#primaryimage"},"image":{"@id":"https:\/\/wucwo.org\/fr\/lambassade-de-suisse-pres-le-saint-siege-organise-une-rencontre-pour-lumofc\/#primaryimage"},"thumbnailUrl":"https:\/\/wucwo.org\/wp-content\/uploads\/2026\/06\/Encuentro-Embajada-Suiza-ante-la-Santa-Sede-scaled.png","datePublished":"2026-05-21T12:54:43+00:00","dateModified":"2026-06-23T10:45:35+00:00","breadcrumb":{"@id":"https:\/\/wucwo.org\/fr\/lambassade-de-suisse-pres-le-saint-siege-organise-une-rencontre-pour-lumofc\/#breadcrumb"},"inLanguage":"fr-FR","potentialAction":[{"@type":"ReadAction","target":["https:\/\/wucwo.org\/fr\/lambassade-de-suisse-pres-le-saint-siege-organise-une-rencontre-pour-lumofc\/"]}]},{"@type":"ImageObject","inLanguage":"fr-FR","@id":"https:\/\/wucwo.org\/fr\/lambassade-de-suisse-pres-le-saint-siege-organise-une-rencontre-pour-lumofc\/#primaryimage","url":"https:\/\/wucwo.org\/wp-content\/uploads\/2026\/06\/Encuentro-Embajada-Suiza-ante-la-Santa-Sede-scaled.png","contentUrl":"https:\/\/wucwo.org\/wp-content\/uploads\/2026\/06\/Encuentro-Embajada-Suiza-ante-la-Santa-Sede-scaled.png","width":2560,"height":1707},{"@type":"BreadcrumbList","@id":"https:\/\/wucwo.org\/fr\/lambassade-de-suisse-pres-le-saint-siege-organise-une-rencontre-pour-lumofc\/#breadcrumb","itemListElement":[{"@type":"ListItem","position":1,"name":"Portada","item":"https:\/\/wucwo.org\/fr\/"},{"@type":"ListItem","position":2,"name":"L\u2019Ambassade de Suisse pr\u00e8s le Saint-Si\u00e8ge organise une rencontre pour l\u2019UMOFC"}]},{"@type":"WebSite","@id":"https:\/\/wucwo.org\/fr\/#website","url":"https:\/\/wucwo.org\/fr\/","name":"UMOFC","description":"","publisher":{"@id":"https:\/\/wucwo.org\/fr\/#organization"},"potentialAction":[{"@type":"SearchAction","target":{"@type":"EntryPoint","urlTemplate":"https:\/\/wucwo.org\/fr\/?s={search_term_string}"},"query-input":{"@type":"PropertyValueSpecification","valueRequired":true,"valueName":"search_term_string"}}],"inLanguage":"fr-FR"},{"@type":"Organization","@id":"https:\/\/wucwo.org\/fr\/#organization","name":"UMOFC","url":"https:\/\/wucwo.org\/fr\/","logo":{"@type":"ImageObject","inLanguage":"fr-FR","@id":"https:\/\/wucwo.org\/fr\/#\/schema\/logo\/image\/","url":"https:\/\/wucwo.org\/wp-content\/uploads\/2025\/08\/Final-icono-scaled.png","contentUrl":"https:\/\/wucwo.org\/wp-content\/uploads\/2025\/08\/Final-icono-scaled.png","width":2560,"height":1811,"caption":"UMOFC"},"image":{"@id":"https:\/\/wucwo.org\/fr\/#\/schema\/logo\/image\/"},"sameAs":["https:\/\/www.facebook.com\/worldunionofcatholicwomensorganisations\/","https:\/\/www.instagram.com\/wucwo_umofc\/","https:\/\/www.linkedin.com\/company\/wucwo\/","https:\/\/www.youtube.com\/@WUCWOUMOFC","https:\/\/www.flickr.com\/photos\/203210007@N05\/albums"]},{"@type":"Person","@id":"https:\/\/wucwo.org\/fr\/#\/schema\/person\/36e189b76cc2f081eb3458e9a1f81183","name":"communication","image":{"@type":"ImageObject","inLanguage":"fr-FR","@id":"https:\/\/secure.gravatar.com\/avatar\/3db542db39feebb0fd43b726aab1c33917436e5f5a9e88f2295c0f1c34c59b48?s=96&d=mm&r=g","url":"https:\/\/secure.gravatar.com\/avatar\/3db542db39feebb0fd43b726aab1c33917436e5f5a9e88f2295c0f1c34c59b48?s=96&d=mm&r=g","contentUrl":"https:\/\/secure.gravatar.com\/avatar\/3db542db39feebb0fd43b726aab1c33917436e5f5a9e88f2295c0f1c34c59b48?s=96&d=mm&r=g","caption":"communication"},"url":"https:\/\/wucwo.org\/fr\/author\/communication\/"}]}},"_links":{"self":[{"href":"https:\/\/wucwo.org\/fr\/wp-json\/wp\/v2\/posts\/19874","targetHints":{"allow":["GET"]}}],"collection":[{"href":"https:\/\/wucwo.org\/fr\/wp-json\/wp\/v2\/posts"}],"about":[{"href":"https:\/\/wucwo.org\/fr\/wp-json\/wp\/v2\/types\/post"}],"author":[{"embeddable":true,"href":"https:\/\/wucwo.org\/fr\/wp-json\/wp\/v2\/users\/3"}],"replies":[{"embeddable":true,"href":"https:\/\/wucwo.org\/fr\/wp-json\/wp\/v2\/comments?post=19874"}],"version-history":[{"count":1,"href":"https:\/\/wucwo.org\/fr\/wp-json\/wp\/v2\/posts\/19874\/revisions"}],"predecessor-version":[{"id":19875,"href":"https:\/\/wucwo.org\/fr\/wp-json\/wp\/v2\/posts\/19874\/revisions\/19875"}],"wp:featuredmedia":[{"embeddable":true,"href":"https:\/\/wucwo.org\/fr\/wp-json\/wp\/v2\/media\/19845"}],"wp:attachment":[{"href":"https:\/\/wucwo.org\/fr\/wp-json\/wp\/v2\/media?parent=19874"}],"wp:term":[{"taxonomy":"category","embeddable":true,"href":"https:\/\/wucwo.org\/fr\/wp-json\/wp\/v2\/categories?post=19874"},{"taxonomy":"post_tag","embeddable":true,"href":"https:\/\/wucwo.org\/fr\/wp-json\/wp\/v2\/tags?post=19874"}],"curies":[{"name":"wp","href":"https:\/\/api.w.org\/{rel}","templated":true}]}}