{"id":19910,"date":"2026-06-18T14:15:58","date_gmt":"2026-06-18T12:15:58","guid":{"rendered":"https:\/\/wucwo.org\/?p=19910"},"modified":"2026-06-23T16:04:18","modified_gmt":"2026-06-23T14:04:18","slug":"nouvel-assistant-ecclesiastique-umofc-mgr-melchor-sanchez-de-toca","status":"publish","type":"post","link":"https:\/\/wucwo.org\/fr\/nouvel-assistant-ecclesiastique-umofc-mgr-melchor-sanchez-de-toca\/","title":{"rendered":"Nouvel Assistant eccl\u00e9siastique de l\u2019UMOFC : Mgr Melchor Jos\u00e9 S\u00e1nchez de Toca y Alameda"},"content":{"rendered":"\n<p class=\"wp-block-paragraph\">Le 29 mai dernier, le Dicast\u00e8re pour les La\u00efcs, la Famille et la Vie a nomm\u00e9 <strong>Mgr Melchor Jos\u00e9 S\u00e1nchez de Toca y Alameda nouvel Assistant eccl\u00e9siastique<\/strong>, afin d\u2019<strong>accompagner spirituellement et pastoralement la mission de l\u2019UMOFC<\/strong> au service des femmes et de l\u2019\u00c9glise dans le monde entier.<\/p>\n\n\n\n<p class=\"wp-block-paragraph\">Nous lui souhaitons chaleureusement la bienvenue dans notre famille !<\/p>\n\n\n\n<p class=\"wp-block-paragraph\">Pr\u00eatre de l\u2019Archidioc\u00e8se de Tol\u00e8de (Espagne) depuis 1993, il est depuis juin 2023 <strong>Rapporteur du Dicast\u00e8re pour les Causes des Saints.<\/strong><\/p>\n\n\n\n<p class=\"wp-block-paragraph\"><strong>Docteur en th\u00e9ologie biblique<\/strong> de l\u2019Universit\u00e9 pontificale gr\u00e9gorienne (2006), il a consacr\u00e9 sa th\u00e8se au dialogue entre foi et culture lors du Concile Vatican II. Il est \u00e9galement licenci\u00e9 en th\u00e9ologie biblique (1996).<\/p>\n\n\n\n<p class=\"wp-block-paragraph\">Au cours de son parcours, il a exerc\u00e9 de nombreuses responsabilit\u00e9s au service du Saint-Si\u00e8ge, notamment dans le domaine du dialogue entre foi, culture et science. Il a \u00e9t\u00e9 <strong>sous-secr\u00e9taire du Conseil pontifical de la Culture (2004\u20132022) et coordinateur du projet STOQ<\/strong>, consacr\u00e9 au dialogue entre les sciences naturelles et la foi dans les universit\u00e9s pontificales romaines.<\/p>\n\n\n\n<p class=\"wp-block-paragraph\">Il a \u00e9galement encourag\u00e9 des initiatives li\u00e9es au sport comme instrument de rencontre, d\u2019\u00e9ducation et d\u2019\u00e9vang\u00e9lisation, en \u00e9tant le <strong>fondateur et premier pr\u00e9sident de Athletica Vaticana<\/strong>, l\u2019association sportive officielle du Vatican.<\/p>\n\n\n\n<figure class=\"wp-block-gallery has-nested-images columns-default is-cropped wp-block-gallery-1 is-layout-flex wp-block-gallery-is-layout-flex\">\n<figure class=\"wp-block-image size-large\"><img loading=\"lazy\" decoding=\"async\" width=\"819\" height=\"1024\" data-id=\"19901\" src=\"https:\/\/wucwo.org\/wp-content\/uploads\/2026\/06\/1-2-819x1024.png\" alt=\"\" class=\"wp-image-19901\"\/><\/figure>\n\n\n\n<figure class=\"wp-block-image size-large\"><img loading=\"lazy\" decoding=\"async\" width=\"819\" height=\"1024\" data-id=\"19904\" src=\"https:\/\/wucwo.org\/wp-content\/uploads\/2026\/06\/2-2-819x1024.png\" alt=\"\" class=\"wp-image-19904\"\/><\/figure>\n\n\n\n<figure class=\"wp-block-image size-large\"><img loading=\"lazy\" decoding=\"async\" width=\"819\" height=\"1024\" data-id=\"19907\" src=\"https:\/\/wucwo.org\/wp-content\/uploads\/2026\/06\/3-4-819x1024.png\" alt=\"\" class=\"wp-image-19907\"\/><\/figure>\n<\/figure>\n\n\n\n<p class=\"wp-block-paragraph\"><\/p>\n\n\n\n<p class=\"wp-block-paragraph\"><em>\u00ab <\/em><em>Nous rendons gr\u00e2ce au Seigneur pour cette nomination et accueillons avec joie le p\u00e8re Melchor dans le service qu\u2019il rendra au sein de l\u2019UMOFC. Nous sommes convaincues que son accompagnement spirituel et pastoral sera une aide pr\u00e9cieuse pour renforcer notre mission au service des femmes et de l\u2019\u00c9glise dans le monde entier<\/em><em> \u00bb<\/em>, a d\u00e9clar\u00e9 M\u00f3nica Santamarina, Pr\u00e9sidente g\u00e9n\u00e9rale de l\u2019UMOFC, en lui adressant de chaleureuses paroles de bienvenue.<\/p>\n\n\n\n<p class=\"wp-block-paragraph\"><\/p>\n\n\n\n<p class=\"wp-block-paragraph\">Bureau de la communication de l&rsquo;UMOFC <\/p>\n","protected":false},"excerpt":{"rendered":"<p>Le 29 mai dernier, le Dicast\u00e8re pour les La\u00efcs, la Famille et la Vie a nomm\u00e9 Mgr Melchor Jos\u00e9 S\u00e1nchez de Toca y Alameda nouvel Assistant eccl\u00e9siastique, afin d\u2019accompagner spirituellement et pastoralement la mission de l\u2019UMOFC au service des femmes et de l\u2019\u00c9glise dans le monde entier. Nous lui souhaitons chaleureusement la bienvenue dans notre [&hellip;]<\/p>\n","protected":false},"author":3,"featured_media":19898,"comment_status":"open","ping_status":"open","sticky":false,"template":"","format":"standard","meta":{"_et_pb_use_builder":"off","_et_pb_old_content":"","_et_gb_content_width":"","footnotes":""},"categories":[123,121],"tags":[],"class_list":["post-19910","post","type-post","status-publish","format-standard","has-post-thumbnail","hentry","category-nouvelles-eglise","category-nouvelles-umofc"],"yoast_head":"<!-- This site is optimized with the Yoast SEO plugin v27.8 - https:\/\/yoast.com\/product\/yoast-seo-wordpress\/ -->\n<title>Nouvel Assistant eccl\u00e9siastique de l\u2019UMOFC : Mgr Melchor Jos\u00e9 S\u00e1nchez de Toca y Alameda - WUCWO - UMOFC<\/title>\n<meta name=\"robots\" content=\"index, follow, max-snippet:-1, max-image-preview:large, max-video-preview:-1\" \/>\n<link rel=\"canonical\" href=\"https:\/\/wucwo.org\/fr\/nouvel-assistant-ecclesiastique-umofc-mgr-melchor-sanchez-de-toca\/\" \/>\n<meta property=\"og:locale\" content=\"fr_FR\" \/>\n<meta property=\"og:type\" content=\"article\" \/>\n<meta property=\"og:title\" content=\"Nouvel Assistant eccl\u00e9siastique de l\u2019UMOFC : Mgr Melchor Jos\u00e9 S\u00e1nchez de Toca y Alameda - WUCWO - UMOFC\" \/>\n<meta property=\"og:description\" content=\"Le 29 mai dernier, le Dicast\u00e8re pour les La\u00efcs, la Famille et la Vie a nomm\u00e9 Mgr Melchor Jos\u00e9 S\u00e1nchez de Toca y Alameda nouvel Assistant eccl\u00e9siastique, afin d\u2019accompagner spirituellement et pastoralement la mission de l\u2019UMOFC au service des femmes et de l\u2019\u00c9glise dans le monde entier. Nous lui souhaitons chaleureusement la bienvenue dans notre [&hellip;]\" \/>\n<meta property=\"og:url\" content=\"https:\/\/wucwo.org\/fr\/nouvel-assistant-ecclesiastique-umofc-mgr-melchor-sanchez-de-toca\/\" \/>\n<meta property=\"og:site_name\" content=\"WUCWO - UMOFC\" \/>\n<meta property=\"article:publisher\" content=\"https:\/\/www.facebook.com\/worldunionofcatholicwomensorganisations\/\" \/>\n<meta property=\"article:published_time\" content=\"2026-06-18T12:15:58+00:00\" \/>\n<meta property=\"article:modified_time\" content=\"2026-06-23T14:04:18+00:00\" \/>\n<meta property=\"og:image\" content=\"https:\/\/wucwo.org\/wp-content\/uploads\/2026\/06\/Padre-Melchor-1-1024x683.png\" \/>\n\t<meta property=\"og:image:width\" content=\"1024\" \/>\n\t<meta property=\"og:image:height\" content=\"683\" \/>\n\t<meta property=\"og:image:type\" content=\"image\/png\" \/>\n<meta name=\"author\" content=\"communication\" \/>\n<meta name=\"twitter:card\" content=\"summary_large_image\" \/>\n<meta name=\"twitter:label1\" content=\"\u00c9crit par\" \/>\n\t<meta name=\"twitter:data1\" content=\"communication\" \/>\n\t<meta name=\"twitter:label2\" content=\"Dur\u00e9e de lecture estim\u00e9e\" \/>\n\t<meta name=\"twitter:data2\" content=\"3 minutes\" \/>\n<script type=\"application\/ld+json\" class=\"yoast-schema-graph\">{\"@context\":\"https:\\\/\\\/schema.org\",\"@graph\":[{\"@type\":\"Article\",\"@id\":\"https:\\\/\\\/wucwo.org\\\/fr\\\/nouvel-assistant-ecclesiastique-umofc-mgr-melchor-sanchez-de-toca\\\/#article\",\"isPartOf\":{\"@id\":\"https:\\\/\\\/wucwo.org\\\/fr\\\/nouvel-assistant-ecclesiastique-umofc-mgr-melchor-sanchez-de-toca\\\/\"},\"author\":{\"name\":\"communication\",\"@id\":\"https:\\\/\\\/wucwo.org\\\/fr\\\/#\\\/schema\\\/person\\\/36e189b76cc2f081eb3458e9a1f81183\"},\"headline\":\"Nouvel Assistant eccl\u00e9siastique de l\u2019UMOFC : Mgr Melchor Jos\u00e9 S\u00e1nchez de Toca y Alameda\",\"datePublished\":\"2026-06-18T12:15:58+00:00\",\"dateModified\":\"2026-06-23T14:04:18+00:00\",\"mainEntityOfPage\":{\"@id\":\"https:\\\/\\\/wucwo.org\\\/fr\\\/nouvel-assistant-ecclesiastique-umofc-mgr-melchor-sanchez-de-toca\\\/\"},\"wordCount\":322,\"commentCount\":0,\"publisher\":{\"@id\":\"https:\\\/\\\/wucwo.org\\\/fr\\\/#organization\"},\"image\":{\"@id\":\"https:\\\/\\\/wucwo.org\\\/fr\\\/nouvel-assistant-ecclesiastique-umofc-mgr-melchor-sanchez-de-toca\\\/#primaryimage\"},\"thumbnailUrl\":\"https:\\\/\\\/wucwo.org\\\/wp-content\\\/uploads\\\/2026\\\/06\\\/Padre-Melchor-1-scaled.png\",\"articleSection\":[\"Eglise\",\"UMOFC\"],\"inLanguage\":\"fr-FR\",\"potentialAction\":[{\"@type\":\"CommentAction\",\"name\":\"Comment\",\"target\":[\"https:\\\/\\\/wucwo.org\\\/fr\\\/nouvel-assistant-ecclesiastique-umofc-mgr-melchor-sanchez-de-toca\\\/#respond\"]}]},{\"@type\":\"WebPage\",\"@id\":\"https:\\\/\\\/wucwo.org\\\/fr\\\/nouvel-assistant-ecclesiastique-umofc-mgr-melchor-sanchez-de-toca\\\/\",\"url\":\"https:\\\/\\\/wucwo.org\\\/fr\\\/nouvel-assistant-ecclesiastique-umofc-mgr-melchor-sanchez-de-toca\\\/\",\"name\":\"Nouvel Assistant eccl\u00e9siastique de l\u2019UMOFC : Mgr Melchor Jos\u00e9 S\u00e1nchez de Toca y Alameda - WUCWO - UMOFC\",\"isPartOf\":{\"@id\":\"https:\\\/\\\/wucwo.org\\\/fr\\\/#website\"},\"primaryImageOfPage\":{\"@id\":\"https:\\\/\\\/wucwo.org\\\/fr\\\/nouvel-assistant-ecclesiastique-umofc-mgr-melchor-sanchez-de-toca\\\/#primaryimage\"},\"image\":{\"@id\":\"https:\\\/\\\/wucwo.org\\\/fr\\\/nouvel-assistant-ecclesiastique-umofc-mgr-melchor-sanchez-de-toca\\\/#primaryimage\"},\"thumbnailUrl\":\"https:\\\/\\\/wucwo.org\\\/wp-content\\\/uploads\\\/2026\\\/06\\\/Padre-Melchor-1-scaled.png\",\"datePublished\":\"2026-06-18T12:15:58+00:00\",\"dateModified\":\"2026-06-23T14:04:18+00:00\",\"breadcrumb\":{\"@id\":\"https:\\\/\\\/wucwo.org\\\/fr\\\/nouvel-assistant-ecclesiastique-umofc-mgr-melchor-sanchez-de-toca\\\/#breadcrumb\"},\"inLanguage\":\"fr-FR\",\"potentialAction\":[{\"@type\":\"ReadAction\",\"target\":[\"https:\\\/\\\/wucwo.org\\\/fr\\\/nouvel-assistant-ecclesiastique-umofc-mgr-melchor-sanchez-de-toca\\\/\"]}]},{\"@type\":\"ImageObject\",\"inLanguage\":\"fr-FR\",\"@id\":\"https:\\\/\\\/wucwo.org\\\/fr\\\/nouvel-assistant-ecclesiastique-umofc-mgr-melchor-sanchez-de-toca\\\/#primaryimage\",\"url\":\"https:\\\/\\\/wucwo.org\\\/wp-content\\\/uploads\\\/2026\\\/06\\\/Padre-Melchor-1-scaled.png\",\"contentUrl\":\"https:\\\/\\\/wucwo.org\\\/wp-content\\\/uploads\\\/2026\\\/06\\\/Padre-Melchor-1-scaled.png\",\"width\":2560,\"height\":1707},{\"@type\":\"BreadcrumbList\",\"@id\":\"https:\\\/\\\/wucwo.org\\\/fr\\\/nouvel-assistant-ecclesiastique-umofc-mgr-melchor-sanchez-de-toca\\\/#breadcrumb\",\"itemListElement\":[{\"@type\":\"ListItem\",\"position\":1,\"name\":\"Portada\",\"item\":\"https:\\\/\\\/wucwo.org\\\/fr\\\/\"},{\"@type\":\"ListItem\",\"position\":2,\"name\":\"Nouvel Assistant eccl\u00e9siastique de l\u2019UMOFC : Mgr Melchor Jos\u00e9 S\u00e1nchez de Toca y Alameda\"}]},{\"@type\":\"WebSite\",\"@id\":\"https:\\\/\\\/wucwo.org\\\/fr\\\/#website\",\"url\":\"https:\\\/\\\/wucwo.org\\\/fr\\\/\",\"name\":\"UMOFC\",\"description\":\"\",\"publisher\":{\"@id\":\"https:\\\/\\\/wucwo.org\\\/fr\\\/#organization\"},\"potentialAction\":[{\"@type\":\"SearchAction\",\"target\":{\"@type\":\"EntryPoint\",\"urlTemplate\":\"https:\\\/\\\/wucwo.org\\\/fr\\\/?s={search_term_string}\"},\"query-input\":{\"@type\":\"PropertyValueSpecification\",\"valueRequired\":true,\"valueName\":\"search_term_string\"}}],\"inLanguage\":\"fr-FR\"},{\"@type\":\"Organization\",\"@id\":\"https:\\\/\\\/wucwo.org\\\/fr\\\/#organization\",\"name\":\"UMOFC\",\"url\":\"https:\\\/\\\/wucwo.org\\\/fr\\\/\",\"logo\":{\"@type\":\"ImageObject\",\"inLanguage\":\"fr-FR\",\"@id\":\"https:\\\/\\\/wucwo.org\\\/fr\\\/#\\\/schema\\\/logo\\\/image\\\/\",\"url\":\"https:\\\/\\\/wucwo.org\\\/wp-content\\\/uploads\\\/2025\\\/08\\\/Final-icono-scaled.png\",\"contentUrl\":\"https:\\\/\\\/wucwo.org\\\/wp-content\\\/uploads\\\/2025\\\/08\\\/Final-icono-scaled.png\",\"width\":2560,\"height\":1811,\"caption\":\"UMOFC\"},\"image\":{\"@id\":\"https:\\\/\\\/wucwo.org\\\/fr\\\/#\\\/schema\\\/logo\\\/image\\\/\"},\"sameAs\":[\"https:\\\/\\\/www.facebook.com\\\/worldunionofcatholicwomensorganisations\\\/\",\"https:\\\/\\\/www.instagram.com\\\/wucwo_umofc\\\/\",\"https:\\\/\\\/www.linkedin.com\\\/company\\\/wucwo\\\/\",\"https:\\\/\\\/www.youtube.com\\\/@WUCWOUMOFC\",\"https:\\\/\\\/www.flickr.com\\\/photos\\\/203210007@N05\\\/albums\"]},{\"@type\":\"Person\",\"@id\":\"https:\\\/\\\/wucwo.org\\\/fr\\\/#\\\/schema\\\/person\\\/36e189b76cc2f081eb3458e9a1f81183\",\"name\":\"communication\",\"image\":{\"@type\":\"ImageObject\",\"inLanguage\":\"fr-FR\",\"@id\":\"https:\\\/\\\/secure.gravatar.com\\\/avatar\\\/3db542db39feebb0fd43b726aab1c33917436e5f5a9e88f2295c0f1c34c59b48?s=96&d=mm&r=g\",\"url\":\"https:\\\/\\\/secure.gravatar.com\\\/avatar\\\/3db542db39feebb0fd43b726aab1c33917436e5f5a9e88f2295c0f1c34c59b48?s=96&d=mm&r=g\",\"contentUrl\":\"https:\\\/\\\/secure.gravatar.com\\\/avatar\\\/3db542db39feebb0fd43b726aab1c33917436e5f5a9e88f2295c0f1c34c59b48?s=96&d=mm&r=g\",\"caption\":\"communication\"},\"url\":\"https:\\\/\\\/wucwo.org\\\/fr\\\/author\\\/communication\\\/\"}]}<\/script>\n<!-- \/ Yoast SEO plugin. -->","yoast_head_json":{"title":"Nouvel Assistant eccl\u00e9siastique de l\u2019UMOFC : Mgr Melchor Jos\u00e9 S\u00e1nchez de Toca y Alameda - WUCWO - UMOFC","robots":{"index":"index","follow":"follow","max-snippet":"max-snippet:-1","max-image-preview":"max-image-preview:large","max-video-preview":"max-video-preview:-1"},"canonical":"https:\/\/wucwo.org\/fr\/nouvel-assistant-ecclesiastique-umofc-mgr-melchor-sanchez-de-toca\/","og_locale":"fr_FR","og_type":"article","og_title":"Nouvel Assistant eccl\u00e9siastique de l\u2019UMOFC : Mgr Melchor Jos\u00e9 S\u00e1nchez de Toca y Alameda - WUCWO - UMOFC","og_description":"Le 29 mai dernier, le Dicast\u00e8re pour les La\u00efcs, la Famille et la Vie a nomm\u00e9 Mgr Melchor Jos\u00e9 S\u00e1nchez de Toca y Alameda nouvel Assistant eccl\u00e9siastique, afin d\u2019accompagner spirituellement et pastoralement la mission de l\u2019UMOFC au service des femmes et de l\u2019\u00c9glise dans le monde entier. Nous lui souhaitons chaleureusement la bienvenue dans notre [&hellip;]","og_url":"https:\/\/wucwo.org\/fr\/nouvel-assistant-ecclesiastique-umofc-mgr-melchor-sanchez-de-toca\/","og_site_name":"WUCWO - UMOFC","article_publisher":"https:\/\/www.facebook.com\/worldunionofcatholicwomensorganisations\/","article_published_time":"2026-06-18T12:15:58+00:00","article_modified_time":"2026-06-23T14:04:18+00:00","og_image":[{"width":1024,"height":683,"url":"https:\/\/wucwo.org\/wp-content\/uploads\/2026\/06\/Padre-Melchor-1-1024x683.png","type":"image\/png"}],"author":"communication","twitter_card":"summary_large_image","twitter_misc":{"\u00c9crit par":"communication","Dur\u00e9e de lecture estim\u00e9e":"3 minutes"},"schema":{"@context":"https:\/\/schema.org","@graph":[{"@type":"Article","@id":"https:\/\/wucwo.org\/fr\/nouvel-assistant-ecclesiastique-umofc-mgr-melchor-sanchez-de-toca\/#article","isPartOf":{"@id":"https:\/\/wucwo.org\/fr\/nouvel-assistant-ecclesiastique-umofc-mgr-melchor-sanchez-de-toca\/"},"author":{"name":"communication","@id":"https:\/\/wucwo.org\/fr\/#\/schema\/person\/36e189b76cc2f081eb3458e9a1f81183"},"headline":"Nouvel Assistant eccl\u00e9siastique de l\u2019UMOFC : Mgr Melchor Jos\u00e9 S\u00e1nchez de Toca y Alameda","datePublished":"2026-06-18T12:15:58+00:00","dateModified":"2026-06-23T14:04:18+00:00","mainEntityOfPage":{"@id":"https:\/\/wucwo.org\/fr\/nouvel-assistant-ecclesiastique-umofc-mgr-melchor-sanchez-de-toca\/"},"wordCount":322,"commentCount":0,"publisher":{"@id":"https:\/\/wucwo.org\/fr\/#organization"},"image":{"@id":"https:\/\/wucwo.org\/fr\/nouvel-assistant-ecclesiastique-umofc-mgr-melchor-sanchez-de-toca\/#primaryimage"},"thumbnailUrl":"https:\/\/wucwo.org\/wp-content\/uploads\/2026\/06\/Padre-Melchor-1-scaled.png","articleSection":["Eglise","UMOFC"],"inLanguage":"fr-FR","potentialAction":[{"@type":"CommentAction","name":"Comment","target":["https:\/\/wucwo.org\/fr\/nouvel-assistant-ecclesiastique-umofc-mgr-melchor-sanchez-de-toca\/#respond"]}]},{"@type":"WebPage","@id":"https:\/\/wucwo.org\/fr\/nouvel-assistant-ecclesiastique-umofc-mgr-melchor-sanchez-de-toca\/","url":"https:\/\/wucwo.org\/fr\/nouvel-assistant-ecclesiastique-umofc-mgr-melchor-sanchez-de-toca\/","name":"Nouvel Assistant eccl\u00e9siastique de l\u2019UMOFC : Mgr Melchor Jos\u00e9 S\u00e1nchez de Toca y Alameda - WUCWO - UMOFC","isPartOf":{"@id":"https:\/\/wucwo.org\/fr\/#website"},"primaryImageOfPage":{"@id":"https:\/\/wucwo.org\/fr\/nouvel-assistant-ecclesiastique-umofc-mgr-melchor-sanchez-de-toca\/#primaryimage"},"image":{"@id":"https:\/\/wucwo.org\/fr\/nouvel-assistant-ecclesiastique-umofc-mgr-melchor-sanchez-de-toca\/#primaryimage"},"thumbnailUrl":"https:\/\/wucwo.org\/wp-content\/uploads\/2026\/06\/Padre-Melchor-1-scaled.png","datePublished":"2026-06-18T12:15:58+00:00","dateModified":"2026-06-23T14:04:18+00:00","breadcrumb":{"@id":"https:\/\/wucwo.org\/fr\/nouvel-assistant-ecclesiastique-umofc-mgr-melchor-sanchez-de-toca\/#breadcrumb"},"inLanguage":"fr-FR","potentialAction":[{"@type":"ReadAction","target":["https:\/\/wucwo.org\/fr\/nouvel-assistant-ecclesiastique-umofc-mgr-melchor-sanchez-de-toca\/"]}]},{"@type":"ImageObject","inLanguage":"fr-FR","@id":"https:\/\/wucwo.org\/fr\/nouvel-assistant-ecclesiastique-umofc-mgr-melchor-sanchez-de-toca\/#primaryimage","url":"https:\/\/wucwo.org\/wp-content\/uploads\/2026\/06\/Padre-Melchor-1-scaled.png","contentUrl":"https:\/\/wucwo.org\/wp-content\/uploads\/2026\/06\/Padre-Melchor-1-scaled.png","width":2560,"height":1707},{"@type":"BreadcrumbList","@id":"https:\/\/wucwo.org\/fr\/nouvel-assistant-ecclesiastique-umofc-mgr-melchor-sanchez-de-toca\/#breadcrumb","itemListElement":[{"@type":"ListItem","position":1,"name":"Portada","item":"https:\/\/wucwo.org\/fr\/"},{"@type":"ListItem","position":2,"name":"Nouvel Assistant eccl\u00e9siastique de l\u2019UMOFC : Mgr Melchor Jos\u00e9 S\u00e1nchez de Toca y Alameda"}]},{"@type":"WebSite","@id":"https:\/\/wucwo.org\/fr\/#website","url":"https:\/\/wucwo.org\/fr\/","name":"UMOFC","description":"","publisher":{"@id":"https:\/\/wucwo.org\/fr\/#organization"},"potentialAction":[{"@type":"SearchAction","target":{"@type":"EntryPoint","urlTemplate":"https:\/\/wucwo.org\/fr\/?s={search_term_string}"},"query-input":{"@type":"PropertyValueSpecification","valueRequired":true,"valueName":"search_term_string"}}],"inLanguage":"fr-FR"},{"@type":"Organization","@id":"https:\/\/wucwo.org\/fr\/#organization","name":"UMOFC","url":"https:\/\/wucwo.org\/fr\/","logo":{"@type":"ImageObject","inLanguage":"fr-FR","@id":"https:\/\/wucwo.org\/fr\/#\/schema\/logo\/image\/","url":"https:\/\/wucwo.org\/wp-content\/uploads\/2025\/08\/Final-icono-scaled.png","contentUrl":"https:\/\/wucwo.org\/wp-content\/uploads\/2025\/08\/Final-icono-scaled.png","width":2560,"height":1811,"caption":"UMOFC"},"image":{"@id":"https:\/\/wucwo.org\/fr\/#\/schema\/logo\/image\/"},"sameAs":["https:\/\/www.facebook.com\/worldunionofcatholicwomensorganisations\/","https:\/\/www.instagram.com\/wucwo_umofc\/","https:\/\/www.linkedin.com\/company\/wucwo\/","https:\/\/www.youtube.com\/@WUCWOUMOFC","https:\/\/www.flickr.com\/photos\/203210007@N05\/albums"]},{"@type":"Person","@id":"https:\/\/wucwo.org\/fr\/#\/schema\/person\/36e189b76cc2f081eb3458e9a1f81183","name":"communication","image":{"@type":"ImageObject","inLanguage":"fr-FR","@id":"https:\/\/secure.gravatar.com\/avatar\/3db542db39feebb0fd43b726aab1c33917436e5f5a9e88f2295c0f1c34c59b48?s=96&d=mm&r=g","url":"https:\/\/secure.gravatar.com\/avatar\/3db542db39feebb0fd43b726aab1c33917436e5f5a9e88f2295c0f1c34c59b48?s=96&d=mm&r=g","contentUrl":"https:\/\/secure.gravatar.com\/avatar\/3db542db39feebb0fd43b726aab1c33917436e5f5a9e88f2295c0f1c34c59b48?s=96&d=mm&r=g","caption":"communication"},"url":"https:\/\/wucwo.org\/fr\/author\/communication\/"}]}},"_links":{"self":[{"href":"https:\/\/wucwo.org\/fr\/wp-json\/wp\/v2\/posts\/19910","targetHints":{"allow":["GET"]}}],"collection":[{"href":"https:\/\/wucwo.org\/fr\/wp-json\/wp\/v2\/posts"}],"about":[{"href":"https:\/\/wucwo.org\/fr\/wp-json\/wp\/v2\/types\/post"}],"author":[{"embeddable":true,"href":"https:\/\/wucwo.org\/fr\/wp-json\/wp\/v2\/users\/3"}],"replies":[{"embeddable":true,"href":"https:\/\/wucwo.org\/fr\/wp-json\/wp\/v2\/comments?post=19910"}],"version-history":[{"count":2,"href":"https:\/\/wucwo.org\/fr\/wp-json\/wp\/v2\/posts\/19910\/revisions"}],"predecessor-version":[{"id":19912,"href":"https:\/\/wucwo.org\/fr\/wp-json\/wp\/v2\/posts\/19910\/revisions\/19912"}],"wp:featuredmedia":[{"embeddable":true,"href":"https:\/\/wucwo.org\/fr\/wp-json\/wp\/v2\/media\/19898"}],"wp:attachment":[{"href":"https:\/\/wucwo.org\/fr\/wp-json\/wp\/v2\/media?parent=19910"}],"wp:term":[{"taxonomy":"category","embeddable":true,"href":"https:\/\/wucwo.org\/fr\/wp-json\/wp\/v2\/categories?post=19910"},{"taxonomy":"post_tag","embeddable":true,"href":"https:\/\/wucwo.org\/fr\/wp-json\/wp\/v2\/tags?post=19910"}],"curies":[{"name":"wp","href":"https:\/\/api.w.org\/{rel}","templated":true}]}}