{"id":2131,"date":"2024-02-14T08:34:43","date_gmt":"2024-02-14T07:34:43","guid":{"rendered":"https:\/\/wucwo.org\/journeinternationaledelafemme2024\/"},"modified":"2025-09-06T02:03:13","modified_gmt":"2025-09-06T00:03:13","slug":"journeinternationaledelafemme2024","status":"publish","type":"post","link":"https:\/\/wucwo.org\/fr\/journeinternationaledelafemme2024\/","title":{"rendered":"Journ\u00e9e Internationale de la Femme 2024"},"content":{"rendered":"<p><img loading=\"lazy\" decoding=\"async\" src=\"https:\/\/xn--cristinaocaa-khb.es\/trabajosweb\/wp-content\/uploads\/umofc\/images\/images\/Save_the_date_5_march_FRA.png\" alt=\"Save the date 5 march FRA.png\" width=\"800\" height=\"557\" style=\"display: block; margin-left: auto; margin-right: auto; border: 0px solid #000000;\" \/><\/p>\n<p>Le 5 mars 2024 de 15h &agrave; 16h30 (CET) &agrave; l&rsquo;occasion de la Journ&eacute;e Internationale de la Femme, vous &ecirc;tes invit&eacute;s &agrave; participer &agrave; la conf&eacute;rence en ligne \u00ab\u00a0<strong>Les Femmes semant des graines de paix et cultivant la rencontre<\/strong>\u00ab\u00a0.<\/p>\n<p>Cet &eacute;v&eacute;nement, organis&eacute; par l&rsquo;Union Mondiale des Organisations F&eacute;minines Catholiques (UMOFC) en collaboration avec le Dicast&egrave;re pour le Dialogue Interreligieux et avec le parrainage de certaines ambassades aupr&egrave;s du Saint-Si&egrave;ge, vise &agrave; r&eacute;fl&eacute;chir et &agrave; agir en tant que femmes et hommes de foi pour la culture de la paix et de la rencontre.<\/p>\n<p><\/p>\n<p>Comme le rappelle le pape Fran&ccedil;ois, \u00a0\u00bb&nbsp;notre plus grand tr&eacute;sor, et aussi le plus fragile, est la fraternit&eacute; humaine fond&eacute;e sur notre filiation divine commune, et que personne ne peut se sauver tout seul\u00a0\u00bb (Message pour la 56e Journ&eacute;e Mondiale de la Paix 2023).<\/p>\n<p><span style=\"font-size: 10.5pt; line-height: 107%; font-family: Arial, sans-serif;\">L&rsquo;&eacute;v&eacute;nement d&eacute;butera par le discours d&rsquo;ouverture de<b> Card. Miguel &Aacute;ngel Ayuso Guixot, MCCJ<\/b> &#8211; Pr&eacute;fet du Dicast&egrave;re pour le Dialogue Interreligieux (DDI) et <b>Mme. M&oacute;nica Santamarina<\/b> &#8211; Pr&eacute;sidente G&eacute;n&eacute;rale de l&rsquo;Union Mondiale des Organisations F&eacute;minines Catholiques (UMOFC)<\/span><\/p>\n<p>&nbsp;<\/p>\n<p><b><span style=\"font-size: 10.5pt; line-height: 107%; font-family: Arial, sans-serif;\">EXPOS&Eacute;S<\/span><\/b><\/p>\n<p><span style=\"font-size: 10.5pt; line-height: 107%; font-family: Arial, sans-serif;\">Les expos&eacute;s seront anim&eacute; par des conf&eacute;renciers &eacute;minents issus de diverses origines religieuses&nbsp;:<\/span><\/p>\n<p><b><span style=\"font-size: 10.5pt; line-height: 107%; font-family: Arial, sans-serif;\">PERSPECTIVE MUSULMANE <\/span><\/b><\/p>\n<p><b><span style=\"font-size: 10.5pt; line-height: 107%; font-family: Arial, sans-serif;\">Mme. Rudina Collaku<\/span><\/b><span style=\"font-size: 10.5pt; line-height: 107%; font-family: Arial, sans-serif;\"> (Directeur ex&eacute;cutif, Centre des Femmes pour le D&eacute;veloppement et la Culture &#8211; Albanie)<\/span><\/p>\n<p><i><span style=\"font-size: 10.5pt; line-height: 107%; font-family: Arial, sans-serif;\">Pr&eacute;venir l&rsquo;extr&eacute;misme chez les jeunes<\/span><\/i><\/p>\n<p><b><span style=\"font-size: 10.5pt; line-height: 107%; font-family: Arial, sans-serif;\">PERSPECTIVE BOUDDHISTE <\/span><\/b><\/p>\n<p><b><span style=\"font-size: 10.5pt; line-height: 107%; font-family: Arial, sans-serif;\">Rev. Elena Seishin Viviani<\/span><\/b><span style=\"font-size: 10.5pt; line-height: 107%; font-family: Arial, sans-serif;\"> (Vice-Pr&eacute;sidente de l&rsquo;Union Bouddhiste Italienne)<\/span><\/p>\n<p><i><span style=\"font-size: 10.5pt; line-height: 107%; font-family: Arial, sans-serif;\">De la paix int&eacute;rieure aux soci&eacute;t&eacute;s pacifiques : le r&ocirc;le de la m&eacute;ditation<\/span><\/i><\/p>\n<p><b><span style=\"font-size: 10.5pt; line-height: 107%; font-family: Arial, sans-serif;\">PERSPECTIVE HINDOUISTE <\/span><\/b><\/p>\n<p><b><span style=\"font-size: 10.5pt; line-height: 107%; font-family: Arial, sans-serif;\">Svamini Hamsananda Ghiri<\/span><\/b><span style=\"font-size: 10.5pt; line-height: 107%; font-family: Arial, sans-serif;\"> (Vice-Pr&eacute;sidente de l&rsquo;Union Hindouiste Italienne)<\/span><\/p>\n<p><i><span style=\"font-size: 10.5pt; line-height: 107%; font-family: Arial, sans-serif;\">Dialogue interculturel : attitudes des cultures d&rsquo;accueil<\/span><\/i><\/p>\n<p><b><span style=\"font-size: 10.5pt; line-height: 107%; font-family: Arial, sans-serif;\">PERSPECTIVE JUIVE <\/span><\/b><\/p>\n<p><b><span style=\"font-size: 10.5pt; line-height: 107%; font-family: Arial, sans-serif;\">Rabbi Allyson Zacharoff<\/span><\/b><span style=\"font-size: 10.5pt; line-height: 107%; font-family: Arial, sans-serif;\"> (Congr&eacute;gation Beth Hatikvah &agrave; Summit, NJ, &Eacute;tats-Unis)<\/span><\/p>\n<p><i><span style=\"font-size: 10.5pt; line-height: 107%; font-family: Arial, sans-serif;\">Dialogue interreligieux et m&eacute;diation entre &eacute;tudiants universitaires<\/span><\/i><\/p>\n<p><b><span style=\"font-size: 10.5pt; line-height: 107%; font-family: Arial, sans-serif;\">PERSPECTIVE OECUMENIQUE <\/span><\/b><\/p>\n<p><b><span style=\"font-size: 10.5pt; line-height: 107%; font-family: Arial, sans-serif;\">Rev. Dr. Kuzipa Nalwamba<\/span><\/b><span style=\"font-size: 10.5pt; line-height: 107%; font-family: Arial, sans-serif;\"> (World Council of Churches)<\/span><\/p>\n<p><i><span style=\"font-size: 10.5pt; line-height: 107%; font-family: Arial, sans-serif;\">Comment les femmes membres ou leaders des communaut&eacute;s chr&eacute;tiennes ont<\/span><\/i><\/p>\n<p><i><span style=\"font-size: 10.5pt; line-height: 107%; font-family: Arial, sans-serif;\">collabor&eacute; aux processus de paix<\/span><\/i><\/p>\n<p><b><span style=\"font-size: 10.5pt; line-height: 107%; font-family: Arial, sans-serif;\">PERSPECTIVE CATHOLIQUE <\/span><\/b><\/p>\n<p><b><span style=\"font-size: 10.5pt; line-height: 107%; font-family: Arial, sans-serif;\">Mme. Valeria Martano<\/span><\/b><span style=\"font-size: 10.5pt; line-height: 107%; font-family: Arial, sans-serif;\"> (Communaut&eacute; de Sant&rsquo;Egidio &#8211; DDI Consultant)<\/span><\/p>\n<p><i><span style=\"font-size: 10.5pt; line-height: 107%; font-family: Arial, sans-serif;\">&Agrave; quoi ressemble la paix en temps de guerre ?<\/span><\/i><\/p>\n<p>&nbsp;<\/p>\n<p><b><span style=\"font-size: 10.5pt; line-height: 107%; font-family: Arial, sans-serif;\">Nous terminerons par les remarques sp&eacute;ciales des patronnes de l&rsquo;&eacute;v&eacute;nement<\/span><\/b><\/p>\n<p><b><span style=\"font-size: 10.5pt; line-height: 107%; font-family: Arial, sans-serif;\">S.E. Mme. Florence Mangin<\/span><\/b><span style=\"font-size: 10.5pt; line-height: 107%; font-family: Arial, sans-serif;\"> &#8211; Ambassadrice de la France aupr&egrave;s du Saint-Si&egrave;ge<\/span><\/p>\n<p><b><span style=\"font-size: 10.5pt; line-height: 107%; font-family: Arial, sans-serif;\">S.E. Mme. Chiara Porro<\/span><\/b><span style=\"font-size: 10.5pt; line-height: 107%; font-family: Arial, sans-serif;\"> &#8211; Ambassadrice d&rsquo;Australie aupr&egrave;s du Saint-Si&egrave;ge<\/span><\/p>\n<p><b><span style=\"font-size: 10.5pt; line-height: 107%; font-family: Arial, sans-serif;\">S.E. Mme. Annemieke Ruigrok<\/span><\/b><span style=\"font-size: 10.5pt; line-height: 107%; font-family: Arial, sans-serif;\"> &#8211; Ambassadrice des Pays-Bas aupr&egrave;s du Saint-Si&egrave;ge<\/span><\/p>\n<p><a href=\"https:\/\/us02web.zoom.us\/webinar\/register\/WN_ISlcJEpwQkapPmzbAjNBaQ#\/registration\" target=\"_blank\" rel=\"noopener noreferrer\"><strong>INSCRIPTION ZOOM<\/strong><\/a><\/p>\n<p><a href=\"https:\/\/us02web.zoom.us\/webinar\/register\/WN_ISlcJEpwQkapPmzbAjNBaQ#\/registration\" target=\"_blank\" rel=\"noopener noreferrer\"><\/a>{phocadownload view=file|id=936|text=Programme|target=b}<\/p>\n<p>&nbsp;<\/p>\n<p><iframe loading=\"lazy\" src=\"https:\/\/www.youtube.com\/embed\/Yw8o0mTWYFA?si=twZ17tcctFaIlpBF\" width=\"560\" height=\"315\" title=\"YouTube video player\" frameborder=\"0\" allowfullscreen=\"allowfullscreen\"><\/iframe><\/p>\n","protected":false},"excerpt":{"rendered":"<p>Le 5 mars 2024 de 15h &agrave; 16h30 (CET) &agrave; l&rsquo;occasion de la Journ&eacute;e Internationale de la Femme, vous &ecirc;tes invit&eacute;s &agrave; participer &agrave; la conf&eacute;rence en ligne \u00ab\u00a0Les Femmes semant des graines de paix et cultivant la rencontre\u00ab\u00a0. Cet &eacute;v&eacute;nement, organis&eacute; par l&rsquo;Union Mondiale des Organisations F&eacute;minines Catholiques (UMOFC) en collaboration avec le Dicast&egrave;re [&hellip;]<\/p>\n","protected":false},"author":1,"featured_media":0,"comment_status":"open","ping_status":"open","sticky":false,"template":"","format":"standard","meta":{"_et_pb_use_builder":"","_et_pb_old_content":"","_et_gb_content_width":"","footnotes":""},"categories":[7,159],"tags":[],"class_list":["post-2131","post","type-post","status-publish","format-standard","hentry","category-non-categorise","category-eventos-umofc"],"yoast_head":"<!-- This site is optimized with the Yoast SEO plugin v27.8 - https:\/\/yoast.com\/product\/yoast-seo-wordpress\/ -->\n<title>Journ\u00e9e Internationale de la Femme 2024 - WUCWO - UMOFC<\/title>\n<meta name=\"robots\" content=\"index, follow, max-snippet:-1, max-image-preview:large, max-video-preview:-1\" \/>\n<link rel=\"canonical\" href=\"https:\/\/wucwo.org\/fr\/journeinternationaledelafemme2024\/\" \/>\n<meta property=\"og:locale\" content=\"fr_FR\" \/>\n<meta property=\"og:type\" content=\"article\" \/>\n<meta property=\"og:title\" content=\"Journ\u00e9e Internationale de la Femme 2024 - WUCWO - UMOFC\" \/>\n<meta property=\"og:description\" content=\"Le 5 mars 2024 de 15h &agrave; 16h30 (CET) &agrave; l&rsquo;occasion de la Journ&eacute;e Internationale de la Femme, vous &ecirc;tes invit&eacute;s &agrave; participer &agrave; la conf&eacute;rence en ligne \u00ab\u00a0Les Femmes semant des graines de paix et cultivant la rencontre\u00ab\u00a0. Cet &eacute;v&eacute;nement, organis&eacute; par l&rsquo;Union Mondiale des Organisations F&eacute;minines Catholiques (UMOFC) en collaboration avec le Dicast&egrave;re [&hellip;]\" \/>\n<meta property=\"og:url\" content=\"https:\/\/wucwo.org\/fr\/journeinternationaledelafemme2024\/\" \/>\n<meta property=\"og:site_name\" content=\"WUCWO - UMOFC\" \/>\n<meta property=\"article:publisher\" content=\"https:\/\/www.facebook.com\/worldunionofcatholicwomensorganisations\/\" \/>\n<meta property=\"article:published_time\" content=\"2024-02-14T07:34:43+00:00\" \/>\n<meta property=\"article:modified_time\" content=\"2025-09-06T00:03:13+00:00\" \/>\n<meta property=\"og:image\" content=\"https:\/\/xn--cristinaocaa-khb.es\/trabajosweb\/wp-content\/uploads\/umofc\/images\/images\/Save_the_date_5_march_FRA.png\" \/>\n<meta name=\"author\" content=\"sercatol\" \/>\n<meta name=\"twitter:card\" content=\"summary_large_image\" \/>\n<meta name=\"twitter:label1\" content=\"\u00c9crit par\" \/>\n\t<meta name=\"twitter:data1\" content=\"sercatol\" \/>\n\t<meta name=\"twitter:label2\" content=\"Dur\u00e9e de lecture estim\u00e9e\" \/>\n\t<meta name=\"twitter:data2\" content=\"2 minutes\" \/>\n<script type=\"application\/ld+json\" class=\"yoast-schema-graph\">{\"@context\":\"https:\\\/\\\/schema.org\",\"@graph\":[{\"@type\":\"Article\",\"@id\":\"https:\\\/\\\/wucwo.org\\\/fr\\\/journeinternationaledelafemme2024\\\/#article\",\"isPartOf\":{\"@id\":\"https:\\\/\\\/wucwo.org\\\/fr\\\/journeinternationaledelafemme2024\\\/\"},\"author\":{\"name\":\"sercatol\",\"@id\":\"https:\\\/\\\/wucwo.org\\\/fr\\\/#\\\/schema\\\/person\\\/08e9f0484d99df98b7b5a2da57e48536\"},\"headline\":\"Journ\u00e9e Internationale de la Femme 2024\",\"datePublished\":\"2024-02-14T07:34:43+00:00\",\"dateModified\":\"2025-09-06T00:03:13+00:00\",\"mainEntityOfPage\":{\"@id\":\"https:\\\/\\\/wucwo.org\\\/fr\\\/journeinternationaledelafemme2024\\\/\"},\"wordCount\":505,\"commentCount\":0,\"publisher\":{\"@id\":\"https:\\\/\\\/wucwo.org\\\/fr\\\/#organization\"},\"image\":{\"@id\":\"https:\\\/\\\/wucwo.org\\\/fr\\\/journeinternationaledelafemme2024\\\/#primaryimage\"},\"thumbnailUrl\":\"https:\\\/\\\/xn--cristinaocaa-khb.es\\\/trabajosweb\\\/wp-content\\\/uploads\\\/umofc\\\/images\\\/images\\\/Save_the_date_5_march_FRA.png\",\"articleSection\":[\"Non cat\u00e9goris\u00e9\",\"UMOFC\"],\"inLanguage\":\"fr-FR\",\"potentialAction\":[{\"@type\":\"CommentAction\",\"name\":\"Comment\",\"target\":[\"https:\\\/\\\/wucwo.org\\\/fr\\\/journeinternationaledelafemme2024\\\/#respond\"]}]},{\"@type\":\"WebPage\",\"@id\":\"https:\\\/\\\/wucwo.org\\\/fr\\\/journeinternationaledelafemme2024\\\/\",\"url\":\"https:\\\/\\\/wucwo.org\\\/fr\\\/journeinternationaledelafemme2024\\\/\",\"name\":\"Journ\u00e9e Internationale de la Femme 2024 - WUCWO - UMOFC\",\"isPartOf\":{\"@id\":\"https:\\\/\\\/wucwo.org\\\/fr\\\/#website\"},\"primaryImageOfPage\":{\"@id\":\"https:\\\/\\\/wucwo.org\\\/fr\\\/journeinternationaledelafemme2024\\\/#primaryimage\"},\"image\":{\"@id\":\"https:\\\/\\\/wucwo.org\\\/fr\\\/journeinternationaledelafemme2024\\\/#primaryimage\"},\"thumbnailUrl\":\"https:\\\/\\\/xn--cristinaocaa-khb.es\\\/trabajosweb\\\/wp-content\\\/uploads\\\/umofc\\\/images\\\/images\\\/Save_the_date_5_march_FRA.png\",\"datePublished\":\"2024-02-14T07:34:43+00:00\",\"dateModified\":\"2025-09-06T00:03:13+00:00\",\"breadcrumb\":{\"@id\":\"https:\\\/\\\/wucwo.org\\\/fr\\\/journeinternationaledelafemme2024\\\/#breadcrumb\"},\"inLanguage\":\"fr-FR\",\"potentialAction\":[{\"@type\":\"ReadAction\",\"target\":[\"https:\\\/\\\/wucwo.org\\\/fr\\\/journeinternationaledelafemme2024\\\/\"]}]},{\"@type\":\"ImageObject\",\"inLanguage\":\"fr-FR\",\"@id\":\"https:\\\/\\\/wucwo.org\\\/fr\\\/journeinternationaledelafemme2024\\\/#primaryimage\",\"url\":\"https:\\\/\\\/xn--cristinaocaa-khb.es\\\/trabajosweb\\\/wp-content\\\/uploads\\\/umofc\\\/images\\\/images\\\/Save_the_date_5_march_FRA.png\",\"contentUrl\":\"https:\\\/\\\/xn--cristinaocaa-khb.es\\\/trabajosweb\\\/wp-content\\\/uploads\\\/umofc\\\/images\\\/images\\\/Save_the_date_5_march_FRA.png\"},{\"@type\":\"BreadcrumbList\",\"@id\":\"https:\\\/\\\/wucwo.org\\\/fr\\\/journeinternationaledelafemme2024\\\/#breadcrumb\",\"itemListElement\":[{\"@type\":\"ListItem\",\"position\":1,\"name\":\"Portada\",\"item\":\"https:\\\/\\\/wucwo.org\\\/fr\\\/\"},{\"@type\":\"ListItem\",\"position\":2,\"name\":\"Journ\u00e9e Internationale de la Femme 2024\"}]},{\"@type\":\"WebSite\",\"@id\":\"https:\\\/\\\/wucwo.org\\\/fr\\\/#website\",\"url\":\"https:\\\/\\\/wucwo.org\\\/fr\\\/\",\"name\":\"UMOFC\",\"description\":\"\",\"publisher\":{\"@id\":\"https:\\\/\\\/wucwo.org\\\/fr\\\/#organization\"},\"potentialAction\":[{\"@type\":\"SearchAction\",\"target\":{\"@type\":\"EntryPoint\",\"urlTemplate\":\"https:\\\/\\\/wucwo.org\\\/fr\\\/?s={search_term_string}\"},\"query-input\":{\"@type\":\"PropertyValueSpecification\",\"valueRequired\":true,\"valueName\":\"search_term_string\"}}],\"inLanguage\":\"fr-FR\"},{\"@type\":\"Organization\",\"@id\":\"https:\\\/\\\/wucwo.org\\\/fr\\\/#organization\",\"name\":\"UMOFC\",\"url\":\"https:\\\/\\\/wucwo.org\\\/fr\\\/\",\"logo\":{\"@type\":\"ImageObject\",\"inLanguage\":\"fr-FR\",\"@id\":\"https:\\\/\\\/wucwo.org\\\/fr\\\/#\\\/schema\\\/logo\\\/image\\\/\",\"url\":\"https:\\\/\\\/wucwo.org\\\/wp-content\\\/uploads\\\/2025\\\/08\\\/Final-icono-scaled.png\",\"contentUrl\":\"https:\\\/\\\/wucwo.org\\\/wp-content\\\/uploads\\\/2025\\\/08\\\/Final-icono-scaled.png\",\"width\":2560,\"height\":1811,\"caption\":\"UMOFC\"},\"image\":{\"@id\":\"https:\\\/\\\/wucwo.org\\\/fr\\\/#\\\/schema\\\/logo\\\/image\\\/\"},\"sameAs\":[\"https:\\\/\\\/www.facebook.com\\\/worldunionofcatholicwomensorganisations\\\/\",\"https:\\\/\\\/www.instagram.com\\\/wucwo_umofc\\\/\",\"https:\\\/\\\/www.linkedin.com\\\/company\\\/wucwo\\\/\",\"https:\\\/\\\/www.youtube.com\\\/@WUCWOUMOFC\",\"https:\\\/\\\/www.flickr.com\\\/photos\\\/203210007@N05\\\/albums\"]},{\"@type\":\"Person\",\"@id\":\"https:\\\/\\\/wucwo.org\\\/fr\\\/#\\\/schema\\\/person\\\/08e9f0484d99df98b7b5a2da57e48536\",\"name\":\"sercatol\",\"image\":{\"@type\":\"ImageObject\",\"inLanguage\":\"fr-FR\",\"@id\":\"https:\\\/\\\/secure.gravatar.com\\\/avatar\\\/37d08368077c561bd440f25a25b44dffc8a49dd03ed8ac3d36eb9c07857d333e?s=96&d=mm&r=g\",\"url\":\"https:\\\/\\\/secure.gravatar.com\\\/avatar\\\/37d08368077c561bd440f25a25b44dffc8a49dd03ed8ac3d36eb9c07857d333e?s=96&d=mm&r=g\",\"contentUrl\":\"https:\\\/\\\/secure.gravatar.com\\\/avatar\\\/37d08368077c561bd440f25a25b44dffc8a49dd03ed8ac3d36eb9c07857d333e?s=96&d=mm&r=g\",\"caption\":\"sercatol\"},\"url\":\"https:\\\/\\\/wucwo.org\\\/fr\\\/author\\\/sercatol\\\/\"}]}<\/script>\n<!-- \/ Yoast SEO plugin. -->","yoast_head_json":{"title":"Journ\u00e9e Internationale de la Femme 2024 - WUCWO - UMOFC","robots":{"index":"index","follow":"follow","max-snippet":"max-snippet:-1","max-image-preview":"max-image-preview:large","max-video-preview":"max-video-preview:-1"},"canonical":"https:\/\/wucwo.org\/fr\/journeinternationaledelafemme2024\/","og_locale":"fr_FR","og_type":"article","og_title":"Journ\u00e9e Internationale de la Femme 2024 - WUCWO - UMOFC","og_description":"Le 5 mars 2024 de 15h &agrave; 16h30 (CET) &agrave; l&rsquo;occasion de la Journ&eacute;e Internationale de la Femme, vous &ecirc;tes invit&eacute;s &agrave; participer &agrave; la conf&eacute;rence en ligne \u00ab\u00a0Les Femmes semant des graines de paix et cultivant la rencontre\u00ab\u00a0. Cet &eacute;v&eacute;nement, organis&eacute; par l&rsquo;Union Mondiale des Organisations F&eacute;minines Catholiques (UMOFC) en collaboration avec le Dicast&egrave;re [&hellip;]","og_url":"https:\/\/wucwo.org\/fr\/journeinternationaledelafemme2024\/","og_site_name":"WUCWO - UMOFC","article_publisher":"https:\/\/www.facebook.com\/worldunionofcatholicwomensorganisations\/","article_published_time":"2024-02-14T07:34:43+00:00","article_modified_time":"2025-09-06T00:03:13+00:00","og_image":[{"url":"https:\/\/xn--cristinaocaa-khb.es\/trabajosweb\/wp-content\/uploads\/umofc\/images\/images\/Save_the_date_5_march_FRA.png","type":"","width":"","height":""}],"author":"sercatol","twitter_card":"summary_large_image","twitter_misc":{"\u00c9crit par":"sercatol","Dur\u00e9e de lecture estim\u00e9e":"2 minutes"},"schema":{"@context":"https:\/\/schema.org","@graph":[{"@type":"Article","@id":"https:\/\/wucwo.org\/fr\/journeinternationaledelafemme2024\/#article","isPartOf":{"@id":"https:\/\/wucwo.org\/fr\/journeinternationaledelafemme2024\/"},"author":{"name":"sercatol","@id":"https:\/\/wucwo.org\/fr\/#\/schema\/person\/08e9f0484d99df98b7b5a2da57e48536"},"headline":"Journ\u00e9e Internationale de la Femme 2024","datePublished":"2024-02-14T07:34:43+00:00","dateModified":"2025-09-06T00:03:13+00:00","mainEntityOfPage":{"@id":"https:\/\/wucwo.org\/fr\/journeinternationaledelafemme2024\/"},"wordCount":505,"commentCount":0,"publisher":{"@id":"https:\/\/wucwo.org\/fr\/#organization"},"image":{"@id":"https:\/\/wucwo.org\/fr\/journeinternationaledelafemme2024\/#primaryimage"},"thumbnailUrl":"https:\/\/xn--cristinaocaa-khb.es\/trabajosweb\/wp-content\/uploads\/umofc\/images\/images\/Save_the_date_5_march_FRA.png","articleSection":["Non cat\u00e9goris\u00e9","UMOFC"],"inLanguage":"fr-FR","potentialAction":[{"@type":"CommentAction","name":"Comment","target":["https:\/\/wucwo.org\/fr\/journeinternationaledelafemme2024\/#respond"]}]},{"@type":"WebPage","@id":"https:\/\/wucwo.org\/fr\/journeinternationaledelafemme2024\/","url":"https:\/\/wucwo.org\/fr\/journeinternationaledelafemme2024\/","name":"Journ\u00e9e Internationale de la Femme 2024 - WUCWO - UMOFC","isPartOf":{"@id":"https:\/\/wucwo.org\/fr\/#website"},"primaryImageOfPage":{"@id":"https:\/\/wucwo.org\/fr\/journeinternationaledelafemme2024\/#primaryimage"},"image":{"@id":"https:\/\/wucwo.org\/fr\/journeinternationaledelafemme2024\/#primaryimage"},"thumbnailUrl":"https:\/\/xn--cristinaocaa-khb.es\/trabajosweb\/wp-content\/uploads\/umofc\/images\/images\/Save_the_date_5_march_FRA.png","datePublished":"2024-02-14T07:34:43+00:00","dateModified":"2025-09-06T00:03:13+00:00","breadcrumb":{"@id":"https:\/\/wucwo.org\/fr\/journeinternationaledelafemme2024\/#breadcrumb"},"inLanguage":"fr-FR","potentialAction":[{"@type":"ReadAction","target":["https:\/\/wucwo.org\/fr\/journeinternationaledelafemme2024\/"]}]},{"@type":"ImageObject","inLanguage":"fr-FR","@id":"https:\/\/wucwo.org\/fr\/journeinternationaledelafemme2024\/#primaryimage","url":"https:\/\/xn--cristinaocaa-khb.es\/trabajosweb\/wp-content\/uploads\/umofc\/images\/images\/Save_the_date_5_march_FRA.png","contentUrl":"https:\/\/xn--cristinaocaa-khb.es\/trabajosweb\/wp-content\/uploads\/umofc\/images\/images\/Save_the_date_5_march_FRA.png"},{"@type":"BreadcrumbList","@id":"https:\/\/wucwo.org\/fr\/journeinternationaledelafemme2024\/#breadcrumb","itemListElement":[{"@type":"ListItem","position":1,"name":"Portada","item":"https:\/\/wucwo.org\/fr\/"},{"@type":"ListItem","position":2,"name":"Journ\u00e9e Internationale de la Femme 2024"}]},{"@type":"WebSite","@id":"https:\/\/wucwo.org\/fr\/#website","url":"https:\/\/wucwo.org\/fr\/","name":"UMOFC","description":"","publisher":{"@id":"https:\/\/wucwo.org\/fr\/#organization"},"potentialAction":[{"@type":"SearchAction","target":{"@type":"EntryPoint","urlTemplate":"https:\/\/wucwo.org\/fr\/?s={search_term_string}"},"query-input":{"@type":"PropertyValueSpecification","valueRequired":true,"valueName":"search_term_string"}}],"inLanguage":"fr-FR"},{"@type":"Organization","@id":"https:\/\/wucwo.org\/fr\/#organization","name":"UMOFC","url":"https:\/\/wucwo.org\/fr\/","logo":{"@type":"ImageObject","inLanguage":"fr-FR","@id":"https:\/\/wucwo.org\/fr\/#\/schema\/logo\/image\/","url":"https:\/\/wucwo.org\/wp-content\/uploads\/2025\/08\/Final-icono-scaled.png","contentUrl":"https:\/\/wucwo.org\/wp-content\/uploads\/2025\/08\/Final-icono-scaled.png","width":2560,"height":1811,"caption":"UMOFC"},"image":{"@id":"https:\/\/wucwo.org\/fr\/#\/schema\/logo\/image\/"},"sameAs":["https:\/\/www.facebook.com\/worldunionofcatholicwomensorganisations\/","https:\/\/www.instagram.com\/wucwo_umofc\/","https:\/\/www.linkedin.com\/company\/wucwo\/","https:\/\/www.youtube.com\/@WUCWOUMOFC","https:\/\/www.flickr.com\/photos\/203210007@N05\/albums"]},{"@type":"Person","@id":"https:\/\/wucwo.org\/fr\/#\/schema\/person\/08e9f0484d99df98b7b5a2da57e48536","name":"sercatol","image":{"@type":"ImageObject","inLanguage":"fr-FR","@id":"https:\/\/secure.gravatar.com\/avatar\/37d08368077c561bd440f25a25b44dffc8a49dd03ed8ac3d36eb9c07857d333e?s=96&d=mm&r=g","url":"https:\/\/secure.gravatar.com\/avatar\/37d08368077c561bd440f25a25b44dffc8a49dd03ed8ac3d36eb9c07857d333e?s=96&d=mm&r=g","contentUrl":"https:\/\/secure.gravatar.com\/avatar\/37d08368077c561bd440f25a25b44dffc8a49dd03ed8ac3d36eb9c07857d333e?s=96&d=mm&r=g","caption":"sercatol"},"url":"https:\/\/wucwo.org\/fr\/author\/sercatol\/"}]}},"_links":{"self":[{"href":"https:\/\/wucwo.org\/fr\/wp-json\/wp\/v2\/posts\/2131","targetHints":{"allow":["GET"]}}],"collection":[{"href":"https:\/\/wucwo.org\/fr\/wp-json\/wp\/v2\/posts"}],"about":[{"href":"https:\/\/wucwo.org\/fr\/wp-json\/wp\/v2\/types\/post"}],"author":[{"embeddable":true,"href":"https:\/\/wucwo.org\/fr\/wp-json\/wp\/v2\/users\/1"}],"replies":[{"embeddable":true,"href":"https:\/\/wucwo.org\/fr\/wp-json\/wp\/v2\/comments?post=2131"}],"version-history":[{"count":0,"href":"https:\/\/wucwo.org\/fr\/wp-json\/wp\/v2\/posts\/2131\/revisions"}],"wp:attachment":[{"href":"https:\/\/wucwo.org\/fr\/wp-json\/wp\/v2\/media?parent=2131"}],"wp:term":[{"taxonomy":"category","embeddable":true,"href":"https:\/\/wucwo.org\/fr\/wp-json\/wp\/v2\/categories?post=2131"},{"taxonomy":"post_tag","embeddable":true,"href":"https:\/\/wucwo.org\/fr\/wp-json\/wp\/v2\/tags?post=2131"}],"curies":[{"name":"wp","href":"https:\/\/api.w.org\/{rel}","templated":true}]}}