{"id":2153,"date":"2024-03-04T14:54:27","date_gmt":"2024-03-04T13:54:27","guid":{"rendered":"https:\/\/wucwo.org\/valori-erlefmininpourpromouvoirle-droit-etladignitdelaper-onne\/"},"modified":"2025-09-06T01:54:25","modified_gmt":"2025-09-05T23:54:25","slug":"valori-erlefmininpourpromouvoirle-droit-etladignitdelaper-onne","status":"publish","type":"post","link":"https:\/\/wucwo.org\/fr\/valori-erlefmininpourpromouvoirle-droit-etladignitdelaper-onne\/","title":{"rendered":"Valoriser le f\u00e9minin pour promouvoir les droits et la dignit\u00e9 de la personne"},"content":{"rendered":"<div>\n<p><img loading=\"lazy\" decoding=\"async\" src=\"https:\/\/xn--cristinaocaa-khb.es\/trabajosweb\/wp-content\/uploads\/umofc\/images\/Immagine1.jpg\" alt=\"Immagine1\" width=\"600\" height=\"331\" style=\"display: block; margin-left: auto; margin-right: auto; border: 0px solid #000000;\" \/><\/p>\n<p><strong>La maternit&eacute;, le travail et la famille <\/strong>: tels sont les th&egrave;mes au centre de la r&eacute;flexion promue par<strong> l&rsquo;Association <em>Beata Maria Cristina di Savoia<\/em> et le <em>Movimento Nazionale Donne UCID<\/em>, <\/strong>tous deux membres de<strong> l&rsquo;Union Mondiale des Organisations F&eacute;minines Catholiques (UMOFC).<\/strong><\/p>\n<p>Une r&eacute;flexion sur les profonds changements culturels en cours sur la voie de l&rsquo;&eacute;galit&eacute; des chances pour les femmes, de leur pleine participation &agrave; la vie sociale et politique et professionnelle, s&rsquo;est tenue dans la salle capitulaire du S&eacute;nat &agrave; S. Maria Sopra Minerva &agrave; Rome, en mettant surtout l&rsquo;accent sur les relations entre les hommes et les femmes et sur les droits et les devoirs inh&eacute;rents &agrave; la famille.<\/p>\n<p>En valorisant la sp&eacute;cificit&eacute; f&eacute;minine, il est urgent de d&eacute;fendre et de promouvoir la dignit&eacute; personnelle de la femme.<\/p>\n<p>Introduite par la Pr&eacute;sidente de l&rsquo;Association <em>Beata Maria Cristina di Savoia<\/em>, <strong>Silvana Alesiani<\/strong>, et par la secr&eacute;taire nationale <strong>Laura Frattari<\/strong>, la rencontre s&rsquo;est ouverte sur le prologue \u00ab\u00a0<em>La maternit&eacute; : un nouveau f&eacute;minisme?<\/em>\u00a0\u00bb du <strong>P&egrave;re Riccardo Lufrani<\/strong>, professeur de th&eacute;ologie &agrave; l&rsquo;Universit&eacute; Lumsa, qui a soulign&eacute; comment, plut&ocirc;t que de parler de r&ocirc;les, il faut mettre en valeur la vocation de chaque personne en assurant une pr&eacute;sence coordonn&eacute;e et harmonieuse des hommes et des femmes dans la vie et dans l&rsquo;exercice des responsabilit&eacute;s au sein du couple, de la famille et de la soci&eacute;t&eacute; pour une \u00ab\u00a0<em>civilisation de l&rsquo;amour<\/em>\u00ab\u00a0, comme Lufrani a voulu d&eacute;finir sa vision.<\/p>\n<p>L&acute;&eacute;galit&eacute; v&eacute;ritable de la femme se d&eacute;veloppe dans une dynamique de compl&eacute;mentarit&eacute; et de r&eacute;ciprocit&eacute; avec les hommes, une compl&eacute;mentarit&eacute; r&eacute;ciproque qui, rappelant le <em>Mulieris dignitatem<\/em> de Jean-Paul II, doit &ecirc;tre comprise comme une coresponsabilit&eacute; non seulement en termes de r&ocirc;les et de fonctions &agrave; remplir, mais surtout pour la structure et la signification personnelle. Il ne s&rsquo;agit pas d&rsquo;une &eacute;galit&eacute; statique et standardis&eacute;e, mais d&rsquo;une diversit&eacute; dans l&rsquo;&eacute;galit&eacute;, enrichissante et indispensable pour une coexistence humaine harmonieuse.<\/p>\n<p>Malheureusement, la tendance &agrave; rechercher une plus grande productivit&eacute; ou un profit toujours plus grand conduit &agrave; des processus de comp&eacute;tition. Nous sommes appel&eacute;s &agrave; trouver de v&eacute;ritables modes de relation entre nous, en consid&eacute;rant les diff&eacute;rences comme des richesses &agrave; exploiter pour le bien de tous.<\/p>\n<p>Il faut des outils pour faire face au changement d&rsquo;&eacute;poque en cours pour la compr&eacute;hension des ph&eacute;nom&egrave;nes et de l&rsquo;histoire, de ce que signifie la &laquo;&nbsp;maternit&eacute;&nbsp;&raquo;, autrement nous risquons de perdre notre identit&eacute; culturelle, les droits et la dignit&eacute; des personnes. La s&eacute;natrice <strong>Lavinia Mennuni<\/strong>, membre de la Commission budg&eacute;taire et de la Commission bicam&eacute;rale pour l&rsquo;enfance et l&rsquo;adolescence, face aux donn&eacute;es indiquant une moyenne d&rsquo;un peu plus d&rsquo;un enfant et un &acirc;ge de plus en plus avanc&eacute; pour devenir m&egrave;re ou m&ecirc;me renoncer &agrave; avoir des enfants par crainte de perdre son emploi, a rappel&eacute; que la natalit&eacute; est la priorit&eacute; de l&rsquo;agenda politique italien. Avec la man&oelig;uvre budg&eacute;taire 2024, le gouvernement a lanc&eacute; des mesures en faveur des familles, des jeunes et des all&egrave;gements fiscaux pour soutenir les parents, mais il faut certainement plus d&rsquo;incitations pour cr&eacute;er les bases d&rsquo;un projet pour les jeunes et, surtout, d&rsquo;une r&eacute;volution culturelle. La conviction est qu&rsquo;aujourd&rsquo;hui plus que jamais nous sommes &agrave; la recherche d&rsquo;une vision claire qui oriente notre soci&eacute;t&eacute;, dans une p&eacute;riode de changements profonds et in&eacute;vitables qu&rsquo;il faut saisir comme une opportunit&eacute; d&rsquo;enrichissement dans le respect des droits et des principes fondamentaux.<\/p>\n<p>Concilier travail et enfants est un projet possible et un chemin &agrave; partager selon <strong>Stefania Brancaccio<\/strong>, Pr&eacute;sidente du <em>Movimento Nazionale Donne UCID<\/em>, qui tient &agrave; partager son histoire d&rsquo;entrepreneuse pour transformer de l&rsquo;int&eacute;rieur les entreprises afin qu&rsquo;elles deviennent des lieux plus lumineux o&ugrave; l&rsquo;on valorise les personnes. Un engagement pris &agrave; la premi&egrave;re personne, et reconnu par la distinction de <em>Cavaliere del Lavoro<\/em>, pour &eacute;viter les difficult&eacute;s que de nombreuses femmes vivent au quotidien en raison de la relation conflictuelle entre la maternit&eacute; et les soins d&rsquo;une part, et le travail d&rsquo;autre part. Changer les organisations demande du courage, le courage de redonner aux soins et &agrave; la maternit&eacute; l&acute;importance qu&rsquo;ils m&eacute;ritent, non seulement d&rsquo;un point de vue social mais aussi &eacute;conomique. C&rsquo;est pr&eacute;cis&eacute;ment pour promouvoir des actions concr&egrave;tes et indiquer un chemin commun pour une transformation de l&rsquo;&eacute;conomie qui valorise les femmes dans la soci&eacute;t&eacute;, le travail et la famille, que le <em>Movimento Nazionale Donne UCID<\/em>, suivant l&rsquo;exhortation du Pape, a &eacute;galement pr&eacute;sent&eacute; une proposition y compris lors du G20, pour d&eacute;-fiscaliser le travail des femmes, et nous constatons avec plaisir que le Gouvernement va dans le sens d&rsquo;utiliser le levier fiscal pour soutenir les femmes qui travaillent et la famille. D&eacute;passant la logique des quotas roses.<\/p>\n<p>Il reste encore beaucoup &agrave; faire pour une v&eacute;ritable transformation, y compris sur le plan culturelle.<\/p>\n<p>Les donn&eacute;es sur l&rsquo;&eacute;tat de l&rsquo;inclusion et de l&#8217;emploi dans les entreprises ont &eacute;t&eacute; mises en &eacute;vidence par <strong>Stefania Grea<\/strong>, Secr&eacute;taire G&eacute;n&eacute;rale de la Fondation <em>Human Age Insitute, ManpowerGroup<\/em>, qui a soulign&eacute; que les femmes ne demandent pas tant de la flexibilit&eacute; que d&rsquo;&ecirc;tre mises en mesure de retourner au travail apr&egrave;s un cong&eacute; de maternit&eacute; en garantissant davantage d&acute;itin&eacute;raires d&acute;actualisation de comp&eacute;tences et de reconnaissance des aptitudes.<\/p>\n<p>Des facteurs qui influencent les disparit&eacute;s salariales qui existent malheureusement encore dans toutes les cat&eacute;gories professionnelles, comme l&rsquo;a indiqu&eacute; l&rsquo;avocat <strong>Filippo Romeo<\/strong>, Professeur de droit priv&eacute; &agrave; l&rsquo;Universit&eacute; Kore d&rsquo;Enna, qui a explor&eacute; le th&egrave;me de la violence &eacute;conomique et de l&rsquo;&eacute;cart salarial entre les hommes et les femmes. La d&eacute;l&eacute;gation des soins familiaux a une incidence &agrave; la fois sur les carri&egrave;res que sur les choix de quitter le travail et, trop souvent, les choix qui semblent initialement libres se r&eacute;v&egrave;lent &ecirc;tre de v&eacute;ritables d&eacute;pendances &eacute;conomiques, ou m&ecirc;me des violences contre la personne.<\/p>\n<p>Il est toujours tr&egrave;s utile de rappeler l&rsquo;histoire pour mieux comprendre la r&eacute;alit&eacute; du pr&eacute;sent et &ecirc;tre clair sur le chemin &agrave; parcourir. Dans ses conclusions, l&rsquo;avocate <strong>Laura Frattari<\/strong> a illustr&eacute; le parcours l&eacute;gislatif des droits de la femme, les difficult&eacute;s et les d&eacute;fis rencontr&eacute;s par les premi&egrave;res femmes qui sont entr&eacute;es en politique et ont apport&eacute; une contribution d&eacute;cisive menant aux conqu&ecirc;tes atteintes. Aujourd&rsquo;hui, il faut une clart&eacute; et une transparence extr&ecirc;mes des choix politiques afin que le chemin de l&rsquo;&eacute;galit&eacute; se poursuive, mais en &eacute;vitant qu&rsquo;il ne se transforme en actions pour l&rsquo;&eacute;galit&eacute; de modes de comportements, de concurrence, de rivalit&eacute;, avec le risque de pi&eacute;tiner les droits et la dignit&eacute; de l&rsquo;&ecirc;tre humain et d&rsquo;avoir des r&eacute;percussions n&eacute;gatives sur la famille.<\/p>\n<\/div>\n<p><img decoding=\"async\" src=\"https:\/\/xn--cristinaocaa-khb.es\/trabajosweb\/wp-content\/uploads\/umofc\/images\/images\/Immagine2.jpg\" alt=\"Immagine2\" style=\"border: 0px solid #000000; margin-right: 5px; margin-bottom: 5px; float: left;\" \/><\/p>\n<p><strong><a href=\"https:\/\/www.mariacristinadisavoia.it\/\">L&rsquo;Association <em>Maria Cristina di Savoia<\/em><\/a><\/strong> s&rsquo;est lanc&eacute;e dans une d&eacute;marche centr&eacute; sur le th&egrave;me social \u00ab\u00a0F&eacute;minin et f&eacute;minisme\u00a0\u00bb, en r&eacute;fl&eacute;chissant &agrave; l&rsquo;&eacute;galit&eacute; des sexes et aux d&eacute;fis auxquels les femmes sont confront&eacute;es dans le monde du travail. La r&eacute;flexion s&rsquo;&eacute;tend &agrave; la pr&eacute;servation de l&rsquo;identit&eacute; f&eacute;minine, en soulignant l&rsquo;importance de l&rsquo;acc&egrave;s aux opportunit&eacute;s d&#8217;emploi sans compromettre sa propre nature. Les principes de la Doctrine Sociale de l&rsquo;&Eacute;glise guident l&rsquo;association dans la promotion de la collaboration entre hommes et femmes fond&eacute; sur le respect mutuel, tant dans le mariage que dans les autres dimensions de la vie. Une attention particuli&egrave;re est accord&eacute;e &agrave; la maternit&eacute;, un sujet souvent n&eacute;glig&eacute;, et &agrave; l&rsquo;importance de la r&eacute;introduire dans le discours sur l&rsquo;&eacute;galit&eacute; des sexes. L&rsquo;association met en &oelig;uvre un projet intitul&eacute; \u00ab\u00a0Femmes artisanes\u00a0\u00bb afin de soutenir les femmes &eacute;conomiquement ind&eacute;pendantes par le biais de la cr&eacute;ativit&eacute;, conform&eacute;ment aux principes de la doctrine sociale de l&rsquo;&Eacute;glise. Le projet pilote sera pr&eacute;sent&eacute; le 8 mars &agrave; Enna.<\/p>\n<p><a href=\"https:\/\/ucid.it\/storia-dellucid\/\"><strong>L&rsquo;<em>UCID, Unione Cristiana Imprenditori Dirigenti<\/em><\/strong> (Union chr&eacute;tienne des entrepreneurs et des dirigeants<\/a>), est une association de personnes qui, depuis 1947, accueille tous ceux qui, avec un r&ocirc;le de responsabilit&eacute;, entendent s&rsquo;engager &agrave; t&eacute;moigner avec coh&eacute;rence le message de l&rsquo;&Eacute;vangile et de la doctrine sociale de l&rsquo;&Eacute;glise.<\/p>\n<p>Les valeurs de l&rsquo;esprit d&rsquo;entreprise &eacute;clair&eacute;es par la Foi trouvent dans le contexte de l&rsquo;UCID &agrave; la fois des formations ad&eacute;quates sur la centralit&eacute; de l&rsquo;entreprise en fonction de la centralit&eacute; de la personne, en fonction de la centralit&eacute; de Dieu, que des moments d&rsquo;application qualifi&eacute;s et innovants pour le d&eacute;veloppement et la construction du Bien Commun.<\/p>\n<p><a href=\"https:\/\/ucid.it\/blog\/2024\/02\/22\/valorizzare-il-femminile-per-promuovere-diritti-e-dignita-della-persona-a-cura-di-roberta-mazzeo-segretario-nazionale-movimento-donne-ucid\/\"><em><strong>Roberta Mazzeo<\/strong>, Secr&eacute;taire Nationale du Movimento Donne UCID.&nbsp;<\/em><strong><em>Cet article a &eacute;t&eacute; traduit&nbsp;de l&rsquo;original en&nbsp;italien<\/em><\/strong><\/a><\/p>\n<div>\n<p>&nbsp;<\/p>\n<\/div>\n","protected":false},"excerpt":{"rendered":"<p>La maternit&eacute;, le travail et la famille : tels sont les th&egrave;mes au centre de la r&eacute;flexion promue par l&rsquo;Association Beata Maria Cristina di Savoia et le Movimento Nazionale Donne UCID, tous deux membres de l&rsquo;Union Mondiale des Organisations F&eacute;minines Catholiques (UMOFC). Une r&eacute;flexion sur les profonds changements culturels en cours sur la voie de [&hellip;]<\/p>\n","protected":false},"author":1,"featured_media":0,"comment_status":"open","ping_status":"open","sticky":false,"template":"","format":"standard","meta":{"_et_pb_use_builder":"","_et_pb_old_content":"","_et_gb_content_width":"","footnotes":""},"categories":[7],"tags":[],"class_list":["post-2153","post","type-post","status-publish","format-standard","hentry","category-non-categorise"],"yoast_head":"<!-- This site is optimized with the Yoast SEO plugin v27.8 - https:\/\/yoast.com\/product\/yoast-seo-wordpress\/ -->\n<title>Valoriser le f\u00e9minin pour promouvoir les droits et la dignit\u00e9 de la personne - WUCWO - UMOFC<\/title>\n<meta name=\"robots\" content=\"index, follow, max-snippet:-1, max-image-preview:large, max-video-preview:-1\" \/>\n<link rel=\"canonical\" href=\"https:\/\/wucwo.org\/fr\/valori-erlefmininpourpromouvoirle-droit-etladignitdelaper-onne\/\" \/>\n<meta property=\"og:locale\" content=\"fr_FR\" \/>\n<meta property=\"og:type\" content=\"article\" \/>\n<meta property=\"og:title\" content=\"Valoriser le f\u00e9minin pour promouvoir les droits et la dignit\u00e9 de la personne - WUCWO - UMOFC\" \/>\n<meta property=\"og:description\" content=\"La maternit&eacute;, le travail et la famille : tels sont les th&egrave;mes au centre de la r&eacute;flexion promue par l&rsquo;Association Beata Maria Cristina di Savoia et le Movimento Nazionale Donne UCID, tous deux membres de l&rsquo;Union Mondiale des Organisations F&eacute;minines Catholiques (UMOFC). Une r&eacute;flexion sur les profonds changements culturels en cours sur la voie de [&hellip;]\" \/>\n<meta property=\"og:url\" content=\"https:\/\/wucwo.org\/fr\/valori-erlefmininpourpromouvoirle-droit-etladignitdelaper-onne\/\" \/>\n<meta property=\"og:site_name\" content=\"WUCWO - UMOFC\" \/>\n<meta property=\"article:publisher\" content=\"https:\/\/www.facebook.com\/worldunionofcatholicwomensorganisations\/\" \/>\n<meta property=\"article:published_time\" content=\"2024-03-04T13:54:27+00:00\" \/>\n<meta property=\"article:modified_time\" content=\"2025-09-05T23:54:25+00:00\" \/>\n<meta property=\"og:image\" content=\"https:\/\/xn--cristinaocaa-khb.es\/trabajosweb\/wp-content\/uploads\/umofc\/images\/Immagine1.jpg\" \/>\n<meta name=\"author\" content=\"sercatol\" \/>\n<meta name=\"twitter:card\" content=\"summary_large_image\" \/>\n<meta name=\"twitter:label1\" content=\"\u00c9crit par\" \/>\n\t<meta name=\"twitter:data1\" content=\"sercatol\" \/>\n\t<meta name=\"twitter:label2\" content=\"Dur\u00e9e de lecture estim\u00e9e\" \/>\n\t<meta name=\"twitter:data2\" content=\"7 minutes\" \/>\n<script type=\"application\/ld+json\" class=\"yoast-schema-graph\">{\"@context\":\"https:\\\/\\\/schema.org\",\"@graph\":[{\"@type\":\"Article\",\"@id\":\"https:\\\/\\\/wucwo.org\\\/fr\\\/valori-erlefmininpourpromouvoirle-droit-etladignitdelaper-onne\\\/#article\",\"isPartOf\":{\"@id\":\"https:\\\/\\\/wucwo.org\\\/fr\\\/valori-erlefmininpourpromouvoirle-droit-etladignitdelaper-onne\\\/\"},\"author\":{\"name\":\"sercatol\",\"@id\":\"https:\\\/\\\/wucwo.org\\\/fr\\\/#\\\/schema\\\/person\\\/08e9f0484d99df98b7b5a2da57e48536\"},\"headline\":\"Valoriser le f\u00e9minin pour promouvoir les droits et la dignit\u00e9 de la personne\",\"datePublished\":\"2024-03-04T13:54:27+00:00\",\"dateModified\":\"2025-09-05T23:54:25+00:00\",\"mainEntityOfPage\":{\"@id\":\"https:\\\/\\\/wucwo.org\\\/fr\\\/valori-erlefmininpourpromouvoirle-droit-etladignitdelaper-onne\\\/\"},\"wordCount\":1811,\"commentCount\":0,\"publisher\":{\"@id\":\"https:\\\/\\\/wucwo.org\\\/fr\\\/#organization\"},\"image\":{\"@id\":\"https:\\\/\\\/wucwo.org\\\/fr\\\/valori-erlefmininpourpromouvoirle-droit-etladignitdelaper-onne\\\/#primaryimage\"},\"thumbnailUrl\":\"https:\\\/\\\/xn--cristinaocaa-khb.es\\\/trabajosweb\\\/wp-content\\\/uploads\\\/umofc\\\/images\\\/Immagine1.jpg\",\"articleSection\":[\"Non cat\u00e9goris\u00e9\"],\"inLanguage\":\"fr-FR\",\"potentialAction\":[{\"@type\":\"CommentAction\",\"name\":\"Comment\",\"target\":[\"https:\\\/\\\/wucwo.org\\\/fr\\\/valori-erlefmininpourpromouvoirle-droit-etladignitdelaper-onne\\\/#respond\"]}]},{\"@type\":\"WebPage\",\"@id\":\"https:\\\/\\\/wucwo.org\\\/fr\\\/valori-erlefmininpourpromouvoirle-droit-etladignitdelaper-onne\\\/\",\"url\":\"https:\\\/\\\/wucwo.org\\\/fr\\\/valori-erlefmininpourpromouvoirle-droit-etladignitdelaper-onne\\\/\",\"name\":\"Valoriser le f\u00e9minin pour promouvoir les droits et la dignit\u00e9 de la personne - WUCWO - UMOFC\",\"isPartOf\":{\"@id\":\"https:\\\/\\\/wucwo.org\\\/fr\\\/#website\"},\"primaryImageOfPage\":{\"@id\":\"https:\\\/\\\/wucwo.org\\\/fr\\\/valori-erlefmininpourpromouvoirle-droit-etladignitdelaper-onne\\\/#primaryimage\"},\"image\":{\"@id\":\"https:\\\/\\\/wucwo.org\\\/fr\\\/valori-erlefmininpourpromouvoirle-droit-etladignitdelaper-onne\\\/#primaryimage\"},\"thumbnailUrl\":\"https:\\\/\\\/xn--cristinaocaa-khb.es\\\/trabajosweb\\\/wp-content\\\/uploads\\\/umofc\\\/images\\\/Immagine1.jpg\",\"datePublished\":\"2024-03-04T13:54:27+00:00\",\"dateModified\":\"2025-09-05T23:54:25+00:00\",\"breadcrumb\":{\"@id\":\"https:\\\/\\\/wucwo.org\\\/fr\\\/valori-erlefmininpourpromouvoirle-droit-etladignitdelaper-onne\\\/#breadcrumb\"},\"inLanguage\":\"fr-FR\",\"potentialAction\":[{\"@type\":\"ReadAction\",\"target\":[\"https:\\\/\\\/wucwo.org\\\/fr\\\/valori-erlefmininpourpromouvoirle-droit-etladignitdelaper-onne\\\/\"]}]},{\"@type\":\"ImageObject\",\"inLanguage\":\"fr-FR\",\"@id\":\"https:\\\/\\\/wucwo.org\\\/fr\\\/valori-erlefmininpourpromouvoirle-droit-etladignitdelaper-onne\\\/#primaryimage\",\"url\":\"https:\\\/\\\/xn--cristinaocaa-khb.es\\\/trabajosweb\\\/wp-content\\\/uploads\\\/umofc\\\/images\\\/Immagine1.jpg\",\"contentUrl\":\"https:\\\/\\\/xn--cristinaocaa-khb.es\\\/trabajosweb\\\/wp-content\\\/uploads\\\/umofc\\\/images\\\/Immagine1.jpg\"},{\"@type\":\"BreadcrumbList\",\"@id\":\"https:\\\/\\\/wucwo.org\\\/fr\\\/valori-erlefmininpourpromouvoirle-droit-etladignitdelaper-onne\\\/#breadcrumb\",\"itemListElement\":[{\"@type\":\"ListItem\",\"position\":1,\"name\":\"Portada\",\"item\":\"https:\\\/\\\/wucwo.org\\\/fr\\\/\"},{\"@type\":\"ListItem\",\"position\":2,\"name\":\"Valoriser le f\u00e9minin pour promouvoir les droits et la dignit\u00e9 de la personne\"}]},{\"@type\":\"WebSite\",\"@id\":\"https:\\\/\\\/wucwo.org\\\/fr\\\/#website\",\"url\":\"https:\\\/\\\/wucwo.org\\\/fr\\\/\",\"name\":\"UMOFC\",\"description\":\"\",\"publisher\":{\"@id\":\"https:\\\/\\\/wucwo.org\\\/fr\\\/#organization\"},\"potentialAction\":[{\"@type\":\"SearchAction\",\"target\":{\"@type\":\"EntryPoint\",\"urlTemplate\":\"https:\\\/\\\/wucwo.org\\\/fr\\\/?s={search_term_string}\"},\"query-input\":{\"@type\":\"PropertyValueSpecification\",\"valueRequired\":true,\"valueName\":\"search_term_string\"}}],\"inLanguage\":\"fr-FR\"},{\"@type\":\"Organization\",\"@id\":\"https:\\\/\\\/wucwo.org\\\/fr\\\/#organization\",\"name\":\"UMOFC\",\"url\":\"https:\\\/\\\/wucwo.org\\\/fr\\\/\",\"logo\":{\"@type\":\"ImageObject\",\"inLanguage\":\"fr-FR\",\"@id\":\"https:\\\/\\\/wucwo.org\\\/fr\\\/#\\\/schema\\\/logo\\\/image\\\/\",\"url\":\"https:\\\/\\\/wucwo.org\\\/wp-content\\\/uploads\\\/2025\\\/08\\\/Final-icono-scaled.png\",\"contentUrl\":\"https:\\\/\\\/wucwo.org\\\/wp-content\\\/uploads\\\/2025\\\/08\\\/Final-icono-scaled.png\",\"width\":2560,\"height\":1811,\"caption\":\"UMOFC\"},\"image\":{\"@id\":\"https:\\\/\\\/wucwo.org\\\/fr\\\/#\\\/schema\\\/logo\\\/image\\\/\"},\"sameAs\":[\"https:\\\/\\\/www.facebook.com\\\/worldunionofcatholicwomensorganisations\\\/\",\"https:\\\/\\\/www.instagram.com\\\/wucwo_umofc\\\/\",\"https:\\\/\\\/www.linkedin.com\\\/company\\\/wucwo\\\/\",\"https:\\\/\\\/www.youtube.com\\\/@WUCWOUMOFC\",\"https:\\\/\\\/www.flickr.com\\\/photos\\\/203210007@N05\\\/albums\"]},{\"@type\":\"Person\",\"@id\":\"https:\\\/\\\/wucwo.org\\\/fr\\\/#\\\/schema\\\/person\\\/08e9f0484d99df98b7b5a2da57e48536\",\"name\":\"sercatol\",\"image\":{\"@type\":\"ImageObject\",\"inLanguage\":\"fr-FR\",\"@id\":\"https:\\\/\\\/secure.gravatar.com\\\/avatar\\\/37d08368077c561bd440f25a25b44dffc8a49dd03ed8ac3d36eb9c07857d333e?s=96&d=mm&r=g\",\"url\":\"https:\\\/\\\/secure.gravatar.com\\\/avatar\\\/37d08368077c561bd440f25a25b44dffc8a49dd03ed8ac3d36eb9c07857d333e?s=96&d=mm&r=g\",\"contentUrl\":\"https:\\\/\\\/secure.gravatar.com\\\/avatar\\\/37d08368077c561bd440f25a25b44dffc8a49dd03ed8ac3d36eb9c07857d333e?s=96&d=mm&r=g\",\"caption\":\"sercatol\"},\"url\":\"https:\\\/\\\/wucwo.org\\\/fr\\\/author\\\/sercatol\\\/\"}]}<\/script>\n<!-- \/ Yoast SEO plugin. -->","yoast_head_json":{"title":"Valoriser le f\u00e9minin pour promouvoir les droits et la dignit\u00e9 de la personne - WUCWO - UMOFC","robots":{"index":"index","follow":"follow","max-snippet":"max-snippet:-1","max-image-preview":"max-image-preview:large","max-video-preview":"max-video-preview:-1"},"canonical":"https:\/\/wucwo.org\/fr\/valori-erlefmininpourpromouvoirle-droit-etladignitdelaper-onne\/","og_locale":"fr_FR","og_type":"article","og_title":"Valoriser le f\u00e9minin pour promouvoir les droits et la dignit\u00e9 de la personne - WUCWO - UMOFC","og_description":"La maternit&eacute;, le travail et la famille : tels sont les th&egrave;mes au centre de la r&eacute;flexion promue par l&rsquo;Association Beata Maria Cristina di Savoia et le Movimento Nazionale Donne UCID, tous deux membres de l&rsquo;Union Mondiale des Organisations F&eacute;minines Catholiques (UMOFC). Une r&eacute;flexion sur les profonds changements culturels en cours sur la voie de [&hellip;]","og_url":"https:\/\/wucwo.org\/fr\/valori-erlefmininpourpromouvoirle-droit-etladignitdelaper-onne\/","og_site_name":"WUCWO - UMOFC","article_publisher":"https:\/\/www.facebook.com\/worldunionofcatholicwomensorganisations\/","article_published_time":"2024-03-04T13:54:27+00:00","article_modified_time":"2025-09-05T23:54:25+00:00","og_image":[{"url":"https:\/\/xn--cristinaocaa-khb.es\/trabajosweb\/wp-content\/uploads\/umofc\/images\/Immagine1.jpg","type":"","width":"","height":""}],"author":"sercatol","twitter_card":"summary_large_image","twitter_misc":{"\u00c9crit par":"sercatol","Dur\u00e9e de lecture estim\u00e9e":"7 minutes"},"schema":{"@context":"https:\/\/schema.org","@graph":[{"@type":"Article","@id":"https:\/\/wucwo.org\/fr\/valori-erlefmininpourpromouvoirle-droit-etladignitdelaper-onne\/#article","isPartOf":{"@id":"https:\/\/wucwo.org\/fr\/valori-erlefmininpourpromouvoirle-droit-etladignitdelaper-onne\/"},"author":{"name":"sercatol","@id":"https:\/\/wucwo.org\/fr\/#\/schema\/person\/08e9f0484d99df98b7b5a2da57e48536"},"headline":"Valoriser le f\u00e9minin pour promouvoir les droits et la dignit\u00e9 de la personne","datePublished":"2024-03-04T13:54:27+00:00","dateModified":"2025-09-05T23:54:25+00:00","mainEntityOfPage":{"@id":"https:\/\/wucwo.org\/fr\/valori-erlefmininpourpromouvoirle-droit-etladignitdelaper-onne\/"},"wordCount":1811,"commentCount":0,"publisher":{"@id":"https:\/\/wucwo.org\/fr\/#organization"},"image":{"@id":"https:\/\/wucwo.org\/fr\/valori-erlefmininpourpromouvoirle-droit-etladignitdelaper-onne\/#primaryimage"},"thumbnailUrl":"https:\/\/xn--cristinaocaa-khb.es\/trabajosweb\/wp-content\/uploads\/umofc\/images\/Immagine1.jpg","articleSection":["Non cat\u00e9goris\u00e9"],"inLanguage":"fr-FR","potentialAction":[{"@type":"CommentAction","name":"Comment","target":["https:\/\/wucwo.org\/fr\/valori-erlefmininpourpromouvoirle-droit-etladignitdelaper-onne\/#respond"]}]},{"@type":"WebPage","@id":"https:\/\/wucwo.org\/fr\/valori-erlefmininpourpromouvoirle-droit-etladignitdelaper-onne\/","url":"https:\/\/wucwo.org\/fr\/valori-erlefmininpourpromouvoirle-droit-etladignitdelaper-onne\/","name":"Valoriser le f\u00e9minin pour promouvoir les droits et la dignit\u00e9 de la personne - WUCWO - UMOFC","isPartOf":{"@id":"https:\/\/wucwo.org\/fr\/#website"},"primaryImageOfPage":{"@id":"https:\/\/wucwo.org\/fr\/valori-erlefmininpourpromouvoirle-droit-etladignitdelaper-onne\/#primaryimage"},"image":{"@id":"https:\/\/wucwo.org\/fr\/valori-erlefmininpourpromouvoirle-droit-etladignitdelaper-onne\/#primaryimage"},"thumbnailUrl":"https:\/\/xn--cristinaocaa-khb.es\/trabajosweb\/wp-content\/uploads\/umofc\/images\/Immagine1.jpg","datePublished":"2024-03-04T13:54:27+00:00","dateModified":"2025-09-05T23:54:25+00:00","breadcrumb":{"@id":"https:\/\/wucwo.org\/fr\/valori-erlefmininpourpromouvoirle-droit-etladignitdelaper-onne\/#breadcrumb"},"inLanguage":"fr-FR","potentialAction":[{"@type":"ReadAction","target":["https:\/\/wucwo.org\/fr\/valori-erlefmininpourpromouvoirle-droit-etladignitdelaper-onne\/"]}]},{"@type":"ImageObject","inLanguage":"fr-FR","@id":"https:\/\/wucwo.org\/fr\/valori-erlefmininpourpromouvoirle-droit-etladignitdelaper-onne\/#primaryimage","url":"https:\/\/xn--cristinaocaa-khb.es\/trabajosweb\/wp-content\/uploads\/umofc\/images\/Immagine1.jpg","contentUrl":"https:\/\/xn--cristinaocaa-khb.es\/trabajosweb\/wp-content\/uploads\/umofc\/images\/Immagine1.jpg"},{"@type":"BreadcrumbList","@id":"https:\/\/wucwo.org\/fr\/valori-erlefmininpourpromouvoirle-droit-etladignitdelaper-onne\/#breadcrumb","itemListElement":[{"@type":"ListItem","position":1,"name":"Portada","item":"https:\/\/wucwo.org\/fr\/"},{"@type":"ListItem","position":2,"name":"Valoriser le f\u00e9minin pour promouvoir les droits et la dignit\u00e9 de la personne"}]},{"@type":"WebSite","@id":"https:\/\/wucwo.org\/fr\/#website","url":"https:\/\/wucwo.org\/fr\/","name":"UMOFC","description":"","publisher":{"@id":"https:\/\/wucwo.org\/fr\/#organization"},"potentialAction":[{"@type":"SearchAction","target":{"@type":"EntryPoint","urlTemplate":"https:\/\/wucwo.org\/fr\/?s={search_term_string}"},"query-input":{"@type":"PropertyValueSpecification","valueRequired":true,"valueName":"search_term_string"}}],"inLanguage":"fr-FR"},{"@type":"Organization","@id":"https:\/\/wucwo.org\/fr\/#organization","name":"UMOFC","url":"https:\/\/wucwo.org\/fr\/","logo":{"@type":"ImageObject","inLanguage":"fr-FR","@id":"https:\/\/wucwo.org\/fr\/#\/schema\/logo\/image\/","url":"https:\/\/wucwo.org\/wp-content\/uploads\/2025\/08\/Final-icono-scaled.png","contentUrl":"https:\/\/wucwo.org\/wp-content\/uploads\/2025\/08\/Final-icono-scaled.png","width":2560,"height":1811,"caption":"UMOFC"},"image":{"@id":"https:\/\/wucwo.org\/fr\/#\/schema\/logo\/image\/"},"sameAs":["https:\/\/www.facebook.com\/worldunionofcatholicwomensorganisations\/","https:\/\/www.instagram.com\/wucwo_umofc\/","https:\/\/www.linkedin.com\/company\/wucwo\/","https:\/\/www.youtube.com\/@WUCWOUMOFC","https:\/\/www.flickr.com\/photos\/203210007@N05\/albums"]},{"@type":"Person","@id":"https:\/\/wucwo.org\/fr\/#\/schema\/person\/08e9f0484d99df98b7b5a2da57e48536","name":"sercatol","image":{"@type":"ImageObject","inLanguage":"fr-FR","@id":"https:\/\/secure.gravatar.com\/avatar\/37d08368077c561bd440f25a25b44dffc8a49dd03ed8ac3d36eb9c07857d333e?s=96&d=mm&r=g","url":"https:\/\/secure.gravatar.com\/avatar\/37d08368077c561bd440f25a25b44dffc8a49dd03ed8ac3d36eb9c07857d333e?s=96&d=mm&r=g","contentUrl":"https:\/\/secure.gravatar.com\/avatar\/37d08368077c561bd440f25a25b44dffc8a49dd03ed8ac3d36eb9c07857d333e?s=96&d=mm&r=g","caption":"sercatol"},"url":"https:\/\/wucwo.org\/fr\/author\/sercatol\/"}]}},"_links":{"self":[{"href":"https:\/\/wucwo.org\/fr\/wp-json\/wp\/v2\/posts\/2153","targetHints":{"allow":["GET"]}}],"collection":[{"href":"https:\/\/wucwo.org\/fr\/wp-json\/wp\/v2\/posts"}],"about":[{"href":"https:\/\/wucwo.org\/fr\/wp-json\/wp\/v2\/types\/post"}],"author":[{"embeddable":true,"href":"https:\/\/wucwo.org\/fr\/wp-json\/wp\/v2\/users\/1"}],"replies":[{"embeddable":true,"href":"https:\/\/wucwo.org\/fr\/wp-json\/wp\/v2\/comments?post=2153"}],"version-history":[{"count":0,"href":"https:\/\/wucwo.org\/fr\/wp-json\/wp\/v2\/posts\/2153\/revisions"}],"wp:attachment":[{"href":"https:\/\/wucwo.org\/fr\/wp-json\/wp\/v2\/media?parent=2153"}],"wp:term":[{"taxonomy":"category","embeddable":true,"href":"https:\/\/wucwo.org\/fr\/wp-json\/wp\/v2\/categories?post=2153"},{"taxonomy":"post_tag","embeddable":true,"href":"https:\/\/wucwo.org\/fr\/wp-json\/wp\/v2\/tags?post=2153"}],"curies":[{"name":"wp","href":"https:\/\/api.w.org\/{rel}","templated":true}]}}