{"id":2294,"date":"2024-12-18T10:54:47","date_gmt":"2024-12-18T09:54:47","guid":{"rendered":"https:\/\/wucwo.org\/femme-migrante-renforcementin-titutionnel\/"},"modified":"2025-09-05T16:14:05","modified_gmt":"2025-09-05T14:14:05","slug":"femme-migrante-renforcementin-titutionnel","status":"publish","type":"post","link":"https:\/\/wucwo.org\/fr\/femme-migrante-renforcementin-titutionnel\/","title":{"rendered":"Femmes migrantes : renforcement institutionnel"},"content":{"rendered":"<p><img loading=\"lazy\" decoding=\"async\" src=\"https:\/\/xn--cristinaocaa-khb.es\/trabajosweb\/wp-content\/uploads\/umofc\/images\/FORTA.jpg\" alt=\"FORTA\" width=\"600\" height=\"306\" style=\"display: block; margin-left: auto; margin-right: auto; border: 0px #000000;\" \/><\/p>\n<p style=\"text-align: center;\"><i><span style=\"font-family: Arial, sans-serif;\">Le renforcement institutionnel comme outil pour contribuer &agrave; la prise en charge int&eacute;grale des femmes migrantes au Mexique<\/span><\/i><\/p>\n<p><span style=\"font-family: Arial, sans-serif;\">Dans le cadre des activit&eacute;s du projet \u00ab\u00a0Acc&egrave;s des femmes migrantes &agrave; la justice au Mexique\u00a0\u00bb &nbsp;r&eacute;alis&eacute; avec le soutien de la Fondation Hilton, l&rsquo;Observatoire Mondial des Femmes (WWO) de l&rsquo;Union Mondiale des Organisations F&eacute;minines Catholiques (UMOFC), a lanc&eacute; de concert avec la <i>Corporativa de Fundaciones<\/i> et de FORTA, un mod&egrave;le d&rsquo;accompagnement pour le renforcement institutionnel de 16 organisations qui travaillent dans diff&eacute;rentes r&eacute;gions du Mexique et qui offrent une assistance directe aux femmes migrantes et aux femmes qui ont besoin d&rsquo;une protection internationale.<\/span><\/p>\n<p><\/p>\n<p><span style=\"font-family: Arial, sans-serif;\">Les participants &agrave; l&rsquo;atelier sont des foyers et des centres d&rsquo;h&eacute;bergement pour migrants, qui fournissent une assistance sociale et des soins de premi&egrave;re ligne, que ce soit en transit ou lors de s&eacute;jours prolong&eacute;s, et les organisations de soins, qui sont sp&eacute;cialis&eacute;es dans le soutien juridique, l&rsquo;acc&egrave;s aux droits et l&rsquo;int&eacute;gration sociale, entre autres. Parfois, ces organisations se consacrent &agrave; intervenir dans toutes les activit&eacute;s susmentionn&eacute;es, ce qui g&eacute;n&egrave;re une charge de travail tr&egrave;s intense qui n&eacute;cessite de s&rsquo;entourer de collaborateurs sp&eacute;cialis&eacute;s et d&rsquo;une formation constante des &eacute;quipes, leur permettant de disposer des meilleurs outils pour le d&eacute;veloppement de l&rsquo;organisation elle-m&ecirc;me. Ce groupe dispose &eacute;galement de la richesse de pouvoir compter sur des congr&eacute;gations religieuses et des organisations de la&iuml;cs. Dans ce contexte, il est important de renforcer et mettre en place des capacit&eacute;s institutionnelles et techniques qui contribuent &agrave; l&rsquo;efficacit&eacute; et &agrave; l&rsquo;efficience de leurs interventions. <\/span><\/p>\n<p><span style=\"font-family: Arial, sans-serif;\">Le 15 octobre 2024, nous avons entam&eacute; virtuellement ce processus de renforcement institutionnel, en abordant les th&egrave;mes suivants : <\/span><\/p>\n<ol start=\"1\" style=\"margin-top: 0cm;\">\n<li style=\"margin-bottom: 0cm; border: none;\"><b><span style=\"font-family: Arial, sans-serif;\">Gouvernance : <\/span><\/b><span style=\"font-family: Arial, sans-serif;\">structure organisationnelle, Conseil de direction. Planification de la succession. <\/span><\/li>\n<li style=\"margin-bottom: 0cm; border: none;\"><b><span style=\"font-family: Arial, sans-serif;\">Administration et gestion financi&egrave;res : <\/span><\/b><span style=\"font-family: Arial, sans-serif;\">politiques et proc&eacute;dures administratives, informations et syst&egrave;mes financiers, budg&eacute;tisation, contr&ocirc;les internes. <\/span><\/li>\n<li style=\"margin-bottom: 0cm; border: none;\"><b><span style=\"font-family: Arial, sans-serif;\">Ressources humaines : <\/span><\/b><span style=\"font-family: Arial, sans-serif;\">description des postes de travail, politique de recrutement, &eacute;valuation des performances <\/span><\/li>\n<li style=\"margin-bottom: 0cm; border: none;\"><b><span style=\"font-family: Arial, sans-serif;\">Gestion des dons :<\/span><\/b><span style=\"font-family: Arial, sans-serif;\"> Cas institutionnel. Diversification des financements, strat&eacute;gies de collecte de fonds. <\/span><span style=\"font-family: Arial, sans-serif;\">Relations publiques <\/span><\/li>\n<li style=\"margin-bottom: 0cm; border: none;\"><b><span style=\"font-family: Arial, sans-serif;\">Planification strat&eacute;gique : <\/span><\/b><span style=\"font-family: Arial, sans-serif;\">mission et vision, objectifs sp&eacute;cifiques, planification des activit&eacute;s, suivi et &eacute;valuation des objectifs. <\/span><\/li>\n<li style=\"border: none;\"><b><span style=\"font-family: Arial, sans-serif;\">Conception du mod&egrave;le d&rsquo;intervention : <\/span><\/b><span style=\"font-family: Arial, sans-serif;\">utilisation de donn&eacute;es probantes dans les mod&egrave;les. <\/span><span style=\"font-family: Arial, sans-serif;\">Th&eacute;orie du changement. &Eacute;laboration d&rsquo;indicateurs. Plan de suivi.<\/span><\/li>\n<\/ol>\n<p><span style=\"font-family: Arial, sans-serif;\">Les organisations qui participent &agrave; cet atelier de renforcement institutionnel sont les suivantes:<\/span><\/p>\n<p style=\"margin-bottom: 0cm; border: none;\"><span style=\"font-family: Arial, sans-serif;\">1. Centro de Orientaci&oacute;n del Migrante de Oaxaca, A.C. (COMI)<\/span><\/p>\n<p style=\"margin-bottom: 0cm; border: none;\"><span style=\"font-family: Arial, sans-serif;\">2. Instituto para las Mujeres en la Migraci&oacute;n, A.C. (IMUMI)<\/span><\/p>\n<p style=\"margin-bottom: 0cm; border: none;\"><span style=\"font-family: Arial, sans-serif;\">3. Apoyo a Migrantes Venezolanos, A.C.<\/span><\/p>\n<p style=\"margin-bottom: 0cm; border: none;\"><span style=\"font-family: Arial, sans-serif;\">4. Scalabrinianas Misi&oacute;n con Migrantes y Refugiados, (SMR)<\/span><\/p>\n<p style=\"margin-bottom: 0cm; border: none;\"><span style=\"font-family: Arial, sans-serif;\">5. Casa del Migrante Sin Fronteras<\/span><\/p>\n<p style=\"margin-bottom: 0cm; border: none;\"><span style=\"font-family: Arial, sans-serif;\">6. Centro De Apoyo Marista Al Migrante, (CAMMI)<\/span><\/p>\n<p style=\"margin-bottom: 0cm; border: none;\"><span style=\"font-family: Arial, sans-serif;\">7. Albergue Hospitalidad y Solidaridad<\/span><\/p>\n<p style=\"margin-bottom: 0cm; border: none;\"><span style=\"font-family: Arial, sans-serif;\">8. Oasis Providencia, A.C. &#8211; Albergue Decanal Guadalupano<\/span><\/p>\n<p style=\"margin-bottom: 0cm; border: none;\"><span style=\"font-family: Arial, sans-serif;\">9. Espacio Migrante, A.C.<\/span><\/p>\n<p style=\"margin-bottom: 0cm; border: none;\"><span style=\"font-family: Arial, sans-serif;\">10. Casa Del Caminante Samuel Ruiz Garc&iacute;a, A.C.<\/span><\/p>\n<p style=\"margin-bottom: 0cm; border: none;\"><span style=\"font-family: Arial, sans-serif;\">11. Albergue La Sagrada Familia, A.C.<\/span><\/p>\n<p style=\"margin-bottom: 0cm; border: none;\"><span style=\"font-family: Arial, sans-serif;\">12. Servicio Jesuita a Refugiados, (SJR)<\/span><\/p>\n<p style=\"margin-bottom: 0cm; border: none;\"><span style=\"font-family: Arial, sans-serif;\">13. Sin Fronteras, IAP<\/span><\/p>\n<p style=\"margin-bottom: 0cm; border: none;\"><span style=\"font-family: Arial, sans-serif;\">14. Uno de Siete Migrando, A.C.<\/span><\/p>\n<p style=\"margin-bottom: 0cm; border: none;\"><span style=\"font-family: Arial, sans-serif;\">15. AMSIF Formaci&oacute;n Integral para la Mujer<\/span><\/p>\n<p style=\"margin-bottom: 0cm; border: none;\"><span style=\"font-family: Arial, sans-serif;\">16. Casa del Migrante Monse&ntilde;or Guillermo, A.C. (Casa Ranzahuer)&nbsp;<\/span><\/p>\n<p style=\"margin-bottom: 0cm; border: none;\"><span style=\"font-family: Arial, sans-serif;\"><\/span><span style=\"font-family: Arial, sans-serif;\">Ce cours se terminera en mars 2025, par une session en face &agrave; face &agrave; Mexico CDMX, o&ugrave; des dipl&ocirc;mes seront remis aux organisations qui auront suivi la formation avec succ&egrave;s, en plus de renforcer le r&eacute;seau qui se construit &agrave; partir du travail effectu&eacute;.<\/span><\/p>\n","protected":false},"excerpt":{"rendered":"<p>Le renforcement institutionnel comme outil pour contribuer &agrave; la prise en charge int&eacute;grale des femmes migrantes au Mexique Dans le cadre des activit&eacute;s du projet \u00ab\u00a0Acc&egrave;s des femmes migrantes &agrave; la justice au Mexique\u00a0\u00bb &nbsp;r&eacute;alis&eacute; avec le soutien de la Fondation Hilton, l&rsquo;Observatoire Mondial des Femmes (WWO) de l&rsquo;Union Mondiale des Organisations F&eacute;minines Catholiques (UMOFC), [&hellip;]<\/p>\n","protected":false},"author":1,"featured_media":0,"comment_status":"open","ping_status":"open","sticky":false,"template":"","format":"standard","meta":{"_et_pb_use_builder":"","_et_pb_old_content":"","_et_gb_content_width":"","footnotes":""},"categories":[135,148],"tags":[],"class_list":["post-2294","post","type-post","status-publish","format-standard","hentry","category-nouvelles-migrants-refugies","category-nouvelles-wwo"],"yoast_head":"<!-- This site is optimized with the Yoast SEO plugin v27.8 - https:\/\/yoast.com\/product\/yoast-seo-wordpress\/ -->\n<title>Femmes migrantes : renforcement institutionnel - WUCWO - UMOFC<\/title>\n<meta name=\"robots\" content=\"index, follow, max-snippet:-1, max-image-preview:large, max-video-preview:-1\" \/>\n<link rel=\"canonical\" href=\"https:\/\/wucwo.org\/fr\/femme-migrante-renforcementin-titutionnel\/\" \/>\n<meta property=\"og:locale\" content=\"fr_FR\" \/>\n<meta property=\"og:type\" content=\"article\" \/>\n<meta property=\"og:title\" content=\"Femmes migrantes : renforcement institutionnel - WUCWO - UMOFC\" \/>\n<meta property=\"og:description\" content=\"Le renforcement institutionnel comme outil pour contribuer &agrave; la prise en charge int&eacute;grale des femmes migrantes au Mexique Dans le cadre des activit&eacute;s du projet \u00ab\u00a0Acc&egrave;s des femmes migrantes &agrave; la justice au Mexique\u00a0\u00bb &nbsp;r&eacute;alis&eacute; avec le soutien de la Fondation Hilton, l&rsquo;Observatoire Mondial des Femmes (WWO) de l&rsquo;Union Mondiale des Organisations F&eacute;minines Catholiques (UMOFC), [&hellip;]\" \/>\n<meta property=\"og:url\" content=\"https:\/\/wucwo.org\/fr\/femme-migrante-renforcementin-titutionnel\/\" \/>\n<meta property=\"og:site_name\" content=\"WUCWO - UMOFC\" \/>\n<meta property=\"article:publisher\" content=\"https:\/\/www.facebook.com\/worldunionofcatholicwomensorganisations\/\" \/>\n<meta property=\"article:published_time\" content=\"2024-12-18T09:54:47+00:00\" \/>\n<meta property=\"article:modified_time\" content=\"2025-09-05T14:14:05+00:00\" \/>\n<meta property=\"og:image\" content=\"https:\/\/xn--cristinaocaa-khb.es\/trabajosweb\/wp-content\/uploads\/umofc\/images\/FORTA.jpg\" \/>\n<meta name=\"author\" content=\"sercatol\" \/>\n<meta name=\"twitter:card\" content=\"summary_large_image\" \/>\n<meta name=\"twitter:label1\" content=\"\u00c9crit par\" \/>\n\t<meta name=\"twitter:data1\" content=\"sercatol\" \/>\n\t<meta name=\"twitter:label2\" content=\"Dur\u00e9e de lecture estim\u00e9e\" \/>\n\t<meta name=\"twitter:data2\" content=\"3 minutes\" \/>\n<script type=\"application\/ld+json\" class=\"yoast-schema-graph\">{\"@context\":\"https:\\\/\\\/schema.org\",\"@graph\":[{\"@type\":\"Article\",\"@id\":\"https:\\\/\\\/wucwo.org\\\/fr\\\/femme-migrante-renforcementin-titutionnel\\\/#article\",\"isPartOf\":{\"@id\":\"https:\\\/\\\/wucwo.org\\\/fr\\\/femme-migrante-renforcementin-titutionnel\\\/\"},\"author\":{\"name\":\"sercatol\",\"@id\":\"https:\\\/\\\/wucwo.org\\\/fr\\\/#\\\/schema\\\/person\\\/08e9f0484d99df98b7b5a2da57e48536\"},\"headline\":\"Femmes migrantes : renforcement institutionnel\",\"datePublished\":\"2024-12-18T09:54:47+00:00\",\"dateModified\":\"2025-09-05T14:14:05+00:00\",\"mainEntityOfPage\":{\"@id\":\"https:\\\/\\\/wucwo.org\\\/fr\\\/femme-migrante-renforcementin-titutionnel\\\/\"},\"wordCount\":648,\"commentCount\":0,\"publisher\":{\"@id\":\"https:\\\/\\\/wucwo.org\\\/fr\\\/#organization\"},\"image\":{\"@id\":\"https:\\\/\\\/wucwo.org\\\/fr\\\/femme-migrante-renforcementin-titutionnel\\\/#primaryimage\"},\"thumbnailUrl\":\"https:\\\/\\\/xn--cristinaocaa-khb.es\\\/trabajosweb\\\/wp-content\\\/uploads\\\/umofc\\\/images\\\/FORTA.jpg\",\"articleSection\":[\"Migrants et R\u00e9fugi\u00e9s\",\"WWO\"],\"inLanguage\":\"fr-FR\",\"potentialAction\":[{\"@type\":\"CommentAction\",\"name\":\"Comment\",\"target\":[\"https:\\\/\\\/wucwo.org\\\/fr\\\/femme-migrante-renforcementin-titutionnel\\\/#respond\"]}]},{\"@type\":\"WebPage\",\"@id\":\"https:\\\/\\\/wucwo.org\\\/fr\\\/femme-migrante-renforcementin-titutionnel\\\/\",\"url\":\"https:\\\/\\\/wucwo.org\\\/fr\\\/femme-migrante-renforcementin-titutionnel\\\/\",\"name\":\"Femmes migrantes : renforcement institutionnel - WUCWO - UMOFC\",\"isPartOf\":{\"@id\":\"https:\\\/\\\/wucwo.org\\\/fr\\\/#website\"},\"primaryImageOfPage\":{\"@id\":\"https:\\\/\\\/wucwo.org\\\/fr\\\/femme-migrante-renforcementin-titutionnel\\\/#primaryimage\"},\"image\":{\"@id\":\"https:\\\/\\\/wucwo.org\\\/fr\\\/femme-migrante-renforcementin-titutionnel\\\/#primaryimage\"},\"thumbnailUrl\":\"https:\\\/\\\/xn--cristinaocaa-khb.es\\\/trabajosweb\\\/wp-content\\\/uploads\\\/umofc\\\/images\\\/FORTA.jpg\",\"datePublished\":\"2024-12-18T09:54:47+00:00\",\"dateModified\":\"2025-09-05T14:14:05+00:00\",\"breadcrumb\":{\"@id\":\"https:\\\/\\\/wucwo.org\\\/fr\\\/femme-migrante-renforcementin-titutionnel\\\/#breadcrumb\"},\"inLanguage\":\"fr-FR\",\"potentialAction\":[{\"@type\":\"ReadAction\",\"target\":[\"https:\\\/\\\/wucwo.org\\\/fr\\\/femme-migrante-renforcementin-titutionnel\\\/\"]}]},{\"@type\":\"ImageObject\",\"inLanguage\":\"fr-FR\",\"@id\":\"https:\\\/\\\/wucwo.org\\\/fr\\\/femme-migrante-renforcementin-titutionnel\\\/#primaryimage\",\"url\":\"https:\\\/\\\/xn--cristinaocaa-khb.es\\\/trabajosweb\\\/wp-content\\\/uploads\\\/umofc\\\/images\\\/FORTA.jpg\",\"contentUrl\":\"https:\\\/\\\/xn--cristinaocaa-khb.es\\\/trabajosweb\\\/wp-content\\\/uploads\\\/umofc\\\/images\\\/FORTA.jpg\"},{\"@type\":\"BreadcrumbList\",\"@id\":\"https:\\\/\\\/wucwo.org\\\/fr\\\/femme-migrante-renforcementin-titutionnel\\\/#breadcrumb\",\"itemListElement\":[{\"@type\":\"ListItem\",\"position\":1,\"name\":\"Portada\",\"item\":\"https:\\\/\\\/wucwo.org\\\/fr\\\/\"},{\"@type\":\"ListItem\",\"position\":2,\"name\":\"Femmes migrantes : renforcement institutionnel\"}]},{\"@type\":\"WebSite\",\"@id\":\"https:\\\/\\\/wucwo.org\\\/fr\\\/#website\",\"url\":\"https:\\\/\\\/wucwo.org\\\/fr\\\/\",\"name\":\"UMOFC\",\"description\":\"\",\"publisher\":{\"@id\":\"https:\\\/\\\/wucwo.org\\\/fr\\\/#organization\"},\"potentialAction\":[{\"@type\":\"SearchAction\",\"target\":{\"@type\":\"EntryPoint\",\"urlTemplate\":\"https:\\\/\\\/wucwo.org\\\/fr\\\/?s={search_term_string}\"},\"query-input\":{\"@type\":\"PropertyValueSpecification\",\"valueRequired\":true,\"valueName\":\"search_term_string\"}}],\"inLanguage\":\"fr-FR\"},{\"@type\":\"Organization\",\"@id\":\"https:\\\/\\\/wucwo.org\\\/fr\\\/#organization\",\"name\":\"UMOFC\",\"url\":\"https:\\\/\\\/wucwo.org\\\/fr\\\/\",\"logo\":{\"@type\":\"ImageObject\",\"inLanguage\":\"fr-FR\",\"@id\":\"https:\\\/\\\/wucwo.org\\\/fr\\\/#\\\/schema\\\/logo\\\/image\\\/\",\"url\":\"https:\\\/\\\/wucwo.org\\\/wp-content\\\/uploads\\\/2025\\\/08\\\/Final-icono-scaled.png\",\"contentUrl\":\"https:\\\/\\\/wucwo.org\\\/wp-content\\\/uploads\\\/2025\\\/08\\\/Final-icono-scaled.png\",\"width\":2560,\"height\":1811,\"caption\":\"UMOFC\"},\"image\":{\"@id\":\"https:\\\/\\\/wucwo.org\\\/fr\\\/#\\\/schema\\\/logo\\\/image\\\/\"},\"sameAs\":[\"https:\\\/\\\/www.facebook.com\\\/worldunionofcatholicwomensorganisations\\\/\",\"https:\\\/\\\/www.instagram.com\\\/wucwo_umofc\\\/\",\"https:\\\/\\\/www.linkedin.com\\\/company\\\/wucwo\\\/\",\"https:\\\/\\\/www.youtube.com\\\/@WUCWOUMOFC\",\"https:\\\/\\\/www.flickr.com\\\/photos\\\/203210007@N05\\\/albums\"]},{\"@type\":\"Person\",\"@id\":\"https:\\\/\\\/wucwo.org\\\/fr\\\/#\\\/schema\\\/person\\\/08e9f0484d99df98b7b5a2da57e48536\",\"name\":\"sercatol\",\"image\":{\"@type\":\"ImageObject\",\"inLanguage\":\"fr-FR\",\"@id\":\"https:\\\/\\\/secure.gravatar.com\\\/avatar\\\/37d08368077c561bd440f25a25b44dffc8a49dd03ed8ac3d36eb9c07857d333e?s=96&d=mm&r=g\",\"url\":\"https:\\\/\\\/secure.gravatar.com\\\/avatar\\\/37d08368077c561bd440f25a25b44dffc8a49dd03ed8ac3d36eb9c07857d333e?s=96&d=mm&r=g\",\"contentUrl\":\"https:\\\/\\\/secure.gravatar.com\\\/avatar\\\/37d08368077c561bd440f25a25b44dffc8a49dd03ed8ac3d36eb9c07857d333e?s=96&d=mm&r=g\",\"caption\":\"sercatol\"},\"url\":\"https:\\\/\\\/wucwo.org\\\/fr\\\/author\\\/sercatol\\\/\"}]}<\/script>\n<!-- \/ Yoast SEO plugin. -->","yoast_head_json":{"title":"Femmes migrantes : renforcement institutionnel - WUCWO - UMOFC","robots":{"index":"index","follow":"follow","max-snippet":"max-snippet:-1","max-image-preview":"max-image-preview:large","max-video-preview":"max-video-preview:-1"},"canonical":"https:\/\/wucwo.org\/fr\/femme-migrante-renforcementin-titutionnel\/","og_locale":"fr_FR","og_type":"article","og_title":"Femmes migrantes : renforcement institutionnel - WUCWO - UMOFC","og_description":"Le renforcement institutionnel comme outil pour contribuer &agrave; la prise en charge int&eacute;grale des femmes migrantes au Mexique Dans le cadre des activit&eacute;s du projet \u00ab\u00a0Acc&egrave;s des femmes migrantes &agrave; la justice au Mexique\u00a0\u00bb &nbsp;r&eacute;alis&eacute; avec le soutien de la Fondation Hilton, l&rsquo;Observatoire Mondial des Femmes (WWO) de l&rsquo;Union Mondiale des Organisations F&eacute;minines Catholiques (UMOFC), [&hellip;]","og_url":"https:\/\/wucwo.org\/fr\/femme-migrante-renforcementin-titutionnel\/","og_site_name":"WUCWO - UMOFC","article_publisher":"https:\/\/www.facebook.com\/worldunionofcatholicwomensorganisations\/","article_published_time":"2024-12-18T09:54:47+00:00","article_modified_time":"2025-09-05T14:14:05+00:00","og_image":[{"url":"https:\/\/xn--cristinaocaa-khb.es\/trabajosweb\/wp-content\/uploads\/umofc\/images\/FORTA.jpg","type":"","width":"","height":""}],"author":"sercatol","twitter_card":"summary_large_image","twitter_misc":{"\u00c9crit par":"sercatol","Dur\u00e9e de lecture estim\u00e9e":"3 minutes"},"schema":{"@context":"https:\/\/schema.org","@graph":[{"@type":"Article","@id":"https:\/\/wucwo.org\/fr\/femme-migrante-renforcementin-titutionnel\/#article","isPartOf":{"@id":"https:\/\/wucwo.org\/fr\/femme-migrante-renforcementin-titutionnel\/"},"author":{"name":"sercatol","@id":"https:\/\/wucwo.org\/fr\/#\/schema\/person\/08e9f0484d99df98b7b5a2da57e48536"},"headline":"Femmes migrantes : renforcement institutionnel","datePublished":"2024-12-18T09:54:47+00:00","dateModified":"2025-09-05T14:14:05+00:00","mainEntityOfPage":{"@id":"https:\/\/wucwo.org\/fr\/femme-migrante-renforcementin-titutionnel\/"},"wordCount":648,"commentCount":0,"publisher":{"@id":"https:\/\/wucwo.org\/fr\/#organization"},"image":{"@id":"https:\/\/wucwo.org\/fr\/femme-migrante-renforcementin-titutionnel\/#primaryimage"},"thumbnailUrl":"https:\/\/xn--cristinaocaa-khb.es\/trabajosweb\/wp-content\/uploads\/umofc\/images\/FORTA.jpg","articleSection":["Migrants et R\u00e9fugi\u00e9s","WWO"],"inLanguage":"fr-FR","potentialAction":[{"@type":"CommentAction","name":"Comment","target":["https:\/\/wucwo.org\/fr\/femme-migrante-renforcementin-titutionnel\/#respond"]}]},{"@type":"WebPage","@id":"https:\/\/wucwo.org\/fr\/femme-migrante-renforcementin-titutionnel\/","url":"https:\/\/wucwo.org\/fr\/femme-migrante-renforcementin-titutionnel\/","name":"Femmes migrantes : renforcement institutionnel - WUCWO - UMOFC","isPartOf":{"@id":"https:\/\/wucwo.org\/fr\/#website"},"primaryImageOfPage":{"@id":"https:\/\/wucwo.org\/fr\/femme-migrante-renforcementin-titutionnel\/#primaryimage"},"image":{"@id":"https:\/\/wucwo.org\/fr\/femme-migrante-renforcementin-titutionnel\/#primaryimage"},"thumbnailUrl":"https:\/\/xn--cristinaocaa-khb.es\/trabajosweb\/wp-content\/uploads\/umofc\/images\/FORTA.jpg","datePublished":"2024-12-18T09:54:47+00:00","dateModified":"2025-09-05T14:14:05+00:00","breadcrumb":{"@id":"https:\/\/wucwo.org\/fr\/femme-migrante-renforcementin-titutionnel\/#breadcrumb"},"inLanguage":"fr-FR","potentialAction":[{"@type":"ReadAction","target":["https:\/\/wucwo.org\/fr\/femme-migrante-renforcementin-titutionnel\/"]}]},{"@type":"ImageObject","inLanguage":"fr-FR","@id":"https:\/\/wucwo.org\/fr\/femme-migrante-renforcementin-titutionnel\/#primaryimage","url":"https:\/\/xn--cristinaocaa-khb.es\/trabajosweb\/wp-content\/uploads\/umofc\/images\/FORTA.jpg","contentUrl":"https:\/\/xn--cristinaocaa-khb.es\/trabajosweb\/wp-content\/uploads\/umofc\/images\/FORTA.jpg"},{"@type":"BreadcrumbList","@id":"https:\/\/wucwo.org\/fr\/femme-migrante-renforcementin-titutionnel\/#breadcrumb","itemListElement":[{"@type":"ListItem","position":1,"name":"Portada","item":"https:\/\/wucwo.org\/fr\/"},{"@type":"ListItem","position":2,"name":"Femmes migrantes : renforcement institutionnel"}]},{"@type":"WebSite","@id":"https:\/\/wucwo.org\/fr\/#website","url":"https:\/\/wucwo.org\/fr\/","name":"UMOFC","description":"","publisher":{"@id":"https:\/\/wucwo.org\/fr\/#organization"},"potentialAction":[{"@type":"SearchAction","target":{"@type":"EntryPoint","urlTemplate":"https:\/\/wucwo.org\/fr\/?s={search_term_string}"},"query-input":{"@type":"PropertyValueSpecification","valueRequired":true,"valueName":"search_term_string"}}],"inLanguage":"fr-FR"},{"@type":"Organization","@id":"https:\/\/wucwo.org\/fr\/#organization","name":"UMOFC","url":"https:\/\/wucwo.org\/fr\/","logo":{"@type":"ImageObject","inLanguage":"fr-FR","@id":"https:\/\/wucwo.org\/fr\/#\/schema\/logo\/image\/","url":"https:\/\/wucwo.org\/wp-content\/uploads\/2025\/08\/Final-icono-scaled.png","contentUrl":"https:\/\/wucwo.org\/wp-content\/uploads\/2025\/08\/Final-icono-scaled.png","width":2560,"height":1811,"caption":"UMOFC"},"image":{"@id":"https:\/\/wucwo.org\/fr\/#\/schema\/logo\/image\/"},"sameAs":["https:\/\/www.facebook.com\/worldunionofcatholicwomensorganisations\/","https:\/\/www.instagram.com\/wucwo_umofc\/","https:\/\/www.linkedin.com\/company\/wucwo\/","https:\/\/www.youtube.com\/@WUCWOUMOFC","https:\/\/www.flickr.com\/photos\/203210007@N05\/albums"]},{"@type":"Person","@id":"https:\/\/wucwo.org\/fr\/#\/schema\/person\/08e9f0484d99df98b7b5a2da57e48536","name":"sercatol","image":{"@type":"ImageObject","inLanguage":"fr-FR","@id":"https:\/\/secure.gravatar.com\/avatar\/37d08368077c561bd440f25a25b44dffc8a49dd03ed8ac3d36eb9c07857d333e?s=96&d=mm&r=g","url":"https:\/\/secure.gravatar.com\/avatar\/37d08368077c561bd440f25a25b44dffc8a49dd03ed8ac3d36eb9c07857d333e?s=96&d=mm&r=g","contentUrl":"https:\/\/secure.gravatar.com\/avatar\/37d08368077c561bd440f25a25b44dffc8a49dd03ed8ac3d36eb9c07857d333e?s=96&d=mm&r=g","caption":"sercatol"},"url":"https:\/\/wucwo.org\/fr\/author\/sercatol\/"}]}},"_links":{"self":[{"href":"https:\/\/wucwo.org\/fr\/wp-json\/wp\/v2\/posts\/2294","targetHints":{"allow":["GET"]}}],"collection":[{"href":"https:\/\/wucwo.org\/fr\/wp-json\/wp\/v2\/posts"}],"about":[{"href":"https:\/\/wucwo.org\/fr\/wp-json\/wp\/v2\/types\/post"}],"author":[{"embeddable":true,"href":"https:\/\/wucwo.org\/fr\/wp-json\/wp\/v2\/users\/1"}],"replies":[{"embeddable":true,"href":"https:\/\/wucwo.org\/fr\/wp-json\/wp\/v2\/comments?post=2294"}],"version-history":[{"count":0,"href":"https:\/\/wucwo.org\/fr\/wp-json\/wp\/v2\/posts\/2294\/revisions"}],"wp:attachment":[{"href":"https:\/\/wucwo.org\/fr\/wp-json\/wp\/v2\/media?parent=2294"}],"wp:term":[{"taxonomy":"category","embeddable":true,"href":"https:\/\/wucwo.org\/fr\/wp-json\/wp\/v2\/categories?post=2294"},{"taxonomy":"post_tag","embeddable":true,"href":"https:\/\/wucwo.org\/fr\/wp-json\/wp\/v2\/tags?post=2294"}],"curies":[{"name":"wp","href":"https:\/\/api.w.org\/{rel}","templated":true}]}}