{"id":2387,"date":"2025-06-03T16:08:34","date_gmt":"2025-06-03T14:08:34","guid":{"rendered":"https:\/\/wucwo.org\/larunionducon-eilacommenc\/"},"modified":"2025-09-05T15:58:30","modified_gmt":"2025-09-05T13:58:30","slug":"larunionducon-eilacommenc","status":"publish","type":"post","link":"https:\/\/wucwo.org\/fr\/larunionducon-eilacommenc\/","title":{"rendered":"La r\u00e9union du Conseil a commenc\u00e9"},"content":{"rendered":"<p><img loading=\"lazy\" decoding=\"async\" src=\"https:\/\/xn--cristinaocaa-khb.es\/trabajosweb\/wp-content\/uploads\/umofc\/images\/images\/DSC_0125.JPG\" width=\"600\" height=\"400\" alt=\"DSC 0125\" style=\"display: block; margin-left: auto; margin-right: auto; border: 0px solid #000000;\" \/><\/p>\n<p>La r&eacute;union annuelle du Conseil de l&rsquo;UMOFC a d&eacute;but&eacute;, et la grande majorit&eacute; des repr&eacute;sentantes du Conseil, venues de diff&eacute;rentes parties du monde, se sont r&eacute;unies &agrave; Rome pour aborder des questions importantes dans les diverses r&eacute;gions, travailler dans des groupes th&eacute;matiques et prendre des d&eacute;cisions cl&eacute;s pour les prochaines &eacute;tapes de l&rsquo;UMOFC.<\/p>\n<p><\/p>\n<p>Hier, 2 juin, les conseill&egrave;res sont arriv&eacute;es et ont tenu la premi&egrave;re r&eacute;union du Comit&eacute; ex&eacute;cutif, suivie de la Messe inaugurale, marquant ainsi le d&eacute;but officiel de ces journ&eacute;es de travail et de fraternit&eacute;.<\/p>\n<p>Aujourd&rsquo;hui, 3 juin, est consacr&eacute; &agrave; la formation, centr&eacute;e sur le th&egrave;me de la communication : comment rendre la communication plus efficace, comment coordonner la communication entre les organisations membres, comment faire conna&icirc;tre le travail r&eacute;alis&eacute; par l&rsquo;UMOFC, entre autres sujets.<\/p>\n<p>Au cours de la session, nous avons approfondi la question de la communication, en identifiant les principaux d&eacute;fis auxquels nos organisations membres sont confront&eacute;es pour faire entendre leur voix. Nous avons r&eacute;fl&eacute;chi &agrave; la mani&egrave;re de mieux communiquer les activit&eacute;s pr&eacute;cieuses men&eacute;es par ces organisations &ndash; les v&eacute;ritables protagonistes de l&rsquo;UMOFC. La discussion s&rsquo;est &eacute;galement concentr&eacute;e sur les types de supports n&eacute;cessaires pour une communication efficace, sur la r&eacute;daction de communiqu&eacute;s de presse, la mani&egrave;re d&rsquo;aborder les interviews, et d&rsquo;autres outils pratiques pour renforcer et coordonner nos efforts de communication au niveau mondial.<\/p>\n<p>Tout cela fait suite au Jubil&eacute; des Familles et s&rsquo;inscrit dans la perspective du prochain Jubil&eacute;, consacr&eacute; aux Associations, qui aura lieu le week-end prochain &agrave; Rome.<\/p>\n","protected":false},"excerpt":{"rendered":"<p>La r&eacute;union annuelle du Conseil de l&rsquo;UMOFC a d&eacute;but&eacute;, et la grande majorit&eacute; des repr&eacute;sentantes du Conseil, venues de diff&eacute;rentes parties du monde, se sont r&eacute;unies &agrave; Rome pour aborder des questions importantes dans les diverses r&eacute;gions, travailler dans des groupes th&eacute;matiques et prendre des d&eacute;cisions cl&eacute;s pour les prochaines &eacute;tapes de l&rsquo;UMOFC. Hier, 2 [&hellip;]<\/p>\n","protected":false},"author":1,"featured_media":0,"comment_status":"open","ping_status":"open","sticky":false,"template":"","format":"standard","meta":{"_et_pb_use_builder":"","_et_pb_old_content":"","_et_gb_content_width":"","footnotes":""},"categories":[121],"tags":[],"class_list":["post-2387","post","type-post","status-publish","format-standard","hentry","category-nouvelles-umofc"],"yoast_head":"<!-- This site is optimized with the Yoast SEO plugin v27.8 - https:\/\/yoast.com\/product\/yoast-seo-wordpress\/ -->\n<title>La r\u00e9union du Conseil a commenc\u00e9 - WUCWO - UMOFC<\/title>\n<meta name=\"robots\" content=\"index, follow, max-snippet:-1, max-image-preview:large, max-video-preview:-1\" \/>\n<link rel=\"canonical\" href=\"https:\/\/wucwo.org\/fr\/larunionducon-eilacommenc\/\" \/>\n<meta property=\"og:locale\" content=\"fr_FR\" \/>\n<meta property=\"og:type\" content=\"article\" \/>\n<meta property=\"og:title\" content=\"La r\u00e9union du Conseil a commenc\u00e9 - WUCWO - UMOFC\" \/>\n<meta property=\"og:description\" content=\"La r&eacute;union annuelle du Conseil de l&rsquo;UMOFC a d&eacute;but&eacute;, et la grande majorit&eacute; des repr&eacute;sentantes du Conseil, venues de diff&eacute;rentes parties du monde, se sont r&eacute;unies &agrave; Rome pour aborder des questions importantes dans les diverses r&eacute;gions, travailler dans des groupes th&eacute;matiques et prendre des d&eacute;cisions cl&eacute;s pour les prochaines &eacute;tapes de l&rsquo;UMOFC. Hier, 2 [&hellip;]\" \/>\n<meta property=\"og:url\" content=\"https:\/\/wucwo.org\/fr\/larunionducon-eilacommenc\/\" \/>\n<meta property=\"og:site_name\" content=\"WUCWO - UMOFC\" \/>\n<meta property=\"article:publisher\" content=\"https:\/\/www.facebook.com\/worldunionofcatholicwomensorganisations\/\" \/>\n<meta property=\"article:published_time\" content=\"2025-06-03T14:08:34+00:00\" \/>\n<meta property=\"article:modified_time\" content=\"2025-09-05T13:58:30+00:00\" \/>\n<meta property=\"og:image\" content=\"https:\/\/xn--cristinaocaa-khb.es\/trabajosweb\/wp-content\/uploads\/umofc\/images\/images\/DSC_0125.JPG\" \/>\n<meta name=\"author\" content=\"sercatol\" \/>\n<meta name=\"twitter:card\" content=\"summary_large_image\" \/>\n<meta name=\"twitter:label1\" content=\"\u00c9crit par\" \/>\n\t<meta name=\"twitter:data1\" content=\"sercatol\" \/>\n\t<meta name=\"twitter:label2\" content=\"Dur\u00e9e de lecture estim\u00e9e\" \/>\n\t<meta name=\"twitter:data2\" content=\"2 minutes\" \/>\n<script type=\"application\/ld+json\" class=\"yoast-schema-graph\">{\"@context\":\"https:\\\/\\\/schema.org\",\"@graph\":[{\"@type\":\"Article\",\"@id\":\"https:\\\/\\\/wucwo.org\\\/fr\\\/larunionducon-eilacommenc\\\/#article\",\"isPartOf\":{\"@id\":\"https:\\\/\\\/wucwo.org\\\/fr\\\/larunionducon-eilacommenc\\\/\"},\"author\":{\"name\":\"sercatol\",\"@id\":\"https:\\\/\\\/wucwo.org\\\/fr\\\/#\\\/schema\\\/person\\\/08e9f0484d99df98b7b5a2da57e48536\"},\"headline\":\"La r\u00e9union du Conseil a commenc\u00e9\",\"datePublished\":\"2025-06-03T14:08:34+00:00\",\"dateModified\":\"2025-09-05T13:58:30+00:00\",\"mainEntityOfPage\":{\"@id\":\"https:\\\/\\\/wucwo.org\\\/fr\\\/larunionducon-eilacommenc\\\/\"},\"wordCount\":349,\"commentCount\":0,\"publisher\":{\"@id\":\"https:\\\/\\\/wucwo.org\\\/fr\\\/#organization\"},\"image\":{\"@id\":\"https:\\\/\\\/wucwo.org\\\/fr\\\/larunionducon-eilacommenc\\\/#primaryimage\"},\"thumbnailUrl\":\"https:\\\/\\\/xn--cristinaocaa-khb.es\\\/trabajosweb\\\/wp-content\\\/uploads\\\/umofc\\\/images\\\/images\\\/DSC_0125.JPG\",\"articleSection\":[\"UMOFC\"],\"inLanguage\":\"fr-FR\",\"potentialAction\":[{\"@type\":\"CommentAction\",\"name\":\"Comment\",\"target\":[\"https:\\\/\\\/wucwo.org\\\/fr\\\/larunionducon-eilacommenc\\\/#respond\"]}]},{\"@type\":\"WebPage\",\"@id\":\"https:\\\/\\\/wucwo.org\\\/fr\\\/larunionducon-eilacommenc\\\/\",\"url\":\"https:\\\/\\\/wucwo.org\\\/fr\\\/larunionducon-eilacommenc\\\/\",\"name\":\"La r\u00e9union du Conseil a commenc\u00e9 - WUCWO - UMOFC\",\"isPartOf\":{\"@id\":\"https:\\\/\\\/wucwo.org\\\/fr\\\/#website\"},\"primaryImageOfPage\":{\"@id\":\"https:\\\/\\\/wucwo.org\\\/fr\\\/larunionducon-eilacommenc\\\/#primaryimage\"},\"image\":{\"@id\":\"https:\\\/\\\/wucwo.org\\\/fr\\\/larunionducon-eilacommenc\\\/#primaryimage\"},\"thumbnailUrl\":\"https:\\\/\\\/xn--cristinaocaa-khb.es\\\/trabajosweb\\\/wp-content\\\/uploads\\\/umofc\\\/images\\\/images\\\/DSC_0125.JPG\",\"datePublished\":\"2025-06-03T14:08:34+00:00\",\"dateModified\":\"2025-09-05T13:58:30+00:00\",\"breadcrumb\":{\"@id\":\"https:\\\/\\\/wucwo.org\\\/fr\\\/larunionducon-eilacommenc\\\/#breadcrumb\"},\"inLanguage\":\"fr-FR\",\"potentialAction\":[{\"@type\":\"ReadAction\",\"target\":[\"https:\\\/\\\/wucwo.org\\\/fr\\\/larunionducon-eilacommenc\\\/\"]}]},{\"@type\":\"ImageObject\",\"inLanguage\":\"fr-FR\",\"@id\":\"https:\\\/\\\/wucwo.org\\\/fr\\\/larunionducon-eilacommenc\\\/#primaryimage\",\"url\":\"https:\\\/\\\/xn--cristinaocaa-khb.es\\\/trabajosweb\\\/wp-content\\\/uploads\\\/umofc\\\/images\\\/images\\\/DSC_0125.JPG\",\"contentUrl\":\"https:\\\/\\\/xn--cristinaocaa-khb.es\\\/trabajosweb\\\/wp-content\\\/uploads\\\/umofc\\\/images\\\/images\\\/DSC_0125.JPG\"},{\"@type\":\"BreadcrumbList\",\"@id\":\"https:\\\/\\\/wucwo.org\\\/fr\\\/larunionducon-eilacommenc\\\/#breadcrumb\",\"itemListElement\":[{\"@type\":\"ListItem\",\"position\":1,\"name\":\"Portada\",\"item\":\"https:\\\/\\\/wucwo.org\\\/fr\\\/\"},{\"@type\":\"ListItem\",\"position\":2,\"name\":\"La r\u00e9union du Conseil a commenc\u00e9\"}]},{\"@type\":\"WebSite\",\"@id\":\"https:\\\/\\\/wucwo.org\\\/fr\\\/#website\",\"url\":\"https:\\\/\\\/wucwo.org\\\/fr\\\/\",\"name\":\"UMOFC\",\"description\":\"\",\"publisher\":{\"@id\":\"https:\\\/\\\/wucwo.org\\\/fr\\\/#organization\"},\"potentialAction\":[{\"@type\":\"SearchAction\",\"target\":{\"@type\":\"EntryPoint\",\"urlTemplate\":\"https:\\\/\\\/wucwo.org\\\/fr\\\/?s={search_term_string}\"},\"query-input\":{\"@type\":\"PropertyValueSpecification\",\"valueRequired\":true,\"valueName\":\"search_term_string\"}}],\"inLanguage\":\"fr-FR\"},{\"@type\":\"Organization\",\"@id\":\"https:\\\/\\\/wucwo.org\\\/fr\\\/#organization\",\"name\":\"UMOFC\",\"url\":\"https:\\\/\\\/wucwo.org\\\/fr\\\/\",\"logo\":{\"@type\":\"ImageObject\",\"inLanguage\":\"fr-FR\",\"@id\":\"https:\\\/\\\/wucwo.org\\\/fr\\\/#\\\/schema\\\/logo\\\/image\\\/\",\"url\":\"https:\\\/\\\/wucwo.org\\\/wp-content\\\/uploads\\\/2025\\\/08\\\/Final-icono-scaled.png\",\"contentUrl\":\"https:\\\/\\\/wucwo.org\\\/wp-content\\\/uploads\\\/2025\\\/08\\\/Final-icono-scaled.png\",\"width\":2560,\"height\":1811,\"caption\":\"UMOFC\"},\"image\":{\"@id\":\"https:\\\/\\\/wucwo.org\\\/fr\\\/#\\\/schema\\\/logo\\\/image\\\/\"},\"sameAs\":[\"https:\\\/\\\/www.facebook.com\\\/worldunionofcatholicwomensorganisations\\\/\",\"https:\\\/\\\/www.instagram.com\\\/wucwo_umofc\\\/\",\"https:\\\/\\\/www.linkedin.com\\\/company\\\/wucwo\\\/\",\"https:\\\/\\\/www.youtube.com\\\/@WUCWOUMOFC\",\"https:\\\/\\\/www.flickr.com\\\/photos\\\/203210007@N05\\\/albums\"]},{\"@type\":\"Person\",\"@id\":\"https:\\\/\\\/wucwo.org\\\/fr\\\/#\\\/schema\\\/person\\\/08e9f0484d99df98b7b5a2da57e48536\",\"name\":\"sercatol\",\"image\":{\"@type\":\"ImageObject\",\"inLanguage\":\"fr-FR\",\"@id\":\"https:\\\/\\\/secure.gravatar.com\\\/avatar\\\/37d08368077c561bd440f25a25b44dffc8a49dd03ed8ac3d36eb9c07857d333e?s=96&d=mm&r=g\",\"url\":\"https:\\\/\\\/secure.gravatar.com\\\/avatar\\\/37d08368077c561bd440f25a25b44dffc8a49dd03ed8ac3d36eb9c07857d333e?s=96&d=mm&r=g\",\"contentUrl\":\"https:\\\/\\\/secure.gravatar.com\\\/avatar\\\/37d08368077c561bd440f25a25b44dffc8a49dd03ed8ac3d36eb9c07857d333e?s=96&d=mm&r=g\",\"caption\":\"sercatol\"},\"url\":\"https:\\\/\\\/wucwo.org\\\/fr\\\/author\\\/sercatol\\\/\"}]}<\/script>\n<!-- \/ Yoast SEO plugin. -->","yoast_head_json":{"title":"La r\u00e9union du Conseil a commenc\u00e9 - WUCWO - UMOFC","robots":{"index":"index","follow":"follow","max-snippet":"max-snippet:-1","max-image-preview":"max-image-preview:large","max-video-preview":"max-video-preview:-1"},"canonical":"https:\/\/wucwo.org\/fr\/larunionducon-eilacommenc\/","og_locale":"fr_FR","og_type":"article","og_title":"La r\u00e9union du Conseil a commenc\u00e9 - WUCWO - UMOFC","og_description":"La r&eacute;union annuelle du Conseil de l&rsquo;UMOFC a d&eacute;but&eacute;, et la grande majorit&eacute; des repr&eacute;sentantes du Conseil, venues de diff&eacute;rentes parties du monde, se sont r&eacute;unies &agrave; Rome pour aborder des questions importantes dans les diverses r&eacute;gions, travailler dans des groupes th&eacute;matiques et prendre des d&eacute;cisions cl&eacute;s pour les prochaines &eacute;tapes de l&rsquo;UMOFC. Hier, 2 [&hellip;]","og_url":"https:\/\/wucwo.org\/fr\/larunionducon-eilacommenc\/","og_site_name":"WUCWO - UMOFC","article_publisher":"https:\/\/www.facebook.com\/worldunionofcatholicwomensorganisations\/","article_published_time":"2025-06-03T14:08:34+00:00","article_modified_time":"2025-09-05T13:58:30+00:00","og_image":[{"url":"https:\/\/xn--cristinaocaa-khb.es\/trabajosweb\/wp-content\/uploads\/umofc\/images\/images\/DSC_0125.JPG","type":"","width":"","height":""}],"author":"sercatol","twitter_card":"summary_large_image","twitter_misc":{"\u00c9crit par":"sercatol","Dur\u00e9e de lecture estim\u00e9e":"2 minutes"},"schema":{"@context":"https:\/\/schema.org","@graph":[{"@type":"Article","@id":"https:\/\/wucwo.org\/fr\/larunionducon-eilacommenc\/#article","isPartOf":{"@id":"https:\/\/wucwo.org\/fr\/larunionducon-eilacommenc\/"},"author":{"name":"sercatol","@id":"https:\/\/wucwo.org\/fr\/#\/schema\/person\/08e9f0484d99df98b7b5a2da57e48536"},"headline":"La r\u00e9union du Conseil a commenc\u00e9","datePublished":"2025-06-03T14:08:34+00:00","dateModified":"2025-09-05T13:58:30+00:00","mainEntityOfPage":{"@id":"https:\/\/wucwo.org\/fr\/larunionducon-eilacommenc\/"},"wordCount":349,"commentCount":0,"publisher":{"@id":"https:\/\/wucwo.org\/fr\/#organization"},"image":{"@id":"https:\/\/wucwo.org\/fr\/larunionducon-eilacommenc\/#primaryimage"},"thumbnailUrl":"https:\/\/xn--cristinaocaa-khb.es\/trabajosweb\/wp-content\/uploads\/umofc\/images\/images\/DSC_0125.JPG","articleSection":["UMOFC"],"inLanguage":"fr-FR","potentialAction":[{"@type":"CommentAction","name":"Comment","target":["https:\/\/wucwo.org\/fr\/larunionducon-eilacommenc\/#respond"]}]},{"@type":"WebPage","@id":"https:\/\/wucwo.org\/fr\/larunionducon-eilacommenc\/","url":"https:\/\/wucwo.org\/fr\/larunionducon-eilacommenc\/","name":"La r\u00e9union du Conseil a commenc\u00e9 - WUCWO - UMOFC","isPartOf":{"@id":"https:\/\/wucwo.org\/fr\/#website"},"primaryImageOfPage":{"@id":"https:\/\/wucwo.org\/fr\/larunionducon-eilacommenc\/#primaryimage"},"image":{"@id":"https:\/\/wucwo.org\/fr\/larunionducon-eilacommenc\/#primaryimage"},"thumbnailUrl":"https:\/\/xn--cristinaocaa-khb.es\/trabajosweb\/wp-content\/uploads\/umofc\/images\/images\/DSC_0125.JPG","datePublished":"2025-06-03T14:08:34+00:00","dateModified":"2025-09-05T13:58:30+00:00","breadcrumb":{"@id":"https:\/\/wucwo.org\/fr\/larunionducon-eilacommenc\/#breadcrumb"},"inLanguage":"fr-FR","potentialAction":[{"@type":"ReadAction","target":["https:\/\/wucwo.org\/fr\/larunionducon-eilacommenc\/"]}]},{"@type":"ImageObject","inLanguage":"fr-FR","@id":"https:\/\/wucwo.org\/fr\/larunionducon-eilacommenc\/#primaryimage","url":"https:\/\/xn--cristinaocaa-khb.es\/trabajosweb\/wp-content\/uploads\/umofc\/images\/images\/DSC_0125.JPG","contentUrl":"https:\/\/xn--cristinaocaa-khb.es\/trabajosweb\/wp-content\/uploads\/umofc\/images\/images\/DSC_0125.JPG"},{"@type":"BreadcrumbList","@id":"https:\/\/wucwo.org\/fr\/larunionducon-eilacommenc\/#breadcrumb","itemListElement":[{"@type":"ListItem","position":1,"name":"Portada","item":"https:\/\/wucwo.org\/fr\/"},{"@type":"ListItem","position":2,"name":"La r\u00e9union du Conseil a commenc\u00e9"}]},{"@type":"WebSite","@id":"https:\/\/wucwo.org\/fr\/#website","url":"https:\/\/wucwo.org\/fr\/","name":"UMOFC","description":"","publisher":{"@id":"https:\/\/wucwo.org\/fr\/#organization"},"potentialAction":[{"@type":"SearchAction","target":{"@type":"EntryPoint","urlTemplate":"https:\/\/wucwo.org\/fr\/?s={search_term_string}"},"query-input":{"@type":"PropertyValueSpecification","valueRequired":true,"valueName":"search_term_string"}}],"inLanguage":"fr-FR"},{"@type":"Organization","@id":"https:\/\/wucwo.org\/fr\/#organization","name":"UMOFC","url":"https:\/\/wucwo.org\/fr\/","logo":{"@type":"ImageObject","inLanguage":"fr-FR","@id":"https:\/\/wucwo.org\/fr\/#\/schema\/logo\/image\/","url":"https:\/\/wucwo.org\/wp-content\/uploads\/2025\/08\/Final-icono-scaled.png","contentUrl":"https:\/\/wucwo.org\/wp-content\/uploads\/2025\/08\/Final-icono-scaled.png","width":2560,"height":1811,"caption":"UMOFC"},"image":{"@id":"https:\/\/wucwo.org\/fr\/#\/schema\/logo\/image\/"},"sameAs":["https:\/\/www.facebook.com\/worldunionofcatholicwomensorganisations\/","https:\/\/www.instagram.com\/wucwo_umofc\/","https:\/\/www.linkedin.com\/company\/wucwo\/","https:\/\/www.youtube.com\/@WUCWOUMOFC","https:\/\/www.flickr.com\/photos\/203210007@N05\/albums"]},{"@type":"Person","@id":"https:\/\/wucwo.org\/fr\/#\/schema\/person\/08e9f0484d99df98b7b5a2da57e48536","name":"sercatol","image":{"@type":"ImageObject","inLanguage":"fr-FR","@id":"https:\/\/secure.gravatar.com\/avatar\/37d08368077c561bd440f25a25b44dffc8a49dd03ed8ac3d36eb9c07857d333e?s=96&d=mm&r=g","url":"https:\/\/secure.gravatar.com\/avatar\/37d08368077c561bd440f25a25b44dffc8a49dd03ed8ac3d36eb9c07857d333e?s=96&d=mm&r=g","contentUrl":"https:\/\/secure.gravatar.com\/avatar\/37d08368077c561bd440f25a25b44dffc8a49dd03ed8ac3d36eb9c07857d333e?s=96&d=mm&r=g","caption":"sercatol"},"url":"https:\/\/wucwo.org\/fr\/author\/sercatol\/"}]}},"_links":{"self":[{"href":"https:\/\/wucwo.org\/fr\/wp-json\/wp\/v2\/posts\/2387","targetHints":{"allow":["GET"]}}],"collection":[{"href":"https:\/\/wucwo.org\/fr\/wp-json\/wp\/v2\/posts"}],"about":[{"href":"https:\/\/wucwo.org\/fr\/wp-json\/wp\/v2\/types\/post"}],"author":[{"embeddable":true,"href":"https:\/\/wucwo.org\/fr\/wp-json\/wp\/v2\/users\/1"}],"replies":[{"embeddable":true,"href":"https:\/\/wucwo.org\/fr\/wp-json\/wp\/v2\/comments?post=2387"}],"version-history":[{"count":0,"href":"https:\/\/wucwo.org\/fr\/wp-json\/wp\/v2\/posts\/2387\/revisions"}],"wp:attachment":[{"href":"https:\/\/wucwo.org\/fr\/wp-json\/wp\/v2\/media?parent=2387"}],"wp:term":[{"taxonomy":"category","embeddable":true,"href":"https:\/\/wucwo.org\/fr\/wp-json\/wp\/v2\/categories?post=2387"},{"taxonomy":"post_tag","embeddable":true,"href":"https:\/\/wucwo.org\/fr\/wp-json\/wp\/v2\/tags?post=2387"}],"curies":[{"name":"wp","href":"https:\/\/api.w.org\/{rel}","templated":true}]}}