{"id":2393,"date":"2025-06-09T09:18:07","date_gmt":"2025-06-09T07:18:07","guid":{"rendered":"https:\/\/wucwo.org\/unvnementavecde-voixdefemme-dan-lecadredujubil\/"},"modified":"2025-09-10T16:14:03","modified_gmt":"2025-09-10T14:14:03","slug":"unvnementavecde-voixdefemme-dan-lecadredujubil","status":"publish","type":"post","link":"https:\/\/wucwo.org\/fr\/unvnementavecde-voixdefemme-dan-lecadredujubil\/","title":{"rendered":"Un \u00e9v\u00e9nement avec des voix de femmes dans le cadre du Jubil\u00e9"},"content":{"rendered":"<p><img loading=\"lazy\" decoding=\"async\" src=\"https:\/\/xn--cristinaocaa-khb.es\/trabajosweb\/wp-content\/uploads\/umofc\/images\/images\/02865_06062025.jpg\" alt=\"02865 06062025\" style=\"display: block; margin-left: auto; margin-right: auto; border: 0px solid #000000;\" width=\"600\" height=\"400\" \/><\/p>\n<p style=\"text-align: center;\"><em><strong>Parmi les participants, Maria L&iacute;a Zervino, membre du Dicast&egrave;re pour les &Eacute;v&ecirc;ques et Florence Mangin, Ambassadrice de France aupr&egrave;s du Saint-Si&egrave;ge.<\/strong><\/em><\/p>\n<p>Entre le Jubil&eacute; des Familles et le Jubil&eacute; des Associations, l&rsquo;Union Mondiale des Organisations F&eacute;minines Catholiques (UMOFC) a organis&eacute; le 6 juin au Palazzo San Calisto l&rsquo;&eacute;v&eacute;nement \u00ab\u00a0<strong>Femmes, signes d&rsquo;esp&eacute;rance et vie<\/strong>\u00ab\u00a0, une rencontre qui visait &agrave; mettre en valeur les diff&eacute;rentes r&eacute;alit&eacute;s v&eacute;cues par les femmes. Comme l&rsquo;a expliqu&eacute; <strong>M&oacute;nica Santamarina<\/strong>, Pr&eacute;sidente G&eacute;n&eacute;rale de l&rsquo;UMOFC, la raison de cette rencontre est que \u00ab\u00a0en tant que femmes de foi et d&rsquo;esp&eacute;rance, b&acirc;tisseuses de paix et porteuses de vie, nous voulons imaginer ensemble un avenir meilleur\u00a0\u00bb.<\/p>\n<p><\/p>\n<p>L&rsquo;&eacute;v&eacute;nement pouvait &ecirc;tre suivi en personne et en ligne, avec une traduction simultan&eacute;e en quatre langues (espagnol, anglais, fran&ccedil;ais et italien). Il &eacute;tait divis&eacute; en trois blocs d&rsquo;entretiens&nbsp;: Le premier anim&eacute; par le P. Mario Stefano Antonelli, recteur du S&eacute;minaire Pontifical Lombard, et les deux suivants par Valentina Alazraki, doyenne des journalistes accr&eacute;dit&eacute;s aupr&egrave;s du Vatican.\u00a0\u00bb. Les th&egrave;mes abord&eacute;s &eacute;taient les suivants : le leadership f&eacute;minin dans l&rsquo;&Eacute;glise et dans le monde ; la conciliation entre femmes, travail et famille ; et les femmes, b&acirc;tisseuses de paix et porteuses d&rsquo;esp&eacute;rance.<\/p>\n<p><strong>? Le leadership f&eacute;minin dans l&rsquo;&Eacute;glise et dans le monde<\/strong><\/p>\n<p>Ce bloc comprenait des interventions telles que celle de Maria L&iacute;a Zervino, membre du Dicast&egrave;re pour les &eacute;v&ecirc;ques et ancienne pr&eacute;sidente de l&rsquo;UMOFC, qui a d&eacute;clar&eacute; :<\/p>\n<p>\u00ab\u00a0Le pouvoir, dans l&rsquo;&Eacute;glise, devrait toujours &ecirc;tre un service. Je suis s&ucirc;re qu&rsquo;aujourd&rsquo;hui, dans cet espace, il y a beaucoup de femmes qui d&eacute;sirent servir l&rsquo;&Eacute;glise, marchant aux c&ocirc;t&eacute;s des hommes avec nos capacit&eacute;s, notre intelligence, r&eacute;silience, pers&eacute;v&eacute;rance, pas seulement de la tendresse.<\/p>\n<p>&Agrave; son tour, l&rsquo;ambassadrice de France aupr&egrave;s du Saint-Si&egrave;ge, S.E. Florence Mangin, a fait part de son exp&eacute;rience en tant que dirigeante :<\/p>\n<p>\u00ab\u00a0La solitude des femmes responsables n&rsquo;existe pas, ou presque pas. De nombreuses femmes occupant des postes &agrave; responsabilit&eacute; souhaitent d&eacute;velopper une mani&egrave;re de gouverner inclusive et fond&eacute;e sur l&rsquo;unit&eacute;. Les femmes se r&eacute;unissent pour &ecirc;tre ensemble et pour vivre de mani&egrave;re collective ; ce partage est source de joie.<\/p>\n<p><strong>? Conciliation entre femmes, travail et famille<\/strong><\/p>\n<p>Ce deuxi&egrave;me bloc a donn&eacute; lieu au t&eacute;moignage de Stefania Brancaccio, Secr&eacute;taire G&eacute;n&eacute;rale de l&rsquo;UCID (Unione Cristiana Imprenditori Dirigenti) et d&rsquo;un jeune couple qui a expliqu&eacute; comment il est possible de concilier carri&egrave;re professionnelle et vocation familiale, ainsi que les d&eacute;fis et l&rsquo;aide n&eacute;cessaires pour y parvenir.<\/p>\n<p>Brancaccio, en tant qu&rsquo;entrepreneure, a affirm&eacute;: \u00ab\u00a0Nous ne sommes pas, en tant que m&egrave;res, des machines multit&acirc;ches, et nous ne devons pas non plus avoir un corps parfait ; nous devons nous battre pour conserver notre propre personnalit&eacute;. Moi, je me suis battue pour que, lorsqu&rsquo;une femme retourne au travail apr&egrave;s un cong&eacute; de maternit&eacute;, on lui t&eacute;moigne de la compr&eacute;hension&raquo;. Elle a &eacute;galement expliqu&eacute; qu&rsquo;elle avait clairement l&rsquo;intention de continuer &agrave; travailler, dans le secteur des entreprises, pour &eacute;quilibrer le travail et les soins familiaux pour les employ&eacute;s, en commen&ccedil;ant par les siens.<\/p>\n<p><strong>? Femmes, b&acirc;tisseuses de paix et porteuses d&rsquo;esp&eacute;rance<\/strong><\/p>\n<p>Dans le troisi&egrave;me bloc, &eacute;galement dirig&eacute; par Alazraki, Stephanie MacGillivray (Caritas Internationalis) et Ana Martiarena (Observatoire Mondial des Femmes de l&rsquo;UMOFC) ont pris la parole, soulignant le r&ocirc;le des femmes dans les contextes de vuln&eacute;rabilit&eacute; et leur capacit&eacute; &agrave; construire des ponts et &agrave; gu&eacute;rir les blessures. Mme Martiarena a consacr&eacute; un temps &agrave; expliquer certains des r&eacute;sultats recueillis par l&rsquo;Observatoire Mondial des Femmes (WWO), comme le fait que plus de 80 % des femmes africaines &mdash; parmi plus de 10 000 ayant r&eacute;pondu &agrave; l&rsquo;enqu&ecirc;te dans 36 pays &mdash; d&eacute;clarent subir diff&eacute;rents types de violences intrafamiliales. \u00ab\u00a0C&rsquo;est dans les contextes de vuln&eacute;rabilit&eacute; que na&icirc;t cette force\u00a0\u00bb, a d&eacute;clar&eacute; Martiarena.<\/p>\n<p><strong>Un &eacute;v&eacute;nement dans le cadre du Jubil&eacute;<\/strong><\/p>\n<p>Par ailleurs, M&oacute;nica Santamarina a soulign&eacute; l&rsquo;esprit de cet &eacute;v&eacute;nement en phase avec l&rsquo;ann&eacute;e jubilaire et a rappel&eacute; l&rsquo;appel du pape Fran&ccedil;ois dans sa lettre jubilaire : \u00ab\u00a0Nous devons garder allum&eacute;e la flamme de l&rsquo;esp&eacute;rance [&hellip;], et tout faire pour que chacun retrouve la force et la certitude de regarder l&rsquo;avenir avec un esprit ouvert, un c&oelig;ur confiant et une intelligence clairvoyante\u00a0\u00bb.<\/p>\n<p>L&rsquo;&eacute;v&eacute;nement s&rsquo;est poursuivi par une eucharistie dans la basilique Santa Maria in Trastevere, pr&eacute;sid&eacute;e par le cardinal Luis Antonio Tagle, qui a centr&eacute; son hom&eacute;lie sur la v&eacute;ritable signification de la vertu th&eacute;ologique de l&rsquo;esp&eacute;rance, et s&rsquo;est termin&eacute; par un cocktail au Palazzo San Calisto.<\/p>\n<p>Avec cet &eacute;v&eacute;nement, l&rsquo;UMOFC renouvelle son engagement &agrave; rendre les femmes visibles en tant que protagonistes actives du pr&eacute;sent et b&acirc;tisseuses d&rsquo;un monde plus solidaire, enracin&eacute; dans la foi et anim&eacute; par l&rsquo;esp&eacute;rance.<\/p>\n","protected":false},"excerpt":{"rendered":"<p>Parmi les participants, Maria L&iacute;a Zervino, membre du Dicast&egrave;re pour les &Eacute;v&ecirc;ques et Florence Mangin, Ambassadrice de France aupr&egrave;s du Saint-Si&egrave;ge. Entre le Jubil&eacute; des Familles et le Jubil&eacute; des Associations, l&rsquo;Union Mondiale des Organisations F&eacute;minines Catholiques (UMOFC) a organis&eacute; le 6 juin au Palazzo San Calisto l&rsquo;&eacute;v&eacute;nement \u00ab\u00a0Femmes, signes d&rsquo;esp&eacute;rance et vie\u00ab\u00a0, une rencontre [&hellip;]<\/p>\n","protected":false},"author":1,"featured_media":0,"comment_status":"open","ping_status":"open","sticky":false,"template":"","format":"standard","meta":{"_et_pb_use_builder":"","_et_pb_old_content":"","_et_gb_content_width":"","footnotes":""},"categories":[121,172],"tags":[],"class_list":["post-2393","post","type-post","status-publish","format-standard","hentry","category-nouvelles-umofc","category-evenements-umofc"],"yoast_head":"<!-- This site is optimized with the Yoast SEO plugin v27.8 - https:\/\/yoast.com\/product\/yoast-seo-wordpress\/ -->\n<title>Un \u00e9v\u00e9nement avec des voix de femmes dans le cadre du Jubil\u00e9 - WUCWO - UMOFC<\/title>\n<meta name=\"robots\" content=\"index, follow, max-snippet:-1, max-image-preview:large, max-video-preview:-1\" \/>\n<link rel=\"canonical\" href=\"https:\/\/wucwo.org\/fr\/unvnementavecde-voixdefemme-dan-lecadredujubil\/\" \/>\n<meta property=\"og:locale\" content=\"fr_FR\" \/>\n<meta property=\"og:type\" content=\"article\" \/>\n<meta property=\"og:title\" content=\"Un \u00e9v\u00e9nement avec des voix de femmes dans le cadre du Jubil\u00e9 - WUCWO - UMOFC\" \/>\n<meta property=\"og:description\" content=\"Parmi les participants, Maria L&iacute;a Zervino, membre du Dicast&egrave;re pour les &Eacute;v&ecirc;ques et Florence Mangin, Ambassadrice de France aupr&egrave;s du Saint-Si&egrave;ge. Entre le Jubil&eacute; des Familles et le Jubil&eacute; des Associations, l&rsquo;Union Mondiale des Organisations F&eacute;minines Catholiques (UMOFC) a organis&eacute; le 6 juin au Palazzo San Calisto l&rsquo;&eacute;v&eacute;nement \u00ab\u00a0Femmes, signes d&rsquo;esp&eacute;rance et vie\u00ab\u00a0, une rencontre [&hellip;]\" \/>\n<meta property=\"og:url\" content=\"https:\/\/wucwo.org\/fr\/unvnementavecde-voixdefemme-dan-lecadredujubil\/\" \/>\n<meta property=\"og:site_name\" content=\"WUCWO - UMOFC\" \/>\n<meta property=\"article:publisher\" content=\"https:\/\/www.facebook.com\/worldunionofcatholicwomensorganisations\/\" \/>\n<meta property=\"article:published_time\" content=\"2025-06-09T07:18:07+00:00\" \/>\n<meta property=\"article:modified_time\" content=\"2025-09-10T14:14:03+00:00\" \/>\n<meta property=\"og:image\" content=\"https:\/\/xn--cristinaocaa-khb.es\/trabajosweb\/wp-content\/uploads\/umofc\/images\/images\/02865_06062025.jpg\" \/>\n<meta name=\"author\" content=\"sercatol\" \/>\n<meta name=\"twitter:card\" content=\"summary_large_image\" \/>\n<meta name=\"twitter:label1\" content=\"\u00c9crit par\" \/>\n\t<meta name=\"twitter:data1\" content=\"sercatol\" \/>\n\t<meta name=\"twitter:label2\" content=\"Dur\u00e9e de lecture estim\u00e9e\" \/>\n\t<meta name=\"twitter:data2\" content=\"5 minutes\" \/>\n<script type=\"application\/ld+json\" class=\"yoast-schema-graph\">{\"@context\":\"https:\\\/\\\/schema.org\",\"@graph\":[{\"@type\":\"Article\",\"@id\":\"https:\\\/\\\/wucwo.org\\\/fr\\\/unvnementavecde-voixdefemme-dan-lecadredujubil\\\/#article\",\"isPartOf\":{\"@id\":\"https:\\\/\\\/wucwo.org\\\/fr\\\/unvnementavecde-voixdefemme-dan-lecadredujubil\\\/\"},\"author\":{\"name\":\"sercatol\",\"@id\":\"https:\\\/\\\/wucwo.org\\\/fr\\\/#\\\/schema\\\/person\\\/08e9f0484d99df98b7b5a2da57e48536\"},\"headline\":\"Un \u00e9v\u00e9nement avec des voix de femmes dans le cadre du Jubil\u00e9\",\"datePublished\":\"2025-06-09T07:18:07+00:00\",\"dateModified\":\"2025-09-10T14:14:03+00:00\",\"mainEntityOfPage\":{\"@id\":\"https:\\\/\\\/wucwo.org\\\/fr\\\/unvnementavecde-voixdefemme-dan-lecadredujubil\\\/\"},\"wordCount\":1056,\"commentCount\":0,\"publisher\":{\"@id\":\"https:\\\/\\\/wucwo.org\\\/fr\\\/#organization\"},\"image\":{\"@id\":\"https:\\\/\\\/wucwo.org\\\/fr\\\/unvnementavecde-voixdefemme-dan-lecadredujubil\\\/#primaryimage\"},\"thumbnailUrl\":\"https:\\\/\\\/xn--cristinaocaa-khb.es\\\/trabajosweb\\\/wp-content\\\/uploads\\\/umofc\\\/images\\\/images\\\/02865_06062025.jpg\",\"articleSection\":[\"UMOFC\",\"UMOFC\"],\"inLanguage\":\"fr-FR\",\"potentialAction\":[{\"@type\":\"CommentAction\",\"name\":\"Comment\",\"target\":[\"https:\\\/\\\/wucwo.org\\\/fr\\\/unvnementavecde-voixdefemme-dan-lecadredujubil\\\/#respond\"]}]},{\"@type\":\"WebPage\",\"@id\":\"https:\\\/\\\/wucwo.org\\\/fr\\\/unvnementavecde-voixdefemme-dan-lecadredujubil\\\/\",\"url\":\"https:\\\/\\\/wucwo.org\\\/fr\\\/unvnementavecde-voixdefemme-dan-lecadredujubil\\\/\",\"name\":\"Un \u00e9v\u00e9nement avec des voix de femmes dans le cadre du Jubil\u00e9 - WUCWO - UMOFC\",\"isPartOf\":{\"@id\":\"https:\\\/\\\/wucwo.org\\\/fr\\\/#website\"},\"primaryImageOfPage\":{\"@id\":\"https:\\\/\\\/wucwo.org\\\/fr\\\/unvnementavecde-voixdefemme-dan-lecadredujubil\\\/#primaryimage\"},\"image\":{\"@id\":\"https:\\\/\\\/wucwo.org\\\/fr\\\/unvnementavecde-voixdefemme-dan-lecadredujubil\\\/#primaryimage\"},\"thumbnailUrl\":\"https:\\\/\\\/xn--cristinaocaa-khb.es\\\/trabajosweb\\\/wp-content\\\/uploads\\\/umofc\\\/images\\\/images\\\/02865_06062025.jpg\",\"datePublished\":\"2025-06-09T07:18:07+00:00\",\"dateModified\":\"2025-09-10T14:14:03+00:00\",\"breadcrumb\":{\"@id\":\"https:\\\/\\\/wucwo.org\\\/fr\\\/unvnementavecde-voixdefemme-dan-lecadredujubil\\\/#breadcrumb\"},\"inLanguage\":\"fr-FR\",\"potentialAction\":[{\"@type\":\"ReadAction\",\"target\":[\"https:\\\/\\\/wucwo.org\\\/fr\\\/unvnementavecde-voixdefemme-dan-lecadredujubil\\\/\"]}]},{\"@type\":\"ImageObject\",\"inLanguage\":\"fr-FR\",\"@id\":\"https:\\\/\\\/wucwo.org\\\/fr\\\/unvnementavecde-voixdefemme-dan-lecadredujubil\\\/#primaryimage\",\"url\":\"https:\\\/\\\/xn--cristinaocaa-khb.es\\\/trabajosweb\\\/wp-content\\\/uploads\\\/umofc\\\/images\\\/images\\\/02865_06062025.jpg\",\"contentUrl\":\"https:\\\/\\\/xn--cristinaocaa-khb.es\\\/trabajosweb\\\/wp-content\\\/uploads\\\/umofc\\\/images\\\/images\\\/02865_06062025.jpg\"},{\"@type\":\"BreadcrumbList\",\"@id\":\"https:\\\/\\\/wucwo.org\\\/fr\\\/unvnementavecde-voixdefemme-dan-lecadredujubil\\\/#breadcrumb\",\"itemListElement\":[{\"@type\":\"ListItem\",\"position\":1,\"name\":\"Portada\",\"item\":\"https:\\\/\\\/wucwo.org\\\/fr\\\/\"},{\"@type\":\"ListItem\",\"position\":2,\"name\":\"Un \u00e9v\u00e9nement avec des voix de femmes dans le cadre du Jubil\u00e9\"}]},{\"@type\":\"WebSite\",\"@id\":\"https:\\\/\\\/wucwo.org\\\/fr\\\/#website\",\"url\":\"https:\\\/\\\/wucwo.org\\\/fr\\\/\",\"name\":\"UMOFC\",\"description\":\"\",\"publisher\":{\"@id\":\"https:\\\/\\\/wucwo.org\\\/fr\\\/#organization\"},\"potentialAction\":[{\"@type\":\"SearchAction\",\"target\":{\"@type\":\"EntryPoint\",\"urlTemplate\":\"https:\\\/\\\/wucwo.org\\\/fr\\\/?s={search_term_string}\"},\"query-input\":{\"@type\":\"PropertyValueSpecification\",\"valueRequired\":true,\"valueName\":\"search_term_string\"}}],\"inLanguage\":\"fr-FR\"},{\"@type\":\"Organization\",\"@id\":\"https:\\\/\\\/wucwo.org\\\/fr\\\/#organization\",\"name\":\"UMOFC\",\"url\":\"https:\\\/\\\/wucwo.org\\\/fr\\\/\",\"logo\":{\"@type\":\"ImageObject\",\"inLanguage\":\"fr-FR\",\"@id\":\"https:\\\/\\\/wucwo.org\\\/fr\\\/#\\\/schema\\\/logo\\\/image\\\/\",\"url\":\"https:\\\/\\\/wucwo.org\\\/wp-content\\\/uploads\\\/2025\\\/08\\\/Final-icono-scaled.png\",\"contentUrl\":\"https:\\\/\\\/wucwo.org\\\/wp-content\\\/uploads\\\/2025\\\/08\\\/Final-icono-scaled.png\",\"width\":2560,\"height\":1811,\"caption\":\"UMOFC\"},\"image\":{\"@id\":\"https:\\\/\\\/wucwo.org\\\/fr\\\/#\\\/schema\\\/logo\\\/image\\\/\"},\"sameAs\":[\"https:\\\/\\\/www.facebook.com\\\/worldunionofcatholicwomensorganisations\\\/\",\"https:\\\/\\\/www.instagram.com\\\/wucwo_umofc\\\/\",\"https:\\\/\\\/www.linkedin.com\\\/company\\\/wucwo\\\/\",\"https:\\\/\\\/www.youtube.com\\\/@WUCWOUMOFC\",\"https:\\\/\\\/www.flickr.com\\\/photos\\\/203210007@N05\\\/albums\"]},{\"@type\":\"Person\",\"@id\":\"https:\\\/\\\/wucwo.org\\\/fr\\\/#\\\/schema\\\/person\\\/08e9f0484d99df98b7b5a2da57e48536\",\"name\":\"sercatol\",\"image\":{\"@type\":\"ImageObject\",\"inLanguage\":\"fr-FR\",\"@id\":\"https:\\\/\\\/secure.gravatar.com\\\/avatar\\\/37d08368077c561bd440f25a25b44dffc8a49dd03ed8ac3d36eb9c07857d333e?s=96&d=mm&r=g\",\"url\":\"https:\\\/\\\/secure.gravatar.com\\\/avatar\\\/37d08368077c561bd440f25a25b44dffc8a49dd03ed8ac3d36eb9c07857d333e?s=96&d=mm&r=g\",\"contentUrl\":\"https:\\\/\\\/secure.gravatar.com\\\/avatar\\\/37d08368077c561bd440f25a25b44dffc8a49dd03ed8ac3d36eb9c07857d333e?s=96&d=mm&r=g\",\"caption\":\"sercatol\"},\"url\":\"https:\\\/\\\/wucwo.org\\\/fr\\\/author\\\/sercatol\\\/\"}]}<\/script>\n<!-- \/ Yoast SEO plugin. -->","yoast_head_json":{"title":"Un \u00e9v\u00e9nement avec des voix de femmes dans le cadre du Jubil\u00e9 - WUCWO - UMOFC","robots":{"index":"index","follow":"follow","max-snippet":"max-snippet:-1","max-image-preview":"max-image-preview:large","max-video-preview":"max-video-preview:-1"},"canonical":"https:\/\/wucwo.org\/fr\/unvnementavecde-voixdefemme-dan-lecadredujubil\/","og_locale":"fr_FR","og_type":"article","og_title":"Un \u00e9v\u00e9nement avec des voix de femmes dans le cadre du Jubil\u00e9 - WUCWO - UMOFC","og_description":"Parmi les participants, Maria L&iacute;a Zervino, membre du Dicast&egrave;re pour les &Eacute;v&ecirc;ques et Florence Mangin, Ambassadrice de France aupr&egrave;s du Saint-Si&egrave;ge. Entre le Jubil&eacute; des Familles et le Jubil&eacute; des Associations, l&rsquo;Union Mondiale des Organisations F&eacute;minines Catholiques (UMOFC) a organis&eacute; le 6 juin au Palazzo San Calisto l&rsquo;&eacute;v&eacute;nement \u00ab\u00a0Femmes, signes d&rsquo;esp&eacute;rance et vie\u00ab\u00a0, une rencontre [&hellip;]","og_url":"https:\/\/wucwo.org\/fr\/unvnementavecde-voixdefemme-dan-lecadredujubil\/","og_site_name":"WUCWO - UMOFC","article_publisher":"https:\/\/www.facebook.com\/worldunionofcatholicwomensorganisations\/","article_published_time":"2025-06-09T07:18:07+00:00","article_modified_time":"2025-09-10T14:14:03+00:00","og_image":[{"url":"https:\/\/xn--cristinaocaa-khb.es\/trabajosweb\/wp-content\/uploads\/umofc\/images\/images\/02865_06062025.jpg","type":"","width":"","height":""}],"author":"sercatol","twitter_card":"summary_large_image","twitter_misc":{"\u00c9crit par":"sercatol","Dur\u00e9e de lecture estim\u00e9e":"5 minutes"},"schema":{"@context":"https:\/\/schema.org","@graph":[{"@type":"Article","@id":"https:\/\/wucwo.org\/fr\/unvnementavecde-voixdefemme-dan-lecadredujubil\/#article","isPartOf":{"@id":"https:\/\/wucwo.org\/fr\/unvnementavecde-voixdefemme-dan-lecadredujubil\/"},"author":{"name":"sercatol","@id":"https:\/\/wucwo.org\/fr\/#\/schema\/person\/08e9f0484d99df98b7b5a2da57e48536"},"headline":"Un \u00e9v\u00e9nement avec des voix de femmes dans le cadre du Jubil\u00e9","datePublished":"2025-06-09T07:18:07+00:00","dateModified":"2025-09-10T14:14:03+00:00","mainEntityOfPage":{"@id":"https:\/\/wucwo.org\/fr\/unvnementavecde-voixdefemme-dan-lecadredujubil\/"},"wordCount":1056,"commentCount":0,"publisher":{"@id":"https:\/\/wucwo.org\/fr\/#organization"},"image":{"@id":"https:\/\/wucwo.org\/fr\/unvnementavecde-voixdefemme-dan-lecadredujubil\/#primaryimage"},"thumbnailUrl":"https:\/\/xn--cristinaocaa-khb.es\/trabajosweb\/wp-content\/uploads\/umofc\/images\/images\/02865_06062025.jpg","articleSection":["UMOFC","UMOFC"],"inLanguage":"fr-FR","potentialAction":[{"@type":"CommentAction","name":"Comment","target":["https:\/\/wucwo.org\/fr\/unvnementavecde-voixdefemme-dan-lecadredujubil\/#respond"]}]},{"@type":"WebPage","@id":"https:\/\/wucwo.org\/fr\/unvnementavecde-voixdefemme-dan-lecadredujubil\/","url":"https:\/\/wucwo.org\/fr\/unvnementavecde-voixdefemme-dan-lecadredujubil\/","name":"Un \u00e9v\u00e9nement avec des voix de femmes dans le cadre du Jubil\u00e9 - WUCWO - UMOFC","isPartOf":{"@id":"https:\/\/wucwo.org\/fr\/#website"},"primaryImageOfPage":{"@id":"https:\/\/wucwo.org\/fr\/unvnementavecde-voixdefemme-dan-lecadredujubil\/#primaryimage"},"image":{"@id":"https:\/\/wucwo.org\/fr\/unvnementavecde-voixdefemme-dan-lecadredujubil\/#primaryimage"},"thumbnailUrl":"https:\/\/xn--cristinaocaa-khb.es\/trabajosweb\/wp-content\/uploads\/umofc\/images\/images\/02865_06062025.jpg","datePublished":"2025-06-09T07:18:07+00:00","dateModified":"2025-09-10T14:14:03+00:00","breadcrumb":{"@id":"https:\/\/wucwo.org\/fr\/unvnementavecde-voixdefemme-dan-lecadredujubil\/#breadcrumb"},"inLanguage":"fr-FR","potentialAction":[{"@type":"ReadAction","target":["https:\/\/wucwo.org\/fr\/unvnementavecde-voixdefemme-dan-lecadredujubil\/"]}]},{"@type":"ImageObject","inLanguage":"fr-FR","@id":"https:\/\/wucwo.org\/fr\/unvnementavecde-voixdefemme-dan-lecadredujubil\/#primaryimage","url":"https:\/\/xn--cristinaocaa-khb.es\/trabajosweb\/wp-content\/uploads\/umofc\/images\/images\/02865_06062025.jpg","contentUrl":"https:\/\/xn--cristinaocaa-khb.es\/trabajosweb\/wp-content\/uploads\/umofc\/images\/images\/02865_06062025.jpg"},{"@type":"BreadcrumbList","@id":"https:\/\/wucwo.org\/fr\/unvnementavecde-voixdefemme-dan-lecadredujubil\/#breadcrumb","itemListElement":[{"@type":"ListItem","position":1,"name":"Portada","item":"https:\/\/wucwo.org\/fr\/"},{"@type":"ListItem","position":2,"name":"Un \u00e9v\u00e9nement avec des voix de femmes dans le cadre du Jubil\u00e9"}]},{"@type":"WebSite","@id":"https:\/\/wucwo.org\/fr\/#website","url":"https:\/\/wucwo.org\/fr\/","name":"UMOFC","description":"","publisher":{"@id":"https:\/\/wucwo.org\/fr\/#organization"},"potentialAction":[{"@type":"SearchAction","target":{"@type":"EntryPoint","urlTemplate":"https:\/\/wucwo.org\/fr\/?s={search_term_string}"},"query-input":{"@type":"PropertyValueSpecification","valueRequired":true,"valueName":"search_term_string"}}],"inLanguage":"fr-FR"},{"@type":"Organization","@id":"https:\/\/wucwo.org\/fr\/#organization","name":"UMOFC","url":"https:\/\/wucwo.org\/fr\/","logo":{"@type":"ImageObject","inLanguage":"fr-FR","@id":"https:\/\/wucwo.org\/fr\/#\/schema\/logo\/image\/","url":"https:\/\/wucwo.org\/wp-content\/uploads\/2025\/08\/Final-icono-scaled.png","contentUrl":"https:\/\/wucwo.org\/wp-content\/uploads\/2025\/08\/Final-icono-scaled.png","width":2560,"height":1811,"caption":"UMOFC"},"image":{"@id":"https:\/\/wucwo.org\/fr\/#\/schema\/logo\/image\/"},"sameAs":["https:\/\/www.facebook.com\/worldunionofcatholicwomensorganisations\/","https:\/\/www.instagram.com\/wucwo_umofc\/","https:\/\/www.linkedin.com\/company\/wucwo\/","https:\/\/www.youtube.com\/@WUCWOUMOFC","https:\/\/www.flickr.com\/photos\/203210007@N05\/albums"]},{"@type":"Person","@id":"https:\/\/wucwo.org\/fr\/#\/schema\/person\/08e9f0484d99df98b7b5a2da57e48536","name":"sercatol","image":{"@type":"ImageObject","inLanguage":"fr-FR","@id":"https:\/\/secure.gravatar.com\/avatar\/37d08368077c561bd440f25a25b44dffc8a49dd03ed8ac3d36eb9c07857d333e?s=96&d=mm&r=g","url":"https:\/\/secure.gravatar.com\/avatar\/37d08368077c561bd440f25a25b44dffc8a49dd03ed8ac3d36eb9c07857d333e?s=96&d=mm&r=g","contentUrl":"https:\/\/secure.gravatar.com\/avatar\/37d08368077c561bd440f25a25b44dffc8a49dd03ed8ac3d36eb9c07857d333e?s=96&d=mm&r=g","caption":"sercatol"},"url":"https:\/\/wucwo.org\/fr\/author\/sercatol\/"}]}},"_links":{"self":[{"href":"https:\/\/wucwo.org\/fr\/wp-json\/wp\/v2\/posts\/2393","targetHints":{"allow":["GET"]}}],"collection":[{"href":"https:\/\/wucwo.org\/fr\/wp-json\/wp\/v2\/posts"}],"about":[{"href":"https:\/\/wucwo.org\/fr\/wp-json\/wp\/v2\/types\/post"}],"author":[{"embeddable":true,"href":"https:\/\/wucwo.org\/fr\/wp-json\/wp\/v2\/users\/1"}],"replies":[{"embeddable":true,"href":"https:\/\/wucwo.org\/fr\/wp-json\/wp\/v2\/comments?post=2393"}],"version-history":[{"count":0,"href":"https:\/\/wucwo.org\/fr\/wp-json\/wp\/v2\/posts\/2393\/revisions"}],"wp:attachment":[{"href":"https:\/\/wucwo.org\/fr\/wp-json\/wp\/v2\/media?parent=2393"}],"wp:term":[{"taxonomy":"category","embeddable":true,"href":"https:\/\/wucwo.org\/fr\/wp-json\/wp\/v2\/categories?post=2393"},{"taxonomy":"post_tag","embeddable":true,"href":"https:\/\/wucwo.org\/fr\/wp-json\/wp\/v2\/tags?post=2393"}],"curies":[{"name":"wp","href":"https:\/\/api.w.org\/{rel}","templated":true}]}}